{"id":7571,"date":"2023-07-24T18:00:53","date_gmt":"2023-07-24T21:00:53","guid":{"rendered":"https:\/\/brasilnoticias.org\/site\/?p=7571"},"modified":"2023-07-24T06:39:37","modified_gmt":"2023-07-24T09:39:37","slug":"fim-do-twitter-rede-social-muda-de-nome-e-agora-se-chama-x","status":"publish","type":"post","link":"https:\/\/brasilnoticias.org\/site\/fim-do-twitter-rede-social-muda-de-nome-e-agora-se-chama-x\/","title":{"rendered":"Fim do Twitter: rede social muda de nome e agora se chama \u2018X&#8217;"},"content":{"rendered":"<p>O bilion\u00e1rio Elon Musk anunciou hoje (23) que o Twitter mudou de nome e passar\u00e1 a se chamar \u201cX\u201d. Com a altera\u00e7\u00e3o, os usu\u00e1rios se despediram at\u00e9 mesmo do tradicional p\u00e1ssaro para dar \u00e0s boas-vindas (ou n\u00e3o) ao novo logo com a vig\u00e9sima quarta letra do alfabeto romano<\/p>\n<p>A mundan\u00e7a ir\u00e1 transformar toda a identidade visual da rede social, que sa\u00edra do marcante azul para a cor preta. Musk chegou a fazer uma vota\u00e7\u00e3o em seu perfil perguntando se as pessoas preferiam o preto ou o branco, e a primeira op\u00e7\u00e3o venceu.<\/p>\n<p>\u201cEm breve daremos adeus \u00e0 marca Twitter e, aos poucos, a todos os passarinhos\u201d, escreveu o dono da plataforma durante a madrugada deste domingo no hor\u00e1rio de Bras\u00edlia.<\/p>\n<blockquote class=\"twitter-tweet\">\n<p lang=\"en\" dir=\"ltr\">And soon we shall bid adieu to the twitter brand and, gradually, all the birds<\/p>\n<p>&mdash; Elon Musk (@elonmusk) <a href=\"https:\/\/twitter.com\/elonmusk\/status\/1682964919325724673?ref_src=twsrc%5Etfw\">July 23, 2023<\/a><\/p><\/blockquote>\n<p> <script async src=\"https:\/\/platform.twitter.com\/widgets.js\" charset=\"utf-8\"><\/script><\/p>\n<p>Pr\u00f3ximo das 15h no fuso hor\u00e1rio brasileiro, Musk anunciou que o dom\u00ednio www.x.com j\u00e1 \u00e9 redirecionado automaticamente para o Twitter e que o novo logo ir\u00e1 ao ar ainda hoje.<\/p>\n<p>O magnata ainda colocou como fixado em seu perfil no Twitter um v\u00eddeo curto de uma letra X com v\u00e1rios efeitos de part\u00edculas, indicando que talvez seja esse o novo logo.<\/p>\n<p>Novo super app<br \/>\nAo mudar o nome do Twitter para X, Elon Musk reciclou uma ideia pr\u00f3pria do final dos anos 90. Ele fundou junto de seu mentor de neg\u00f3cios na \u00e9poca, Greg Kouri, um banco online chamado X.com, que posteriormente se fundiu ao PayPal.<\/p>\n<p>Musk n\u00e3o deu muitos detalhes sobre a decis\u00e3o, como tem sido desde que ele comprou a rede social no final do ano passado. Contudo, a mudan\u00e7a certamente faz parte de seu plano de criar um super app.<\/p>\n<p>Antes mesmo de finalizar o neg\u00f3cio com o Twitter, ele j\u00e1 havia comunicado sobre sua vontade de criar uma plataforma que pudesse servir para ver v\u00eddeos, comprar online, enviar mensagens e mais.<\/p>\n<p>Foto  Fornecido por TecMundo<br \/>\nTecMundo<\/p>\n","protected":false},"excerpt":{"rendered":"<p>O bilion\u00e1rio Elon Musk anunciou hoje (23) que o Twitter mudou de nome e passar\u00e1 a se chamar \u201cX\u201d. Com<\/p>\n","protected":false},"author":1,"featured_media":7572,"comment_status":"open","ping_status":"open","sticky":false,"template":"","format":"standard","meta":{"colormag_page_container_layout":"default_layout","colormag_page_sidebar_layout":"default_layout","_FSMCFIC_featured_image_caption":"","_FSMCFIC_featured_image_nocaption":"","_FSMCFIC_featured_image_hide":"","footnotes":""},"categories":[2,1],"tags":[],"class_list":["post-7571","post","type-post","status-publish","format-standard","has-post-thumbnail","hentry","category-noticias","category-ultimas"],"yoast_head":"<!-- This site is optimized with the Yoast SEO plugin v27.1.1 - https:\/\/yoast.com\/product\/yoast-seo-wordpress\/ -->\n<title>Fim do Twitter: rede social muda de nome e agora se chama \u2018X&#039; - Brasil not\u00edcias<\/title>\n<meta name=\"robots\" content=\"index, follow, max-snippet:-1, max-image-preview:large, max-video-preview:-1\" \/>\n<link rel=\"canonical\" href=\"https:\/\/brasilnoticias.org\/site\/fim-do-twitter-rede-social-muda-de-nome-e-agora-se-chama-x\/\" \/>\n<meta property=\"og:locale\" content=\"pt_PT\" \/>\n<meta property=\"og:type\" content=\"article\" \/>\n<meta property=\"og:title\" content=\"Fim do Twitter: rede social muda de nome e agora se chama \u2018X&#039; - Brasil not\u00edcias\" \/>\n<meta property=\"og:description\" content=\"O bilion\u00e1rio Elon Musk anunciou hoje (23) que o Twitter mudou de nome e passar\u00e1 a se chamar \u201cX\u201d. Com\" \/>\n<meta property=\"og:url\" content=\"https:\/\/brasilnoticias.org\/site\/fim-do-twitter-rede-social-muda-de-nome-e-agora-se-chama-x\/\" \/>\n<meta property=\"og:site_name\" content=\"Brasil not\u00edcias\" \/>\n<meta property=\"article:published_time\" content=\"2023-07-24T21:00:53+00:00\" \/>\n<meta property=\"og:image\" content=\"https:\/\/brasilnoticias.org\/site\/wp-content\/uploads\/2023\/07\/AA1ef8ax.jpg\" \/>\n\t<meta property=\"og:image:width\" content=\"768\" \/>\n\t<meta property=\"og:image:height\" content=\"512\" \/>\n\t<meta property=\"og:image:type\" content=\"image\/jpeg\" \/>\n<meta name=\"author\" content=\"Reda\u00e7\u00e3o\" \/>\n<meta name=\"twitter:card\" content=\"summary_large_image\" \/>\n<meta name=\"twitter:label1\" content=\"Escrito por\" \/>\n\t<meta name=\"twitter:data1\" content=\"Reda\u00e7\u00e3o\" \/>\n\t<meta name=\"twitter:label2\" content=\"Tempo estimado de leitura\" \/>\n\t<meta name=\"twitter:data2\" content=\"2 minutos\" \/>\n<script type=\"application\/ld+json\" class=\"yoast-schema-graph\">{\"@context\":\"https:\/\/schema.org\",\"@graph\":[{\"@type\":\"Article\",\"@id\":\"https:\/\/brasilnoticias.org\/site\/fim-do-twitter-rede-social-muda-de-nome-e-agora-se-chama-x\/#article\",\"isPartOf\":{\"@id\":\"https:\/\/brasilnoticias.org\/site\/fim-do-twitter-rede-social-muda-de-nome-e-agora-se-chama-x\/\"},\"author\":{\"name\":\"Reda\u00e7\u00e3o\",\"@id\":\"https:\/\/brasilnoticias.org\/site\/#\/schema\/person\/a0e05b973ec4d15c658d51911e53507b\"},\"headline\":\"Fim do Twitter: rede social muda de nome e agora se chama \u2018X&#8217;\",\"datePublished\":\"2023-07-24T21:00:53+00:00\",\"mainEntityOfPage\":{\"@id\":\"https:\/\/brasilnoticias.org\/site\/fim-do-twitter-rede-social-muda-de-nome-e-agora-se-chama-x\/\"},\"wordCount\":357,\"commentCount\":0,\"publisher\":{\"@id\":\"https:\/\/brasilnoticias.org\/site\/#organization\"},\"image\":{\"@id\":\"https:\/\/brasilnoticias.org\/site\/fim-do-twitter-rede-social-muda-de-nome-e-agora-se-chama-x\/#primaryimage\"},\"thumbnailUrl\":\"https:\/\/brasilnoticias.org\/site\/wp-content\/uploads\/2023\/07\/AA1ef8ax.jpg\",\"articleSection\":[\"Not\u00edcias\",\"\u00daltimas\"],\"inLanguage\":\"pt-PT\",\"potentialAction\":[{\"@type\":\"CommentAction\",\"name\":\"Comment\",\"target\":[\"https:\/\/brasilnoticias.org\/site\/fim-do-twitter-rede-social-muda-de-nome-e-agora-se-chama-x\/#respond\"]}]},{\"@type\":\"WebPage\",\"@id\":\"https:\/\/brasilnoticias.org\/site\/fim-do-twitter-rede-social-muda-de-nome-e-agora-se-chama-x\/\",\"url\":\"https:\/\/brasilnoticias.org\/site\/fim-do-twitter-rede-social-muda-de-nome-e-agora-se-chama-x\/\",\"name\":\"Fim do Twitter: rede social muda de nome e agora se chama \u2018X' - Brasil not\u00edcias\",\"isPartOf\":{\"@id\":\"https:\/\/brasilnoticias.org\/site\/#website\"},\"primaryImageOfPage\":{\"@id\":\"https:\/\/brasilnoticias.org\/site\/fim-do-twitter-rede-social-muda-de-nome-e-agora-se-chama-x\/#primaryimage\"},\"image\":{\"@id\":\"https:\/\/brasilnoticias.org\/site\/fim-do-twitter-rede-social-muda-de-nome-e-agora-se-chama-x\/#primaryimage\"},\"thumbnailUrl\":\"https:\/\/brasilnoticias.org\/site\/wp-content\/uploads\/2023\/07\/AA1ef8ax.jpg\",\"datePublished\":\"2023-07-24T21:00:53+00:00\",\"breadcrumb\":{\"@id\":\"https:\/\/brasilnoticias.org\/site\/fim-do-twitter-rede-social-muda-de-nome-e-agora-se-chama-x\/#breadcrumb\"},\"inLanguage\":\"pt-PT\",\"potentialAction\":[{\"@type\":\"ReadAction\",\"target\":[\"https:\/\/brasilnoticias.org\/site\/fim-do-twitter-rede-social-muda-de-nome-e-agora-se-chama-x\/\"]}]},{\"@type\":\"ImageObject\",\"inLanguage\":\"pt-PT\",\"@id\":\"https:\/\/brasilnoticias.org\/site\/fim-do-twitter-rede-social-muda-de-nome-e-agora-se-chama-x\/#primaryimage\",\"url\":\"https:\/\/brasilnoticias.org\/site\/wp-content\/uploads\/2023\/07\/AA1ef8ax.jpg\",\"contentUrl\":\"https:\/\/brasilnoticias.org\/site\/wp-content\/uploads\/2023\/07\/AA1ef8ax.jpg\",\"width\":768,\"height\":512},{\"@type\":\"BreadcrumbList\",\"@id\":\"https:\/\/brasilnoticias.org\/site\/fim-do-twitter-rede-social-muda-de-nome-e-agora-se-chama-x\/#breadcrumb\",\"itemListElement\":[{\"@type\":\"ListItem\",\"position\":1,\"name\":\"In\u00edcio\",\"item\":\"https:\/\/brasilnoticias.org\/site\/\"},{\"@type\":\"ListItem\",\"position\":2,\"name\":\"Fim do Twitter: rede social muda de nome e agora se chama \u2018X&#8217;\"}]},{\"@type\":\"WebSite\",\"@id\":\"https:\/\/brasilnoticias.org\/site\/#website\",\"url\":\"https:\/\/brasilnoticias.org\/site\/\",\"name\":\"Brasil not\u00edcias\",\"description\":\"Brasil not\u00edcias\",\"publisher\":{\"@id\":\"https:\/\/brasilnoticias.org\/site\/#organization\"},\"potentialAction\":[{\"@type\":\"SearchAction\",\"target\":{\"@type\":\"EntryPoint\",\"urlTemplate\":\"https:\/\/brasilnoticias.org\/site\/?s={search_term_string}\"},\"query-input\":{\"@type\":\"PropertyValueSpecification\",\"valueRequired\":true,\"valueName\":\"search_term_string\"}}],\"inLanguage\":\"pt-PT\"},{\"@type\":\"Organization\",\"@id\":\"https:\/\/brasilnoticias.org\/site\/#organization\",\"name\":\"Brasil not\u00edcias\",\"url\":\"https:\/\/brasilnoticias.org\/site\/\",\"logo\":{\"@type\":\"ImageObject\",\"inLanguage\":\"pt-PT\",\"@id\":\"https:\/\/brasilnoticias.org\/site\/#\/schema\/logo\/image\/\",\"url\":\"https:\/\/brasilnoticias.org\/site\/wp-content\/uploads\/2022\/05\/cropped-brasilnoticias-mini.jpg\",\"contentUrl\":\"https:\/\/brasilnoticias.org\/site\/wp-content\/uploads\/2022\/05\/cropped-brasilnoticias-mini.jpg\",\"width\":314,\"height\":86,\"caption\":\"Brasil not\u00edcias\"},\"image\":{\"@id\":\"https:\/\/brasilnoticias.org\/site\/#\/schema\/logo\/image\/\"}},{\"@type\":\"Person\",\"@id\":\"https:\/\/brasilnoticias.org\/site\/#\/schema\/person\/a0e05b973ec4d15c658d51911e53507b\",\"name\":\"Reda\u00e7\u00e3o\",\"image\":{\"@type\":\"ImageObject\",\"inLanguage\":\"pt-PT\",\"@id\":\"https:\/\/brasilnoticias.org\/site\/#\/schema\/person\/image\/\",\"url\":\"https:\/\/secure.gravatar.com\/avatar\/75d8b050df2de108b08ae78dfb8e374892df24a383c67db9c46a9c604f6aee9c?s=96&d=mm&r=g\",\"contentUrl\":\"https:\/\/secure.gravatar.com\/avatar\/75d8b050df2de108b08ae78dfb8e374892df24a383c67db9c46a9c604f6aee9c?s=96&d=mm&r=g\",\"caption\":\"Reda\u00e7\u00e3o\"},\"sameAs\":[\"https:\/\/brasilnoticias.org\/site\"],\"url\":\"https:\/\/brasilnoticias.org\/site\/author\/fernandozsngmail-com\/\"}]}<\/script>\n<!-- \/ Yoast SEO plugin. -->","yoast_head_json":{"title":"Fim do Twitter: rede social muda de nome e agora se chama \u2018X' - Brasil not\u00edcias","robots":{"index":"index","follow":"follow","max-snippet":"max-snippet:-1","max-image-preview":"max-image-preview:large","max-video-preview":"max-video-preview:-1"},"canonical":"https:\/\/brasilnoticias.org\/site\/fim-do-twitter-rede-social-muda-de-nome-e-agora-se-chama-x\/","og_locale":"pt_PT","og_type":"article","og_title":"Fim do Twitter: rede social muda de nome e agora se chama \u2018X' - Brasil not\u00edcias","og_description":"O bilion\u00e1rio Elon Musk anunciou hoje (23) que o Twitter mudou de nome e passar\u00e1 a se chamar \u201cX\u201d. Com","og_url":"https:\/\/brasilnoticias.org\/site\/fim-do-twitter-rede-social-muda-de-nome-e-agora-se-chama-x\/","og_site_name":"Brasil not\u00edcias","article_published_time":"2023-07-24T21:00:53+00:00","og_image":[{"width":768,"height":512,"url":"https:\/\/brasilnoticias.org\/site\/wp-content\/uploads\/2023\/07\/AA1ef8ax.jpg","type":"image\/jpeg"}],"author":"Reda\u00e7\u00e3o","twitter_card":"summary_large_image","twitter_misc":{"Escrito por":"Reda\u00e7\u00e3o","Tempo estimado de leitura":"2 minutos"},"schema":{"@context":"https:\/\/schema.org","@graph":[{"@type":"Article","@id":"https:\/\/brasilnoticias.org\/site\/fim-do-twitter-rede-social-muda-de-nome-e-agora-se-chama-x\/#article","isPartOf":{"@id":"https:\/\/brasilnoticias.org\/site\/fim-do-twitter-rede-social-muda-de-nome-e-agora-se-chama-x\/"},"author":{"name":"Reda\u00e7\u00e3o","@id":"https:\/\/brasilnoticias.org\/site\/#\/schema\/person\/a0e05b973ec4d15c658d51911e53507b"},"headline":"Fim do Twitter: rede social muda de nome e agora se chama \u2018X&#8217;","datePublished":"2023-07-24T21:00:53+00:00","mainEntityOfPage":{"@id":"https:\/\/brasilnoticias.org\/site\/fim-do-twitter-rede-social-muda-de-nome-e-agora-se-chama-x\/"},"wordCount":357,"commentCount":0,"publisher":{"@id":"https:\/\/brasilnoticias.org\/site\/#organization"},"image":{"@id":"https:\/\/brasilnoticias.org\/site\/fim-do-twitter-rede-social-muda-de-nome-e-agora-se-chama-x\/#primaryimage"},"thumbnailUrl":"https:\/\/brasilnoticias.org\/site\/wp-content\/uploads\/2023\/07\/AA1ef8ax.jpg","articleSection":["Not\u00edcias","\u00daltimas"],"inLanguage":"pt-PT","potentialAction":[{"@type":"CommentAction","name":"Comment","target":["https:\/\/brasilnoticias.org\/site\/fim-do-twitter-rede-social-muda-de-nome-e-agora-se-chama-x\/#respond"]}]},{"@type":"WebPage","@id":"https:\/\/brasilnoticias.org\/site\/fim-do-twitter-rede-social-muda-de-nome-e-agora-se-chama-x\/","url":"https:\/\/brasilnoticias.org\/site\/fim-do-twitter-rede-social-muda-de-nome-e-agora-se-chama-x\/","name":"Fim do Twitter: rede social muda de nome e agora se chama \u2018X' - Brasil not\u00edcias","isPartOf":{"@id":"https:\/\/brasilnoticias.org\/site\/#website"},"primaryImageOfPage":{"@id":"https:\/\/brasilnoticias.org\/site\/fim-do-twitter-rede-social-muda-de-nome-e-agora-se-chama-x\/#primaryimage"},"image":{"@id":"https:\/\/brasilnoticias.org\/site\/fim-do-twitter-rede-social-muda-de-nome-e-agora-se-chama-x\/#primaryimage"},"thumbnailUrl":"https:\/\/brasilnoticias.org\/site\/wp-content\/uploads\/2023\/07\/AA1ef8ax.jpg","datePublished":"2023-07-24T21:00:53+00:00","breadcrumb":{"@id":"https:\/\/brasilnoticias.org\/site\/fim-do-twitter-rede-social-muda-de-nome-e-agora-se-chama-x\/#breadcrumb"},"inLanguage":"pt-PT","potentialAction":[{"@type":"ReadAction","target":["https:\/\/brasilnoticias.org\/site\/fim-do-twitter-rede-social-muda-de-nome-e-agora-se-chama-x\/"]}]},{"@type":"ImageObject","inLanguage":"pt-PT","@id":"https:\/\/brasilnoticias.org\/site\/fim-do-twitter-rede-social-muda-de-nome-e-agora-se-chama-x\/#primaryimage","url":"https:\/\/brasilnoticias.org\/site\/wp-content\/uploads\/2023\/07\/AA1ef8ax.jpg","contentUrl":"https:\/\/brasilnoticias.org\/site\/wp-content\/uploads\/2023\/07\/AA1ef8ax.jpg","width":768,"height":512},{"@type":"BreadcrumbList","@id":"https:\/\/brasilnoticias.org\/site\/fim-do-twitter-rede-social-muda-de-nome-e-agora-se-chama-x\/#breadcrumb","itemListElement":[{"@type":"ListItem","position":1,"name":"In\u00edcio","item":"https:\/\/brasilnoticias.org\/site\/"},{"@type":"ListItem","position":2,"name":"Fim do Twitter: rede social muda de nome e agora se chama \u2018X&#8217;"}]},{"@type":"WebSite","@id":"https:\/\/brasilnoticias.org\/site\/#website","url":"https:\/\/brasilnoticias.org\/site\/","name":"Brasil not\u00edcias","description":"Brasil not\u00edcias","publisher":{"@id":"https:\/\/brasilnoticias.org\/site\/#organization"},"potentialAction":[{"@type":"SearchAction","target":{"@type":"EntryPoint","urlTemplate":"https:\/\/brasilnoticias.org\/site\/?s={search_term_string}"},"query-input":{"@type":"PropertyValueSpecification","valueRequired":true,"valueName":"search_term_string"}}],"inLanguage":"pt-PT"},{"@type":"Organization","@id":"https:\/\/brasilnoticias.org\/site\/#organization","name":"Brasil not\u00edcias","url":"https:\/\/brasilnoticias.org\/site\/","logo":{"@type":"ImageObject","inLanguage":"pt-PT","@id":"https:\/\/brasilnoticias.org\/site\/#\/schema\/logo\/image\/","url":"https:\/\/brasilnoticias.org\/site\/wp-content\/uploads\/2022\/05\/cropped-brasilnoticias-mini.jpg","contentUrl":"https:\/\/brasilnoticias.org\/site\/wp-content\/uploads\/2022\/05\/cropped-brasilnoticias-mini.jpg","width":314,"height":86,"caption":"Brasil not\u00edcias"},"image":{"@id":"https:\/\/brasilnoticias.org\/site\/#\/schema\/logo\/image\/"}},{"@type":"Person","@id":"https:\/\/brasilnoticias.org\/site\/#\/schema\/person\/a0e05b973ec4d15c658d51911e53507b","name":"Reda\u00e7\u00e3o","image":{"@type":"ImageObject","inLanguage":"pt-PT","@id":"https:\/\/brasilnoticias.org\/site\/#\/schema\/person\/image\/","url":"https:\/\/secure.gravatar.com\/avatar\/75d8b050df2de108b08ae78dfb8e374892df24a383c67db9c46a9c604f6aee9c?s=96&d=mm&r=g","contentUrl":"https:\/\/secure.gravatar.com\/avatar\/75d8b050df2de108b08ae78dfb8e374892df24a383c67db9c46a9c604f6aee9c?s=96&d=mm&r=g","caption":"Reda\u00e7\u00e3o"},"sameAs":["https:\/\/brasilnoticias.org\/site"],"url":"https:\/\/brasilnoticias.org\/site\/author\/fernandozsngmail-com\/"}]}},"_links":{"self":[{"href":"https:\/\/brasilnoticias.org\/site\/wp-json\/wp\/v2\/posts\/7571","targetHints":{"allow":["GET"]}}],"collection":[{"href":"https:\/\/brasilnoticias.org\/site\/wp-json\/wp\/v2\/posts"}],"about":[{"href":"https:\/\/brasilnoticias.org\/site\/wp-json\/wp\/v2\/types\/post"}],"author":[{"embeddable":true,"href":"https:\/\/brasilnoticias.org\/site\/wp-json\/wp\/v2\/users\/1"}],"replies":[{"embeddable":true,"href":"https:\/\/brasilnoticias.org\/site\/wp-json\/wp\/v2\/comments?post=7571"}],"version-history":[{"count":1,"href":"https:\/\/brasilnoticias.org\/site\/wp-json\/wp\/v2\/posts\/7571\/revisions"}],"predecessor-version":[{"id":7573,"href":"https:\/\/brasilnoticias.org\/site\/wp-json\/wp\/v2\/posts\/7571\/revisions\/7573"}],"wp:featuredmedia":[{"embeddable":true,"href":"https:\/\/brasilnoticias.org\/site\/wp-json\/wp\/v2\/media\/7572"}],"wp:attachment":[{"href":"https:\/\/brasilnoticias.org\/site\/wp-json\/wp\/v2\/media?parent=7571"}],"wp:term":[{"taxonomy":"category","embeddable":true,"href":"https:\/\/brasilnoticias.org\/site\/wp-json\/wp\/v2\/categories?post=7571"},{"taxonomy":"post_tag","embeddable":true,"href":"https:\/\/brasilnoticias.org\/site\/wp-json\/wp\/v2\/tags?post=7571"}],"curies":[{"name":"wp","href":"https:\/\/api.w.org\/{rel}","templated":true}]}}