{"id":7574,"date":"2023-07-24T18:10:44","date_gmt":"2023-07-24T21:10:44","guid":{"rendered":"https:\/\/brasilnoticias.org\/site\/?p=7574"},"modified":"2023-07-24T06:44:10","modified_gmt":"2023-07-24T09:44:10","slug":"mulher-e-morta-a-facadas-depois-de-briga-por-carrapato-no-pao","status":"publish","type":"post","link":"https:\/\/brasilnoticias.org\/site\/mulher-e-morta-a-facadas-depois-de-briga-por-carrapato-no-pao\/","title":{"rendered":"Mulher \u00e9 morta a facadas depois de briga por carrapato no p\u00e3o"},"content":{"rendered":"<p>Uma mulher de 42 anos se entregou \u00e0 Pol\u00edcia Militar (PMMG) em Betim, na Grande BH, e confessou ter matado Ana Paula Amaral de Faria, 34, na noite desse s\u00e1bado (22\/7), em um bar localizado no Bairro Petrovale.<br \/>\nSegundo o Boletim de Ocorr\u00eancias (BO), a v\u00edtima estava pr\u00f3xima do balc\u00e3o, tomando cerveja e conversando, quando foi surpreendida pelo ataque da suspeita que parecia enfurecida, desferindo v\u00e1rias facadas. Ana Paula chegou a ser socorrida, mas n\u00e3o resistiu.<\/p>\n<p>A agressora contou aos policiais que matou Ana Paula por causa de uma discuss\u00e3o que as duas tiveram pelo Facebook. O motivo teria sido a qualidade do p\u00e3o de uma padaria que \u00e9 de propriedade da fam\u00edlia da agressora.<\/p>\n<p>Ana Paula fez uma den\u00fancia nas redes sociais dizendo que comprou um p\u00e3o com carrapato e um monte de sujeira em uma padaria do Bairro Petrovale, onde a agressora trabalha como balconista. A mulher foi levada para a  Delegacia de Plant\u00e3o de Betim.<\/p>\n<p>Foto  Juarez Rodrigues\/EM\/D.A Press<br \/>\nBNews<\/p>\n","protected":false},"excerpt":{"rendered":"<p>Uma mulher de 42 anos se entregou \u00e0 Pol\u00edcia Militar (PMMG) em Betim, na Grande BH, e confessou ter matado<\/p>\n","protected":false},"author":1,"featured_media":7575,"comment_status":"open","ping_status":"open","sticky":false,"template":"","format":"standard","meta":{"colormag_page_container_layout":"default_layout","colormag_page_sidebar_layout":"default_layout","_FSMCFIC_featured_image_caption":"","_FSMCFIC_featured_image_nocaption":"","_FSMCFIC_featured_image_hide":"","footnotes":""},"categories":[3,1],"tags":[],"class_list":["post-7574","post","type-post","status-publish","format-standard","has-post-thumbnail","hentry","category-policia","category-ultimas"],"yoast_head":"<!-- This site is optimized with the Yoast SEO plugin v27.1.1 - https:\/\/yoast.com\/product\/yoast-seo-wordpress\/ -->\n<title>Mulher \u00e9 morta a facadas depois de briga por carrapato no p\u00e3o - Brasil not\u00edcias<\/title>\n<meta name=\"robots\" content=\"index, follow, max-snippet:-1, max-image-preview:large, max-video-preview:-1\" \/>\n<link rel=\"canonical\" href=\"https:\/\/brasilnoticias.org\/site\/mulher-e-morta-a-facadas-depois-de-briga-por-carrapato-no-pao\/\" \/>\n<meta property=\"og:locale\" content=\"pt_PT\" \/>\n<meta property=\"og:type\" content=\"article\" \/>\n<meta property=\"og:title\" content=\"Mulher \u00e9 morta a facadas depois de briga por carrapato no p\u00e3o - Brasil not\u00edcias\" \/>\n<meta property=\"og:description\" content=\"Uma mulher de 42 anos se entregou \u00e0 Pol\u00edcia Militar (PMMG) em Betim, na Grande BH, e confessou ter matado\" \/>\n<meta property=\"og:url\" content=\"https:\/\/brasilnoticias.org\/site\/mulher-e-morta-a-facadas-depois-de-briga-por-carrapato-no-pao\/\" \/>\n<meta property=\"og:site_name\" content=\"Brasil not\u00edcias\" \/>\n<meta property=\"article:published_time\" content=\"2023-07-24T21:10:44+00:00\" \/>\n<meta property=\"og:image\" content=\"https:\/\/brasilnoticias.org\/site\/wp-content\/uploads\/2023\/07\/AA1eeYLb.jpg\" \/>\n\t<meta property=\"og:image:width\" content=\"768\" \/>\n\t<meta property=\"og:image:height\" content=\"461\" \/>\n\t<meta property=\"og:image:type\" content=\"image\/jpeg\" \/>\n<meta name=\"author\" content=\"Reda\u00e7\u00e3o\" \/>\n<meta name=\"twitter:card\" content=\"summary_large_image\" \/>\n<meta name=\"twitter:label1\" content=\"Escrito por\" \/>\n\t<meta name=\"twitter:data1\" content=\"Reda\u00e7\u00e3o\" \/>\n<script type=\"application\/ld+json\" class=\"yoast-schema-graph\">{\"@context\":\"https:\/\/schema.org\",\"@graph\":[{\"@type\":\"Article\",\"@id\":\"https:\/\/brasilnoticias.org\/site\/mulher-e-morta-a-facadas-depois-de-briga-por-carrapato-no-pao\/#article\",\"isPartOf\":{\"@id\":\"https:\/\/brasilnoticias.org\/site\/mulher-e-morta-a-facadas-depois-de-briga-por-carrapato-no-pao\/\"},\"author\":{\"name\":\"Reda\u00e7\u00e3o\",\"@id\":\"https:\/\/brasilnoticias.org\/site\/#\/schema\/person\/a0e05b973ec4d15c658d51911e53507b\"},\"headline\":\"Mulher \u00e9 morta a facadas depois de briga por carrapato no p\u00e3o\",\"datePublished\":\"2023-07-24T21:10:44+00:00\",\"mainEntityOfPage\":{\"@id\":\"https:\/\/brasilnoticias.org\/site\/mulher-e-morta-a-facadas-depois-de-briga-por-carrapato-no-pao\/\"},\"wordCount\":187,\"commentCount\":0,\"publisher\":{\"@id\":\"https:\/\/brasilnoticias.org\/site\/#organization\"},\"image\":{\"@id\":\"https:\/\/brasilnoticias.org\/site\/mulher-e-morta-a-facadas-depois-de-briga-por-carrapato-no-pao\/#primaryimage\"},\"thumbnailUrl\":\"https:\/\/brasilnoticias.org\/site\/wp-content\/uploads\/2023\/07\/AA1eeYLb.jpg\",\"articleSection\":[\"Pol\u00edcia\",\"\u00daltimas\"],\"inLanguage\":\"pt-PT\",\"potentialAction\":[{\"@type\":\"CommentAction\",\"name\":\"Comment\",\"target\":[\"https:\/\/brasilnoticias.org\/site\/mulher-e-morta-a-facadas-depois-de-briga-por-carrapato-no-pao\/#respond\"]}]},{\"@type\":\"WebPage\",\"@id\":\"https:\/\/brasilnoticias.org\/site\/mulher-e-morta-a-facadas-depois-de-briga-por-carrapato-no-pao\/\",\"url\":\"https:\/\/brasilnoticias.org\/site\/mulher-e-morta-a-facadas-depois-de-briga-por-carrapato-no-pao\/\",\"name\":\"Mulher \u00e9 morta a facadas depois de briga por carrapato no p\u00e3o - Brasil not\u00edcias\",\"isPartOf\":{\"@id\":\"https:\/\/brasilnoticias.org\/site\/#website\"},\"primaryImageOfPage\":{\"@id\":\"https:\/\/brasilnoticias.org\/site\/mulher-e-morta-a-facadas-depois-de-briga-por-carrapato-no-pao\/#primaryimage\"},\"image\":{\"@id\":\"https:\/\/brasilnoticias.org\/site\/mulher-e-morta-a-facadas-depois-de-briga-por-carrapato-no-pao\/#primaryimage\"},\"thumbnailUrl\":\"https:\/\/brasilnoticias.org\/site\/wp-content\/uploads\/2023\/07\/AA1eeYLb.jpg\",\"datePublished\":\"2023-07-24T21:10:44+00:00\",\"breadcrumb\":{\"@id\":\"https:\/\/brasilnoticias.org\/site\/mulher-e-morta-a-facadas-depois-de-briga-por-carrapato-no-pao\/#breadcrumb\"},\"inLanguage\":\"pt-PT\",\"potentialAction\":[{\"@type\":\"ReadAction\",\"target\":[\"https:\/\/brasilnoticias.org\/site\/mulher-e-morta-a-facadas-depois-de-briga-por-carrapato-no-pao\/\"]}]},{\"@type\":\"ImageObject\",\"inLanguage\":\"pt-PT\",\"@id\":\"https:\/\/brasilnoticias.org\/site\/mulher-e-morta-a-facadas-depois-de-briga-por-carrapato-no-pao\/#primaryimage\",\"url\":\"https:\/\/brasilnoticias.org\/site\/wp-content\/uploads\/2023\/07\/AA1eeYLb.jpg\",\"contentUrl\":\"https:\/\/brasilnoticias.org\/site\/wp-content\/uploads\/2023\/07\/AA1eeYLb.jpg\",\"width\":768,\"height\":461},{\"@type\":\"BreadcrumbList\",\"@id\":\"https:\/\/brasilnoticias.org\/site\/mulher-e-morta-a-facadas-depois-de-briga-por-carrapato-no-pao\/#breadcrumb\",\"itemListElement\":[{\"@type\":\"ListItem\",\"position\":1,\"name\":\"In\u00edcio\",\"item\":\"https:\/\/brasilnoticias.org\/site\/\"},{\"@type\":\"ListItem\",\"position\":2,\"name\":\"Mulher \u00e9 morta a facadas depois de briga por carrapato no p\u00e3o\"}]},{\"@type\":\"WebSite\",\"@id\":\"https:\/\/brasilnoticias.org\/site\/#website\",\"url\":\"https:\/\/brasilnoticias.org\/site\/\",\"name\":\"Brasil not\u00edcias\",\"description\":\"Brasil not\u00edcias\",\"publisher\":{\"@id\":\"https:\/\/brasilnoticias.org\/site\/#organization\"},\"potentialAction\":[{\"@type\":\"SearchAction\",\"target\":{\"@type\":\"EntryPoint\",\"urlTemplate\":\"https:\/\/brasilnoticias.org\/site\/?s={search_term_string}\"},\"query-input\":{\"@type\":\"PropertyValueSpecification\",\"valueRequired\":true,\"valueName\":\"search_term_string\"}}],\"inLanguage\":\"pt-PT\"},{\"@type\":\"Organization\",\"@id\":\"https:\/\/brasilnoticias.org\/site\/#organization\",\"name\":\"Brasil not\u00edcias\",\"url\":\"https:\/\/brasilnoticias.org\/site\/\",\"logo\":{\"@type\":\"ImageObject\",\"inLanguage\":\"pt-PT\",\"@id\":\"https:\/\/brasilnoticias.org\/site\/#\/schema\/logo\/image\/\",\"url\":\"https:\/\/brasilnoticias.org\/site\/wp-content\/uploads\/2022\/05\/cropped-brasilnoticias-mini.jpg\",\"contentUrl\":\"https:\/\/brasilnoticias.org\/site\/wp-content\/uploads\/2022\/05\/cropped-brasilnoticias-mini.jpg\",\"width\":314,\"height\":86,\"caption\":\"Brasil not\u00edcias\"},\"image\":{\"@id\":\"https:\/\/brasilnoticias.org\/site\/#\/schema\/logo\/image\/\"}},{\"@type\":\"Person\",\"@id\":\"https:\/\/brasilnoticias.org\/site\/#\/schema\/person\/a0e05b973ec4d15c658d51911e53507b\",\"name\":\"Reda\u00e7\u00e3o\",\"image\":{\"@type\":\"ImageObject\",\"inLanguage\":\"pt-PT\",\"@id\":\"https:\/\/brasilnoticias.org\/site\/#\/schema\/person\/image\/\",\"url\":\"https:\/\/secure.gravatar.com\/avatar\/75d8b050df2de108b08ae78dfb8e374892df24a383c67db9c46a9c604f6aee9c?s=96&d=mm&r=g\",\"contentUrl\":\"https:\/\/secure.gravatar.com\/avatar\/75d8b050df2de108b08ae78dfb8e374892df24a383c67db9c46a9c604f6aee9c?s=96&d=mm&r=g\",\"caption\":\"Reda\u00e7\u00e3o\"},\"sameAs\":[\"https:\/\/brasilnoticias.org\/site\"],\"url\":\"https:\/\/brasilnoticias.org\/site\/author\/fernandozsngmail-com\/\"}]}<\/script>\n<!-- \/ Yoast SEO plugin. -->","yoast_head_json":{"title":"Mulher \u00e9 morta a facadas depois de briga por carrapato no p\u00e3o - Brasil not\u00edcias","robots":{"index":"index","follow":"follow","max-snippet":"max-snippet:-1","max-image-preview":"max-image-preview:large","max-video-preview":"max-video-preview:-1"},"canonical":"https:\/\/brasilnoticias.org\/site\/mulher-e-morta-a-facadas-depois-de-briga-por-carrapato-no-pao\/","og_locale":"pt_PT","og_type":"article","og_title":"Mulher \u00e9 morta a facadas depois de briga por carrapato no p\u00e3o - Brasil not\u00edcias","og_description":"Uma mulher de 42 anos se entregou \u00e0 Pol\u00edcia Militar (PMMG) em Betim, na Grande BH, e confessou ter matado","og_url":"https:\/\/brasilnoticias.org\/site\/mulher-e-morta-a-facadas-depois-de-briga-por-carrapato-no-pao\/","og_site_name":"Brasil not\u00edcias","article_published_time":"2023-07-24T21:10:44+00:00","og_image":[{"width":768,"height":461,"url":"https:\/\/brasilnoticias.org\/site\/wp-content\/uploads\/2023\/07\/AA1eeYLb.jpg","type":"image\/jpeg"}],"author":"Reda\u00e7\u00e3o","twitter_card":"summary_large_image","twitter_misc":{"Escrito por":"Reda\u00e7\u00e3o"},"schema":{"@context":"https:\/\/schema.org","@graph":[{"@type":"Article","@id":"https:\/\/brasilnoticias.org\/site\/mulher-e-morta-a-facadas-depois-de-briga-por-carrapato-no-pao\/#article","isPartOf":{"@id":"https:\/\/brasilnoticias.org\/site\/mulher-e-morta-a-facadas-depois-de-briga-por-carrapato-no-pao\/"},"author":{"name":"Reda\u00e7\u00e3o","@id":"https:\/\/brasilnoticias.org\/site\/#\/schema\/person\/a0e05b973ec4d15c658d51911e53507b"},"headline":"Mulher \u00e9 morta a facadas depois de briga por carrapato no p\u00e3o","datePublished":"2023-07-24T21:10:44+00:00","mainEntityOfPage":{"@id":"https:\/\/brasilnoticias.org\/site\/mulher-e-morta-a-facadas-depois-de-briga-por-carrapato-no-pao\/"},"wordCount":187,"commentCount":0,"publisher":{"@id":"https:\/\/brasilnoticias.org\/site\/#organization"},"image":{"@id":"https:\/\/brasilnoticias.org\/site\/mulher-e-morta-a-facadas-depois-de-briga-por-carrapato-no-pao\/#primaryimage"},"thumbnailUrl":"https:\/\/brasilnoticias.org\/site\/wp-content\/uploads\/2023\/07\/AA1eeYLb.jpg","articleSection":["Pol\u00edcia","\u00daltimas"],"inLanguage":"pt-PT","potentialAction":[{"@type":"CommentAction","name":"Comment","target":["https:\/\/brasilnoticias.org\/site\/mulher-e-morta-a-facadas-depois-de-briga-por-carrapato-no-pao\/#respond"]}]},{"@type":"WebPage","@id":"https:\/\/brasilnoticias.org\/site\/mulher-e-morta-a-facadas-depois-de-briga-por-carrapato-no-pao\/","url":"https:\/\/brasilnoticias.org\/site\/mulher-e-morta-a-facadas-depois-de-briga-por-carrapato-no-pao\/","name":"Mulher \u00e9 morta a facadas depois de briga por carrapato no p\u00e3o - Brasil not\u00edcias","isPartOf":{"@id":"https:\/\/brasilnoticias.org\/site\/#website"},"primaryImageOfPage":{"@id":"https:\/\/brasilnoticias.org\/site\/mulher-e-morta-a-facadas-depois-de-briga-por-carrapato-no-pao\/#primaryimage"},"image":{"@id":"https:\/\/brasilnoticias.org\/site\/mulher-e-morta-a-facadas-depois-de-briga-por-carrapato-no-pao\/#primaryimage"},"thumbnailUrl":"https:\/\/brasilnoticias.org\/site\/wp-content\/uploads\/2023\/07\/AA1eeYLb.jpg","datePublished":"2023-07-24T21:10:44+00:00","breadcrumb":{"@id":"https:\/\/brasilnoticias.org\/site\/mulher-e-morta-a-facadas-depois-de-briga-por-carrapato-no-pao\/#breadcrumb"},"inLanguage":"pt-PT","potentialAction":[{"@type":"ReadAction","target":["https:\/\/brasilnoticias.org\/site\/mulher-e-morta-a-facadas-depois-de-briga-por-carrapato-no-pao\/"]}]},{"@type":"ImageObject","inLanguage":"pt-PT","@id":"https:\/\/brasilnoticias.org\/site\/mulher-e-morta-a-facadas-depois-de-briga-por-carrapato-no-pao\/#primaryimage","url":"https:\/\/brasilnoticias.org\/site\/wp-content\/uploads\/2023\/07\/AA1eeYLb.jpg","contentUrl":"https:\/\/brasilnoticias.org\/site\/wp-content\/uploads\/2023\/07\/AA1eeYLb.jpg","width":768,"height":461},{"@type":"BreadcrumbList","@id":"https:\/\/brasilnoticias.org\/site\/mulher-e-morta-a-facadas-depois-de-briga-por-carrapato-no-pao\/#breadcrumb","itemListElement":[{"@type":"ListItem","position":1,"name":"In\u00edcio","item":"https:\/\/brasilnoticias.org\/site\/"},{"@type":"ListItem","position":2,"name":"Mulher \u00e9 morta a facadas depois de briga por carrapato no p\u00e3o"}]},{"@type":"WebSite","@id":"https:\/\/brasilnoticias.org\/site\/#website","url":"https:\/\/brasilnoticias.org\/site\/","name":"Brasil not\u00edcias","description":"Brasil not\u00edcias","publisher":{"@id":"https:\/\/brasilnoticias.org\/site\/#organization"},"potentialAction":[{"@type":"SearchAction","target":{"@type":"EntryPoint","urlTemplate":"https:\/\/brasilnoticias.org\/site\/?s={search_term_string}"},"query-input":{"@type":"PropertyValueSpecification","valueRequired":true,"valueName":"search_term_string"}}],"inLanguage":"pt-PT"},{"@type":"Organization","@id":"https:\/\/brasilnoticias.org\/site\/#organization","name":"Brasil not\u00edcias","url":"https:\/\/brasilnoticias.org\/site\/","logo":{"@type":"ImageObject","inLanguage":"pt-PT","@id":"https:\/\/brasilnoticias.org\/site\/#\/schema\/logo\/image\/","url":"https:\/\/brasilnoticias.org\/site\/wp-content\/uploads\/2022\/05\/cropped-brasilnoticias-mini.jpg","contentUrl":"https:\/\/brasilnoticias.org\/site\/wp-content\/uploads\/2022\/05\/cropped-brasilnoticias-mini.jpg","width":314,"height":86,"caption":"Brasil not\u00edcias"},"image":{"@id":"https:\/\/brasilnoticias.org\/site\/#\/schema\/logo\/image\/"}},{"@type":"Person","@id":"https:\/\/brasilnoticias.org\/site\/#\/schema\/person\/a0e05b973ec4d15c658d51911e53507b","name":"Reda\u00e7\u00e3o","image":{"@type":"ImageObject","inLanguage":"pt-PT","@id":"https:\/\/brasilnoticias.org\/site\/#\/schema\/person\/image\/","url":"https:\/\/secure.gravatar.com\/avatar\/75d8b050df2de108b08ae78dfb8e374892df24a383c67db9c46a9c604f6aee9c?s=96&d=mm&r=g","contentUrl":"https:\/\/secure.gravatar.com\/avatar\/75d8b050df2de108b08ae78dfb8e374892df24a383c67db9c46a9c604f6aee9c?s=96&d=mm&r=g","caption":"Reda\u00e7\u00e3o"},"sameAs":["https:\/\/brasilnoticias.org\/site"],"url":"https:\/\/brasilnoticias.org\/site\/author\/fernandozsngmail-com\/"}]}},"_links":{"self":[{"href":"https:\/\/brasilnoticias.org\/site\/wp-json\/wp\/v2\/posts\/7574","targetHints":{"allow":["GET"]}}],"collection":[{"href":"https:\/\/brasilnoticias.org\/site\/wp-json\/wp\/v2\/posts"}],"about":[{"href":"https:\/\/brasilnoticias.org\/site\/wp-json\/wp\/v2\/types\/post"}],"author":[{"embeddable":true,"href":"https:\/\/brasilnoticias.org\/site\/wp-json\/wp\/v2\/users\/1"}],"replies":[{"embeddable":true,"href":"https:\/\/brasilnoticias.org\/site\/wp-json\/wp\/v2\/comments?post=7574"}],"version-history":[{"count":1,"href":"https:\/\/brasilnoticias.org\/site\/wp-json\/wp\/v2\/posts\/7574\/revisions"}],"predecessor-version":[{"id":7576,"href":"https:\/\/brasilnoticias.org\/site\/wp-json\/wp\/v2\/posts\/7574\/revisions\/7576"}],"wp:featuredmedia":[{"embeddable":true,"href":"https:\/\/brasilnoticias.org\/site\/wp-json\/wp\/v2\/media\/7575"}],"wp:attachment":[{"href":"https:\/\/brasilnoticias.org\/site\/wp-json\/wp\/v2\/media?parent=7574"}],"wp:term":[{"taxonomy":"category","embeddable":true,"href":"https:\/\/brasilnoticias.org\/site\/wp-json\/wp\/v2\/categories?post=7574"},{"taxonomy":"post_tag","embeddable":true,"href":"https:\/\/brasilnoticias.org\/site\/wp-json\/wp\/v2\/tags?post=7574"}],"curies":[{"name":"wp","href":"https:\/\/api.w.org\/{rel}","templated":true}]}}