{"id":7583,"date":"2023-07-24T18:20:43","date_gmt":"2023-07-24T21:20:43","guid":{"rendered":"https:\/\/brasilnoticias.org\/site\/?p=7583"},"modified":"2023-07-24T07:09:01","modified_gmt":"2023-07-24T10:09:01","slug":"mulher-e-morta-facadas-em-salvador-suspeito-e-companheiro-da-vitima-e-foi-preso-em-flagrante","status":"publish","type":"post","link":"https:\/\/brasilnoticias.org\/site\/mulher-e-morta-facadas-em-salvador-suspeito-e-companheiro-da-vitima-e-foi-preso-em-flagrante\/","title":{"rendered":"Mulher \u00e9 morta facadas em Salvador; suspeito \u00e9 companheiro da v\u00edtima e foi preso em flagrante"},"content":{"rendered":"<p>Uma mulher foi morta a facadas na manh\u00e3 deste domingo (23), dentro de uma casa. O caso ocorreu no bairro de Castelo Branco, em Salvador, e o suspeito do crime, companheiro da v\u00edtima, foi preso em flagrante.<\/p>\n<p>De acordo com a Pol\u00edcia Militar, equipes da 47\u00aa Companhia Independente foram chamadas para averiguar uma informa\u00e7\u00e3o fornecida pelo Departamento de Pol\u00edcia T\u00e9cnica (DPT), de que um homem havia se apresentado no \u00f3rg\u00e3o, alegando ter cometido um feminic\u00eddio, com golpes de arma branca.<\/p>\n<p>Ao chegarem ao endere\u00e7o indicado, na 5\u00aa Travessa Souza G\u00f3es, os policiais encontraram a mulher morta e acionaram o DPT, para realiza\u00e7\u00e3o de per\u00edcia e remo\u00e7\u00e3o do corpo, que ser\u00e1 necropsiado no Instituto M\u00e9dico Legal.<\/p>\n<p>O nomes da v\u00edtima e do suspeito n\u00e3o foram revelados e ainda n\u00e3o se sabe o que motivou o crime. O homem foi levado, junto com a arma utilizada no ataque, para a sede do Departamento de Homic\u00eddios e Prote\u00e7\u00e3o \u00e0 Pessoa, onde est\u00e1 \u00e0 disposi\u00e7\u00e3o da Justi\u00e7a.<\/p>\n<p>Foto: Divulga\u00e7\u00e3o \/ Pol\u00edcia Civil<br \/>\nBNews<\/p>\n","protected":false},"excerpt":{"rendered":"<p>Uma mulher foi morta a facadas na manh\u00e3 deste domingo (23), dentro de uma casa. O caso ocorreu no bairro<\/p>\n","protected":false},"author":1,"featured_media":7584,"comment_status":"open","ping_status":"open","sticky":false,"template":"","format":"standard","meta":{"colormag_page_container_layout":"default_layout","colormag_page_sidebar_layout":"default_layout","_FSMCFIC_featured_image_caption":"","_FSMCFIC_featured_image_nocaption":"","_FSMCFIC_featured_image_hide":"","footnotes":""},"categories":[3,1],"tags":[],"class_list":["post-7583","post","type-post","status-publish","format-standard","has-post-thumbnail","hentry","category-policia","category-ultimas"],"yoast_head":"<!-- This site is optimized with the Yoast SEO plugin v27.1.1 - https:\/\/yoast.com\/product\/yoast-seo-wordpress\/ -->\n<title>Mulher \u00e9 morta facadas em Salvador; suspeito \u00e9 companheiro da v\u00edtima e foi preso em flagrante - Brasil not\u00edcias<\/title>\n<meta name=\"robots\" content=\"index, follow, max-snippet:-1, max-image-preview:large, max-video-preview:-1\" \/>\n<link rel=\"canonical\" href=\"https:\/\/brasilnoticias.org\/site\/mulher-e-morta-facadas-em-salvador-suspeito-e-companheiro-da-vitima-e-foi-preso-em-flagrante\/\" \/>\n<meta property=\"og:locale\" content=\"pt_PT\" \/>\n<meta property=\"og:type\" content=\"article\" \/>\n<meta property=\"og:title\" content=\"Mulher \u00e9 morta facadas em Salvador; suspeito \u00e9 companheiro da v\u00edtima e foi preso em flagrante - Brasil not\u00edcias\" \/>\n<meta property=\"og:description\" content=\"Uma mulher foi morta a facadas na manh\u00e3 deste domingo (23), dentro de uma casa. O caso ocorreu no bairro\" \/>\n<meta property=\"og:url\" content=\"https:\/\/brasilnoticias.org\/site\/mulher-e-morta-facadas-em-salvador-suspeito-e-companheiro-da-vitima-e-foi-preso-em-flagrante\/\" \/>\n<meta property=\"og:site_name\" content=\"Brasil not\u00edcias\" \/>\n<meta property=\"article:published_time\" content=\"2023-07-24T21:20:43+00:00\" \/>\n<meta property=\"og:image\" content=\"https:\/\/brasilnoticias.org\/site\/wp-content\/uploads\/2023\/07\/whatsapp-image-2021-03-23-at-13.webp\" \/>\n\t<meta property=\"og:image:width\" content=\"984\" \/>\n\t<meta property=\"og:image:height\" content=\"617\" \/>\n\t<meta property=\"og:image:type\" content=\"image\/webp\" \/>\n<meta name=\"author\" content=\"Reda\u00e7\u00e3o\" \/>\n<meta name=\"twitter:card\" content=\"summary_large_image\" \/>\n<meta name=\"twitter:label1\" content=\"Escrito por\" \/>\n\t<meta name=\"twitter:data1\" content=\"Reda\u00e7\u00e3o\" \/>\n<script type=\"application\/ld+json\" class=\"yoast-schema-graph\">{\"@context\":\"https:\/\/schema.org\",\"@graph\":[{\"@type\":\"Article\",\"@id\":\"https:\/\/brasilnoticias.org\/site\/mulher-e-morta-facadas-em-salvador-suspeito-e-companheiro-da-vitima-e-foi-preso-em-flagrante\/#article\",\"isPartOf\":{\"@id\":\"https:\/\/brasilnoticias.org\/site\/mulher-e-morta-facadas-em-salvador-suspeito-e-companheiro-da-vitima-e-foi-preso-em-flagrante\/\"},\"author\":{\"name\":\"Reda\u00e7\u00e3o\",\"@id\":\"https:\/\/brasilnoticias.org\/site\/#\/schema\/person\/a0e05b973ec4d15c658d51911e53507b\"},\"headline\":\"Mulher \u00e9 morta facadas em Salvador; suspeito \u00e9 companheiro da v\u00edtima e foi preso em flagrante\",\"datePublished\":\"2023-07-24T21:20:43+00:00\",\"mainEntityOfPage\":{\"@id\":\"https:\/\/brasilnoticias.org\/site\/mulher-e-morta-facadas-em-salvador-suspeito-e-companheiro-da-vitima-e-foi-preso-em-flagrante\/\"},\"wordCount\":200,\"commentCount\":0,\"publisher\":{\"@id\":\"https:\/\/brasilnoticias.org\/site\/#organization\"},\"image\":{\"@id\":\"https:\/\/brasilnoticias.org\/site\/mulher-e-morta-facadas-em-salvador-suspeito-e-companheiro-da-vitima-e-foi-preso-em-flagrante\/#primaryimage\"},\"thumbnailUrl\":\"https:\/\/brasilnoticias.org\/site\/wp-content\/uploads\/2023\/07\/whatsapp-image-2021-03-23-at-13.webp\",\"articleSection\":[\"Pol\u00edcia\",\"\u00daltimas\"],\"inLanguage\":\"pt-PT\",\"potentialAction\":[{\"@type\":\"CommentAction\",\"name\":\"Comment\",\"target\":[\"https:\/\/brasilnoticias.org\/site\/mulher-e-morta-facadas-em-salvador-suspeito-e-companheiro-da-vitima-e-foi-preso-em-flagrante\/#respond\"]}]},{\"@type\":\"WebPage\",\"@id\":\"https:\/\/brasilnoticias.org\/site\/mulher-e-morta-facadas-em-salvador-suspeito-e-companheiro-da-vitima-e-foi-preso-em-flagrante\/\",\"url\":\"https:\/\/brasilnoticias.org\/site\/mulher-e-morta-facadas-em-salvador-suspeito-e-companheiro-da-vitima-e-foi-preso-em-flagrante\/\",\"name\":\"Mulher \u00e9 morta facadas em Salvador; suspeito \u00e9 companheiro da v\u00edtima e foi preso em flagrante - Brasil not\u00edcias\",\"isPartOf\":{\"@id\":\"https:\/\/brasilnoticias.org\/site\/#website\"},\"primaryImageOfPage\":{\"@id\":\"https:\/\/brasilnoticias.org\/site\/mulher-e-morta-facadas-em-salvador-suspeito-e-companheiro-da-vitima-e-foi-preso-em-flagrante\/#primaryimage\"},\"image\":{\"@id\":\"https:\/\/brasilnoticias.org\/site\/mulher-e-morta-facadas-em-salvador-suspeito-e-companheiro-da-vitima-e-foi-preso-em-flagrante\/#primaryimage\"},\"thumbnailUrl\":\"https:\/\/brasilnoticias.org\/site\/wp-content\/uploads\/2023\/07\/whatsapp-image-2021-03-23-at-13.webp\",\"datePublished\":\"2023-07-24T21:20:43+00:00\",\"breadcrumb\":{\"@id\":\"https:\/\/brasilnoticias.org\/site\/mulher-e-morta-facadas-em-salvador-suspeito-e-companheiro-da-vitima-e-foi-preso-em-flagrante\/#breadcrumb\"},\"inLanguage\":\"pt-PT\",\"potentialAction\":[{\"@type\":\"ReadAction\",\"target\":[\"https:\/\/brasilnoticias.org\/site\/mulher-e-morta-facadas-em-salvador-suspeito-e-companheiro-da-vitima-e-foi-preso-em-flagrante\/\"]}]},{\"@type\":\"ImageObject\",\"inLanguage\":\"pt-PT\",\"@id\":\"https:\/\/brasilnoticias.org\/site\/mulher-e-morta-facadas-em-salvador-suspeito-e-companheiro-da-vitima-e-foi-preso-em-flagrante\/#primaryimage\",\"url\":\"https:\/\/brasilnoticias.org\/site\/wp-content\/uploads\/2023\/07\/whatsapp-image-2021-03-23-at-13.webp\",\"contentUrl\":\"https:\/\/brasilnoticias.org\/site\/wp-content\/uploads\/2023\/07\/whatsapp-image-2021-03-23-at-13.webp\",\"width\":984,\"height\":617},{\"@type\":\"BreadcrumbList\",\"@id\":\"https:\/\/brasilnoticias.org\/site\/mulher-e-morta-facadas-em-salvador-suspeito-e-companheiro-da-vitima-e-foi-preso-em-flagrante\/#breadcrumb\",\"itemListElement\":[{\"@type\":\"ListItem\",\"position\":1,\"name\":\"In\u00edcio\",\"item\":\"https:\/\/brasilnoticias.org\/site\/\"},{\"@type\":\"ListItem\",\"position\":2,\"name\":\"Mulher \u00e9 morta facadas em Salvador; suspeito \u00e9 companheiro da v\u00edtima e foi preso em flagrante\"}]},{\"@type\":\"WebSite\",\"@id\":\"https:\/\/brasilnoticias.org\/site\/#website\",\"url\":\"https:\/\/brasilnoticias.org\/site\/\",\"name\":\"Brasil not\u00edcias\",\"description\":\"Brasil not\u00edcias\",\"publisher\":{\"@id\":\"https:\/\/brasilnoticias.org\/site\/#organization\"},\"potentialAction\":[{\"@type\":\"SearchAction\",\"target\":{\"@type\":\"EntryPoint\",\"urlTemplate\":\"https:\/\/brasilnoticias.org\/site\/?s={search_term_string}\"},\"query-input\":{\"@type\":\"PropertyValueSpecification\",\"valueRequired\":true,\"valueName\":\"search_term_string\"}}],\"inLanguage\":\"pt-PT\"},{\"@type\":\"Organization\",\"@id\":\"https:\/\/brasilnoticias.org\/site\/#organization\",\"name\":\"Brasil not\u00edcias\",\"url\":\"https:\/\/brasilnoticias.org\/site\/\",\"logo\":{\"@type\":\"ImageObject\",\"inLanguage\":\"pt-PT\",\"@id\":\"https:\/\/brasilnoticias.org\/site\/#\/schema\/logo\/image\/\",\"url\":\"https:\/\/brasilnoticias.org\/site\/wp-content\/uploads\/2022\/05\/cropped-brasilnoticias-mini.jpg\",\"contentUrl\":\"https:\/\/brasilnoticias.org\/site\/wp-content\/uploads\/2022\/05\/cropped-brasilnoticias-mini.jpg\",\"width\":314,\"height\":86,\"caption\":\"Brasil not\u00edcias\"},\"image\":{\"@id\":\"https:\/\/brasilnoticias.org\/site\/#\/schema\/logo\/image\/\"}},{\"@type\":\"Person\",\"@id\":\"https:\/\/brasilnoticias.org\/site\/#\/schema\/person\/a0e05b973ec4d15c658d51911e53507b\",\"name\":\"Reda\u00e7\u00e3o\",\"image\":{\"@type\":\"ImageObject\",\"inLanguage\":\"pt-PT\",\"@id\":\"https:\/\/brasilnoticias.org\/site\/#\/schema\/person\/image\/\",\"url\":\"https:\/\/secure.gravatar.com\/avatar\/75d8b050df2de108b08ae78dfb8e374892df24a383c67db9c46a9c604f6aee9c?s=96&d=mm&r=g\",\"contentUrl\":\"https:\/\/secure.gravatar.com\/avatar\/75d8b050df2de108b08ae78dfb8e374892df24a383c67db9c46a9c604f6aee9c?s=96&d=mm&r=g\",\"caption\":\"Reda\u00e7\u00e3o\"},\"sameAs\":[\"https:\/\/brasilnoticias.org\/site\"],\"url\":\"https:\/\/brasilnoticias.org\/site\/author\/fernandozsngmail-com\/\"}]}<\/script>\n<!-- \/ Yoast SEO plugin. -->","yoast_head_json":{"title":"Mulher \u00e9 morta facadas em Salvador; suspeito \u00e9 companheiro da v\u00edtima e foi preso em flagrante - Brasil not\u00edcias","robots":{"index":"index","follow":"follow","max-snippet":"max-snippet:-1","max-image-preview":"max-image-preview:large","max-video-preview":"max-video-preview:-1"},"canonical":"https:\/\/brasilnoticias.org\/site\/mulher-e-morta-facadas-em-salvador-suspeito-e-companheiro-da-vitima-e-foi-preso-em-flagrante\/","og_locale":"pt_PT","og_type":"article","og_title":"Mulher \u00e9 morta facadas em Salvador; suspeito \u00e9 companheiro da v\u00edtima e foi preso em flagrante - Brasil not\u00edcias","og_description":"Uma mulher foi morta a facadas na manh\u00e3 deste domingo (23), dentro de uma casa. O caso ocorreu no bairro","og_url":"https:\/\/brasilnoticias.org\/site\/mulher-e-morta-facadas-em-salvador-suspeito-e-companheiro-da-vitima-e-foi-preso-em-flagrante\/","og_site_name":"Brasil not\u00edcias","article_published_time":"2023-07-24T21:20:43+00:00","og_image":[{"width":984,"height":617,"url":"https:\/\/brasilnoticias.org\/site\/wp-content\/uploads\/2023\/07\/whatsapp-image-2021-03-23-at-13.webp","type":"image\/webp"}],"author":"Reda\u00e7\u00e3o","twitter_card":"summary_large_image","twitter_misc":{"Escrito por":"Reda\u00e7\u00e3o"},"schema":{"@context":"https:\/\/schema.org","@graph":[{"@type":"Article","@id":"https:\/\/brasilnoticias.org\/site\/mulher-e-morta-facadas-em-salvador-suspeito-e-companheiro-da-vitima-e-foi-preso-em-flagrante\/#article","isPartOf":{"@id":"https:\/\/brasilnoticias.org\/site\/mulher-e-morta-facadas-em-salvador-suspeito-e-companheiro-da-vitima-e-foi-preso-em-flagrante\/"},"author":{"name":"Reda\u00e7\u00e3o","@id":"https:\/\/brasilnoticias.org\/site\/#\/schema\/person\/a0e05b973ec4d15c658d51911e53507b"},"headline":"Mulher \u00e9 morta facadas em Salvador; suspeito \u00e9 companheiro da v\u00edtima e foi preso em flagrante","datePublished":"2023-07-24T21:20:43+00:00","mainEntityOfPage":{"@id":"https:\/\/brasilnoticias.org\/site\/mulher-e-morta-facadas-em-salvador-suspeito-e-companheiro-da-vitima-e-foi-preso-em-flagrante\/"},"wordCount":200,"commentCount":0,"publisher":{"@id":"https:\/\/brasilnoticias.org\/site\/#organization"},"image":{"@id":"https:\/\/brasilnoticias.org\/site\/mulher-e-morta-facadas-em-salvador-suspeito-e-companheiro-da-vitima-e-foi-preso-em-flagrante\/#primaryimage"},"thumbnailUrl":"https:\/\/brasilnoticias.org\/site\/wp-content\/uploads\/2023\/07\/whatsapp-image-2021-03-23-at-13.webp","articleSection":["Pol\u00edcia","\u00daltimas"],"inLanguage":"pt-PT","potentialAction":[{"@type":"CommentAction","name":"Comment","target":["https:\/\/brasilnoticias.org\/site\/mulher-e-morta-facadas-em-salvador-suspeito-e-companheiro-da-vitima-e-foi-preso-em-flagrante\/#respond"]}]},{"@type":"WebPage","@id":"https:\/\/brasilnoticias.org\/site\/mulher-e-morta-facadas-em-salvador-suspeito-e-companheiro-da-vitima-e-foi-preso-em-flagrante\/","url":"https:\/\/brasilnoticias.org\/site\/mulher-e-morta-facadas-em-salvador-suspeito-e-companheiro-da-vitima-e-foi-preso-em-flagrante\/","name":"Mulher \u00e9 morta facadas em Salvador; suspeito \u00e9 companheiro da v\u00edtima e foi preso em flagrante - Brasil not\u00edcias","isPartOf":{"@id":"https:\/\/brasilnoticias.org\/site\/#website"},"primaryImageOfPage":{"@id":"https:\/\/brasilnoticias.org\/site\/mulher-e-morta-facadas-em-salvador-suspeito-e-companheiro-da-vitima-e-foi-preso-em-flagrante\/#primaryimage"},"image":{"@id":"https:\/\/brasilnoticias.org\/site\/mulher-e-morta-facadas-em-salvador-suspeito-e-companheiro-da-vitima-e-foi-preso-em-flagrante\/#primaryimage"},"thumbnailUrl":"https:\/\/brasilnoticias.org\/site\/wp-content\/uploads\/2023\/07\/whatsapp-image-2021-03-23-at-13.webp","datePublished":"2023-07-24T21:20:43+00:00","breadcrumb":{"@id":"https:\/\/brasilnoticias.org\/site\/mulher-e-morta-facadas-em-salvador-suspeito-e-companheiro-da-vitima-e-foi-preso-em-flagrante\/#breadcrumb"},"inLanguage":"pt-PT","potentialAction":[{"@type":"ReadAction","target":["https:\/\/brasilnoticias.org\/site\/mulher-e-morta-facadas-em-salvador-suspeito-e-companheiro-da-vitima-e-foi-preso-em-flagrante\/"]}]},{"@type":"ImageObject","inLanguage":"pt-PT","@id":"https:\/\/brasilnoticias.org\/site\/mulher-e-morta-facadas-em-salvador-suspeito-e-companheiro-da-vitima-e-foi-preso-em-flagrante\/#primaryimage","url":"https:\/\/brasilnoticias.org\/site\/wp-content\/uploads\/2023\/07\/whatsapp-image-2021-03-23-at-13.webp","contentUrl":"https:\/\/brasilnoticias.org\/site\/wp-content\/uploads\/2023\/07\/whatsapp-image-2021-03-23-at-13.webp","width":984,"height":617},{"@type":"BreadcrumbList","@id":"https:\/\/brasilnoticias.org\/site\/mulher-e-morta-facadas-em-salvador-suspeito-e-companheiro-da-vitima-e-foi-preso-em-flagrante\/#breadcrumb","itemListElement":[{"@type":"ListItem","position":1,"name":"In\u00edcio","item":"https:\/\/brasilnoticias.org\/site\/"},{"@type":"ListItem","position":2,"name":"Mulher \u00e9 morta facadas em Salvador; suspeito \u00e9 companheiro da v\u00edtima e foi preso em flagrante"}]},{"@type":"WebSite","@id":"https:\/\/brasilnoticias.org\/site\/#website","url":"https:\/\/brasilnoticias.org\/site\/","name":"Brasil not\u00edcias","description":"Brasil not\u00edcias","publisher":{"@id":"https:\/\/brasilnoticias.org\/site\/#organization"},"potentialAction":[{"@type":"SearchAction","target":{"@type":"EntryPoint","urlTemplate":"https:\/\/brasilnoticias.org\/site\/?s={search_term_string}"},"query-input":{"@type":"PropertyValueSpecification","valueRequired":true,"valueName":"search_term_string"}}],"inLanguage":"pt-PT"},{"@type":"Organization","@id":"https:\/\/brasilnoticias.org\/site\/#organization","name":"Brasil not\u00edcias","url":"https:\/\/brasilnoticias.org\/site\/","logo":{"@type":"ImageObject","inLanguage":"pt-PT","@id":"https:\/\/brasilnoticias.org\/site\/#\/schema\/logo\/image\/","url":"https:\/\/brasilnoticias.org\/site\/wp-content\/uploads\/2022\/05\/cropped-brasilnoticias-mini.jpg","contentUrl":"https:\/\/brasilnoticias.org\/site\/wp-content\/uploads\/2022\/05\/cropped-brasilnoticias-mini.jpg","width":314,"height":86,"caption":"Brasil not\u00edcias"},"image":{"@id":"https:\/\/brasilnoticias.org\/site\/#\/schema\/logo\/image\/"}},{"@type":"Person","@id":"https:\/\/brasilnoticias.org\/site\/#\/schema\/person\/a0e05b973ec4d15c658d51911e53507b","name":"Reda\u00e7\u00e3o","image":{"@type":"ImageObject","inLanguage":"pt-PT","@id":"https:\/\/brasilnoticias.org\/site\/#\/schema\/person\/image\/","url":"https:\/\/secure.gravatar.com\/avatar\/75d8b050df2de108b08ae78dfb8e374892df24a383c67db9c46a9c604f6aee9c?s=96&d=mm&r=g","contentUrl":"https:\/\/secure.gravatar.com\/avatar\/75d8b050df2de108b08ae78dfb8e374892df24a383c67db9c46a9c604f6aee9c?s=96&d=mm&r=g","caption":"Reda\u00e7\u00e3o"},"sameAs":["https:\/\/brasilnoticias.org\/site"],"url":"https:\/\/brasilnoticias.org\/site\/author\/fernandozsngmail-com\/"}]}},"_links":{"self":[{"href":"https:\/\/brasilnoticias.org\/site\/wp-json\/wp\/v2\/posts\/7583","targetHints":{"allow":["GET"]}}],"collection":[{"href":"https:\/\/brasilnoticias.org\/site\/wp-json\/wp\/v2\/posts"}],"about":[{"href":"https:\/\/brasilnoticias.org\/site\/wp-json\/wp\/v2\/types\/post"}],"author":[{"embeddable":true,"href":"https:\/\/brasilnoticias.org\/site\/wp-json\/wp\/v2\/users\/1"}],"replies":[{"embeddable":true,"href":"https:\/\/brasilnoticias.org\/site\/wp-json\/wp\/v2\/comments?post=7583"}],"version-history":[{"count":1,"href":"https:\/\/brasilnoticias.org\/site\/wp-json\/wp\/v2\/posts\/7583\/revisions"}],"predecessor-version":[{"id":7585,"href":"https:\/\/brasilnoticias.org\/site\/wp-json\/wp\/v2\/posts\/7583\/revisions\/7585"}],"wp:featuredmedia":[{"embeddable":true,"href":"https:\/\/brasilnoticias.org\/site\/wp-json\/wp\/v2\/media\/7584"}],"wp:attachment":[{"href":"https:\/\/brasilnoticias.org\/site\/wp-json\/wp\/v2\/media?parent=7583"}],"wp:term":[{"taxonomy":"category","embeddable":true,"href":"https:\/\/brasilnoticias.org\/site\/wp-json\/wp\/v2\/categories?post=7583"},{"taxonomy":"post_tag","embeddable":true,"href":"https:\/\/brasilnoticias.org\/site\/wp-json\/wp\/v2\/tags?post=7583"}],"curies":[{"name":"wp","href":"https:\/\/api.w.org\/{rel}","templated":true}]}}