{"id":7587,"date":"2023-07-24T17:08:26","date_gmt":"2023-07-24T20:08:26","guid":{"rendered":"https:\/\/brasilnoticias.org\/site\/?p=7587"},"modified":"2023-07-24T17:08:26","modified_gmt":"2023-07-24T20:08:26","slug":"capitao-alden-e-coautor-do-pdl-que-susta-o-decreto-desarmamentista-de-lula","status":"publish","type":"post","link":"https:\/\/brasilnoticias.org\/site\/capitao-alden-e-coautor-do-pdl-que-susta-o-decreto-desarmamentista-de-lula\/","title":{"rendered":"Capit\u00e3o Alden \u00e9 coautor do PDL que susta o decreto desarmamentista de Lula"},"content":{"rendered":"<p>Deputado \u00e9 contra as medidas adotadas pelo Governo Federal que prejudicam o setor armamentista <\/p>\n<p>Em rea\u00e7\u00e3o ao decreto assinado pelo Presidente da Rep\u00fablica, Lula, que restringe drasticamente a posse e porte de armas de fogo no pa\u00eds, al\u00e9m de atingir, diretamente, Ca\u00e7adores, Atiradores e Colecionadores (CACs) e clubes de tiro, os parlamentares da Bancada de Seguran\u00e7a P\u00fablica \u201cBancada da Bala\u201d, protocolaram um Projeto de Decreto Legislativo (PDL) que susta o decreto 11.615\/23 editado e assinado pelo Governo Federal. <\/p>\n<p>O PDL \u00e9 de autoria do deputado federal Paulo Bilynskyj (PL-SP) e conta com a coautoria do deputado federal Capit\u00e3o Alden (PL-BA). A proposi\u00e7\u00e3o j\u00e1 conta com mais de 50 assinaturas de parlamentares. <\/p>\n<p>De acordo com o deputado baiano, o PDL visa restabelecer a legisla\u00e7\u00e3o do Governo Bolsonaro que tratava a tem\u00e1tica de maneira mais assertiva. \u201cVamos conquistar mais assinaturas para este PDL e mostrar pra este desgoverno Lula que n\u00e3o ficaremos de bra\u00e7os cruzados diante de atrocidades que ele queira fazer na canetada\u201d, dispara Alden.<\/p>\n","protected":false},"excerpt":{"rendered":"<p>Deputado \u00e9 contra as medidas adotadas pelo Governo Federal que prejudicam o setor armamentista Em rea\u00e7\u00e3o ao decreto assinado pelo<\/p>\n","protected":false},"author":1,"featured_media":7588,"comment_status":"open","ping_status":"open","sticky":false,"template":"","format":"standard","meta":{"colormag_page_container_layout":"default_layout","colormag_page_sidebar_layout":"default_layout","_FSMCFIC_featured_image_caption":"","_FSMCFIC_featured_image_nocaption":"","_FSMCFIC_featured_image_hide":"","footnotes":""},"categories":[5,1],"tags":[],"class_list":["post-7587","post","type-post","status-publish","format-standard","has-post-thumbnail","hentry","category-politica","category-ultimas"],"yoast_head":"<!-- This site is optimized with the Yoast SEO plugin v27.1.1 - https:\/\/yoast.com\/product\/yoast-seo-wordpress\/ -->\n<title>Capit\u00e3o Alden \u00e9 coautor do PDL que susta o decreto desarmamentista de Lula - Brasil not\u00edcias<\/title>\n<meta name=\"robots\" content=\"index, follow, max-snippet:-1, max-image-preview:large, max-video-preview:-1\" \/>\n<link rel=\"canonical\" href=\"https:\/\/brasilnoticias.org\/site\/capitao-alden-e-coautor-do-pdl-que-susta-o-decreto-desarmamentista-de-lula\/\" \/>\n<meta property=\"og:locale\" content=\"pt_PT\" \/>\n<meta property=\"og:type\" content=\"article\" \/>\n<meta property=\"og:title\" content=\"Capit\u00e3o Alden \u00e9 coautor do PDL que susta o decreto desarmamentista de Lula - Brasil not\u00edcias\" \/>\n<meta property=\"og:description\" content=\"Deputado \u00e9 contra as medidas adotadas pelo Governo Federal que prejudicam o setor armamentista Em rea\u00e7\u00e3o ao decreto assinado pelo\" \/>\n<meta property=\"og:url\" content=\"https:\/\/brasilnoticias.org\/site\/capitao-alden-e-coautor-do-pdl-que-susta-o-decreto-desarmamentista-de-lula\/\" \/>\n<meta property=\"og:site_name\" content=\"Brasil not\u00edcias\" \/>\n<meta property=\"article:published_time\" content=\"2023-07-24T20:08:26+00:00\" \/>\n<meta property=\"og:image\" content=\"https:\/\/brasilnoticias.org\/site\/wp-content\/uploads\/2023\/07\/WhatsApp-Image-2023-07-24-at-17.07.28.jpeg\" \/>\n\t<meta property=\"og:image:width\" content=\"1600\" \/>\n\t<meta property=\"og:image:height\" content=\"1066\" \/>\n\t<meta property=\"og:image:type\" content=\"image\/jpeg\" \/>\n<meta name=\"author\" content=\"Reda\u00e7\u00e3o\" \/>\n<meta name=\"twitter:card\" content=\"summary_large_image\" \/>\n<meta name=\"twitter:label1\" content=\"Escrito por\" \/>\n\t<meta name=\"twitter:data1\" content=\"Reda\u00e7\u00e3o\" \/>\n<script type=\"application\/ld+json\" class=\"yoast-schema-graph\">{\"@context\":\"https:\/\/schema.org\",\"@graph\":[{\"@type\":\"Article\",\"@id\":\"https:\/\/brasilnoticias.org\/site\/capitao-alden-e-coautor-do-pdl-que-susta-o-decreto-desarmamentista-de-lula\/#article\",\"isPartOf\":{\"@id\":\"https:\/\/brasilnoticias.org\/site\/capitao-alden-e-coautor-do-pdl-que-susta-o-decreto-desarmamentista-de-lula\/\"},\"author\":{\"name\":\"Reda\u00e7\u00e3o\",\"@id\":\"https:\/\/brasilnoticias.org\/site\/#\/schema\/person\/a0e05b973ec4d15c658d51911e53507b\"},\"headline\":\"Capit\u00e3o Alden \u00e9 coautor do PDL que susta o decreto desarmamentista de Lula\",\"datePublished\":\"2023-07-24T20:08:26+00:00\",\"mainEntityOfPage\":{\"@id\":\"https:\/\/brasilnoticias.org\/site\/capitao-alden-e-coautor-do-pdl-que-susta-o-decreto-desarmamentista-de-lula\/\"},\"wordCount\":186,\"commentCount\":0,\"publisher\":{\"@id\":\"https:\/\/brasilnoticias.org\/site\/#organization\"},\"image\":{\"@id\":\"https:\/\/brasilnoticias.org\/site\/capitao-alden-e-coautor-do-pdl-que-susta-o-decreto-desarmamentista-de-lula\/#primaryimage\"},\"thumbnailUrl\":\"https:\/\/brasilnoticias.org\/site\/wp-content\/uploads\/2023\/07\/WhatsApp-Image-2023-07-24-at-17.07.28.jpeg\",\"articleSection\":[\"Pol\u00edtica\",\"\u00daltimas\"],\"inLanguage\":\"pt-PT\",\"potentialAction\":[{\"@type\":\"CommentAction\",\"name\":\"Comment\",\"target\":[\"https:\/\/brasilnoticias.org\/site\/capitao-alden-e-coautor-do-pdl-que-susta-o-decreto-desarmamentista-de-lula\/#respond\"]}]},{\"@type\":\"WebPage\",\"@id\":\"https:\/\/brasilnoticias.org\/site\/capitao-alden-e-coautor-do-pdl-que-susta-o-decreto-desarmamentista-de-lula\/\",\"url\":\"https:\/\/brasilnoticias.org\/site\/capitao-alden-e-coautor-do-pdl-que-susta-o-decreto-desarmamentista-de-lula\/\",\"name\":\"Capit\u00e3o Alden \u00e9 coautor do PDL que susta o decreto desarmamentista de Lula - Brasil not\u00edcias\",\"isPartOf\":{\"@id\":\"https:\/\/brasilnoticias.org\/site\/#website\"},\"primaryImageOfPage\":{\"@id\":\"https:\/\/brasilnoticias.org\/site\/capitao-alden-e-coautor-do-pdl-que-susta-o-decreto-desarmamentista-de-lula\/#primaryimage\"},\"image\":{\"@id\":\"https:\/\/brasilnoticias.org\/site\/capitao-alden-e-coautor-do-pdl-que-susta-o-decreto-desarmamentista-de-lula\/#primaryimage\"},\"thumbnailUrl\":\"https:\/\/brasilnoticias.org\/site\/wp-content\/uploads\/2023\/07\/WhatsApp-Image-2023-07-24-at-17.07.28.jpeg\",\"datePublished\":\"2023-07-24T20:08:26+00:00\",\"breadcrumb\":{\"@id\":\"https:\/\/brasilnoticias.org\/site\/capitao-alden-e-coautor-do-pdl-que-susta-o-decreto-desarmamentista-de-lula\/#breadcrumb\"},\"inLanguage\":\"pt-PT\",\"potentialAction\":[{\"@type\":\"ReadAction\",\"target\":[\"https:\/\/brasilnoticias.org\/site\/capitao-alden-e-coautor-do-pdl-que-susta-o-decreto-desarmamentista-de-lula\/\"]}]},{\"@type\":\"ImageObject\",\"inLanguage\":\"pt-PT\",\"@id\":\"https:\/\/brasilnoticias.org\/site\/capitao-alden-e-coautor-do-pdl-que-susta-o-decreto-desarmamentista-de-lula\/#primaryimage\",\"url\":\"https:\/\/brasilnoticias.org\/site\/wp-content\/uploads\/2023\/07\/WhatsApp-Image-2023-07-24-at-17.07.28.jpeg\",\"contentUrl\":\"https:\/\/brasilnoticias.org\/site\/wp-content\/uploads\/2023\/07\/WhatsApp-Image-2023-07-24-at-17.07.28.jpeg\",\"width\":1600,\"height\":1066},{\"@type\":\"BreadcrumbList\",\"@id\":\"https:\/\/brasilnoticias.org\/site\/capitao-alden-e-coautor-do-pdl-que-susta-o-decreto-desarmamentista-de-lula\/#breadcrumb\",\"itemListElement\":[{\"@type\":\"ListItem\",\"position\":1,\"name\":\"In\u00edcio\",\"item\":\"https:\/\/brasilnoticias.org\/site\/\"},{\"@type\":\"ListItem\",\"position\":2,\"name\":\"Capit\u00e3o Alden \u00e9 coautor do PDL que susta o decreto desarmamentista de Lula\"}]},{\"@type\":\"WebSite\",\"@id\":\"https:\/\/brasilnoticias.org\/site\/#website\",\"url\":\"https:\/\/brasilnoticias.org\/site\/\",\"name\":\"Brasil not\u00edcias\",\"description\":\"Brasil not\u00edcias\",\"publisher\":{\"@id\":\"https:\/\/brasilnoticias.org\/site\/#organization\"},\"potentialAction\":[{\"@type\":\"SearchAction\",\"target\":{\"@type\":\"EntryPoint\",\"urlTemplate\":\"https:\/\/brasilnoticias.org\/site\/?s={search_term_string}\"},\"query-input\":{\"@type\":\"PropertyValueSpecification\",\"valueRequired\":true,\"valueName\":\"search_term_string\"}}],\"inLanguage\":\"pt-PT\"},{\"@type\":\"Organization\",\"@id\":\"https:\/\/brasilnoticias.org\/site\/#organization\",\"name\":\"Brasil not\u00edcias\",\"url\":\"https:\/\/brasilnoticias.org\/site\/\",\"logo\":{\"@type\":\"ImageObject\",\"inLanguage\":\"pt-PT\",\"@id\":\"https:\/\/brasilnoticias.org\/site\/#\/schema\/logo\/image\/\",\"url\":\"https:\/\/brasilnoticias.org\/site\/wp-content\/uploads\/2022\/05\/cropped-brasilnoticias-mini.jpg\",\"contentUrl\":\"https:\/\/brasilnoticias.org\/site\/wp-content\/uploads\/2022\/05\/cropped-brasilnoticias-mini.jpg\",\"width\":314,\"height\":86,\"caption\":\"Brasil not\u00edcias\"},\"image\":{\"@id\":\"https:\/\/brasilnoticias.org\/site\/#\/schema\/logo\/image\/\"}},{\"@type\":\"Person\",\"@id\":\"https:\/\/brasilnoticias.org\/site\/#\/schema\/person\/a0e05b973ec4d15c658d51911e53507b\",\"name\":\"Reda\u00e7\u00e3o\",\"image\":{\"@type\":\"ImageObject\",\"inLanguage\":\"pt-PT\",\"@id\":\"https:\/\/brasilnoticias.org\/site\/#\/schema\/person\/image\/\",\"url\":\"https:\/\/secure.gravatar.com\/avatar\/75d8b050df2de108b08ae78dfb8e374892df24a383c67db9c46a9c604f6aee9c?s=96&d=mm&r=g\",\"contentUrl\":\"https:\/\/secure.gravatar.com\/avatar\/75d8b050df2de108b08ae78dfb8e374892df24a383c67db9c46a9c604f6aee9c?s=96&d=mm&r=g\",\"caption\":\"Reda\u00e7\u00e3o\"},\"sameAs\":[\"https:\/\/brasilnoticias.org\/site\"],\"url\":\"https:\/\/brasilnoticias.org\/site\/author\/fernandozsngmail-com\/\"}]}<\/script>\n<!-- \/ Yoast SEO plugin. -->","yoast_head_json":{"title":"Capit\u00e3o Alden \u00e9 coautor do PDL que susta o decreto desarmamentista de Lula - Brasil not\u00edcias","robots":{"index":"index","follow":"follow","max-snippet":"max-snippet:-1","max-image-preview":"max-image-preview:large","max-video-preview":"max-video-preview:-1"},"canonical":"https:\/\/brasilnoticias.org\/site\/capitao-alden-e-coautor-do-pdl-que-susta-o-decreto-desarmamentista-de-lula\/","og_locale":"pt_PT","og_type":"article","og_title":"Capit\u00e3o Alden \u00e9 coautor do PDL que susta o decreto desarmamentista de Lula - Brasil not\u00edcias","og_description":"Deputado \u00e9 contra as medidas adotadas pelo Governo Federal que prejudicam o setor armamentista Em rea\u00e7\u00e3o ao decreto assinado pelo","og_url":"https:\/\/brasilnoticias.org\/site\/capitao-alden-e-coautor-do-pdl-que-susta-o-decreto-desarmamentista-de-lula\/","og_site_name":"Brasil not\u00edcias","article_published_time":"2023-07-24T20:08:26+00:00","og_image":[{"width":1600,"height":1066,"url":"https:\/\/brasilnoticias.org\/site\/wp-content\/uploads\/2023\/07\/WhatsApp-Image-2023-07-24-at-17.07.28.jpeg","type":"image\/jpeg"}],"author":"Reda\u00e7\u00e3o","twitter_card":"summary_large_image","twitter_misc":{"Escrito por":"Reda\u00e7\u00e3o"},"schema":{"@context":"https:\/\/schema.org","@graph":[{"@type":"Article","@id":"https:\/\/brasilnoticias.org\/site\/capitao-alden-e-coautor-do-pdl-que-susta-o-decreto-desarmamentista-de-lula\/#article","isPartOf":{"@id":"https:\/\/brasilnoticias.org\/site\/capitao-alden-e-coautor-do-pdl-que-susta-o-decreto-desarmamentista-de-lula\/"},"author":{"name":"Reda\u00e7\u00e3o","@id":"https:\/\/brasilnoticias.org\/site\/#\/schema\/person\/a0e05b973ec4d15c658d51911e53507b"},"headline":"Capit\u00e3o Alden \u00e9 coautor do PDL que susta o decreto desarmamentista de Lula","datePublished":"2023-07-24T20:08:26+00:00","mainEntityOfPage":{"@id":"https:\/\/brasilnoticias.org\/site\/capitao-alden-e-coautor-do-pdl-que-susta-o-decreto-desarmamentista-de-lula\/"},"wordCount":186,"commentCount":0,"publisher":{"@id":"https:\/\/brasilnoticias.org\/site\/#organization"},"image":{"@id":"https:\/\/brasilnoticias.org\/site\/capitao-alden-e-coautor-do-pdl-que-susta-o-decreto-desarmamentista-de-lula\/#primaryimage"},"thumbnailUrl":"https:\/\/brasilnoticias.org\/site\/wp-content\/uploads\/2023\/07\/WhatsApp-Image-2023-07-24-at-17.07.28.jpeg","articleSection":["Pol\u00edtica","\u00daltimas"],"inLanguage":"pt-PT","potentialAction":[{"@type":"CommentAction","name":"Comment","target":["https:\/\/brasilnoticias.org\/site\/capitao-alden-e-coautor-do-pdl-que-susta-o-decreto-desarmamentista-de-lula\/#respond"]}]},{"@type":"WebPage","@id":"https:\/\/brasilnoticias.org\/site\/capitao-alden-e-coautor-do-pdl-que-susta-o-decreto-desarmamentista-de-lula\/","url":"https:\/\/brasilnoticias.org\/site\/capitao-alden-e-coautor-do-pdl-que-susta-o-decreto-desarmamentista-de-lula\/","name":"Capit\u00e3o Alden \u00e9 coautor do PDL que susta o decreto desarmamentista de Lula - Brasil not\u00edcias","isPartOf":{"@id":"https:\/\/brasilnoticias.org\/site\/#website"},"primaryImageOfPage":{"@id":"https:\/\/brasilnoticias.org\/site\/capitao-alden-e-coautor-do-pdl-que-susta-o-decreto-desarmamentista-de-lula\/#primaryimage"},"image":{"@id":"https:\/\/brasilnoticias.org\/site\/capitao-alden-e-coautor-do-pdl-que-susta-o-decreto-desarmamentista-de-lula\/#primaryimage"},"thumbnailUrl":"https:\/\/brasilnoticias.org\/site\/wp-content\/uploads\/2023\/07\/WhatsApp-Image-2023-07-24-at-17.07.28.jpeg","datePublished":"2023-07-24T20:08:26+00:00","breadcrumb":{"@id":"https:\/\/brasilnoticias.org\/site\/capitao-alden-e-coautor-do-pdl-que-susta-o-decreto-desarmamentista-de-lula\/#breadcrumb"},"inLanguage":"pt-PT","potentialAction":[{"@type":"ReadAction","target":["https:\/\/brasilnoticias.org\/site\/capitao-alden-e-coautor-do-pdl-que-susta-o-decreto-desarmamentista-de-lula\/"]}]},{"@type":"ImageObject","inLanguage":"pt-PT","@id":"https:\/\/brasilnoticias.org\/site\/capitao-alden-e-coautor-do-pdl-que-susta-o-decreto-desarmamentista-de-lula\/#primaryimage","url":"https:\/\/brasilnoticias.org\/site\/wp-content\/uploads\/2023\/07\/WhatsApp-Image-2023-07-24-at-17.07.28.jpeg","contentUrl":"https:\/\/brasilnoticias.org\/site\/wp-content\/uploads\/2023\/07\/WhatsApp-Image-2023-07-24-at-17.07.28.jpeg","width":1600,"height":1066},{"@type":"BreadcrumbList","@id":"https:\/\/brasilnoticias.org\/site\/capitao-alden-e-coautor-do-pdl-que-susta-o-decreto-desarmamentista-de-lula\/#breadcrumb","itemListElement":[{"@type":"ListItem","position":1,"name":"In\u00edcio","item":"https:\/\/brasilnoticias.org\/site\/"},{"@type":"ListItem","position":2,"name":"Capit\u00e3o Alden \u00e9 coautor do PDL que susta o decreto desarmamentista de Lula"}]},{"@type":"WebSite","@id":"https:\/\/brasilnoticias.org\/site\/#website","url":"https:\/\/brasilnoticias.org\/site\/","name":"Brasil not\u00edcias","description":"Brasil not\u00edcias","publisher":{"@id":"https:\/\/brasilnoticias.org\/site\/#organization"},"potentialAction":[{"@type":"SearchAction","target":{"@type":"EntryPoint","urlTemplate":"https:\/\/brasilnoticias.org\/site\/?s={search_term_string}"},"query-input":{"@type":"PropertyValueSpecification","valueRequired":true,"valueName":"search_term_string"}}],"inLanguage":"pt-PT"},{"@type":"Organization","@id":"https:\/\/brasilnoticias.org\/site\/#organization","name":"Brasil not\u00edcias","url":"https:\/\/brasilnoticias.org\/site\/","logo":{"@type":"ImageObject","inLanguage":"pt-PT","@id":"https:\/\/brasilnoticias.org\/site\/#\/schema\/logo\/image\/","url":"https:\/\/brasilnoticias.org\/site\/wp-content\/uploads\/2022\/05\/cropped-brasilnoticias-mini.jpg","contentUrl":"https:\/\/brasilnoticias.org\/site\/wp-content\/uploads\/2022\/05\/cropped-brasilnoticias-mini.jpg","width":314,"height":86,"caption":"Brasil not\u00edcias"},"image":{"@id":"https:\/\/brasilnoticias.org\/site\/#\/schema\/logo\/image\/"}},{"@type":"Person","@id":"https:\/\/brasilnoticias.org\/site\/#\/schema\/person\/a0e05b973ec4d15c658d51911e53507b","name":"Reda\u00e7\u00e3o","image":{"@type":"ImageObject","inLanguage":"pt-PT","@id":"https:\/\/brasilnoticias.org\/site\/#\/schema\/person\/image\/","url":"https:\/\/secure.gravatar.com\/avatar\/75d8b050df2de108b08ae78dfb8e374892df24a383c67db9c46a9c604f6aee9c?s=96&d=mm&r=g","contentUrl":"https:\/\/secure.gravatar.com\/avatar\/75d8b050df2de108b08ae78dfb8e374892df24a383c67db9c46a9c604f6aee9c?s=96&d=mm&r=g","caption":"Reda\u00e7\u00e3o"},"sameAs":["https:\/\/brasilnoticias.org\/site"],"url":"https:\/\/brasilnoticias.org\/site\/author\/fernandozsngmail-com\/"}]}},"_links":{"self":[{"href":"https:\/\/brasilnoticias.org\/site\/wp-json\/wp\/v2\/posts\/7587","targetHints":{"allow":["GET"]}}],"collection":[{"href":"https:\/\/brasilnoticias.org\/site\/wp-json\/wp\/v2\/posts"}],"about":[{"href":"https:\/\/brasilnoticias.org\/site\/wp-json\/wp\/v2\/types\/post"}],"author":[{"embeddable":true,"href":"https:\/\/brasilnoticias.org\/site\/wp-json\/wp\/v2\/users\/1"}],"replies":[{"embeddable":true,"href":"https:\/\/brasilnoticias.org\/site\/wp-json\/wp\/v2\/comments?post=7587"}],"version-history":[{"count":1,"href":"https:\/\/brasilnoticias.org\/site\/wp-json\/wp\/v2\/posts\/7587\/revisions"}],"predecessor-version":[{"id":7589,"href":"https:\/\/brasilnoticias.org\/site\/wp-json\/wp\/v2\/posts\/7587\/revisions\/7589"}],"wp:featuredmedia":[{"embeddable":true,"href":"https:\/\/brasilnoticias.org\/site\/wp-json\/wp\/v2\/media\/7588"}],"wp:attachment":[{"href":"https:\/\/brasilnoticias.org\/site\/wp-json\/wp\/v2\/media?parent=7587"}],"wp:term":[{"taxonomy":"category","embeddable":true,"href":"https:\/\/brasilnoticias.org\/site\/wp-json\/wp\/v2\/categories?post=7587"},{"taxonomy":"post_tag","embeddable":true,"href":"https:\/\/brasilnoticias.org\/site\/wp-json\/wp\/v2\/tags?post=7587"}],"curies":[{"name":"wp","href":"https:\/\/api.w.org\/{rel}","templated":true}]}}