{"id":7593,"date":"2023-07-25T06:16:40","date_gmt":"2023-07-25T09:16:40","guid":{"rendered":"https:\/\/brasilnoticias.org\/site\/?p=7593"},"modified":"2023-07-25T06:16:40","modified_gmt":"2023-07-25T09:16:40","slug":"video-protesto-em-lauro-de-freitas-termina-com-bomba-de-efeito-moral","status":"publish","type":"post","link":"https:\/\/brasilnoticias.org\/site\/video-protesto-em-lauro-de-freitas-termina-com-bomba-de-efeito-moral\/","title":{"rendered":"V\u00eddeo: Protesto em Lauro de Freitas termina com bomba de efeito moral"},"content":{"rendered":"<p>Depois de mais de quatro horas de protesto na Estrada do Coco, em Lauro de Freitas, os manifestantes teriam sido \u201cremovidos\u201d com bombas de efeito moral por policiais militares, na noite desta segunda-feira (24). Segundo os agentes da corpora\u00e7\u00e3o que estavam no local, criminosos teriam se aproveitado do momento, que havia gerado engarrafamento, para praticar assaltos na regi\u00e3o.<\/p>\n<p>A manifesta\u00e7\u00e3o \u00e9 uma resposta a morte do menino Gabriel Silva da Concei\u00e7\u00e3o Junior, de 10 anos, que foi atingido por uma bala perdida durante uma incurs\u00e3o da PM no bairro de Vida Nova, naquela cidade, no domingo (23).<\/p>\n<p>Depois de mais de quatro horas de protesto na Estrada do Coco, em Lauro de Freitas, os manifestantes teriam sido \u201cremovidos\u201d com bombas de efeito moral por policiais militares, na noite desta segunda-feira (24). Segundo os agentes da corpora\u00e7\u00e3o que estavam no local, criminosos teriam se aproveitado do momento, que havia gerado engarrafamento, para praticar assaltos na regi\u00e3o.<\/p>\n<p>A manifesta\u00e7\u00e3o \u00e9 uma resposta a morte do menino Gabriel Silva da Concei\u00e7\u00e3o Junior, de 10 anos, que foi atingido por uma bala perdida durante uma incurs\u00e3o da PM no bairro de Vida Nova, naquela cidade, no domingo (23).<\/p>\n<blockquote class=\"twitter-tweet\">\n<p lang=\"pt\" dir=\"ltr\">Protesto em Lauro de Freitas termina com bomba de efeito moral <a href=\"https:\/\/t.co\/dKcpQZCxL4\">pic.twitter.com\/dKcpQZCxL4<\/a><\/p>\n<p>&mdash; bnewsvideos (@bnewsvideos) <a href=\"https:\/\/twitter.com\/bnewsvideos\/status\/1683637799470153730?ref_src=twsrc%5Etfw\">July 25, 2023<\/a><\/p><\/blockquote>\n<p> <script async src=\"https:\/\/platform.twitter.com\/widgets.js\" charset=\"utf-8\"><\/script><\/p>\n<p>Foto Reprodu\u00e7\u00e3o\/ V\u00eddeo<br \/>\nBNews<\/p>\n","protected":false},"excerpt":{"rendered":"<p>Depois de mais de quatro horas de protesto na Estrada do Coco, em Lauro de Freitas, os manifestantes teriam sido<\/p>\n","protected":false},"author":1,"featured_media":7594,"comment_status":"open","ping_status":"open","sticky":false,"template":"","format":"standard","meta":{"colormag_page_container_layout":"default_layout","colormag_page_sidebar_layout":"default_layout","_FSMCFIC_featured_image_caption":"","_FSMCFIC_featured_image_nocaption":"","_FSMCFIC_featured_image_hide":"","footnotes":""},"categories":[2,1],"tags":[],"class_list":["post-7593","post","type-post","status-publish","format-standard","has-post-thumbnail","hentry","category-noticias","category-ultimas"],"yoast_head":"<!-- This site is optimized with the Yoast SEO plugin v27.1.1 - https:\/\/yoast.com\/product\/yoast-seo-wordpress\/ -->\n<title>V\u00eddeo: Protesto em Lauro de Freitas termina com bomba de efeito moral - Brasil not\u00edcias<\/title>\n<meta name=\"robots\" content=\"index, follow, max-snippet:-1, max-image-preview:large, max-video-preview:-1\" \/>\n<link rel=\"canonical\" href=\"https:\/\/brasilnoticias.org\/site\/video-protesto-em-lauro-de-freitas-termina-com-bomba-de-efeito-moral\/\" \/>\n<meta property=\"og:locale\" content=\"pt_PT\" \/>\n<meta property=\"og:type\" content=\"article\" \/>\n<meta property=\"og:title\" content=\"V\u00eddeo: Protesto em Lauro de Freitas termina com bomba de efeito moral - Brasil not\u00edcias\" \/>\n<meta property=\"og:description\" content=\"Depois de mais de quatro horas de protesto na Estrada do Coco, em Lauro de Freitas, os manifestantes teriam sido\" \/>\n<meta property=\"og:url\" content=\"https:\/\/brasilnoticias.org\/site\/video-protesto-em-lauro-de-freitas-termina-com-bomba-de-efeito-moral\/\" \/>\n<meta property=\"og:site_name\" content=\"Brasil not\u00edcias\" \/>\n<meta property=\"article:published_time\" content=\"2023-07-25T09:16:40+00:00\" \/>\n<meta property=\"og:image\" content=\"https:\/\/brasilnoticias.org\/site\/wp-content\/uploads\/2023\/07\/protesto_termina_com_bomba_de_efeito_moral_widelg.jpeg\" \/>\n\t<meta property=\"og:image:width\" content=\"800\" \/>\n\t<meta property=\"og:image:height\" content=\"450\" \/>\n\t<meta property=\"og:image:type\" content=\"image\/jpeg\" \/>\n<meta name=\"author\" content=\"Reda\u00e7\u00e3o\" \/>\n<meta name=\"twitter:card\" content=\"summary_large_image\" \/>\n<meta name=\"twitter:label1\" content=\"Escrito por\" \/>\n\t<meta name=\"twitter:data1\" content=\"Reda\u00e7\u00e3o\" \/>\n<script type=\"application\/ld+json\" class=\"yoast-schema-graph\">{\"@context\":\"https:\/\/schema.org\",\"@graph\":[{\"@type\":\"Article\",\"@id\":\"https:\/\/brasilnoticias.org\/site\/video-protesto-em-lauro-de-freitas-termina-com-bomba-de-efeito-moral\/#article\",\"isPartOf\":{\"@id\":\"https:\/\/brasilnoticias.org\/site\/video-protesto-em-lauro-de-freitas-termina-com-bomba-de-efeito-moral\/\"},\"author\":{\"name\":\"Reda\u00e7\u00e3o\",\"@id\":\"https:\/\/brasilnoticias.org\/site\/#\/schema\/person\/a0e05b973ec4d15c658d51911e53507b\"},\"headline\":\"V\u00eddeo: Protesto em Lauro de Freitas termina com bomba de efeito moral\",\"datePublished\":\"2023-07-25T09:16:40+00:00\",\"mainEntityOfPage\":{\"@id\":\"https:\/\/brasilnoticias.org\/site\/video-protesto-em-lauro-de-freitas-termina-com-bomba-de-efeito-moral\/\"},\"wordCount\":234,\"commentCount\":0,\"publisher\":{\"@id\":\"https:\/\/brasilnoticias.org\/site\/#organization\"},\"image\":{\"@id\":\"https:\/\/brasilnoticias.org\/site\/video-protesto-em-lauro-de-freitas-termina-com-bomba-de-efeito-moral\/#primaryimage\"},\"thumbnailUrl\":\"https:\/\/brasilnoticias.org\/site\/wp-content\/uploads\/2023\/07\/protesto_termina_com_bomba_de_efeito_moral_widelg.jpeg\",\"articleSection\":[\"Not\u00edcias\",\"\u00daltimas\"],\"inLanguage\":\"pt-PT\",\"potentialAction\":[{\"@type\":\"CommentAction\",\"name\":\"Comment\",\"target\":[\"https:\/\/brasilnoticias.org\/site\/video-protesto-em-lauro-de-freitas-termina-com-bomba-de-efeito-moral\/#respond\"]}]},{\"@type\":\"WebPage\",\"@id\":\"https:\/\/brasilnoticias.org\/site\/video-protesto-em-lauro-de-freitas-termina-com-bomba-de-efeito-moral\/\",\"url\":\"https:\/\/brasilnoticias.org\/site\/video-protesto-em-lauro-de-freitas-termina-com-bomba-de-efeito-moral\/\",\"name\":\"V\u00eddeo: Protesto em Lauro de Freitas termina com bomba de efeito moral - Brasil not\u00edcias\",\"isPartOf\":{\"@id\":\"https:\/\/brasilnoticias.org\/site\/#website\"},\"primaryImageOfPage\":{\"@id\":\"https:\/\/brasilnoticias.org\/site\/video-protesto-em-lauro-de-freitas-termina-com-bomba-de-efeito-moral\/#primaryimage\"},\"image\":{\"@id\":\"https:\/\/brasilnoticias.org\/site\/video-protesto-em-lauro-de-freitas-termina-com-bomba-de-efeito-moral\/#primaryimage\"},\"thumbnailUrl\":\"https:\/\/brasilnoticias.org\/site\/wp-content\/uploads\/2023\/07\/protesto_termina_com_bomba_de_efeito_moral_widelg.jpeg\",\"datePublished\":\"2023-07-25T09:16:40+00:00\",\"breadcrumb\":{\"@id\":\"https:\/\/brasilnoticias.org\/site\/video-protesto-em-lauro-de-freitas-termina-com-bomba-de-efeito-moral\/#breadcrumb\"},\"inLanguage\":\"pt-PT\",\"potentialAction\":[{\"@type\":\"ReadAction\",\"target\":[\"https:\/\/brasilnoticias.org\/site\/video-protesto-em-lauro-de-freitas-termina-com-bomba-de-efeito-moral\/\"]}]},{\"@type\":\"ImageObject\",\"inLanguage\":\"pt-PT\",\"@id\":\"https:\/\/brasilnoticias.org\/site\/video-protesto-em-lauro-de-freitas-termina-com-bomba-de-efeito-moral\/#primaryimage\",\"url\":\"https:\/\/brasilnoticias.org\/site\/wp-content\/uploads\/2023\/07\/protesto_termina_com_bomba_de_efeito_moral_widelg.jpeg\",\"contentUrl\":\"https:\/\/brasilnoticias.org\/site\/wp-content\/uploads\/2023\/07\/protesto_termina_com_bomba_de_efeito_moral_widelg.jpeg\",\"width\":800,\"height\":450},{\"@type\":\"BreadcrumbList\",\"@id\":\"https:\/\/brasilnoticias.org\/site\/video-protesto-em-lauro-de-freitas-termina-com-bomba-de-efeito-moral\/#breadcrumb\",\"itemListElement\":[{\"@type\":\"ListItem\",\"position\":1,\"name\":\"In\u00edcio\",\"item\":\"https:\/\/brasilnoticias.org\/site\/\"},{\"@type\":\"ListItem\",\"position\":2,\"name\":\"V\u00eddeo: Protesto em Lauro de Freitas termina com bomba de efeito moral\"}]},{\"@type\":\"WebSite\",\"@id\":\"https:\/\/brasilnoticias.org\/site\/#website\",\"url\":\"https:\/\/brasilnoticias.org\/site\/\",\"name\":\"Brasil not\u00edcias\",\"description\":\"Brasil not\u00edcias\",\"publisher\":{\"@id\":\"https:\/\/brasilnoticias.org\/site\/#organization\"},\"potentialAction\":[{\"@type\":\"SearchAction\",\"target\":{\"@type\":\"EntryPoint\",\"urlTemplate\":\"https:\/\/brasilnoticias.org\/site\/?s={search_term_string}\"},\"query-input\":{\"@type\":\"PropertyValueSpecification\",\"valueRequired\":true,\"valueName\":\"search_term_string\"}}],\"inLanguage\":\"pt-PT\"},{\"@type\":\"Organization\",\"@id\":\"https:\/\/brasilnoticias.org\/site\/#organization\",\"name\":\"Brasil not\u00edcias\",\"url\":\"https:\/\/brasilnoticias.org\/site\/\",\"logo\":{\"@type\":\"ImageObject\",\"inLanguage\":\"pt-PT\",\"@id\":\"https:\/\/brasilnoticias.org\/site\/#\/schema\/logo\/image\/\",\"url\":\"https:\/\/brasilnoticias.org\/site\/wp-content\/uploads\/2022\/05\/cropped-brasilnoticias-mini.jpg\",\"contentUrl\":\"https:\/\/brasilnoticias.org\/site\/wp-content\/uploads\/2022\/05\/cropped-brasilnoticias-mini.jpg\",\"width\":314,\"height\":86,\"caption\":\"Brasil not\u00edcias\"},\"image\":{\"@id\":\"https:\/\/brasilnoticias.org\/site\/#\/schema\/logo\/image\/\"}},{\"@type\":\"Person\",\"@id\":\"https:\/\/brasilnoticias.org\/site\/#\/schema\/person\/a0e05b973ec4d15c658d51911e53507b\",\"name\":\"Reda\u00e7\u00e3o\",\"image\":{\"@type\":\"ImageObject\",\"inLanguage\":\"pt-PT\",\"@id\":\"https:\/\/brasilnoticias.org\/site\/#\/schema\/person\/image\/\",\"url\":\"https:\/\/secure.gravatar.com\/avatar\/75d8b050df2de108b08ae78dfb8e374892df24a383c67db9c46a9c604f6aee9c?s=96&d=mm&r=g\",\"contentUrl\":\"https:\/\/secure.gravatar.com\/avatar\/75d8b050df2de108b08ae78dfb8e374892df24a383c67db9c46a9c604f6aee9c?s=96&d=mm&r=g\",\"caption\":\"Reda\u00e7\u00e3o\"},\"sameAs\":[\"https:\/\/brasilnoticias.org\/site\"],\"url\":\"https:\/\/brasilnoticias.org\/site\/author\/fernandozsngmail-com\/\"}]}<\/script>\n<!-- \/ Yoast SEO plugin. -->","yoast_head_json":{"title":"V\u00eddeo: Protesto em Lauro de Freitas termina com bomba de efeito moral - Brasil not\u00edcias","robots":{"index":"index","follow":"follow","max-snippet":"max-snippet:-1","max-image-preview":"max-image-preview:large","max-video-preview":"max-video-preview:-1"},"canonical":"https:\/\/brasilnoticias.org\/site\/video-protesto-em-lauro-de-freitas-termina-com-bomba-de-efeito-moral\/","og_locale":"pt_PT","og_type":"article","og_title":"V\u00eddeo: Protesto em Lauro de Freitas termina com bomba de efeito moral - Brasil not\u00edcias","og_description":"Depois de mais de quatro horas de protesto na Estrada do Coco, em Lauro de Freitas, os manifestantes teriam sido","og_url":"https:\/\/brasilnoticias.org\/site\/video-protesto-em-lauro-de-freitas-termina-com-bomba-de-efeito-moral\/","og_site_name":"Brasil not\u00edcias","article_published_time":"2023-07-25T09:16:40+00:00","og_image":[{"width":800,"height":450,"url":"https:\/\/brasilnoticias.org\/site\/wp-content\/uploads\/2023\/07\/protesto_termina_com_bomba_de_efeito_moral_widelg.jpeg","type":"image\/jpeg"}],"author":"Reda\u00e7\u00e3o","twitter_card":"summary_large_image","twitter_misc":{"Escrito por":"Reda\u00e7\u00e3o"},"schema":{"@context":"https:\/\/schema.org","@graph":[{"@type":"Article","@id":"https:\/\/brasilnoticias.org\/site\/video-protesto-em-lauro-de-freitas-termina-com-bomba-de-efeito-moral\/#article","isPartOf":{"@id":"https:\/\/brasilnoticias.org\/site\/video-protesto-em-lauro-de-freitas-termina-com-bomba-de-efeito-moral\/"},"author":{"name":"Reda\u00e7\u00e3o","@id":"https:\/\/brasilnoticias.org\/site\/#\/schema\/person\/a0e05b973ec4d15c658d51911e53507b"},"headline":"V\u00eddeo: Protesto em Lauro de Freitas termina com bomba de efeito moral","datePublished":"2023-07-25T09:16:40+00:00","mainEntityOfPage":{"@id":"https:\/\/brasilnoticias.org\/site\/video-protesto-em-lauro-de-freitas-termina-com-bomba-de-efeito-moral\/"},"wordCount":234,"commentCount":0,"publisher":{"@id":"https:\/\/brasilnoticias.org\/site\/#organization"},"image":{"@id":"https:\/\/brasilnoticias.org\/site\/video-protesto-em-lauro-de-freitas-termina-com-bomba-de-efeito-moral\/#primaryimage"},"thumbnailUrl":"https:\/\/brasilnoticias.org\/site\/wp-content\/uploads\/2023\/07\/protesto_termina_com_bomba_de_efeito_moral_widelg.jpeg","articleSection":["Not\u00edcias","\u00daltimas"],"inLanguage":"pt-PT","potentialAction":[{"@type":"CommentAction","name":"Comment","target":["https:\/\/brasilnoticias.org\/site\/video-protesto-em-lauro-de-freitas-termina-com-bomba-de-efeito-moral\/#respond"]}]},{"@type":"WebPage","@id":"https:\/\/brasilnoticias.org\/site\/video-protesto-em-lauro-de-freitas-termina-com-bomba-de-efeito-moral\/","url":"https:\/\/brasilnoticias.org\/site\/video-protesto-em-lauro-de-freitas-termina-com-bomba-de-efeito-moral\/","name":"V\u00eddeo: Protesto em Lauro de Freitas termina com bomba de efeito moral - Brasil not\u00edcias","isPartOf":{"@id":"https:\/\/brasilnoticias.org\/site\/#website"},"primaryImageOfPage":{"@id":"https:\/\/brasilnoticias.org\/site\/video-protesto-em-lauro-de-freitas-termina-com-bomba-de-efeito-moral\/#primaryimage"},"image":{"@id":"https:\/\/brasilnoticias.org\/site\/video-protesto-em-lauro-de-freitas-termina-com-bomba-de-efeito-moral\/#primaryimage"},"thumbnailUrl":"https:\/\/brasilnoticias.org\/site\/wp-content\/uploads\/2023\/07\/protesto_termina_com_bomba_de_efeito_moral_widelg.jpeg","datePublished":"2023-07-25T09:16:40+00:00","breadcrumb":{"@id":"https:\/\/brasilnoticias.org\/site\/video-protesto-em-lauro-de-freitas-termina-com-bomba-de-efeito-moral\/#breadcrumb"},"inLanguage":"pt-PT","potentialAction":[{"@type":"ReadAction","target":["https:\/\/brasilnoticias.org\/site\/video-protesto-em-lauro-de-freitas-termina-com-bomba-de-efeito-moral\/"]}]},{"@type":"ImageObject","inLanguage":"pt-PT","@id":"https:\/\/brasilnoticias.org\/site\/video-protesto-em-lauro-de-freitas-termina-com-bomba-de-efeito-moral\/#primaryimage","url":"https:\/\/brasilnoticias.org\/site\/wp-content\/uploads\/2023\/07\/protesto_termina_com_bomba_de_efeito_moral_widelg.jpeg","contentUrl":"https:\/\/brasilnoticias.org\/site\/wp-content\/uploads\/2023\/07\/protesto_termina_com_bomba_de_efeito_moral_widelg.jpeg","width":800,"height":450},{"@type":"BreadcrumbList","@id":"https:\/\/brasilnoticias.org\/site\/video-protesto-em-lauro-de-freitas-termina-com-bomba-de-efeito-moral\/#breadcrumb","itemListElement":[{"@type":"ListItem","position":1,"name":"In\u00edcio","item":"https:\/\/brasilnoticias.org\/site\/"},{"@type":"ListItem","position":2,"name":"V\u00eddeo: Protesto em Lauro de Freitas termina com bomba de efeito moral"}]},{"@type":"WebSite","@id":"https:\/\/brasilnoticias.org\/site\/#website","url":"https:\/\/brasilnoticias.org\/site\/","name":"Brasil not\u00edcias","description":"Brasil not\u00edcias","publisher":{"@id":"https:\/\/brasilnoticias.org\/site\/#organization"},"potentialAction":[{"@type":"SearchAction","target":{"@type":"EntryPoint","urlTemplate":"https:\/\/brasilnoticias.org\/site\/?s={search_term_string}"},"query-input":{"@type":"PropertyValueSpecification","valueRequired":true,"valueName":"search_term_string"}}],"inLanguage":"pt-PT"},{"@type":"Organization","@id":"https:\/\/brasilnoticias.org\/site\/#organization","name":"Brasil not\u00edcias","url":"https:\/\/brasilnoticias.org\/site\/","logo":{"@type":"ImageObject","inLanguage":"pt-PT","@id":"https:\/\/brasilnoticias.org\/site\/#\/schema\/logo\/image\/","url":"https:\/\/brasilnoticias.org\/site\/wp-content\/uploads\/2022\/05\/cropped-brasilnoticias-mini.jpg","contentUrl":"https:\/\/brasilnoticias.org\/site\/wp-content\/uploads\/2022\/05\/cropped-brasilnoticias-mini.jpg","width":314,"height":86,"caption":"Brasil not\u00edcias"},"image":{"@id":"https:\/\/brasilnoticias.org\/site\/#\/schema\/logo\/image\/"}},{"@type":"Person","@id":"https:\/\/brasilnoticias.org\/site\/#\/schema\/person\/a0e05b973ec4d15c658d51911e53507b","name":"Reda\u00e7\u00e3o","image":{"@type":"ImageObject","inLanguage":"pt-PT","@id":"https:\/\/brasilnoticias.org\/site\/#\/schema\/person\/image\/","url":"https:\/\/secure.gravatar.com\/avatar\/75d8b050df2de108b08ae78dfb8e374892df24a383c67db9c46a9c604f6aee9c?s=96&d=mm&r=g","contentUrl":"https:\/\/secure.gravatar.com\/avatar\/75d8b050df2de108b08ae78dfb8e374892df24a383c67db9c46a9c604f6aee9c?s=96&d=mm&r=g","caption":"Reda\u00e7\u00e3o"},"sameAs":["https:\/\/brasilnoticias.org\/site"],"url":"https:\/\/brasilnoticias.org\/site\/author\/fernandozsngmail-com\/"}]}},"_links":{"self":[{"href":"https:\/\/brasilnoticias.org\/site\/wp-json\/wp\/v2\/posts\/7593","targetHints":{"allow":["GET"]}}],"collection":[{"href":"https:\/\/brasilnoticias.org\/site\/wp-json\/wp\/v2\/posts"}],"about":[{"href":"https:\/\/brasilnoticias.org\/site\/wp-json\/wp\/v2\/types\/post"}],"author":[{"embeddable":true,"href":"https:\/\/brasilnoticias.org\/site\/wp-json\/wp\/v2\/users\/1"}],"replies":[{"embeddable":true,"href":"https:\/\/brasilnoticias.org\/site\/wp-json\/wp\/v2\/comments?post=7593"}],"version-history":[{"count":1,"href":"https:\/\/brasilnoticias.org\/site\/wp-json\/wp\/v2\/posts\/7593\/revisions"}],"predecessor-version":[{"id":7595,"href":"https:\/\/brasilnoticias.org\/site\/wp-json\/wp\/v2\/posts\/7593\/revisions\/7595"}],"wp:featuredmedia":[{"embeddable":true,"href":"https:\/\/brasilnoticias.org\/site\/wp-json\/wp\/v2\/media\/7594"}],"wp:attachment":[{"href":"https:\/\/brasilnoticias.org\/site\/wp-json\/wp\/v2\/media?parent=7593"}],"wp:term":[{"taxonomy":"category","embeddable":true,"href":"https:\/\/brasilnoticias.org\/site\/wp-json\/wp\/v2\/categories?post=7593"},{"taxonomy":"post_tag","embeddable":true,"href":"https:\/\/brasilnoticias.org\/site\/wp-json\/wp\/v2\/tags?post=7593"}],"curies":[{"name":"wp","href":"https:\/\/api.w.org\/{rel}","templated":true}]}}