{"id":76,"date":"2022-04-13T15:37:10","date_gmt":"2022-04-13T18:37:10","guid":{"rendered":"https:\/\/brasilnoticias.org\/site\/?p=76"},"modified":"2022-05-03T15:37:31","modified_gmt":"2022-05-03T18:37:31","slug":"delegado-e-tres-investigadores-sao-presos-pela-segunda-vez-na-bahia-entenda","status":"publish","type":"post","link":"https:\/\/brasilnoticias.org\/site\/delegado-e-tres-investigadores-sao-presos-pela-segunda-vez-na-bahia-entenda\/","title":{"rendered":"Delegado e tr\u00eas investigadores s\u00e3o presos pela segunda vez na Bahia; entenda"},"content":{"rendered":"<div id=\"content\" class=\"clearfix\">\n<article id=\"post-14516\" class=\"post-14516 post type-post status-publish format-standard has-post-thumbnail hentry category-policia category-ultimas\">\n<div class=\"article-content clearfix\">\n<div class=\"entry-content clearfix\">\n<p>Um delegado, tr\u00eas investigadores e um empres\u00e1rio, que atuavam na Bahia, foram presos pelos crimes de organiza\u00e7\u00e3o criminosa, obstru\u00e7\u00e3o da Justi\u00e7a, tr\u00e1fico de drogas, associa\u00e7\u00e3o ao tr\u00e1fico, concuss\u00e3o e peculato. De acordo com o Minist\u00e9rio P\u00fablico, os homens j\u00e1 haviam sido presos uma vez, mas soltos em primeiro inst\u00e2ncia. O delegado foi identificado como Marcus Alessandro de Oliveira Ara\u00fajo. Ele era coordenador da 13\u00ba Coorpin da cidade de Seabra, na Chapada Diamantina. J\u00e1 os investigadores foram identificados como Roberval Ferreira Leite, Edivan Ferreira do Ros\u00e1rio e Alcione de Oliveira Marques. O empres\u00e1rio \u00e9 Cristiano Maciel Rocha. O \u00f3rg\u00e3o n\u00e3o informou a data das pris\u00f5es, mas disse que elas fazem parte de uma decis\u00e3o cautelar da Segunda Turma Criminal do Tribunal de Justi\u00e7a da Bahia, atendendo a pedido do MP, por meio do Grupo Especial de Combate ao Crime Organizado (Gaeco) e da 2\u00aa e 3\u00aa Promotorias de Justi\u00e7a de Seabra. Bnews Bnews Facebook BnewsTwitter BnewsInstagram BnewsYoutube Bnews Busca POL\u00cdCIA Delegado e tr\u00eas investigadores s\u00e3o presos pela segunda vez na Bahia; entenda Divulga\u00e7\u00e3o\/SSP-BA Eles j\u00e1 haviam sido presos em mar\u00e7o durante a \u201cOpera\u00e7\u00e3o Casmurro\u201d Publicado em 13\/04\/2022, \u00e0s 12h07 Divulga\u00e7\u00e3o\/SSP-BA Reda\u00e7\u00e3o BNews COMPARTILHE: Um delegado, tr\u00eas investigadores e um empres\u00e1rio, que atuavam na Bahia, foram presos pelos crimes de organiza\u00e7\u00e3o criminosa, obstru\u00e7\u00e3o da Justi\u00e7a, tr\u00e1fico de drogas, associa\u00e7\u00e3o ao tr\u00e1fico, concuss\u00e3o e peculato. De acordo com o Minist\u00e9rio P\u00fablico, os homens j\u00e1 haviam sido presos uma vez, mas soltos em primeiro inst\u00e2ncia. O delegado foi identificado como Marcus Alessandro de Oliveira Ara\u00fajo. Ele era coordenador da 13\u00ba Coorpin da cidade de Seabra, na Chapada Diamantina. J\u00e1 os investigadores foram identificados como Roberval Ferreira Leite, Edivan Ferreira do Ros\u00e1rio e Alcione de Oliveira Marques. O empres\u00e1rio \u00e9 Cristiano Maciel Rocha.<\/p>\n<p>O \u00f3rg\u00e3o n\u00e3o informou a data das pris\u00f5es, mas disse que elas fazem parte de uma decis\u00e3o cautelar da Segunda Turma Criminal do Tribunal de Justi\u00e7a da Bahia, atendendo a pedido do MP, por meio do Grupo Especial de Combate ao Crime Organizado (Gaeco) e da 2\u00aa e 3\u00aa Promotorias de Justi\u00e7a de Seabra.<\/p>\n<p>Leia tamb\u00e9m: Pol\u00edcia deflagra opera\u00e7\u00e3o no Nordeste de Amaralina V\u00eddeo: Suspeito leva carro de mulher em frente a shopping em Vilas do Atl\u00e2ntico Grupo invade restaurante e faz arrast\u00e3o; veja A a\u00e7\u00e3o \u00e9 um desdobramento da \u201cOpera\u00e7\u00e3o Casmurro\u201d, que, na sua terceira fase, em junho de 2021, havia prendido o delegado, os policiais e o empres\u00e1rio, soltos pela Justi\u00e7a no m\u00eas de mar\u00e7o deste ano. \u201c[\u2026] Os acusados criaram complexa estrutura na 13\u00aa Coordenadoria Regional de Interior da Pol\u00edcia Civil do Estada da Bahia (Coorpin Seabra BA), \u2018valendo-se da pr\u00f3pria Coordena\u00e7\u00e3o e dos Servi\u00e7os de Intelig\u00eancia da Coordenadoria e da Delegacia de Territorial de Seabra, estrategicamente montada a partir do acesso privilegiado de informa\u00e7\u00f5es e investiga\u00e7\u00f5es em curso no \u00e2mbito da Pol\u00edcia Civil local\u2019\u201d, diz a den\u00fancia do MP A den\u00fancia acrescenta que \u201c[\u2026] valendo da estrutura estatal, os denunciados buscaram acobertar e garantir o sucesso das atividades criminosas, notadamente de produ\u00e7\u00e3o e comercializa\u00e7\u00e3o de drogas il\u00edcitas e de crimes contra o patrim\u00f4nio p\u00fablico\u201d. Ainda conforme a den\u00fancia, \u201cos investigados agiam dolosamente para evitar a descoberta dos crimes cometidos, sinalizando publicamente a apar\u00eancia de que suas atua\u00e7\u00f5es eram probas e regulares\u201d.<\/p>\n<p>Investiga\u00e7\u00f5es da Pol\u00edcia Civil descobriram, em junho de 2020, uma extensa planta\u00e7\u00e3o de maconha no Povoado de Baixio da Aguada, zona rural de Seabra, com previs\u00e3o de colheita de tr\u00eas toneladas da droga. A investiga\u00e7\u00e3o revelou que os traficantes e os policiais, com o interm\u00e9dio de um empres\u00e1rio da regi\u00e3o, com grande influ\u00eancia na Pol\u00edcia local, estabeleceram propina de R$220 mil e a droga apreendida n\u00e3o foi completamente incinerada. Os policiais permitiram a colheita do restante da droga, e ainda ajudaram a transport\u00e1-la dentro das viaturas da pol\u00edcia, para armazenamento em propriedade rural do empres\u00e1rio, at\u00e9 que fossem finalmente enviadas para a cidade de Salvador.<\/p>\n<p>&nbsp;<\/p>\n<p>Bnews<\/p>\n<\/div>\n<\/div>\n<\/article>\n<\/div>\n","protected":false},"excerpt":{"rendered":"<p>Um delegado, tr\u00eas investigadores e um empres\u00e1rio, que atuavam na Bahia, foram presos pelos crimes de organiza\u00e7\u00e3o criminosa, obstru\u00e7\u00e3o da<\/p>\n","protected":false},"author":1,"featured_media":77,"comment_status":"open","ping_status":"open","sticky":false,"template":"","format":"standard","meta":{"colormag_page_container_layout":"default_layout","colormag_page_sidebar_layout":"default_layout","_FSMCFIC_featured_image_caption":"","_FSMCFIC_featured_image_nocaption":"","_FSMCFIC_featured_image_hide":"","footnotes":""},"categories":[3,1],"tags":[],"class_list":["post-76","post","type-post","status-publish","format-standard","has-post-thumbnail","hentry","category-policia","category-ultimas"],"yoast_head":"<!-- This site is optimized with the Yoast SEO plugin v27.1.1 - https:\/\/yoast.com\/product\/yoast-seo-wordpress\/ -->\n<title>Delegado e tr\u00eas investigadores s\u00e3o presos pela segunda vez na Bahia; entenda - Brasil not\u00edcias<\/title>\n<meta name=\"robots\" content=\"index, follow, max-snippet:-1, max-image-preview:large, max-video-preview:-1\" \/>\n<link rel=\"canonical\" href=\"https:\/\/brasilnoticias.org\/site\/delegado-e-tres-investigadores-sao-presos-pela-segunda-vez-na-bahia-entenda\/\" \/>\n<meta property=\"og:locale\" content=\"pt_PT\" \/>\n<meta property=\"og:type\" content=\"article\" \/>\n<meta property=\"og:title\" content=\"Delegado e tr\u00eas investigadores s\u00e3o presos pela segunda vez na Bahia; entenda - Brasil not\u00edcias\" \/>\n<meta property=\"og:description\" content=\"Um delegado, tr\u00eas investigadores e um empres\u00e1rio, que atuavam na Bahia, foram presos pelos crimes de organiza\u00e7\u00e3o criminosa, obstru\u00e7\u00e3o da\" \/>\n<meta property=\"og:url\" content=\"https:\/\/brasilnoticias.org\/site\/delegado-e-tres-investigadores-sao-presos-pela-segunda-vez-na-bahia-entenda\/\" \/>\n<meta property=\"og:site_name\" content=\"Brasil not\u00edcias\" \/>\n<meta property=\"article:published_time\" content=\"2022-04-13T18:37:10+00:00\" \/>\n<meta property=\"article:modified_time\" content=\"2022-05-03T18:37:31+00:00\" \/>\n<meta property=\"og:image\" content=\"https:\/\/brasilnoticias.org\/site\/wp-content\/uploads\/2022\/05\/whatsapp-image-2020-07-06-at-11.07.00._widexl_widelg-800x445-1.jpg\" \/>\n\t<meta property=\"og:image:width\" content=\"800\" \/>\n\t<meta property=\"og:image:height\" content=\"445\" \/>\n\t<meta property=\"og:image:type\" content=\"image\/jpeg\" \/>\n<meta name=\"author\" content=\"Reda\u00e7\u00e3o\" \/>\n<meta name=\"twitter:card\" content=\"summary_large_image\" \/>\n<meta name=\"twitter:label1\" content=\"Escrito por\" \/>\n\t<meta name=\"twitter:data1\" content=\"Reda\u00e7\u00e3o\" \/>\n\t<meta name=\"twitter:label2\" content=\"Tempo estimado de leitura\" \/>\n\t<meta name=\"twitter:data2\" content=\"4 minutos\" \/>\n<script type=\"application\/ld+json\" class=\"yoast-schema-graph\">{\"@context\":\"https:\/\/schema.org\",\"@graph\":[{\"@type\":\"Article\",\"@id\":\"https:\/\/brasilnoticias.org\/site\/delegado-e-tres-investigadores-sao-presos-pela-segunda-vez-na-bahia-entenda\/#article\",\"isPartOf\":{\"@id\":\"https:\/\/brasilnoticias.org\/site\/delegado-e-tres-investigadores-sao-presos-pela-segunda-vez-na-bahia-entenda\/\"},\"author\":{\"name\":\"Reda\u00e7\u00e3o\",\"@id\":\"https:\/\/brasilnoticias.org\/site\/#\/schema\/person\/a0e05b973ec4d15c658d51911e53507b\"},\"headline\":\"Delegado e tr\u00eas investigadores s\u00e3o presos pela segunda vez na Bahia; entenda\",\"datePublished\":\"2022-04-13T18:37:10+00:00\",\"dateModified\":\"2022-05-03T18:37:31+00:00\",\"mainEntityOfPage\":{\"@id\":\"https:\/\/brasilnoticias.org\/site\/delegado-e-tres-investigadores-sao-presos-pela-segunda-vez-na-bahia-entenda\/\"},\"wordCount\":736,\"commentCount\":0,\"publisher\":{\"@id\":\"https:\/\/brasilnoticias.org\/site\/#organization\"},\"image\":{\"@id\":\"https:\/\/brasilnoticias.org\/site\/delegado-e-tres-investigadores-sao-presos-pela-segunda-vez-na-bahia-entenda\/#primaryimage\"},\"thumbnailUrl\":\"https:\/\/brasilnoticias.org\/site\/wp-content\/uploads\/2022\/05\/whatsapp-image-2020-07-06-at-11.07.00._widexl_widelg-800x445-1.jpg\",\"articleSection\":[\"Pol\u00edcia\",\"\u00daltimas\"],\"inLanguage\":\"pt-PT\",\"potentialAction\":[{\"@type\":\"CommentAction\",\"name\":\"Comment\",\"target\":[\"https:\/\/brasilnoticias.org\/site\/delegado-e-tres-investigadores-sao-presos-pela-segunda-vez-na-bahia-entenda\/#respond\"]}]},{\"@type\":\"WebPage\",\"@id\":\"https:\/\/brasilnoticias.org\/site\/delegado-e-tres-investigadores-sao-presos-pela-segunda-vez-na-bahia-entenda\/\",\"url\":\"https:\/\/brasilnoticias.org\/site\/delegado-e-tres-investigadores-sao-presos-pela-segunda-vez-na-bahia-entenda\/\",\"name\":\"Delegado e tr\u00eas investigadores s\u00e3o presos pela segunda vez na Bahia; entenda - Brasil not\u00edcias\",\"isPartOf\":{\"@id\":\"https:\/\/brasilnoticias.org\/site\/#website\"},\"primaryImageOfPage\":{\"@id\":\"https:\/\/brasilnoticias.org\/site\/delegado-e-tres-investigadores-sao-presos-pela-segunda-vez-na-bahia-entenda\/#primaryimage\"},\"image\":{\"@id\":\"https:\/\/brasilnoticias.org\/site\/delegado-e-tres-investigadores-sao-presos-pela-segunda-vez-na-bahia-entenda\/#primaryimage\"},\"thumbnailUrl\":\"https:\/\/brasilnoticias.org\/site\/wp-content\/uploads\/2022\/05\/whatsapp-image-2020-07-06-at-11.07.00._widexl_widelg-800x445-1.jpg\",\"datePublished\":\"2022-04-13T18:37:10+00:00\",\"dateModified\":\"2022-05-03T18:37:31+00:00\",\"breadcrumb\":{\"@id\":\"https:\/\/brasilnoticias.org\/site\/delegado-e-tres-investigadores-sao-presos-pela-segunda-vez-na-bahia-entenda\/#breadcrumb\"},\"inLanguage\":\"pt-PT\",\"potentialAction\":[{\"@type\":\"ReadAction\",\"target\":[\"https:\/\/brasilnoticias.org\/site\/delegado-e-tres-investigadores-sao-presos-pela-segunda-vez-na-bahia-entenda\/\"]}]},{\"@type\":\"ImageObject\",\"inLanguage\":\"pt-PT\",\"@id\":\"https:\/\/brasilnoticias.org\/site\/delegado-e-tres-investigadores-sao-presos-pela-segunda-vez-na-bahia-entenda\/#primaryimage\",\"url\":\"https:\/\/brasilnoticias.org\/site\/wp-content\/uploads\/2022\/05\/whatsapp-image-2020-07-06-at-11.07.00._widexl_widelg-800x445-1.jpg\",\"contentUrl\":\"https:\/\/brasilnoticias.org\/site\/wp-content\/uploads\/2022\/05\/whatsapp-image-2020-07-06-at-11.07.00._widexl_widelg-800x445-1.jpg\",\"width\":800,\"height\":445},{\"@type\":\"BreadcrumbList\",\"@id\":\"https:\/\/brasilnoticias.org\/site\/delegado-e-tres-investigadores-sao-presos-pela-segunda-vez-na-bahia-entenda\/#breadcrumb\",\"itemListElement\":[{\"@type\":\"ListItem\",\"position\":1,\"name\":\"In\u00edcio\",\"item\":\"https:\/\/brasilnoticias.org\/site\/\"},{\"@type\":\"ListItem\",\"position\":2,\"name\":\"Delegado e tr\u00eas investigadores s\u00e3o presos pela segunda vez na Bahia; entenda\"}]},{\"@type\":\"WebSite\",\"@id\":\"https:\/\/brasilnoticias.org\/site\/#website\",\"url\":\"https:\/\/brasilnoticias.org\/site\/\",\"name\":\"Brasil not\u00edcias\",\"description\":\"Brasil not\u00edcias\",\"publisher\":{\"@id\":\"https:\/\/brasilnoticias.org\/site\/#organization\"},\"potentialAction\":[{\"@type\":\"SearchAction\",\"target\":{\"@type\":\"EntryPoint\",\"urlTemplate\":\"https:\/\/brasilnoticias.org\/site\/?s={search_term_string}\"},\"query-input\":{\"@type\":\"PropertyValueSpecification\",\"valueRequired\":true,\"valueName\":\"search_term_string\"}}],\"inLanguage\":\"pt-PT\"},{\"@type\":\"Organization\",\"@id\":\"https:\/\/brasilnoticias.org\/site\/#organization\",\"name\":\"Brasil not\u00edcias\",\"url\":\"https:\/\/brasilnoticias.org\/site\/\",\"logo\":{\"@type\":\"ImageObject\",\"inLanguage\":\"pt-PT\",\"@id\":\"https:\/\/brasilnoticias.org\/site\/#\/schema\/logo\/image\/\",\"url\":\"https:\/\/brasilnoticias.org\/site\/wp-content\/uploads\/2022\/05\/cropped-brasilnoticias-mini.jpg\",\"contentUrl\":\"https:\/\/brasilnoticias.org\/site\/wp-content\/uploads\/2022\/05\/cropped-brasilnoticias-mini.jpg\",\"width\":314,\"height\":86,\"caption\":\"Brasil not\u00edcias\"},\"image\":{\"@id\":\"https:\/\/brasilnoticias.org\/site\/#\/schema\/logo\/image\/\"}},{\"@type\":\"Person\",\"@id\":\"https:\/\/brasilnoticias.org\/site\/#\/schema\/person\/a0e05b973ec4d15c658d51911e53507b\",\"name\":\"Reda\u00e7\u00e3o\",\"image\":{\"@type\":\"ImageObject\",\"inLanguage\":\"pt-PT\",\"@id\":\"https:\/\/brasilnoticias.org\/site\/#\/schema\/person\/image\/\",\"url\":\"https:\/\/secure.gravatar.com\/avatar\/75d8b050df2de108b08ae78dfb8e374892df24a383c67db9c46a9c604f6aee9c?s=96&d=mm&r=g\",\"contentUrl\":\"https:\/\/secure.gravatar.com\/avatar\/75d8b050df2de108b08ae78dfb8e374892df24a383c67db9c46a9c604f6aee9c?s=96&d=mm&r=g\",\"caption\":\"Reda\u00e7\u00e3o\"},\"sameAs\":[\"https:\/\/brasilnoticias.org\/site\"],\"url\":\"https:\/\/brasilnoticias.org\/site\/author\/fernandozsngmail-com\/\"}]}<\/script>\n<!-- \/ Yoast SEO plugin. -->","yoast_head_json":{"title":"Delegado e tr\u00eas investigadores s\u00e3o presos pela segunda vez na Bahia; entenda - Brasil not\u00edcias","robots":{"index":"index","follow":"follow","max-snippet":"max-snippet:-1","max-image-preview":"max-image-preview:large","max-video-preview":"max-video-preview:-1"},"canonical":"https:\/\/brasilnoticias.org\/site\/delegado-e-tres-investigadores-sao-presos-pela-segunda-vez-na-bahia-entenda\/","og_locale":"pt_PT","og_type":"article","og_title":"Delegado e tr\u00eas investigadores s\u00e3o presos pela segunda vez na Bahia; entenda - Brasil not\u00edcias","og_description":"Um delegado, tr\u00eas investigadores e um empres\u00e1rio, que atuavam na Bahia, foram presos pelos crimes de organiza\u00e7\u00e3o criminosa, obstru\u00e7\u00e3o da","og_url":"https:\/\/brasilnoticias.org\/site\/delegado-e-tres-investigadores-sao-presos-pela-segunda-vez-na-bahia-entenda\/","og_site_name":"Brasil not\u00edcias","article_published_time":"2022-04-13T18:37:10+00:00","article_modified_time":"2022-05-03T18:37:31+00:00","og_image":[{"width":800,"height":445,"url":"https:\/\/brasilnoticias.org\/site\/wp-content\/uploads\/2022\/05\/whatsapp-image-2020-07-06-at-11.07.00._widexl_widelg-800x445-1.jpg","type":"image\/jpeg"}],"author":"Reda\u00e7\u00e3o","twitter_card":"summary_large_image","twitter_misc":{"Escrito por":"Reda\u00e7\u00e3o","Tempo estimado de leitura":"4 minutos"},"schema":{"@context":"https:\/\/schema.org","@graph":[{"@type":"Article","@id":"https:\/\/brasilnoticias.org\/site\/delegado-e-tres-investigadores-sao-presos-pela-segunda-vez-na-bahia-entenda\/#article","isPartOf":{"@id":"https:\/\/brasilnoticias.org\/site\/delegado-e-tres-investigadores-sao-presos-pela-segunda-vez-na-bahia-entenda\/"},"author":{"name":"Reda\u00e7\u00e3o","@id":"https:\/\/brasilnoticias.org\/site\/#\/schema\/person\/a0e05b973ec4d15c658d51911e53507b"},"headline":"Delegado e tr\u00eas investigadores s\u00e3o presos pela segunda vez na Bahia; entenda","datePublished":"2022-04-13T18:37:10+00:00","dateModified":"2022-05-03T18:37:31+00:00","mainEntityOfPage":{"@id":"https:\/\/brasilnoticias.org\/site\/delegado-e-tres-investigadores-sao-presos-pela-segunda-vez-na-bahia-entenda\/"},"wordCount":736,"commentCount":0,"publisher":{"@id":"https:\/\/brasilnoticias.org\/site\/#organization"},"image":{"@id":"https:\/\/brasilnoticias.org\/site\/delegado-e-tres-investigadores-sao-presos-pela-segunda-vez-na-bahia-entenda\/#primaryimage"},"thumbnailUrl":"https:\/\/brasilnoticias.org\/site\/wp-content\/uploads\/2022\/05\/whatsapp-image-2020-07-06-at-11.07.00._widexl_widelg-800x445-1.jpg","articleSection":["Pol\u00edcia","\u00daltimas"],"inLanguage":"pt-PT","potentialAction":[{"@type":"CommentAction","name":"Comment","target":["https:\/\/brasilnoticias.org\/site\/delegado-e-tres-investigadores-sao-presos-pela-segunda-vez-na-bahia-entenda\/#respond"]}]},{"@type":"WebPage","@id":"https:\/\/brasilnoticias.org\/site\/delegado-e-tres-investigadores-sao-presos-pela-segunda-vez-na-bahia-entenda\/","url":"https:\/\/brasilnoticias.org\/site\/delegado-e-tres-investigadores-sao-presos-pela-segunda-vez-na-bahia-entenda\/","name":"Delegado e tr\u00eas investigadores s\u00e3o presos pela segunda vez na Bahia; entenda - Brasil not\u00edcias","isPartOf":{"@id":"https:\/\/brasilnoticias.org\/site\/#website"},"primaryImageOfPage":{"@id":"https:\/\/brasilnoticias.org\/site\/delegado-e-tres-investigadores-sao-presos-pela-segunda-vez-na-bahia-entenda\/#primaryimage"},"image":{"@id":"https:\/\/brasilnoticias.org\/site\/delegado-e-tres-investigadores-sao-presos-pela-segunda-vez-na-bahia-entenda\/#primaryimage"},"thumbnailUrl":"https:\/\/brasilnoticias.org\/site\/wp-content\/uploads\/2022\/05\/whatsapp-image-2020-07-06-at-11.07.00._widexl_widelg-800x445-1.jpg","datePublished":"2022-04-13T18:37:10+00:00","dateModified":"2022-05-03T18:37:31+00:00","breadcrumb":{"@id":"https:\/\/brasilnoticias.org\/site\/delegado-e-tres-investigadores-sao-presos-pela-segunda-vez-na-bahia-entenda\/#breadcrumb"},"inLanguage":"pt-PT","potentialAction":[{"@type":"ReadAction","target":["https:\/\/brasilnoticias.org\/site\/delegado-e-tres-investigadores-sao-presos-pela-segunda-vez-na-bahia-entenda\/"]}]},{"@type":"ImageObject","inLanguage":"pt-PT","@id":"https:\/\/brasilnoticias.org\/site\/delegado-e-tres-investigadores-sao-presos-pela-segunda-vez-na-bahia-entenda\/#primaryimage","url":"https:\/\/brasilnoticias.org\/site\/wp-content\/uploads\/2022\/05\/whatsapp-image-2020-07-06-at-11.07.00._widexl_widelg-800x445-1.jpg","contentUrl":"https:\/\/brasilnoticias.org\/site\/wp-content\/uploads\/2022\/05\/whatsapp-image-2020-07-06-at-11.07.00._widexl_widelg-800x445-1.jpg","width":800,"height":445},{"@type":"BreadcrumbList","@id":"https:\/\/brasilnoticias.org\/site\/delegado-e-tres-investigadores-sao-presos-pela-segunda-vez-na-bahia-entenda\/#breadcrumb","itemListElement":[{"@type":"ListItem","position":1,"name":"In\u00edcio","item":"https:\/\/brasilnoticias.org\/site\/"},{"@type":"ListItem","position":2,"name":"Delegado e tr\u00eas investigadores s\u00e3o presos pela segunda vez na Bahia; entenda"}]},{"@type":"WebSite","@id":"https:\/\/brasilnoticias.org\/site\/#website","url":"https:\/\/brasilnoticias.org\/site\/","name":"Brasil not\u00edcias","description":"Brasil not\u00edcias","publisher":{"@id":"https:\/\/brasilnoticias.org\/site\/#organization"},"potentialAction":[{"@type":"SearchAction","target":{"@type":"EntryPoint","urlTemplate":"https:\/\/brasilnoticias.org\/site\/?s={search_term_string}"},"query-input":{"@type":"PropertyValueSpecification","valueRequired":true,"valueName":"search_term_string"}}],"inLanguage":"pt-PT"},{"@type":"Organization","@id":"https:\/\/brasilnoticias.org\/site\/#organization","name":"Brasil not\u00edcias","url":"https:\/\/brasilnoticias.org\/site\/","logo":{"@type":"ImageObject","inLanguage":"pt-PT","@id":"https:\/\/brasilnoticias.org\/site\/#\/schema\/logo\/image\/","url":"https:\/\/brasilnoticias.org\/site\/wp-content\/uploads\/2022\/05\/cropped-brasilnoticias-mini.jpg","contentUrl":"https:\/\/brasilnoticias.org\/site\/wp-content\/uploads\/2022\/05\/cropped-brasilnoticias-mini.jpg","width":314,"height":86,"caption":"Brasil not\u00edcias"},"image":{"@id":"https:\/\/brasilnoticias.org\/site\/#\/schema\/logo\/image\/"}},{"@type":"Person","@id":"https:\/\/brasilnoticias.org\/site\/#\/schema\/person\/a0e05b973ec4d15c658d51911e53507b","name":"Reda\u00e7\u00e3o","image":{"@type":"ImageObject","inLanguage":"pt-PT","@id":"https:\/\/brasilnoticias.org\/site\/#\/schema\/person\/image\/","url":"https:\/\/secure.gravatar.com\/avatar\/75d8b050df2de108b08ae78dfb8e374892df24a383c67db9c46a9c604f6aee9c?s=96&d=mm&r=g","contentUrl":"https:\/\/secure.gravatar.com\/avatar\/75d8b050df2de108b08ae78dfb8e374892df24a383c67db9c46a9c604f6aee9c?s=96&d=mm&r=g","caption":"Reda\u00e7\u00e3o"},"sameAs":["https:\/\/brasilnoticias.org\/site"],"url":"https:\/\/brasilnoticias.org\/site\/author\/fernandozsngmail-com\/"}]}},"_links":{"self":[{"href":"https:\/\/brasilnoticias.org\/site\/wp-json\/wp\/v2\/posts\/76","targetHints":{"allow":["GET"]}}],"collection":[{"href":"https:\/\/brasilnoticias.org\/site\/wp-json\/wp\/v2\/posts"}],"about":[{"href":"https:\/\/brasilnoticias.org\/site\/wp-json\/wp\/v2\/types\/post"}],"author":[{"embeddable":true,"href":"https:\/\/brasilnoticias.org\/site\/wp-json\/wp\/v2\/users\/1"}],"replies":[{"embeddable":true,"href":"https:\/\/brasilnoticias.org\/site\/wp-json\/wp\/v2\/comments?post=76"}],"version-history":[{"count":1,"href":"https:\/\/brasilnoticias.org\/site\/wp-json\/wp\/v2\/posts\/76\/revisions"}],"predecessor-version":[{"id":78,"href":"https:\/\/brasilnoticias.org\/site\/wp-json\/wp\/v2\/posts\/76\/revisions\/78"}],"wp:featuredmedia":[{"embeddable":true,"href":"https:\/\/brasilnoticias.org\/site\/wp-json\/wp\/v2\/media\/77"}],"wp:attachment":[{"href":"https:\/\/brasilnoticias.org\/site\/wp-json\/wp\/v2\/media?parent=76"}],"wp:term":[{"taxonomy":"category","embeddable":true,"href":"https:\/\/brasilnoticias.org\/site\/wp-json\/wp\/v2\/categories?post=76"},{"taxonomy":"post_tag","embeddable":true,"href":"https:\/\/brasilnoticias.org\/site\/wp-json\/wp\/v2\/tags?post=76"}],"curies":[{"name":"wp","href":"https:\/\/api.w.org\/{rel}","templated":true}]}}