{"id":7617,"date":"2023-07-26T06:37:56","date_gmt":"2023-07-26T09:37:56","guid":{"rendered":"https:\/\/brasilnoticias.org\/site\/?p=7617"},"modified":"2023-07-26T06:37:56","modified_gmt":"2023-07-26T09:37:56","slug":"rodoviarios-da-regiao-metropolitana-anunciam-suspensao-da-greve","status":"publish","type":"post","link":"https:\/\/brasilnoticias.org\/site\/rodoviarios-da-regiao-metropolitana-anunciam-suspensao-da-greve\/","title":{"rendered":"Rodovi\u00e1rios da Regi\u00e3o Metropolitana anunciam suspens\u00e3o da greve"},"content":{"rendered":"<p>Ap\u00f3s reuni\u00f5es com os donos das empresas, os rodovi\u00e1rios da Regi\u00e3o Metropolitana de Salvador decidiram, na tarde desta ter\u00e7a-feira (25), suspender a greve decretada na \u00faltima segunda-feira (24). O servi\u00e7o ser\u00e1 totalmente retomado \u00e0s 4h desta quarta-feira (26).<\/p>\n<p>O Sindicato dos Trabalhadores de Transportes Rodovi\u00e1rios da Regi\u00e3o Metropolitana de Salvador (Sindmetro) anunciou a greve no in\u00edcio da semana, afetando mais de 250 mil pessoas. Nesta ter\u00e7a, ap\u00f3s determina\u00e7\u00e3o do Tribunal Regional do Trabalho (TRT-BA), o sindicato j\u00e1 tinha sido obrigado a colocar 50% da frota para rodar.<\/p>\n<p>Apesar da suspens\u00e3o da greve, dentro de 15 dias, o Sidmetro anunciou que deve ocorrer uma nova rodada de negocia\u00e7\u00e3o. As cidades que sofreram altera\u00e7\u00f5es no sistema de transporte com a paralisa\u00e7\u00e3o foram: Lauro de Freitas, Cama\u00e7ari, Sim\u00f5es Filho, Candeias, Madre de Deus, S\u00e3o Francisco do Conde, Santo Amaro, S\u00e3o Sebasti\u00e3o do Pass\u00e9, Dias D\u2019\u00c1vila, Mata de S\u00e3o Jo\u00e3o, Praia do Forte, Porto de Sau\u00edpe, Suba\u00fama, Conde, Imbassa\u00ed, Rio Real e Arembepe<\/p>\n<p>Foto: Divulga\u00e7\u00e3o\/Prefeitura de Lauro de Freitas<br \/>\nPor: Metro1<\/p>\n","protected":false},"excerpt":{"rendered":"<p>Ap\u00f3s reuni\u00f5es com os donos das empresas, os rodovi\u00e1rios da Regi\u00e3o Metropolitana de Salvador decidiram, na tarde desta ter\u00e7a-feira (25),<\/p>\n","protected":false},"author":1,"featured_media":7618,"comment_status":"open","ping_status":"open","sticky":false,"template":"","format":"standard","meta":{"colormag_page_container_layout":"default_layout","colormag_page_sidebar_layout":"default_layout","_FSMCFIC_featured_image_caption":"","_FSMCFIC_featured_image_nocaption":"","_FSMCFIC_featured_image_hide":"","footnotes":""},"categories":[2,1],"tags":[],"class_list":["post-7617","post","type-post","status-publish","format-standard","has-post-thumbnail","hentry","category-noticias","category-ultimas"],"yoast_head":"<!-- This site is optimized with the Yoast SEO plugin v27.1.1 - https:\/\/yoast.com\/product\/yoast-seo-wordpress\/ -->\n<title>Rodovi\u00e1rios da Regi\u00e3o Metropolitana anunciam suspens\u00e3o da greve - Brasil not\u00edcias<\/title>\n<meta name=\"robots\" content=\"index, follow, max-snippet:-1, max-image-preview:large, max-video-preview:-1\" \/>\n<link rel=\"canonical\" href=\"https:\/\/brasilnoticias.org\/site\/rodoviarios-da-regiao-metropolitana-anunciam-suspensao-da-greve\/\" \/>\n<meta property=\"og:locale\" content=\"pt_PT\" \/>\n<meta property=\"og:type\" content=\"article\" \/>\n<meta property=\"og:title\" content=\"Rodovi\u00e1rios da Regi\u00e3o Metropolitana anunciam suspens\u00e3o da greve - Brasil not\u00edcias\" \/>\n<meta property=\"og:description\" content=\"Ap\u00f3s reuni\u00f5es com os donos das empresas, os rodovi\u00e1rios da Regi\u00e3o Metropolitana de Salvador decidiram, na tarde desta ter\u00e7a-feira (25),\" \/>\n<meta property=\"og:url\" content=\"https:\/\/brasilnoticias.org\/site\/rodoviarios-da-regiao-metropolitana-anunciam-suspensao-da-greve\/\" \/>\n<meta property=\"og:site_name\" content=\"Brasil not\u00edcias\" \/>\n<meta property=\"article:published_time\" content=\"2023-07-26T09:37:56+00:00\" \/>\n<meta property=\"og:image\" content=\"https:\/\/brasilnoticias.org\/site\/wp-content\/uploads\/2023\/07\/139109rodoviarios-da-regiao-metropolitana-anunciam-suspensao-da-greve-3.jpg\" \/>\n\t<meta property=\"og:image:width\" content=\"1600\" \/>\n\t<meta property=\"og:image:height\" content=\"752\" \/>\n\t<meta property=\"og:image:type\" content=\"image\/jpeg\" \/>\n<meta name=\"author\" content=\"Reda\u00e7\u00e3o\" \/>\n<meta name=\"twitter:card\" content=\"summary_large_image\" \/>\n<meta name=\"twitter:label1\" content=\"Escrito por\" \/>\n\t<meta name=\"twitter:data1\" content=\"Reda\u00e7\u00e3o\" \/>\n<script type=\"application\/ld+json\" class=\"yoast-schema-graph\">{\"@context\":\"https:\/\/schema.org\",\"@graph\":[{\"@type\":\"Article\",\"@id\":\"https:\/\/brasilnoticias.org\/site\/rodoviarios-da-regiao-metropolitana-anunciam-suspensao-da-greve\/#article\",\"isPartOf\":{\"@id\":\"https:\/\/brasilnoticias.org\/site\/rodoviarios-da-regiao-metropolitana-anunciam-suspensao-da-greve\/\"},\"author\":{\"name\":\"Reda\u00e7\u00e3o\",\"@id\":\"https:\/\/brasilnoticias.org\/site\/#\/schema\/person\/a0e05b973ec4d15c658d51911e53507b\"},\"headline\":\"Rodovi\u00e1rios da Regi\u00e3o Metropolitana anunciam suspens\u00e3o da greve\",\"datePublished\":\"2023-07-26T09:37:56+00:00\",\"mainEntityOfPage\":{\"@id\":\"https:\/\/brasilnoticias.org\/site\/rodoviarios-da-regiao-metropolitana-anunciam-suspensao-da-greve\/\"},\"wordCount\":200,\"commentCount\":0,\"publisher\":{\"@id\":\"https:\/\/brasilnoticias.org\/site\/#organization\"},\"image\":{\"@id\":\"https:\/\/brasilnoticias.org\/site\/rodoviarios-da-regiao-metropolitana-anunciam-suspensao-da-greve\/#primaryimage\"},\"thumbnailUrl\":\"https:\/\/brasilnoticias.org\/site\/wp-content\/uploads\/2023\/07\/139109rodoviarios-da-regiao-metropolitana-anunciam-suspensao-da-greve-3.jpg\",\"articleSection\":[\"Not\u00edcias\",\"\u00daltimas\"],\"inLanguage\":\"pt-PT\",\"potentialAction\":[{\"@type\":\"CommentAction\",\"name\":\"Comment\",\"target\":[\"https:\/\/brasilnoticias.org\/site\/rodoviarios-da-regiao-metropolitana-anunciam-suspensao-da-greve\/#respond\"]}]},{\"@type\":\"WebPage\",\"@id\":\"https:\/\/brasilnoticias.org\/site\/rodoviarios-da-regiao-metropolitana-anunciam-suspensao-da-greve\/\",\"url\":\"https:\/\/brasilnoticias.org\/site\/rodoviarios-da-regiao-metropolitana-anunciam-suspensao-da-greve\/\",\"name\":\"Rodovi\u00e1rios da Regi\u00e3o Metropolitana anunciam suspens\u00e3o da greve - Brasil not\u00edcias\",\"isPartOf\":{\"@id\":\"https:\/\/brasilnoticias.org\/site\/#website\"},\"primaryImageOfPage\":{\"@id\":\"https:\/\/brasilnoticias.org\/site\/rodoviarios-da-regiao-metropolitana-anunciam-suspensao-da-greve\/#primaryimage\"},\"image\":{\"@id\":\"https:\/\/brasilnoticias.org\/site\/rodoviarios-da-regiao-metropolitana-anunciam-suspensao-da-greve\/#primaryimage\"},\"thumbnailUrl\":\"https:\/\/brasilnoticias.org\/site\/wp-content\/uploads\/2023\/07\/139109rodoviarios-da-regiao-metropolitana-anunciam-suspensao-da-greve-3.jpg\",\"datePublished\":\"2023-07-26T09:37:56+00:00\",\"breadcrumb\":{\"@id\":\"https:\/\/brasilnoticias.org\/site\/rodoviarios-da-regiao-metropolitana-anunciam-suspensao-da-greve\/#breadcrumb\"},\"inLanguage\":\"pt-PT\",\"potentialAction\":[{\"@type\":\"ReadAction\",\"target\":[\"https:\/\/brasilnoticias.org\/site\/rodoviarios-da-regiao-metropolitana-anunciam-suspensao-da-greve\/\"]}]},{\"@type\":\"ImageObject\",\"inLanguage\":\"pt-PT\",\"@id\":\"https:\/\/brasilnoticias.org\/site\/rodoviarios-da-regiao-metropolitana-anunciam-suspensao-da-greve\/#primaryimage\",\"url\":\"https:\/\/brasilnoticias.org\/site\/wp-content\/uploads\/2023\/07\/139109rodoviarios-da-regiao-metropolitana-anunciam-suspensao-da-greve-3.jpg\",\"contentUrl\":\"https:\/\/brasilnoticias.org\/site\/wp-content\/uploads\/2023\/07\/139109rodoviarios-da-regiao-metropolitana-anunciam-suspensao-da-greve-3.jpg\",\"width\":1600,\"height\":752},{\"@type\":\"BreadcrumbList\",\"@id\":\"https:\/\/brasilnoticias.org\/site\/rodoviarios-da-regiao-metropolitana-anunciam-suspensao-da-greve\/#breadcrumb\",\"itemListElement\":[{\"@type\":\"ListItem\",\"position\":1,\"name\":\"In\u00edcio\",\"item\":\"https:\/\/brasilnoticias.org\/site\/\"},{\"@type\":\"ListItem\",\"position\":2,\"name\":\"Rodovi\u00e1rios da Regi\u00e3o Metropolitana anunciam suspens\u00e3o da greve\"}]},{\"@type\":\"WebSite\",\"@id\":\"https:\/\/brasilnoticias.org\/site\/#website\",\"url\":\"https:\/\/brasilnoticias.org\/site\/\",\"name\":\"Brasil not\u00edcias\",\"description\":\"Brasil not\u00edcias\",\"publisher\":{\"@id\":\"https:\/\/brasilnoticias.org\/site\/#organization\"},\"potentialAction\":[{\"@type\":\"SearchAction\",\"target\":{\"@type\":\"EntryPoint\",\"urlTemplate\":\"https:\/\/brasilnoticias.org\/site\/?s={search_term_string}\"},\"query-input\":{\"@type\":\"PropertyValueSpecification\",\"valueRequired\":true,\"valueName\":\"search_term_string\"}}],\"inLanguage\":\"pt-PT\"},{\"@type\":\"Organization\",\"@id\":\"https:\/\/brasilnoticias.org\/site\/#organization\",\"name\":\"Brasil not\u00edcias\",\"url\":\"https:\/\/brasilnoticias.org\/site\/\",\"logo\":{\"@type\":\"ImageObject\",\"inLanguage\":\"pt-PT\",\"@id\":\"https:\/\/brasilnoticias.org\/site\/#\/schema\/logo\/image\/\",\"url\":\"https:\/\/brasilnoticias.org\/site\/wp-content\/uploads\/2022\/05\/cropped-brasilnoticias-mini.jpg\",\"contentUrl\":\"https:\/\/brasilnoticias.org\/site\/wp-content\/uploads\/2022\/05\/cropped-brasilnoticias-mini.jpg\",\"width\":314,\"height\":86,\"caption\":\"Brasil not\u00edcias\"},\"image\":{\"@id\":\"https:\/\/brasilnoticias.org\/site\/#\/schema\/logo\/image\/\"}},{\"@type\":\"Person\",\"@id\":\"https:\/\/brasilnoticias.org\/site\/#\/schema\/person\/a0e05b973ec4d15c658d51911e53507b\",\"name\":\"Reda\u00e7\u00e3o\",\"image\":{\"@type\":\"ImageObject\",\"inLanguage\":\"pt-PT\",\"@id\":\"https:\/\/brasilnoticias.org\/site\/#\/schema\/person\/image\/\",\"url\":\"https:\/\/secure.gravatar.com\/avatar\/75d8b050df2de108b08ae78dfb8e374892df24a383c67db9c46a9c604f6aee9c?s=96&d=mm&r=g\",\"contentUrl\":\"https:\/\/secure.gravatar.com\/avatar\/75d8b050df2de108b08ae78dfb8e374892df24a383c67db9c46a9c604f6aee9c?s=96&d=mm&r=g\",\"caption\":\"Reda\u00e7\u00e3o\"},\"sameAs\":[\"https:\/\/brasilnoticias.org\/site\"],\"url\":\"https:\/\/brasilnoticias.org\/site\/author\/fernandozsngmail-com\/\"}]}<\/script>\n<!-- \/ Yoast SEO plugin. -->","yoast_head_json":{"title":"Rodovi\u00e1rios da Regi\u00e3o Metropolitana anunciam suspens\u00e3o da greve - Brasil not\u00edcias","robots":{"index":"index","follow":"follow","max-snippet":"max-snippet:-1","max-image-preview":"max-image-preview:large","max-video-preview":"max-video-preview:-1"},"canonical":"https:\/\/brasilnoticias.org\/site\/rodoviarios-da-regiao-metropolitana-anunciam-suspensao-da-greve\/","og_locale":"pt_PT","og_type":"article","og_title":"Rodovi\u00e1rios da Regi\u00e3o Metropolitana anunciam suspens\u00e3o da greve - Brasil not\u00edcias","og_description":"Ap\u00f3s reuni\u00f5es com os donos das empresas, os rodovi\u00e1rios da Regi\u00e3o Metropolitana de Salvador decidiram, na tarde desta ter\u00e7a-feira (25),","og_url":"https:\/\/brasilnoticias.org\/site\/rodoviarios-da-regiao-metropolitana-anunciam-suspensao-da-greve\/","og_site_name":"Brasil not\u00edcias","article_published_time":"2023-07-26T09:37:56+00:00","og_image":[{"width":1600,"height":752,"url":"https:\/\/brasilnoticias.org\/site\/wp-content\/uploads\/2023\/07\/139109rodoviarios-da-regiao-metropolitana-anunciam-suspensao-da-greve-3.jpg","type":"image\/jpeg"}],"author":"Reda\u00e7\u00e3o","twitter_card":"summary_large_image","twitter_misc":{"Escrito por":"Reda\u00e7\u00e3o"},"schema":{"@context":"https:\/\/schema.org","@graph":[{"@type":"Article","@id":"https:\/\/brasilnoticias.org\/site\/rodoviarios-da-regiao-metropolitana-anunciam-suspensao-da-greve\/#article","isPartOf":{"@id":"https:\/\/brasilnoticias.org\/site\/rodoviarios-da-regiao-metropolitana-anunciam-suspensao-da-greve\/"},"author":{"name":"Reda\u00e7\u00e3o","@id":"https:\/\/brasilnoticias.org\/site\/#\/schema\/person\/a0e05b973ec4d15c658d51911e53507b"},"headline":"Rodovi\u00e1rios da Regi\u00e3o Metropolitana anunciam suspens\u00e3o da greve","datePublished":"2023-07-26T09:37:56+00:00","mainEntityOfPage":{"@id":"https:\/\/brasilnoticias.org\/site\/rodoviarios-da-regiao-metropolitana-anunciam-suspensao-da-greve\/"},"wordCount":200,"commentCount":0,"publisher":{"@id":"https:\/\/brasilnoticias.org\/site\/#organization"},"image":{"@id":"https:\/\/brasilnoticias.org\/site\/rodoviarios-da-regiao-metropolitana-anunciam-suspensao-da-greve\/#primaryimage"},"thumbnailUrl":"https:\/\/brasilnoticias.org\/site\/wp-content\/uploads\/2023\/07\/139109rodoviarios-da-regiao-metropolitana-anunciam-suspensao-da-greve-3.jpg","articleSection":["Not\u00edcias","\u00daltimas"],"inLanguage":"pt-PT","potentialAction":[{"@type":"CommentAction","name":"Comment","target":["https:\/\/brasilnoticias.org\/site\/rodoviarios-da-regiao-metropolitana-anunciam-suspensao-da-greve\/#respond"]}]},{"@type":"WebPage","@id":"https:\/\/brasilnoticias.org\/site\/rodoviarios-da-regiao-metropolitana-anunciam-suspensao-da-greve\/","url":"https:\/\/brasilnoticias.org\/site\/rodoviarios-da-regiao-metropolitana-anunciam-suspensao-da-greve\/","name":"Rodovi\u00e1rios da Regi\u00e3o Metropolitana anunciam suspens\u00e3o da greve - Brasil not\u00edcias","isPartOf":{"@id":"https:\/\/brasilnoticias.org\/site\/#website"},"primaryImageOfPage":{"@id":"https:\/\/brasilnoticias.org\/site\/rodoviarios-da-regiao-metropolitana-anunciam-suspensao-da-greve\/#primaryimage"},"image":{"@id":"https:\/\/brasilnoticias.org\/site\/rodoviarios-da-regiao-metropolitana-anunciam-suspensao-da-greve\/#primaryimage"},"thumbnailUrl":"https:\/\/brasilnoticias.org\/site\/wp-content\/uploads\/2023\/07\/139109rodoviarios-da-regiao-metropolitana-anunciam-suspensao-da-greve-3.jpg","datePublished":"2023-07-26T09:37:56+00:00","breadcrumb":{"@id":"https:\/\/brasilnoticias.org\/site\/rodoviarios-da-regiao-metropolitana-anunciam-suspensao-da-greve\/#breadcrumb"},"inLanguage":"pt-PT","potentialAction":[{"@type":"ReadAction","target":["https:\/\/brasilnoticias.org\/site\/rodoviarios-da-regiao-metropolitana-anunciam-suspensao-da-greve\/"]}]},{"@type":"ImageObject","inLanguage":"pt-PT","@id":"https:\/\/brasilnoticias.org\/site\/rodoviarios-da-regiao-metropolitana-anunciam-suspensao-da-greve\/#primaryimage","url":"https:\/\/brasilnoticias.org\/site\/wp-content\/uploads\/2023\/07\/139109rodoviarios-da-regiao-metropolitana-anunciam-suspensao-da-greve-3.jpg","contentUrl":"https:\/\/brasilnoticias.org\/site\/wp-content\/uploads\/2023\/07\/139109rodoviarios-da-regiao-metropolitana-anunciam-suspensao-da-greve-3.jpg","width":1600,"height":752},{"@type":"BreadcrumbList","@id":"https:\/\/brasilnoticias.org\/site\/rodoviarios-da-regiao-metropolitana-anunciam-suspensao-da-greve\/#breadcrumb","itemListElement":[{"@type":"ListItem","position":1,"name":"In\u00edcio","item":"https:\/\/brasilnoticias.org\/site\/"},{"@type":"ListItem","position":2,"name":"Rodovi\u00e1rios da Regi\u00e3o Metropolitana anunciam suspens\u00e3o da greve"}]},{"@type":"WebSite","@id":"https:\/\/brasilnoticias.org\/site\/#website","url":"https:\/\/brasilnoticias.org\/site\/","name":"Brasil not\u00edcias","description":"Brasil not\u00edcias","publisher":{"@id":"https:\/\/brasilnoticias.org\/site\/#organization"},"potentialAction":[{"@type":"SearchAction","target":{"@type":"EntryPoint","urlTemplate":"https:\/\/brasilnoticias.org\/site\/?s={search_term_string}"},"query-input":{"@type":"PropertyValueSpecification","valueRequired":true,"valueName":"search_term_string"}}],"inLanguage":"pt-PT"},{"@type":"Organization","@id":"https:\/\/brasilnoticias.org\/site\/#organization","name":"Brasil not\u00edcias","url":"https:\/\/brasilnoticias.org\/site\/","logo":{"@type":"ImageObject","inLanguage":"pt-PT","@id":"https:\/\/brasilnoticias.org\/site\/#\/schema\/logo\/image\/","url":"https:\/\/brasilnoticias.org\/site\/wp-content\/uploads\/2022\/05\/cropped-brasilnoticias-mini.jpg","contentUrl":"https:\/\/brasilnoticias.org\/site\/wp-content\/uploads\/2022\/05\/cropped-brasilnoticias-mini.jpg","width":314,"height":86,"caption":"Brasil not\u00edcias"},"image":{"@id":"https:\/\/brasilnoticias.org\/site\/#\/schema\/logo\/image\/"}},{"@type":"Person","@id":"https:\/\/brasilnoticias.org\/site\/#\/schema\/person\/a0e05b973ec4d15c658d51911e53507b","name":"Reda\u00e7\u00e3o","image":{"@type":"ImageObject","inLanguage":"pt-PT","@id":"https:\/\/brasilnoticias.org\/site\/#\/schema\/person\/image\/","url":"https:\/\/secure.gravatar.com\/avatar\/75d8b050df2de108b08ae78dfb8e374892df24a383c67db9c46a9c604f6aee9c?s=96&d=mm&r=g","contentUrl":"https:\/\/secure.gravatar.com\/avatar\/75d8b050df2de108b08ae78dfb8e374892df24a383c67db9c46a9c604f6aee9c?s=96&d=mm&r=g","caption":"Reda\u00e7\u00e3o"},"sameAs":["https:\/\/brasilnoticias.org\/site"],"url":"https:\/\/brasilnoticias.org\/site\/author\/fernandozsngmail-com\/"}]}},"_links":{"self":[{"href":"https:\/\/brasilnoticias.org\/site\/wp-json\/wp\/v2\/posts\/7617","targetHints":{"allow":["GET"]}}],"collection":[{"href":"https:\/\/brasilnoticias.org\/site\/wp-json\/wp\/v2\/posts"}],"about":[{"href":"https:\/\/brasilnoticias.org\/site\/wp-json\/wp\/v2\/types\/post"}],"author":[{"embeddable":true,"href":"https:\/\/brasilnoticias.org\/site\/wp-json\/wp\/v2\/users\/1"}],"replies":[{"embeddable":true,"href":"https:\/\/brasilnoticias.org\/site\/wp-json\/wp\/v2\/comments?post=7617"}],"version-history":[{"count":1,"href":"https:\/\/brasilnoticias.org\/site\/wp-json\/wp\/v2\/posts\/7617\/revisions"}],"predecessor-version":[{"id":7619,"href":"https:\/\/brasilnoticias.org\/site\/wp-json\/wp\/v2\/posts\/7617\/revisions\/7619"}],"wp:featuredmedia":[{"embeddable":true,"href":"https:\/\/brasilnoticias.org\/site\/wp-json\/wp\/v2\/media\/7618"}],"wp:attachment":[{"href":"https:\/\/brasilnoticias.org\/site\/wp-json\/wp\/v2\/media?parent=7617"}],"wp:term":[{"taxonomy":"category","embeddable":true,"href":"https:\/\/brasilnoticias.org\/site\/wp-json\/wp\/v2\/categories?post=7617"},{"taxonomy":"post_tag","embeddable":true,"href":"https:\/\/brasilnoticias.org\/site\/wp-json\/wp\/v2\/tags?post=7617"}],"curies":[{"name":"wp","href":"https:\/\/api.w.org\/{rel}","templated":true}]}}