{"id":7629,"date":"2023-07-26T18:00:11","date_gmt":"2023-07-26T21:00:11","guid":{"rendered":"https:\/\/brasilnoticias.org\/site\/?p=7629"},"modified":"2023-07-26T15:42:37","modified_gmt":"2023-07-26T18:42:37","slug":"governo-se-pronuncia-sobre-possivel-privatizacao-da-planserv","status":"publish","type":"post","link":"https:\/\/brasilnoticias.org\/site\/governo-se-pronuncia-sobre-possivel-privatizacao-da-planserv\/","title":{"rendered":"Governo se pronuncia sobre poss\u00edvel privatiza\u00e7\u00e3o da Planserv"},"content":{"rendered":"<p>O governo da Bahia emitiu um comunicado em que afirma que a Assist\u00eancia \u00e0 Sa\u00fade dos Servidores P\u00fablicos do Estado da Bahia (Planserv) n\u00e3o ser\u00e1 privatizada. <\/p>\n<p>Segundo a coordenadora geral do Planserv, Socorro Brito, foi contratada uma empresa atrav\u00e9s de licita\u00e7\u00e3o para executar apenas os sistemas tecnol\u00f3gicos da Assist\u00eancia, mas que a gest\u00e3o \u00e9 feita pelo Governo do Estado.<\/p>\n<p>\u201cO governo do estado reafirma, inclusive o governador Jer\u00f4nimo aumentou agora na condi\u00e7\u00e3o de ato do reajuste, o percentual sobre a participa\u00e7\u00e3o do governo. O governo do estado mant\u00e9m a estrutura toda do Planserv, de servidores, de sede\u201d, disse. <\/p>\n<p>\u201cSe n\u00e3o fosse isso n\u00f3s n\u00e3o t\u00ednhamos condi\u00e7\u00e3o de funcionar, porque o governo do estado mant\u00e9m a estrutura toda de funcionamento do Planserv e ainda as instala\u00e7\u00f5es de saque, todas as estruturas do estado est\u00e3o \u00e0 disposi\u00e7\u00e3o do Planserv. Ent\u00e3o n\u00e3o tem como voc\u00ea desarmar, desfazer um plano desse porque \u00e9 um plano sabe de quem? Da Bahia\u201d, acrescentou.<\/p>\n<p>Ainda de acordo com a coordenadora Socorro, o governo do estado implantou sistemas de mercado dentro Planserv e, por isso, foi feita a contrata\u00e7\u00e3o por licita\u00e7\u00e3o da empresa para fazer a opera\u00e7\u00e3o do plano.<\/p>\n<p>\u201cEm 2018 foi feita uma licita\u00e7\u00e3o pra fazer todo esse sistema operacional do Planserv: de regula\u00e7\u00e3o; de auditoria; de call center 24 horas, foi terceirizado, foi contratado. Esse contrato de cinco em cinco anos, ele deve ser refeito e feito uma licita\u00e7\u00e3o. Ent\u00e3o, a nova licita\u00e7\u00e3o a gente tem uma nova empresa, \u00e9 a Meida, uma empresa aut\u00f4noma, autossuficiente, com capacidade de agir, \u00e9 tanto que pegou do zero os nossos sistemas e est\u00e1 desenvolvendo conosco. Ent\u00e3o, \u00e9 isso que n\u00f3s estamos fazendo. A Media que \u00e9 a empresa que est\u00e1 fazendo a opera\u00e7\u00e3o, ela n\u00e3o gere o Planserv, quem gere \u00e9 o governo do estado\u201d, explica Brito.<\/p>\n<p>Foto Reprodu\u00e7\u00e3o\/Planserv<br \/>\nBnews<\/p>\n","protected":false},"excerpt":{"rendered":"<p>O governo da Bahia emitiu um comunicado em que afirma que a Assist\u00eancia \u00e0 Sa\u00fade dos Servidores P\u00fablicos do Estado<\/p>\n","protected":false},"author":1,"featured_media":7630,"comment_status":"open","ping_status":"open","sticky":false,"template":"","format":"standard","meta":{"colormag_page_container_layout":"default_layout","colormag_page_sidebar_layout":"default_layout","_FSMCFIC_featured_image_caption":"","_FSMCFIC_featured_image_nocaption":"","_FSMCFIC_featured_image_hide":"","footnotes":""},"categories":[2,1],"tags":[],"class_list":["post-7629","post","type-post","status-publish","format-standard","has-post-thumbnail","hentry","category-noticias","category-ultimas"],"yoast_head":"<!-- This site is optimized with the Yoast SEO plugin v27.1.1 - https:\/\/yoast.com\/product\/yoast-seo-wordpress\/ -->\n<title>Governo se pronuncia sobre poss\u00edvel privatiza\u00e7\u00e3o da Planserv - Brasil not\u00edcias<\/title>\n<meta name=\"robots\" content=\"index, follow, max-snippet:-1, max-image-preview:large, max-video-preview:-1\" \/>\n<link rel=\"canonical\" href=\"https:\/\/brasilnoticias.org\/site\/governo-se-pronuncia-sobre-possivel-privatizacao-da-planserv\/\" \/>\n<meta property=\"og:locale\" content=\"pt_PT\" \/>\n<meta property=\"og:type\" content=\"article\" \/>\n<meta property=\"og:title\" content=\"Governo se pronuncia sobre poss\u00edvel privatiza\u00e7\u00e3o da Planserv - Brasil not\u00edcias\" \/>\n<meta property=\"og:description\" content=\"O governo da Bahia emitiu um comunicado em que afirma que a Assist\u00eancia \u00e0 Sa\u00fade dos Servidores P\u00fablicos do Estado\" \/>\n<meta property=\"og:url\" content=\"https:\/\/brasilnoticias.org\/site\/governo-se-pronuncia-sobre-possivel-privatizacao-da-planserv\/\" \/>\n<meta property=\"og:site_name\" content=\"Brasil not\u00edcias\" \/>\n<meta property=\"article:published_time\" content=\"2023-07-26T21:00:11+00:00\" \/>\n<meta property=\"og:image\" content=\"https:\/\/brasilnoticias.org\/site\/wp-content\/uploads\/2023\/07\/planserv-contrata-empresa-para-apoio-em-processo-de-modernizacao-da-sua-gestao_widelg_widelg.jpg\" \/>\n\t<meta property=\"og:image:width\" content=\"800\" \/>\n\t<meta property=\"og:image:height\" content=\"450\" \/>\n\t<meta property=\"og:image:type\" content=\"image\/jpeg\" \/>\n<meta name=\"author\" content=\"Reda\u00e7\u00e3o\" \/>\n<meta name=\"twitter:card\" content=\"summary_large_image\" \/>\n<meta name=\"twitter:label1\" content=\"Escrito por\" \/>\n\t<meta name=\"twitter:data1\" content=\"Reda\u00e7\u00e3o\" \/>\n<script type=\"application\/ld+json\" class=\"yoast-schema-graph\">{\"@context\":\"https:\/\/schema.org\",\"@graph\":[{\"@type\":\"Article\",\"@id\":\"https:\/\/brasilnoticias.org\/site\/governo-se-pronuncia-sobre-possivel-privatizacao-da-planserv\/#article\",\"isPartOf\":{\"@id\":\"https:\/\/brasilnoticias.org\/site\/governo-se-pronuncia-sobre-possivel-privatizacao-da-planserv\/\"},\"author\":{\"name\":\"Reda\u00e7\u00e3o\",\"@id\":\"https:\/\/brasilnoticias.org\/site\/#\/schema\/person\/a0e05b973ec4d15c658d51911e53507b\"},\"headline\":\"Governo se pronuncia sobre poss\u00edvel privatiza\u00e7\u00e3o da Planserv\",\"datePublished\":\"2023-07-26T21:00:11+00:00\",\"mainEntityOfPage\":{\"@id\":\"https:\/\/brasilnoticias.org\/site\/governo-se-pronuncia-sobre-possivel-privatizacao-da-planserv\/\"},\"wordCount\":340,\"commentCount\":0,\"publisher\":{\"@id\":\"https:\/\/brasilnoticias.org\/site\/#organization\"},\"image\":{\"@id\":\"https:\/\/brasilnoticias.org\/site\/governo-se-pronuncia-sobre-possivel-privatizacao-da-planserv\/#primaryimage\"},\"thumbnailUrl\":\"https:\/\/brasilnoticias.org\/site\/wp-content\/uploads\/2023\/07\/planserv-contrata-empresa-para-apoio-em-processo-de-modernizacao-da-sua-gestao_widelg_widelg.jpg\",\"articleSection\":[\"Not\u00edcias\",\"\u00daltimas\"],\"inLanguage\":\"pt-PT\",\"potentialAction\":[{\"@type\":\"CommentAction\",\"name\":\"Comment\",\"target\":[\"https:\/\/brasilnoticias.org\/site\/governo-se-pronuncia-sobre-possivel-privatizacao-da-planserv\/#respond\"]}]},{\"@type\":\"WebPage\",\"@id\":\"https:\/\/brasilnoticias.org\/site\/governo-se-pronuncia-sobre-possivel-privatizacao-da-planserv\/\",\"url\":\"https:\/\/brasilnoticias.org\/site\/governo-se-pronuncia-sobre-possivel-privatizacao-da-planserv\/\",\"name\":\"Governo se pronuncia sobre poss\u00edvel privatiza\u00e7\u00e3o da Planserv - Brasil not\u00edcias\",\"isPartOf\":{\"@id\":\"https:\/\/brasilnoticias.org\/site\/#website\"},\"primaryImageOfPage\":{\"@id\":\"https:\/\/brasilnoticias.org\/site\/governo-se-pronuncia-sobre-possivel-privatizacao-da-planserv\/#primaryimage\"},\"image\":{\"@id\":\"https:\/\/brasilnoticias.org\/site\/governo-se-pronuncia-sobre-possivel-privatizacao-da-planserv\/#primaryimage\"},\"thumbnailUrl\":\"https:\/\/brasilnoticias.org\/site\/wp-content\/uploads\/2023\/07\/planserv-contrata-empresa-para-apoio-em-processo-de-modernizacao-da-sua-gestao_widelg_widelg.jpg\",\"datePublished\":\"2023-07-26T21:00:11+00:00\",\"breadcrumb\":{\"@id\":\"https:\/\/brasilnoticias.org\/site\/governo-se-pronuncia-sobre-possivel-privatizacao-da-planserv\/#breadcrumb\"},\"inLanguage\":\"pt-PT\",\"potentialAction\":[{\"@type\":\"ReadAction\",\"target\":[\"https:\/\/brasilnoticias.org\/site\/governo-se-pronuncia-sobre-possivel-privatizacao-da-planserv\/\"]}]},{\"@type\":\"ImageObject\",\"inLanguage\":\"pt-PT\",\"@id\":\"https:\/\/brasilnoticias.org\/site\/governo-se-pronuncia-sobre-possivel-privatizacao-da-planserv\/#primaryimage\",\"url\":\"https:\/\/brasilnoticias.org\/site\/wp-content\/uploads\/2023\/07\/planserv-contrata-empresa-para-apoio-em-processo-de-modernizacao-da-sua-gestao_widelg_widelg.jpg\",\"contentUrl\":\"https:\/\/brasilnoticias.org\/site\/wp-content\/uploads\/2023\/07\/planserv-contrata-empresa-para-apoio-em-processo-de-modernizacao-da-sua-gestao_widelg_widelg.jpg\",\"width\":800,\"height\":450},{\"@type\":\"BreadcrumbList\",\"@id\":\"https:\/\/brasilnoticias.org\/site\/governo-se-pronuncia-sobre-possivel-privatizacao-da-planserv\/#breadcrumb\",\"itemListElement\":[{\"@type\":\"ListItem\",\"position\":1,\"name\":\"In\u00edcio\",\"item\":\"https:\/\/brasilnoticias.org\/site\/\"},{\"@type\":\"ListItem\",\"position\":2,\"name\":\"Governo se pronuncia sobre poss\u00edvel privatiza\u00e7\u00e3o da Planserv\"}]},{\"@type\":\"WebSite\",\"@id\":\"https:\/\/brasilnoticias.org\/site\/#website\",\"url\":\"https:\/\/brasilnoticias.org\/site\/\",\"name\":\"Brasil not\u00edcias\",\"description\":\"Brasil not\u00edcias\",\"publisher\":{\"@id\":\"https:\/\/brasilnoticias.org\/site\/#organization\"},\"potentialAction\":[{\"@type\":\"SearchAction\",\"target\":{\"@type\":\"EntryPoint\",\"urlTemplate\":\"https:\/\/brasilnoticias.org\/site\/?s={search_term_string}\"},\"query-input\":{\"@type\":\"PropertyValueSpecification\",\"valueRequired\":true,\"valueName\":\"search_term_string\"}}],\"inLanguage\":\"pt-PT\"},{\"@type\":\"Organization\",\"@id\":\"https:\/\/brasilnoticias.org\/site\/#organization\",\"name\":\"Brasil not\u00edcias\",\"url\":\"https:\/\/brasilnoticias.org\/site\/\",\"logo\":{\"@type\":\"ImageObject\",\"inLanguage\":\"pt-PT\",\"@id\":\"https:\/\/brasilnoticias.org\/site\/#\/schema\/logo\/image\/\",\"url\":\"https:\/\/brasilnoticias.org\/site\/wp-content\/uploads\/2022\/05\/cropped-brasilnoticias-mini.jpg\",\"contentUrl\":\"https:\/\/brasilnoticias.org\/site\/wp-content\/uploads\/2022\/05\/cropped-brasilnoticias-mini.jpg\",\"width\":314,\"height\":86,\"caption\":\"Brasil not\u00edcias\"},\"image\":{\"@id\":\"https:\/\/brasilnoticias.org\/site\/#\/schema\/logo\/image\/\"}},{\"@type\":\"Person\",\"@id\":\"https:\/\/brasilnoticias.org\/site\/#\/schema\/person\/a0e05b973ec4d15c658d51911e53507b\",\"name\":\"Reda\u00e7\u00e3o\",\"image\":{\"@type\":\"ImageObject\",\"inLanguage\":\"pt-PT\",\"@id\":\"https:\/\/brasilnoticias.org\/site\/#\/schema\/person\/image\/\",\"url\":\"https:\/\/secure.gravatar.com\/avatar\/75d8b050df2de108b08ae78dfb8e374892df24a383c67db9c46a9c604f6aee9c?s=96&d=mm&r=g\",\"contentUrl\":\"https:\/\/secure.gravatar.com\/avatar\/75d8b050df2de108b08ae78dfb8e374892df24a383c67db9c46a9c604f6aee9c?s=96&d=mm&r=g\",\"caption\":\"Reda\u00e7\u00e3o\"},\"sameAs\":[\"https:\/\/brasilnoticias.org\/site\"],\"url\":\"https:\/\/brasilnoticias.org\/site\/author\/fernandozsngmail-com\/\"}]}<\/script>\n<!-- \/ Yoast SEO plugin. -->","yoast_head_json":{"title":"Governo se pronuncia sobre poss\u00edvel privatiza\u00e7\u00e3o da Planserv - Brasil not\u00edcias","robots":{"index":"index","follow":"follow","max-snippet":"max-snippet:-1","max-image-preview":"max-image-preview:large","max-video-preview":"max-video-preview:-1"},"canonical":"https:\/\/brasilnoticias.org\/site\/governo-se-pronuncia-sobre-possivel-privatizacao-da-planserv\/","og_locale":"pt_PT","og_type":"article","og_title":"Governo se pronuncia sobre poss\u00edvel privatiza\u00e7\u00e3o da Planserv - Brasil not\u00edcias","og_description":"O governo da Bahia emitiu um comunicado em que afirma que a Assist\u00eancia \u00e0 Sa\u00fade dos Servidores P\u00fablicos do Estado","og_url":"https:\/\/brasilnoticias.org\/site\/governo-se-pronuncia-sobre-possivel-privatizacao-da-planserv\/","og_site_name":"Brasil not\u00edcias","article_published_time":"2023-07-26T21:00:11+00:00","og_image":[{"width":800,"height":450,"url":"https:\/\/brasilnoticias.org\/site\/wp-content\/uploads\/2023\/07\/planserv-contrata-empresa-para-apoio-em-processo-de-modernizacao-da-sua-gestao_widelg_widelg.jpg","type":"image\/jpeg"}],"author":"Reda\u00e7\u00e3o","twitter_card":"summary_large_image","twitter_misc":{"Escrito por":"Reda\u00e7\u00e3o"},"schema":{"@context":"https:\/\/schema.org","@graph":[{"@type":"Article","@id":"https:\/\/brasilnoticias.org\/site\/governo-se-pronuncia-sobre-possivel-privatizacao-da-planserv\/#article","isPartOf":{"@id":"https:\/\/brasilnoticias.org\/site\/governo-se-pronuncia-sobre-possivel-privatizacao-da-planserv\/"},"author":{"name":"Reda\u00e7\u00e3o","@id":"https:\/\/brasilnoticias.org\/site\/#\/schema\/person\/a0e05b973ec4d15c658d51911e53507b"},"headline":"Governo se pronuncia sobre poss\u00edvel privatiza\u00e7\u00e3o da Planserv","datePublished":"2023-07-26T21:00:11+00:00","mainEntityOfPage":{"@id":"https:\/\/brasilnoticias.org\/site\/governo-se-pronuncia-sobre-possivel-privatizacao-da-planserv\/"},"wordCount":340,"commentCount":0,"publisher":{"@id":"https:\/\/brasilnoticias.org\/site\/#organization"},"image":{"@id":"https:\/\/brasilnoticias.org\/site\/governo-se-pronuncia-sobre-possivel-privatizacao-da-planserv\/#primaryimage"},"thumbnailUrl":"https:\/\/brasilnoticias.org\/site\/wp-content\/uploads\/2023\/07\/planserv-contrata-empresa-para-apoio-em-processo-de-modernizacao-da-sua-gestao_widelg_widelg.jpg","articleSection":["Not\u00edcias","\u00daltimas"],"inLanguage":"pt-PT","potentialAction":[{"@type":"CommentAction","name":"Comment","target":["https:\/\/brasilnoticias.org\/site\/governo-se-pronuncia-sobre-possivel-privatizacao-da-planserv\/#respond"]}]},{"@type":"WebPage","@id":"https:\/\/brasilnoticias.org\/site\/governo-se-pronuncia-sobre-possivel-privatizacao-da-planserv\/","url":"https:\/\/brasilnoticias.org\/site\/governo-se-pronuncia-sobre-possivel-privatizacao-da-planserv\/","name":"Governo se pronuncia sobre poss\u00edvel privatiza\u00e7\u00e3o da Planserv - Brasil not\u00edcias","isPartOf":{"@id":"https:\/\/brasilnoticias.org\/site\/#website"},"primaryImageOfPage":{"@id":"https:\/\/brasilnoticias.org\/site\/governo-se-pronuncia-sobre-possivel-privatizacao-da-planserv\/#primaryimage"},"image":{"@id":"https:\/\/brasilnoticias.org\/site\/governo-se-pronuncia-sobre-possivel-privatizacao-da-planserv\/#primaryimage"},"thumbnailUrl":"https:\/\/brasilnoticias.org\/site\/wp-content\/uploads\/2023\/07\/planserv-contrata-empresa-para-apoio-em-processo-de-modernizacao-da-sua-gestao_widelg_widelg.jpg","datePublished":"2023-07-26T21:00:11+00:00","breadcrumb":{"@id":"https:\/\/brasilnoticias.org\/site\/governo-se-pronuncia-sobre-possivel-privatizacao-da-planserv\/#breadcrumb"},"inLanguage":"pt-PT","potentialAction":[{"@type":"ReadAction","target":["https:\/\/brasilnoticias.org\/site\/governo-se-pronuncia-sobre-possivel-privatizacao-da-planserv\/"]}]},{"@type":"ImageObject","inLanguage":"pt-PT","@id":"https:\/\/brasilnoticias.org\/site\/governo-se-pronuncia-sobre-possivel-privatizacao-da-planserv\/#primaryimage","url":"https:\/\/brasilnoticias.org\/site\/wp-content\/uploads\/2023\/07\/planserv-contrata-empresa-para-apoio-em-processo-de-modernizacao-da-sua-gestao_widelg_widelg.jpg","contentUrl":"https:\/\/brasilnoticias.org\/site\/wp-content\/uploads\/2023\/07\/planserv-contrata-empresa-para-apoio-em-processo-de-modernizacao-da-sua-gestao_widelg_widelg.jpg","width":800,"height":450},{"@type":"BreadcrumbList","@id":"https:\/\/brasilnoticias.org\/site\/governo-se-pronuncia-sobre-possivel-privatizacao-da-planserv\/#breadcrumb","itemListElement":[{"@type":"ListItem","position":1,"name":"In\u00edcio","item":"https:\/\/brasilnoticias.org\/site\/"},{"@type":"ListItem","position":2,"name":"Governo se pronuncia sobre poss\u00edvel privatiza\u00e7\u00e3o da Planserv"}]},{"@type":"WebSite","@id":"https:\/\/brasilnoticias.org\/site\/#website","url":"https:\/\/brasilnoticias.org\/site\/","name":"Brasil not\u00edcias","description":"Brasil not\u00edcias","publisher":{"@id":"https:\/\/brasilnoticias.org\/site\/#organization"},"potentialAction":[{"@type":"SearchAction","target":{"@type":"EntryPoint","urlTemplate":"https:\/\/brasilnoticias.org\/site\/?s={search_term_string}"},"query-input":{"@type":"PropertyValueSpecification","valueRequired":true,"valueName":"search_term_string"}}],"inLanguage":"pt-PT"},{"@type":"Organization","@id":"https:\/\/brasilnoticias.org\/site\/#organization","name":"Brasil not\u00edcias","url":"https:\/\/brasilnoticias.org\/site\/","logo":{"@type":"ImageObject","inLanguage":"pt-PT","@id":"https:\/\/brasilnoticias.org\/site\/#\/schema\/logo\/image\/","url":"https:\/\/brasilnoticias.org\/site\/wp-content\/uploads\/2022\/05\/cropped-brasilnoticias-mini.jpg","contentUrl":"https:\/\/brasilnoticias.org\/site\/wp-content\/uploads\/2022\/05\/cropped-brasilnoticias-mini.jpg","width":314,"height":86,"caption":"Brasil not\u00edcias"},"image":{"@id":"https:\/\/brasilnoticias.org\/site\/#\/schema\/logo\/image\/"}},{"@type":"Person","@id":"https:\/\/brasilnoticias.org\/site\/#\/schema\/person\/a0e05b973ec4d15c658d51911e53507b","name":"Reda\u00e7\u00e3o","image":{"@type":"ImageObject","inLanguage":"pt-PT","@id":"https:\/\/brasilnoticias.org\/site\/#\/schema\/person\/image\/","url":"https:\/\/secure.gravatar.com\/avatar\/75d8b050df2de108b08ae78dfb8e374892df24a383c67db9c46a9c604f6aee9c?s=96&d=mm&r=g","contentUrl":"https:\/\/secure.gravatar.com\/avatar\/75d8b050df2de108b08ae78dfb8e374892df24a383c67db9c46a9c604f6aee9c?s=96&d=mm&r=g","caption":"Reda\u00e7\u00e3o"},"sameAs":["https:\/\/brasilnoticias.org\/site"],"url":"https:\/\/brasilnoticias.org\/site\/author\/fernandozsngmail-com\/"}]}},"_links":{"self":[{"href":"https:\/\/brasilnoticias.org\/site\/wp-json\/wp\/v2\/posts\/7629","targetHints":{"allow":["GET"]}}],"collection":[{"href":"https:\/\/brasilnoticias.org\/site\/wp-json\/wp\/v2\/posts"}],"about":[{"href":"https:\/\/brasilnoticias.org\/site\/wp-json\/wp\/v2\/types\/post"}],"author":[{"embeddable":true,"href":"https:\/\/brasilnoticias.org\/site\/wp-json\/wp\/v2\/users\/1"}],"replies":[{"embeddable":true,"href":"https:\/\/brasilnoticias.org\/site\/wp-json\/wp\/v2\/comments?post=7629"}],"version-history":[{"count":1,"href":"https:\/\/brasilnoticias.org\/site\/wp-json\/wp\/v2\/posts\/7629\/revisions"}],"predecessor-version":[{"id":7631,"href":"https:\/\/brasilnoticias.org\/site\/wp-json\/wp\/v2\/posts\/7629\/revisions\/7631"}],"wp:featuredmedia":[{"embeddable":true,"href":"https:\/\/brasilnoticias.org\/site\/wp-json\/wp\/v2\/media\/7630"}],"wp:attachment":[{"href":"https:\/\/brasilnoticias.org\/site\/wp-json\/wp\/v2\/media?parent=7629"}],"wp:term":[{"taxonomy":"category","embeddable":true,"href":"https:\/\/brasilnoticias.org\/site\/wp-json\/wp\/v2\/categories?post=7629"},{"taxonomy":"post_tag","embeddable":true,"href":"https:\/\/brasilnoticias.org\/site\/wp-json\/wp\/v2\/tags?post=7629"}],"curies":[{"name":"wp","href":"https:\/\/api.w.org\/{rel}","templated":true}]}}