{"id":7642,"date":"2023-07-26T15:50:04","date_gmt":"2023-07-26T18:50:04","guid":{"rendered":"https:\/\/brasilnoticias.org\/site\/?p=7642"},"modified":"2023-07-26T15:50:04","modified_gmt":"2023-07-26T18:50:04","slug":"deputado-federal-capitao-alden-segue-em-defesa-dos-cacs","status":"publish","type":"post","link":"https:\/\/brasilnoticias.org\/site\/deputado-federal-capitao-alden-segue-em-defesa-dos-cacs\/","title":{"rendered":"Deputado federal Capit\u00e3o Alden segue em defesa dos CACs"},"content":{"rendered":"<p>Parlamentar defende a categoria desde seu mandato de estadual <\/p>\n<p>Cumprindo o que havia prometido em campanha, o Presidente da Rep\u00fablica, Luiz In\u00e1cio Lula da Silva (PT) segue com a persegui\u00e7\u00e3o ao setor armamentista. Recentemente, o chefe do Executivo Nacional editou um novo decreto de armas, que faz uma ampla restri\u00e7\u00e3o na circula\u00e7\u00e3o e acesso a armas no pa\u00eds. Uma medida que gerou descontentamento em parte da classe pol\u00edtica, a exemplo do deputado federal Capit\u00e3o Alden (PL-BA), grande defensor da pauta armamentista. <\/p>\n<p>De acordo com o parlamentar, as medidas adotadas pelo Governo Federal s\u00e3o uma afronta aos cidad\u00e3os de bem que possuem a posse e porte de arma de fogo de maneira legal. \u201cN\u00e3o \u00e9 nenhuma surpresa, o Lula j\u00e1 havia dado sinais que faria isso e fez! Uma verdadeira medida autorit\u00e1ria. Cad\u00ea a consulta com o setor prejudicado? Cad\u00ea os dados que armas legais est\u00e3o nas m\u00e3os do crime! N\u00e3o apresentam, pois sabem que n\u00e3o t\u00eam armas registradas com bandidos\u201d, afirma Alden.<\/p>\n<p>O deputado federal Capit\u00e3o Alden \u00e9 coautor do Projeto de Decreto Legislativo (PDL) que visa sustar os efeitos do Decreto de Lula. A autoria do PDL \u00e9 do tamb\u00e9m parlamentar o Delegado Paulo Bilynskyj (PL-SP). <\/p>\n<p>Outras a\u00e7\u00f5es &#8211; Desde seu mandato de deputado estadual, o Capit\u00e3o Alden vem se consolidando como principal voz em defesa dos Ca\u00e7adores, Atiradores e Colecionadores (CACs). Por IAT &#8211; Instrutor de Armamento e Tiro, al\u00e9m tamb\u00e9m de CAC, o militar baiano tem familiaridade com o segmento. <\/p>\n<p>O Capit\u00e3o Alden realizou em dezembro de 2022, na Assembleia Legislativa da Bahia (Alba), um encontro com propriet\u00e1rios de clubes de tiro, CACs e demais representantes da categoria para tratar do \u201cRevoga\u00e7o\u201d de Lula. Na ocasi\u00e3o houve a participa\u00e7\u00e3o do Delegado Paulo Bilynskyj. <\/p>\n<p>Em abril de 2022, o Capit\u00e3o Alden realizou o \u201cI Encontro de Atiradores da Bahia\u201d, a a\u00e7\u00e3o ocorreu no audit\u00f3rio de um edif\u00edcio comercial de Salvador. Na oportunidade participaram do evento representantes de v\u00e1rias cidades da Bahia. Al\u00e9m das seguintes presen\u00e7as: Federa\u00e7\u00e3o Baiana de Tiro Esportivo; Departamento de Pol\u00edcia T\u00e9cnica da Bahia; e Pol\u00edcia Civil da Bahia. <\/p>\n<p>Durante seus quatro anos de mandato, o Capit\u00e3o Alden percorreu as cidades baianas com o seu projeto \u201cPrimeira Experi\u00eancia de Tiro\u201d. A a\u00e7\u00e3o consistia em conte\u00fados te\u00f3ricos e pr\u00e1ticos para iniciantes no mundo do tiro.<\/p>\n","protected":false},"excerpt":{"rendered":"<p>Parlamentar defende a categoria desde seu mandato de estadual Cumprindo o que havia prometido em campanha, o Presidente da Rep\u00fablica,<\/p>\n","protected":false},"author":1,"featured_media":7643,"comment_status":"open","ping_status":"open","sticky":false,"template":"","format":"standard","meta":{"colormag_page_container_layout":"default_layout","colormag_page_sidebar_layout":"default_layout","_FSMCFIC_featured_image_caption":"","_FSMCFIC_featured_image_nocaption":"","_FSMCFIC_featured_image_hide":"","footnotes":""},"categories":[5,1],"tags":[],"class_list":["post-7642","post","type-post","status-publish","format-standard","has-post-thumbnail","hentry","category-politica","category-ultimas"],"yoast_head":"<!-- This site is optimized with the Yoast SEO plugin v27.1.1 - https:\/\/yoast.com\/product\/yoast-seo-wordpress\/ -->\n<title>Deputado federal Capit\u00e3o Alden segue em defesa dos CACs - Brasil not\u00edcias<\/title>\n<meta name=\"robots\" content=\"index, follow, max-snippet:-1, max-image-preview:large, max-video-preview:-1\" \/>\n<link rel=\"canonical\" href=\"https:\/\/brasilnoticias.org\/site\/deputado-federal-capitao-alden-segue-em-defesa-dos-cacs\/\" \/>\n<meta property=\"og:locale\" content=\"pt_PT\" \/>\n<meta property=\"og:type\" content=\"article\" \/>\n<meta property=\"og:title\" content=\"Deputado federal Capit\u00e3o Alden segue em defesa dos CACs - Brasil not\u00edcias\" \/>\n<meta property=\"og:description\" content=\"Parlamentar defende a categoria desde seu mandato de estadual Cumprindo o que havia prometido em campanha, o Presidente da Rep\u00fablica,\" \/>\n<meta property=\"og:url\" content=\"https:\/\/brasilnoticias.org\/site\/deputado-federal-capitao-alden-segue-em-defesa-dos-cacs\/\" \/>\n<meta property=\"og:site_name\" content=\"Brasil not\u00edcias\" \/>\n<meta property=\"article:published_time\" content=\"2023-07-26T18:50:04+00:00\" \/>\n<meta property=\"og:image\" content=\"https:\/\/brasilnoticias.org\/site\/wp-content\/uploads\/2023\/07\/WhatsApp-Image-2023-07-26-at-13.28.00.jpeg\" \/>\n\t<meta property=\"og:image:width\" content=\"1024\" \/>\n\t<meta property=\"og:image:height\" content=\"683\" \/>\n\t<meta property=\"og:image:type\" content=\"image\/jpeg\" \/>\n<meta name=\"author\" content=\"Reda\u00e7\u00e3o\" \/>\n<meta name=\"twitter:card\" content=\"summary_large_image\" \/>\n<meta name=\"twitter:label1\" content=\"Escrito por\" \/>\n\t<meta name=\"twitter:data1\" content=\"Reda\u00e7\u00e3o\" \/>\n<script type=\"application\/ld+json\" class=\"yoast-schema-graph\">{\"@context\":\"https:\/\/schema.org\",\"@graph\":[{\"@type\":\"Article\",\"@id\":\"https:\/\/brasilnoticias.org\/site\/deputado-federal-capitao-alden-segue-em-defesa-dos-cacs\/#article\",\"isPartOf\":{\"@id\":\"https:\/\/brasilnoticias.org\/site\/deputado-federal-capitao-alden-segue-em-defesa-dos-cacs\/\"},\"author\":{\"name\":\"Reda\u00e7\u00e3o\",\"@id\":\"https:\/\/brasilnoticias.org\/site\/#\/schema\/person\/a0e05b973ec4d15c658d51911e53507b\"},\"headline\":\"Deputado federal Capit\u00e3o Alden segue em defesa dos CACs\",\"datePublished\":\"2023-07-26T18:50:04+00:00\",\"mainEntityOfPage\":{\"@id\":\"https:\/\/brasilnoticias.org\/site\/deputado-federal-capitao-alden-segue-em-defesa-dos-cacs\/\"},\"wordCount\":429,\"commentCount\":0,\"publisher\":{\"@id\":\"https:\/\/brasilnoticias.org\/site\/#organization\"},\"image\":{\"@id\":\"https:\/\/brasilnoticias.org\/site\/deputado-federal-capitao-alden-segue-em-defesa-dos-cacs\/#primaryimage\"},\"thumbnailUrl\":\"https:\/\/brasilnoticias.org\/site\/wp-content\/uploads\/2023\/07\/WhatsApp-Image-2023-07-26-at-13.28.00.jpeg\",\"articleSection\":[\"Pol\u00edtica\",\"\u00daltimas\"],\"inLanguage\":\"pt-PT\",\"potentialAction\":[{\"@type\":\"CommentAction\",\"name\":\"Comment\",\"target\":[\"https:\/\/brasilnoticias.org\/site\/deputado-federal-capitao-alden-segue-em-defesa-dos-cacs\/#respond\"]}]},{\"@type\":\"WebPage\",\"@id\":\"https:\/\/brasilnoticias.org\/site\/deputado-federal-capitao-alden-segue-em-defesa-dos-cacs\/\",\"url\":\"https:\/\/brasilnoticias.org\/site\/deputado-federal-capitao-alden-segue-em-defesa-dos-cacs\/\",\"name\":\"Deputado federal Capit\u00e3o Alden segue em defesa dos CACs - Brasil not\u00edcias\",\"isPartOf\":{\"@id\":\"https:\/\/brasilnoticias.org\/site\/#website\"},\"primaryImageOfPage\":{\"@id\":\"https:\/\/brasilnoticias.org\/site\/deputado-federal-capitao-alden-segue-em-defesa-dos-cacs\/#primaryimage\"},\"image\":{\"@id\":\"https:\/\/brasilnoticias.org\/site\/deputado-federal-capitao-alden-segue-em-defesa-dos-cacs\/#primaryimage\"},\"thumbnailUrl\":\"https:\/\/brasilnoticias.org\/site\/wp-content\/uploads\/2023\/07\/WhatsApp-Image-2023-07-26-at-13.28.00.jpeg\",\"datePublished\":\"2023-07-26T18:50:04+00:00\",\"breadcrumb\":{\"@id\":\"https:\/\/brasilnoticias.org\/site\/deputado-federal-capitao-alden-segue-em-defesa-dos-cacs\/#breadcrumb\"},\"inLanguage\":\"pt-PT\",\"potentialAction\":[{\"@type\":\"ReadAction\",\"target\":[\"https:\/\/brasilnoticias.org\/site\/deputado-federal-capitao-alden-segue-em-defesa-dos-cacs\/\"]}]},{\"@type\":\"ImageObject\",\"inLanguage\":\"pt-PT\",\"@id\":\"https:\/\/brasilnoticias.org\/site\/deputado-federal-capitao-alden-segue-em-defesa-dos-cacs\/#primaryimage\",\"url\":\"https:\/\/brasilnoticias.org\/site\/wp-content\/uploads\/2023\/07\/WhatsApp-Image-2023-07-26-at-13.28.00.jpeg\",\"contentUrl\":\"https:\/\/brasilnoticias.org\/site\/wp-content\/uploads\/2023\/07\/WhatsApp-Image-2023-07-26-at-13.28.00.jpeg\",\"width\":1024,\"height\":683},{\"@type\":\"BreadcrumbList\",\"@id\":\"https:\/\/brasilnoticias.org\/site\/deputado-federal-capitao-alden-segue-em-defesa-dos-cacs\/#breadcrumb\",\"itemListElement\":[{\"@type\":\"ListItem\",\"position\":1,\"name\":\"In\u00edcio\",\"item\":\"https:\/\/brasilnoticias.org\/site\/\"},{\"@type\":\"ListItem\",\"position\":2,\"name\":\"Deputado federal Capit\u00e3o Alden segue em defesa dos CACs\"}]},{\"@type\":\"WebSite\",\"@id\":\"https:\/\/brasilnoticias.org\/site\/#website\",\"url\":\"https:\/\/brasilnoticias.org\/site\/\",\"name\":\"Brasil not\u00edcias\",\"description\":\"Brasil not\u00edcias\",\"publisher\":{\"@id\":\"https:\/\/brasilnoticias.org\/site\/#organization\"},\"potentialAction\":[{\"@type\":\"SearchAction\",\"target\":{\"@type\":\"EntryPoint\",\"urlTemplate\":\"https:\/\/brasilnoticias.org\/site\/?s={search_term_string}\"},\"query-input\":{\"@type\":\"PropertyValueSpecification\",\"valueRequired\":true,\"valueName\":\"search_term_string\"}}],\"inLanguage\":\"pt-PT\"},{\"@type\":\"Organization\",\"@id\":\"https:\/\/brasilnoticias.org\/site\/#organization\",\"name\":\"Brasil not\u00edcias\",\"url\":\"https:\/\/brasilnoticias.org\/site\/\",\"logo\":{\"@type\":\"ImageObject\",\"inLanguage\":\"pt-PT\",\"@id\":\"https:\/\/brasilnoticias.org\/site\/#\/schema\/logo\/image\/\",\"url\":\"https:\/\/brasilnoticias.org\/site\/wp-content\/uploads\/2022\/05\/cropped-brasilnoticias-mini.jpg\",\"contentUrl\":\"https:\/\/brasilnoticias.org\/site\/wp-content\/uploads\/2022\/05\/cropped-brasilnoticias-mini.jpg\",\"width\":314,\"height\":86,\"caption\":\"Brasil not\u00edcias\"},\"image\":{\"@id\":\"https:\/\/brasilnoticias.org\/site\/#\/schema\/logo\/image\/\"}},{\"@type\":\"Person\",\"@id\":\"https:\/\/brasilnoticias.org\/site\/#\/schema\/person\/a0e05b973ec4d15c658d51911e53507b\",\"name\":\"Reda\u00e7\u00e3o\",\"image\":{\"@type\":\"ImageObject\",\"inLanguage\":\"pt-PT\",\"@id\":\"https:\/\/brasilnoticias.org\/site\/#\/schema\/person\/image\/\",\"url\":\"https:\/\/secure.gravatar.com\/avatar\/75d8b050df2de108b08ae78dfb8e374892df24a383c67db9c46a9c604f6aee9c?s=96&d=mm&r=g\",\"contentUrl\":\"https:\/\/secure.gravatar.com\/avatar\/75d8b050df2de108b08ae78dfb8e374892df24a383c67db9c46a9c604f6aee9c?s=96&d=mm&r=g\",\"caption\":\"Reda\u00e7\u00e3o\"},\"sameAs\":[\"https:\/\/brasilnoticias.org\/site\"],\"url\":\"https:\/\/brasilnoticias.org\/site\/author\/fernandozsngmail-com\/\"}]}<\/script>\n<!-- \/ Yoast SEO plugin. -->","yoast_head_json":{"title":"Deputado federal Capit\u00e3o Alden segue em defesa dos CACs - Brasil not\u00edcias","robots":{"index":"index","follow":"follow","max-snippet":"max-snippet:-1","max-image-preview":"max-image-preview:large","max-video-preview":"max-video-preview:-1"},"canonical":"https:\/\/brasilnoticias.org\/site\/deputado-federal-capitao-alden-segue-em-defesa-dos-cacs\/","og_locale":"pt_PT","og_type":"article","og_title":"Deputado federal Capit\u00e3o Alden segue em defesa dos CACs - Brasil not\u00edcias","og_description":"Parlamentar defende a categoria desde seu mandato de estadual Cumprindo o que havia prometido em campanha, o Presidente da Rep\u00fablica,","og_url":"https:\/\/brasilnoticias.org\/site\/deputado-federal-capitao-alden-segue-em-defesa-dos-cacs\/","og_site_name":"Brasil not\u00edcias","article_published_time":"2023-07-26T18:50:04+00:00","og_image":[{"width":1024,"height":683,"url":"https:\/\/brasilnoticias.org\/site\/wp-content\/uploads\/2023\/07\/WhatsApp-Image-2023-07-26-at-13.28.00.jpeg","type":"image\/jpeg"}],"author":"Reda\u00e7\u00e3o","twitter_card":"summary_large_image","twitter_misc":{"Escrito por":"Reda\u00e7\u00e3o"},"schema":{"@context":"https:\/\/schema.org","@graph":[{"@type":"Article","@id":"https:\/\/brasilnoticias.org\/site\/deputado-federal-capitao-alden-segue-em-defesa-dos-cacs\/#article","isPartOf":{"@id":"https:\/\/brasilnoticias.org\/site\/deputado-federal-capitao-alden-segue-em-defesa-dos-cacs\/"},"author":{"name":"Reda\u00e7\u00e3o","@id":"https:\/\/brasilnoticias.org\/site\/#\/schema\/person\/a0e05b973ec4d15c658d51911e53507b"},"headline":"Deputado federal Capit\u00e3o Alden segue em defesa dos CACs","datePublished":"2023-07-26T18:50:04+00:00","mainEntityOfPage":{"@id":"https:\/\/brasilnoticias.org\/site\/deputado-federal-capitao-alden-segue-em-defesa-dos-cacs\/"},"wordCount":429,"commentCount":0,"publisher":{"@id":"https:\/\/brasilnoticias.org\/site\/#organization"},"image":{"@id":"https:\/\/brasilnoticias.org\/site\/deputado-federal-capitao-alden-segue-em-defesa-dos-cacs\/#primaryimage"},"thumbnailUrl":"https:\/\/brasilnoticias.org\/site\/wp-content\/uploads\/2023\/07\/WhatsApp-Image-2023-07-26-at-13.28.00.jpeg","articleSection":["Pol\u00edtica","\u00daltimas"],"inLanguage":"pt-PT","potentialAction":[{"@type":"CommentAction","name":"Comment","target":["https:\/\/brasilnoticias.org\/site\/deputado-federal-capitao-alden-segue-em-defesa-dos-cacs\/#respond"]}]},{"@type":"WebPage","@id":"https:\/\/brasilnoticias.org\/site\/deputado-federal-capitao-alden-segue-em-defesa-dos-cacs\/","url":"https:\/\/brasilnoticias.org\/site\/deputado-federal-capitao-alden-segue-em-defesa-dos-cacs\/","name":"Deputado federal Capit\u00e3o Alden segue em defesa dos CACs - Brasil not\u00edcias","isPartOf":{"@id":"https:\/\/brasilnoticias.org\/site\/#website"},"primaryImageOfPage":{"@id":"https:\/\/brasilnoticias.org\/site\/deputado-federal-capitao-alden-segue-em-defesa-dos-cacs\/#primaryimage"},"image":{"@id":"https:\/\/brasilnoticias.org\/site\/deputado-federal-capitao-alden-segue-em-defesa-dos-cacs\/#primaryimage"},"thumbnailUrl":"https:\/\/brasilnoticias.org\/site\/wp-content\/uploads\/2023\/07\/WhatsApp-Image-2023-07-26-at-13.28.00.jpeg","datePublished":"2023-07-26T18:50:04+00:00","breadcrumb":{"@id":"https:\/\/brasilnoticias.org\/site\/deputado-federal-capitao-alden-segue-em-defesa-dos-cacs\/#breadcrumb"},"inLanguage":"pt-PT","potentialAction":[{"@type":"ReadAction","target":["https:\/\/brasilnoticias.org\/site\/deputado-federal-capitao-alden-segue-em-defesa-dos-cacs\/"]}]},{"@type":"ImageObject","inLanguage":"pt-PT","@id":"https:\/\/brasilnoticias.org\/site\/deputado-federal-capitao-alden-segue-em-defesa-dos-cacs\/#primaryimage","url":"https:\/\/brasilnoticias.org\/site\/wp-content\/uploads\/2023\/07\/WhatsApp-Image-2023-07-26-at-13.28.00.jpeg","contentUrl":"https:\/\/brasilnoticias.org\/site\/wp-content\/uploads\/2023\/07\/WhatsApp-Image-2023-07-26-at-13.28.00.jpeg","width":1024,"height":683},{"@type":"BreadcrumbList","@id":"https:\/\/brasilnoticias.org\/site\/deputado-federal-capitao-alden-segue-em-defesa-dos-cacs\/#breadcrumb","itemListElement":[{"@type":"ListItem","position":1,"name":"In\u00edcio","item":"https:\/\/brasilnoticias.org\/site\/"},{"@type":"ListItem","position":2,"name":"Deputado federal Capit\u00e3o Alden segue em defesa dos CACs"}]},{"@type":"WebSite","@id":"https:\/\/brasilnoticias.org\/site\/#website","url":"https:\/\/brasilnoticias.org\/site\/","name":"Brasil not\u00edcias","description":"Brasil not\u00edcias","publisher":{"@id":"https:\/\/brasilnoticias.org\/site\/#organization"},"potentialAction":[{"@type":"SearchAction","target":{"@type":"EntryPoint","urlTemplate":"https:\/\/brasilnoticias.org\/site\/?s={search_term_string}"},"query-input":{"@type":"PropertyValueSpecification","valueRequired":true,"valueName":"search_term_string"}}],"inLanguage":"pt-PT"},{"@type":"Organization","@id":"https:\/\/brasilnoticias.org\/site\/#organization","name":"Brasil not\u00edcias","url":"https:\/\/brasilnoticias.org\/site\/","logo":{"@type":"ImageObject","inLanguage":"pt-PT","@id":"https:\/\/brasilnoticias.org\/site\/#\/schema\/logo\/image\/","url":"https:\/\/brasilnoticias.org\/site\/wp-content\/uploads\/2022\/05\/cropped-brasilnoticias-mini.jpg","contentUrl":"https:\/\/brasilnoticias.org\/site\/wp-content\/uploads\/2022\/05\/cropped-brasilnoticias-mini.jpg","width":314,"height":86,"caption":"Brasil not\u00edcias"},"image":{"@id":"https:\/\/brasilnoticias.org\/site\/#\/schema\/logo\/image\/"}},{"@type":"Person","@id":"https:\/\/brasilnoticias.org\/site\/#\/schema\/person\/a0e05b973ec4d15c658d51911e53507b","name":"Reda\u00e7\u00e3o","image":{"@type":"ImageObject","inLanguage":"pt-PT","@id":"https:\/\/brasilnoticias.org\/site\/#\/schema\/person\/image\/","url":"https:\/\/secure.gravatar.com\/avatar\/75d8b050df2de108b08ae78dfb8e374892df24a383c67db9c46a9c604f6aee9c?s=96&d=mm&r=g","contentUrl":"https:\/\/secure.gravatar.com\/avatar\/75d8b050df2de108b08ae78dfb8e374892df24a383c67db9c46a9c604f6aee9c?s=96&d=mm&r=g","caption":"Reda\u00e7\u00e3o"},"sameAs":["https:\/\/brasilnoticias.org\/site"],"url":"https:\/\/brasilnoticias.org\/site\/author\/fernandozsngmail-com\/"}]}},"_links":{"self":[{"href":"https:\/\/brasilnoticias.org\/site\/wp-json\/wp\/v2\/posts\/7642","targetHints":{"allow":["GET"]}}],"collection":[{"href":"https:\/\/brasilnoticias.org\/site\/wp-json\/wp\/v2\/posts"}],"about":[{"href":"https:\/\/brasilnoticias.org\/site\/wp-json\/wp\/v2\/types\/post"}],"author":[{"embeddable":true,"href":"https:\/\/brasilnoticias.org\/site\/wp-json\/wp\/v2\/users\/1"}],"replies":[{"embeddable":true,"href":"https:\/\/brasilnoticias.org\/site\/wp-json\/wp\/v2\/comments?post=7642"}],"version-history":[{"count":1,"href":"https:\/\/brasilnoticias.org\/site\/wp-json\/wp\/v2\/posts\/7642\/revisions"}],"predecessor-version":[{"id":7644,"href":"https:\/\/brasilnoticias.org\/site\/wp-json\/wp\/v2\/posts\/7642\/revisions\/7644"}],"wp:featuredmedia":[{"embeddable":true,"href":"https:\/\/brasilnoticias.org\/site\/wp-json\/wp\/v2\/media\/7643"}],"wp:attachment":[{"href":"https:\/\/brasilnoticias.org\/site\/wp-json\/wp\/v2\/media?parent=7642"}],"wp:term":[{"taxonomy":"category","embeddable":true,"href":"https:\/\/brasilnoticias.org\/site\/wp-json\/wp\/v2\/categories?post=7642"},{"taxonomy":"post_tag","embeddable":true,"href":"https:\/\/brasilnoticias.org\/site\/wp-json\/wp\/v2\/tags?post=7642"}],"curies":[{"name":"wp","href":"https:\/\/api.w.org\/{rel}","templated":true}]}}