{"id":7645,"date":"2023-07-27T06:23:16","date_gmt":"2023-07-27T09:23:16","guid":{"rendered":"https:\/\/brasilnoticias.org\/site\/?p=7645"},"modified":"2023-07-27T06:23:16","modified_gmt":"2023-07-27T09:23:16","slug":"saiba-quem-e-a-mulher-presa-por-trafico-internacional-de-drogas-em-salvador","status":"publish","type":"post","link":"https:\/\/brasilnoticias.org\/site\/saiba-quem-e-a-mulher-presa-por-trafico-internacional-de-drogas-em-salvador\/","title":{"rendered":"Saiba quem \u00e9 a mulher presa por tr\u00e1fico internacional de drogas em Salvador"},"content":{"rendered":"<p>Alexia de Paula, ex-mulher do jogador Helder de Paula, ex-jogador do Bahia, foi presa suspeita de tr\u00e1fico internacional de drogas, nesta ter\u00e7a-feira (26), na Vila Ruy Barbosa, bairro de Salvador. <\/p>\n<p>A suspeita, de 27 anos, tem dois filhos com ex-jogador do time tricolor e conforme apurado pelo BNews, est\u00e1 gr\u00e1vida de um homem que \u00e9 apontado pela pol\u00edcia como traficante internacional de drogas.<\/p>\n<p>Alexia era considerada foragida da Justi\u00e7a Federal do Cear\u00e1 e tamb\u00e9m responde por organiza\u00e7\u00e3o criminosa. A pris\u00e3o foi realizada por equipes da Pol\u00edcia Federal com apoio do Grupo de Atua\u00e7\u00e3o Especial de Repress\u00e3o ao Crime Organizado (GAECO\/MP-BA) e do Batalh\u00e3o de Choque, da Pol\u00edcia Militar da Bahia (PM-BA \/CHOQUE).<\/p>\n<p>Conforme divulgado pela Pol\u00edcia Federal, a mulher foi conduzida \u00e0 sede da Superintend\u00eancia Regional da Pol\u00edcia Federal na Bahia, localizada em \u00c1gua de Meninos, na capital baiana, para fins de interrogat\u00f3rio e formaliza\u00e7\u00e3o dos procedimentos cab\u00edveis, ficando \u00e0 disposi\u00e7\u00e3o da Justi\u00e7a Federal.<\/p>\n<p>A pris\u00e3o de hoje foi fruto da Opera\u00e7\u00e3o Doze Malas, que investiga a pris\u00e3o de oito passageiros por tr\u00e1fico internacional de drogas no Aeroporto de Fortaleza, em abril deste ano.<\/p>\n<p>Foto Reprodu\u00e7\u00e3o\/ ASCOM\/ PF<br \/>\nBNews<\/p>\n","protected":false},"excerpt":{"rendered":"<p>Alexia de Paula, ex-mulher do jogador Helder de Paula, ex-jogador do Bahia, foi presa suspeita de tr\u00e1fico internacional de drogas,<\/p>\n","protected":false},"author":1,"featured_media":7646,"comment_status":"open","ping_status":"open","sticky":false,"template":"","format":"standard","meta":{"colormag_page_container_layout":"default_layout","colormag_page_sidebar_layout":"default_layout","_FSMCFIC_featured_image_caption":"","_FSMCFIC_featured_image_nocaption":"","_FSMCFIC_featured_image_hide":"","footnotes":""},"categories":[3,1],"tags":[],"class_list":["post-7645","post","type-post","status-publish","format-standard","has-post-thumbnail","hentry","category-policia","category-ultimas"],"yoast_head":"<!-- This site is optimized with the Yoast SEO plugin v27.1.1 - https:\/\/yoast.com\/product\/yoast-seo-wordpress\/ -->\n<title>Saiba quem \u00e9 a mulher presa por tr\u00e1fico internacional de drogas em Salvador - Brasil not\u00edcias<\/title>\n<meta name=\"robots\" content=\"index, follow, max-snippet:-1, max-image-preview:large, max-video-preview:-1\" \/>\n<link rel=\"canonical\" href=\"https:\/\/brasilnoticias.org\/site\/saiba-quem-e-a-mulher-presa-por-trafico-internacional-de-drogas-em-salvador\/\" \/>\n<meta property=\"og:locale\" content=\"pt_PT\" \/>\n<meta property=\"og:type\" content=\"article\" \/>\n<meta property=\"og:title\" content=\"Saiba quem \u00e9 a mulher presa por tr\u00e1fico internacional de drogas em Salvador - Brasil not\u00edcias\" \/>\n<meta property=\"og:description\" content=\"Alexia de Paula, ex-mulher do jogador Helder de Paula, ex-jogador do Bahia, foi presa suspeita de tr\u00e1fico internacional de drogas,\" \/>\n<meta property=\"og:url\" content=\"https:\/\/brasilnoticias.org\/site\/saiba-quem-e-a-mulher-presa-por-trafico-internacional-de-drogas-em-salvador\/\" \/>\n<meta property=\"og:site_name\" content=\"Brasil not\u00edcias\" \/>\n<meta property=\"article:published_time\" content=\"2023-07-27T09:23:16+00:00\" \/>\n<meta property=\"og:image\" content=\"https:\/\/brasilnoticias.org\/site\/wp-content\/uploads\/2023\/07\/mulher_presa_suspeita_trafico_widelg.webp\" \/>\n\t<meta property=\"og:image:width\" content=\"800\" \/>\n\t<meta property=\"og:image:height\" content=\"450\" \/>\n\t<meta property=\"og:image:type\" content=\"image\/webp\" \/>\n<meta name=\"author\" content=\"Reda\u00e7\u00e3o\" \/>\n<meta name=\"twitter:card\" content=\"summary_large_image\" \/>\n<meta name=\"twitter:label1\" content=\"Escrito por\" \/>\n\t<meta name=\"twitter:data1\" content=\"Reda\u00e7\u00e3o\" \/>\n<script type=\"application\/ld+json\" class=\"yoast-schema-graph\">{\"@context\":\"https:\/\/schema.org\",\"@graph\":[{\"@type\":\"Article\",\"@id\":\"https:\/\/brasilnoticias.org\/site\/saiba-quem-e-a-mulher-presa-por-trafico-internacional-de-drogas-em-salvador\/#article\",\"isPartOf\":{\"@id\":\"https:\/\/brasilnoticias.org\/site\/saiba-quem-e-a-mulher-presa-por-trafico-internacional-de-drogas-em-salvador\/\"},\"author\":{\"name\":\"Reda\u00e7\u00e3o\",\"@id\":\"https:\/\/brasilnoticias.org\/site\/#\/schema\/person\/a0e05b973ec4d15c658d51911e53507b\"},\"headline\":\"Saiba quem \u00e9 a mulher presa por tr\u00e1fico internacional de drogas em Salvador\",\"datePublished\":\"2023-07-27T09:23:16+00:00\",\"mainEntityOfPage\":{\"@id\":\"https:\/\/brasilnoticias.org\/site\/saiba-quem-e-a-mulher-presa-por-trafico-internacional-de-drogas-em-salvador\/\"},\"wordCount\":224,\"commentCount\":0,\"publisher\":{\"@id\":\"https:\/\/brasilnoticias.org\/site\/#organization\"},\"image\":{\"@id\":\"https:\/\/brasilnoticias.org\/site\/saiba-quem-e-a-mulher-presa-por-trafico-internacional-de-drogas-em-salvador\/#primaryimage\"},\"thumbnailUrl\":\"https:\/\/brasilnoticias.org\/site\/wp-content\/uploads\/2023\/07\/mulher_presa_suspeita_trafico_widelg.webp\",\"articleSection\":[\"Pol\u00edcia\",\"\u00daltimas\"],\"inLanguage\":\"pt-PT\",\"potentialAction\":[{\"@type\":\"CommentAction\",\"name\":\"Comment\",\"target\":[\"https:\/\/brasilnoticias.org\/site\/saiba-quem-e-a-mulher-presa-por-trafico-internacional-de-drogas-em-salvador\/#respond\"]}]},{\"@type\":\"WebPage\",\"@id\":\"https:\/\/brasilnoticias.org\/site\/saiba-quem-e-a-mulher-presa-por-trafico-internacional-de-drogas-em-salvador\/\",\"url\":\"https:\/\/brasilnoticias.org\/site\/saiba-quem-e-a-mulher-presa-por-trafico-internacional-de-drogas-em-salvador\/\",\"name\":\"Saiba quem \u00e9 a mulher presa por tr\u00e1fico internacional de drogas em Salvador - Brasil not\u00edcias\",\"isPartOf\":{\"@id\":\"https:\/\/brasilnoticias.org\/site\/#website\"},\"primaryImageOfPage\":{\"@id\":\"https:\/\/brasilnoticias.org\/site\/saiba-quem-e-a-mulher-presa-por-trafico-internacional-de-drogas-em-salvador\/#primaryimage\"},\"image\":{\"@id\":\"https:\/\/brasilnoticias.org\/site\/saiba-quem-e-a-mulher-presa-por-trafico-internacional-de-drogas-em-salvador\/#primaryimage\"},\"thumbnailUrl\":\"https:\/\/brasilnoticias.org\/site\/wp-content\/uploads\/2023\/07\/mulher_presa_suspeita_trafico_widelg.webp\",\"datePublished\":\"2023-07-27T09:23:16+00:00\",\"breadcrumb\":{\"@id\":\"https:\/\/brasilnoticias.org\/site\/saiba-quem-e-a-mulher-presa-por-trafico-internacional-de-drogas-em-salvador\/#breadcrumb\"},\"inLanguage\":\"pt-PT\",\"potentialAction\":[{\"@type\":\"ReadAction\",\"target\":[\"https:\/\/brasilnoticias.org\/site\/saiba-quem-e-a-mulher-presa-por-trafico-internacional-de-drogas-em-salvador\/\"]}]},{\"@type\":\"ImageObject\",\"inLanguage\":\"pt-PT\",\"@id\":\"https:\/\/brasilnoticias.org\/site\/saiba-quem-e-a-mulher-presa-por-trafico-internacional-de-drogas-em-salvador\/#primaryimage\",\"url\":\"https:\/\/brasilnoticias.org\/site\/wp-content\/uploads\/2023\/07\/mulher_presa_suspeita_trafico_widelg.webp\",\"contentUrl\":\"https:\/\/brasilnoticias.org\/site\/wp-content\/uploads\/2023\/07\/mulher_presa_suspeita_trafico_widelg.webp\",\"width\":800,\"height\":450},{\"@type\":\"BreadcrumbList\",\"@id\":\"https:\/\/brasilnoticias.org\/site\/saiba-quem-e-a-mulher-presa-por-trafico-internacional-de-drogas-em-salvador\/#breadcrumb\",\"itemListElement\":[{\"@type\":\"ListItem\",\"position\":1,\"name\":\"In\u00edcio\",\"item\":\"https:\/\/brasilnoticias.org\/site\/\"},{\"@type\":\"ListItem\",\"position\":2,\"name\":\"Saiba quem \u00e9 a mulher presa por tr\u00e1fico internacional de drogas em Salvador\"}]},{\"@type\":\"WebSite\",\"@id\":\"https:\/\/brasilnoticias.org\/site\/#website\",\"url\":\"https:\/\/brasilnoticias.org\/site\/\",\"name\":\"Brasil not\u00edcias\",\"description\":\"Brasil not\u00edcias\",\"publisher\":{\"@id\":\"https:\/\/brasilnoticias.org\/site\/#organization\"},\"potentialAction\":[{\"@type\":\"SearchAction\",\"target\":{\"@type\":\"EntryPoint\",\"urlTemplate\":\"https:\/\/brasilnoticias.org\/site\/?s={search_term_string}\"},\"query-input\":{\"@type\":\"PropertyValueSpecification\",\"valueRequired\":true,\"valueName\":\"search_term_string\"}}],\"inLanguage\":\"pt-PT\"},{\"@type\":\"Organization\",\"@id\":\"https:\/\/brasilnoticias.org\/site\/#organization\",\"name\":\"Brasil not\u00edcias\",\"url\":\"https:\/\/brasilnoticias.org\/site\/\",\"logo\":{\"@type\":\"ImageObject\",\"inLanguage\":\"pt-PT\",\"@id\":\"https:\/\/brasilnoticias.org\/site\/#\/schema\/logo\/image\/\",\"url\":\"https:\/\/brasilnoticias.org\/site\/wp-content\/uploads\/2022\/05\/cropped-brasilnoticias-mini.jpg\",\"contentUrl\":\"https:\/\/brasilnoticias.org\/site\/wp-content\/uploads\/2022\/05\/cropped-brasilnoticias-mini.jpg\",\"width\":314,\"height\":86,\"caption\":\"Brasil not\u00edcias\"},\"image\":{\"@id\":\"https:\/\/brasilnoticias.org\/site\/#\/schema\/logo\/image\/\"}},{\"@type\":\"Person\",\"@id\":\"https:\/\/brasilnoticias.org\/site\/#\/schema\/person\/a0e05b973ec4d15c658d51911e53507b\",\"name\":\"Reda\u00e7\u00e3o\",\"image\":{\"@type\":\"ImageObject\",\"inLanguage\":\"pt-PT\",\"@id\":\"https:\/\/brasilnoticias.org\/site\/#\/schema\/person\/image\/\",\"url\":\"https:\/\/secure.gravatar.com\/avatar\/75d8b050df2de108b08ae78dfb8e374892df24a383c67db9c46a9c604f6aee9c?s=96&d=mm&r=g\",\"contentUrl\":\"https:\/\/secure.gravatar.com\/avatar\/75d8b050df2de108b08ae78dfb8e374892df24a383c67db9c46a9c604f6aee9c?s=96&d=mm&r=g\",\"caption\":\"Reda\u00e7\u00e3o\"},\"sameAs\":[\"https:\/\/brasilnoticias.org\/site\"],\"url\":\"https:\/\/brasilnoticias.org\/site\/author\/fernandozsngmail-com\/\"}]}<\/script>\n<!-- \/ Yoast SEO plugin. -->","yoast_head_json":{"title":"Saiba quem \u00e9 a mulher presa por tr\u00e1fico internacional de drogas em Salvador - Brasil not\u00edcias","robots":{"index":"index","follow":"follow","max-snippet":"max-snippet:-1","max-image-preview":"max-image-preview:large","max-video-preview":"max-video-preview:-1"},"canonical":"https:\/\/brasilnoticias.org\/site\/saiba-quem-e-a-mulher-presa-por-trafico-internacional-de-drogas-em-salvador\/","og_locale":"pt_PT","og_type":"article","og_title":"Saiba quem \u00e9 a mulher presa por tr\u00e1fico internacional de drogas em Salvador - Brasil not\u00edcias","og_description":"Alexia de Paula, ex-mulher do jogador Helder de Paula, ex-jogador do Bahia, foi presa suspeita de tr\u00e1fico internacional de drogas,","og_url":"https:\/\/brasilnoticias.org\/site\/saiba-quem-e-a-mulher-presa-por-trafico-internacional-de-drogas-em-salvador\/","og_site_name":"Brasil not\u00edcias","article_published_time":"2023-07-27T09:23:16+00:00","og_image":[{"width":800,"height":450,"url":"https:\/\/brasilnoticias.org\/site\/wp-content\/uploads\/2023\/07\/mulher_presa_suspeita_trafico_widelg.webp","type":"image\/webp"}],"author":"Reda\u00e7\u00e3o","twitter_card":"summary_large_image","twitter_misc":{"Escrito por":"Reda\u00e7\u00e3o"},"schema":{"@context":"https:\/\/schema.org","@graph":[{"@type":"Article","@id":"https:\/\/brasilnoticias.org\/site\/saiba-quem-e-a-mulher-presa-por-trafico-internacional-de-drogas-em-salvador\/#article","isPartOf":{"@id":"https:\/\/brasilnoticias.org\/site\/saiba-quem-e-a-mulher-presa-por-trafico-internacional-de-drogas-em-salvador\/"},"author":{"name":"Reda\u00e7\u00e3o","@id":"https:\/\/brasilnoticias.org\/site\/#\/schema\/person\/a0e05b973ec4d15c658d51911e53507b"},"headline":"Saiba quem \u00e9 a mulher presa por tr\u00e1fico internacional de drogas em Salvador","datePublished":"2023-07-27T09:23:16+00:00","mainEntityOfPage":{"@id":"https:\/\/brasilnoticias.org\/site\/saiba-quem-e-a-mulher-presa-por-trafico-internacional-de-drogas-em-salvador\/"},"wordCount":224,"commentCount":0,"publisher":{"@id":"https:\/\/brasilnoticias.org\/site\/#organization"},"image":{"@id":"https:\/\/brasilnoticias.org\/site\/saiba-quem-e-a-mulher-presa-por-trafico-internacional-de-drogas-em-salvador\/#primaryimage"},"thumbnailUrl":"https:\/\/brasilnoticias.org\/site\/wp-content\/uploads\/2023\/07\/mulher_presa_suspeita_trafico_widelg.webp","articleSection":["Pol\u00edcia","\u00daltimas"],"inLanguage":"pt-PT","potentialAction":[{"@type":"CommentAction","name":"Comment","target":["https:\/\/brasilnoticias.org\/site\/saiba-quem-e-a-mulher-presa-por-trafico-internacional-de-drogas-em-salvador\/#respond"]}]},{"@type":"WebPage","@id":"https:\/\/brasilnoticias.org\/site\/saiba-quem-e-a-mulher-presa-por-trafico-internacional-de-drogas-em-salvador\/","url":"https:\/\/brasilnoticias.org\/site\/saiba-quem-e-a-mulher-presa-por-trafico-internacional-de-drogas-em-salvador\/","name":"Saiba quem \u00e9 a mulher presa por tr\u00e1fico internacional de drogas em Salvador - Brasil not\u00edcias","isPartOf":{"@id":"https:\/\/brasilnoticias.org\/site\/#website"},"primaryImageOfPage":{"@id":"https:\/\/brasilnoticias.org\/site\/saiba-quem-e-a-mulher-presa-por-trafico-internacional-de-drogas-em-salvador\/#primaryimage"},"image":{"@id":"https:\/\/brasilnoticias.org\/site\/saiba-quem-e-a-mulher-presa-por-trafico-internacional-de-drogas-em-salvador\/#primaryimage"},"thumbnailUrl":"https:\/\/brasilnoticias.org\/site\/wp-content\/uploads\/2023\/07\/mulher_presa_suspeita_trafico_widelg.webp","datePublished":"2023-07-27T09:23:16+00:00","breadcrumb":{"@id":"https:\/\/brasilnoticias.org\/site\/saiba-quem-e-a-mulher-presa-por-trafico-internacional-de-drogas-em-salvador\/#breadcrumb"},"inLanguage":"pt-PT","potentialAction":[{"@type":"ReadAction","target":["https:\/\/brasilnoticias.org\/site\/saiba-quem-e-a-mulher-presa-por-trafico-internacional-de-drogas-em-salvador\/"]}]},{"@type":"ImageObject","inLanguage":"pt-PT","@id":"https:\/\/brasilnoticias.org\/site\/saiba-quem-e-a-mulher-presa-por-trafico-internacional-de-drogas-em-salvador\/#primaryimage","url":"https:\/\/brasilnoticias.org\/site\/wp-content\/uploads\/2023\/07\/mulher_presa_suspeita_trafico_widelg.webp","contentUrl":"https:\/\/brasilnoticias.org\/site\/wp-content\/uploads\/2023\/07\/mulher_presa_suspeita_trafico_widelg.webp","width":800,"height":450},{"@type":"BreadcrumbList","@id":"https:\/\/brasilnoticias.org\/site\/saiba-quem-e-a-mulher-presa-por-trafico-internacional-de-drogas-em-salvador\/#breadcrumb","itemListElement":[{"@type":"ListItem","position":1,"name":"In\u00edcio","item":"https:\/\/brasilnoticias.org\/site\/"},{"@type":"ListItem","position":2,"name":"Saiba quem \u00e9 a mulher presa por tr\u00e1fico internacional de drogas em Salvador"}]},{"@type":"WebSite","@id":"https:\/\/brasilnoticias.org\/site\/#website","url":"https:\/\/brasilnoticias.org\/site\/","name":"Brasil not\u00edcias","description":"Brasil not\u00edcias","publisher":{"@id":"https:\/\/brasilnoticias.org\/site\/#organization"},"potentialAction":[{"@type":"SearchAction","target":{"@type":"EntryPoint","urlTemplate":"https:\/\/brasilnoticias.org\/site\/?s={search_term_string}"},"query-input":{"@type":"PropertyValueSpecification","valueRequired":true,"valueName":"search_term_string"}}],"inLanguage":"pt-PT"},{"@type":"Organization","@id":"https:\/\/brasilnoticias.org\/site\/#organization","name":"Brasil not\u00edcias","url":"https:\/\/brasilnoticias.org\/site\/","logo":{"@type":"ImageObject","inLanguage":"pt-PT","@id":"https:\/\/brasilnoticias.org\/site\/#\/schema\/logo\/image\/","url":"https:\/\/brasilnoticias.org\/site\/wp-content\/uploads\/2022\/05\/cropped-brasilnoticias-mini.jpg","contentUrl":"https:\/\/brasilnoticias.org\/site\/wp-content\/uploads\/2022\/05\/cropped-brasilnoticias-mini.jpg","width":314,"height":86,"caption":"Brasil not\u00edcias"},"image":{"@id":"https:\/\/brasilnoticias.org\/site\/#\/schema\/logo\/image\/"}},{"@type":"Person","@id":"https:\/\/brasilnoticias.org\/site\/#\/schema\/person\/a0e05b973ec4d15c658d51911e53507b","name":"Reda\u00e7\u00e3o","image":{"@type":"ImageObject","inLanguage":"pt-PT","@id":"https:\/\/brasilnoticias.org\/site\/#\/schema\/person\/image\/","url":"https:\/\/secure.gravatar.com\/avatar\/75d8b050df2de108b08ae78dfb8e374892df24a383c67db9c46a9c604f6aee9c?s=96&d=mm&r=g","contentUrl":"https:\/\/secure.gravatar.com\/avatar\/75d8b050df2de108b08ae78dfb8e374892df24a383c67db9c46a9c604f6aee9c?s=96&d=mm&r=g","caption":"Reda\u00e7\u00e3o"},"sameAs":["https:\/\/brasilnoticias.org\/site"],"url":"https:\/\/brasilnoticias.org\/site\/author\/fernandozsngmail-com\/"}]}},"_links":{"self":[{"href":"https:\/\/brasilnoticias.org\/site\/wp-json\/wp\/v2\/posts\/7645","targetHints":{"allow":["GET"]}}],"collection":[{"href":"https:\/\/brasilnoticias.org\/site\/wp-json\/wp\/v2\/posts"}],"about":[{"href":"https:\/\/brasilnoticias.org\/site\/wp-json\/wp\/v2\/types\/post"}],"author":[{"embeddable":true,"href":"https:\/\/brasilnoticias.org\/site\/wp-json\/wp\/v2\/users\/1"}],"replies":[{"embeddable":true,"href":"https:\/\/brasilnoticias.org\/site\/wp-json\/wp\/v2\/comments?post=7645"}],"version-history":[{"count":1,"href":"https:\/\/brasilnoticias.org\/site\/wp-json\/wp\/v2\/posts\/7645\/revisions"}],"predecessor-version":[{"id":7647,"href":"https:\/\/brasilnoticias.org\/site\/wp-json\/wp\/v2\/posts\/7645\/revisions\/7647"}],"wp:featuredmedia":[{"embeddable":true,"href":"https:\/\/brasilnoticias.org\/site\/wp-json\/wp\/v2\/media\/7646"}],"wp:attachment":[{"href":"https:\/\/brasilnoticias.org\/site\/wp-json\/wp\/v2\/media?parent=7645"}],"wp:term":[{"taxonomy":"category","embeddable":true,"href":"https:\/\/brasilnoticias.org\/site\/wp-json\/wp\/v2\/categories?post=7645"},{"taxonomy":"post_tag","embeddable":true,"href":"https:\/\/brasilnoticias.org\/site\/wp-json\/wp\/v2\/tags?post=7645"}],"curies":[{"name":"wp","href":"https:\/\/api.w.org\/{rel}","templated":true}]}}