{"id":765,"date":"2022-06-03T19:36:57","date_gmt":"2022-06-03T22:36:57","guid":{"rendered":"https:\/\/brasilnoticias.org\/site\/?p=765"},"modified":"2022-06-03T19:36:57","modified_gmt":"2022-06-03T22:36:57","slug":"niltinho-participa-da-assinatura-da-ordem-de-servicos-para-obras-e-construcao-de-escola-em-gandu","status":"publish","type":"post","link":"https:\/\/brasilnoticias.org\/site\/niltinho-participa-da-assinatura-da-ordem-de-servicos-para-obras-e-construcao-de-escola-em-gandu\/","title":{"rendered":"Niltinho participa da assinatura da Ordem de Servi\u00e7os para obras e constru\u00e7\u00e3o de escola em Gandu"},"content":{"rendered":"<p>&nbsp;<\/p>\n<p>O deputado estadual Niltinho (PP) prestigiou, nesta quinta-feira (2), ao lado do prefeito Leo de Neco (PP), e do pr\u00e9-candidato a deputado federal, Neto Carletto (PP), a assinatura de ordem de servi\u00e7o para tr\u00eas obras no munic\u00edpio de Gandu. Ser\u00e1 realizada a pavimenta\u00e7\u00e3o da Rua Evandro Duarte. E ser\u00e1 entregue \u00e0 popula\u00e7\u00e3o uma Areninha Society, no bairro Renova\u00e7\u00e3o 1. A Prefeitura tamb\u00e9m construir\u00e1 a Escola Municipal Vitor Meirelles, na comunidade que leva o mesmo nome.<\/p>\n<p>\u201cAgrade\u00e7o mais uma vez o apoio da popula\u00e7\u00e3o desta querida cidade. O prefeito L\u00e9o de Neco tem realizado diversas obras em prol da melhoria da qualidade de vida da popula\u00e7\u00e3o de Gandu. E o nosso mandato est\u00e1 \u00e0 disposi\u00e7\u00e3o para colaborar com o desenvolvimento da cidade\u201d, disse Niltinho.<\/p>\n<p>O presidente da C\u00e2mara Municipal de Gandu, vereador Bilisco (PP), tamb\u00e9m participou da assinatura da Ordem de Servi\u00e7o, dentre outras autoridades municipais e lideran\u00e7as pol\u00edticas da regi\u00e3o.<\/p>\n","protected":false},"excerpt":{"rendered":"<p>&nbsp; O deputado estadual Niltinho (PP) prestigiou, nesta quinta-feira (2), ao lado do prefeito Leo de Neco (PP), e do<\/p>\n","protected":false},"author":2,"featured_media":766,"comment_status":"open","ping_status":"open","sticky":false,"template":"","format":"standard","meta":{"colormag_page_container_layout":"default_layout","colormag_page_sidebar_layout":"default_layout","_FSMCFIC_featured_image_caption":"","_FSMCFIC_featured_image_nocaption":"","_FSMCFIC_featured_image_hide":"","footnotes":""},"categories":[5,1],"tags":[],"class_list":["post-765","post","type-post","status-publish","format-standard","has-post-thumbnail","hentry","category-politica","category-ultimas"],"yoast_head":"<!-- This site is optimized with the Yoast SEO plugin v27.1.1 - https:\/\/yoast.com\/product\/yoast-seo-wordpress\/ -->\n<title>Niltinho participa da assinatura da Ordem de Servi\u00e7os para obras e constru\u00e7\u00e3o de escola em Gandu - Brasil not\u00edcias<\/title>\n<meta name=\"robots\" content=\"index, follow, max-snippet:-1, max-image-preview:large, max-video-preview:-1\" \/>\n<link rel=\"canonical\" href=\"https:\/\/brasilnoticias.org\/site\/niltinho-participa-da-assinatura-da-ordem-de-servicos-para-obras-e-construcao-de-escola-em-gandu\/\" \/>\n<meta property=\"og:locale\" content=\"pt_PT\" \/>\n<meta property=\"og:type\" content=\"article\" \/>\n<meta property=\"og:title\" content=\"Niltinho participa da assinatura da Ordem de Servi\u00e7os para obras e constru\u00e7\u00e3o de escola em Gandu - Brasil not\u00edcias\" \/>\n<meta property=\"og:description\" content=\"&nbsp; O deputado estadual Niltinho (PP) prestigiou, nesta quinta-feira (2), ao lado do prefeito Leo de Neco (PP), e do\" \/>\n<meta property=\"og:url\" content=\"https:\/\/brasilnoticias.org\/site\/niltinho-participa-da-assinatura-da-ordem-de-servicos-para-obras-e-construcao-de-escola-em-gandu\/\" \/>\n<meta property=\"og:site_name\" content=\"Brasil not\u00edcias\" \/>\n<meta property=\"article:published_time\" content=\"2022-06-03T22:36:57+00:00\" \/>\n<meta property=\"og:image\" content=\"https:\/\/brasilnoticias.org\/site\/wp-content\/uploads\/2022\/06\/IMG-20220603-WA0029.jpg\" \/>\n\t<meta property=\"og:image:width\" content=\"1080\" \/>\n\t<meta property=\"og:image:height\" content=\"713\" \/>\n\t<meta property=\"og:image:type\" content=\"image\/jpeg\" \/>\n<meta name=\"author\" content=\"Reda\u00e7\u00e3o\" \/>\n<meta name=\"twitter:card\" content=\"summary_large_image\" \/>\n<meta name=\"twitter:label1\" content=\"Escrito por\" \/>\n\t<meta name=\"twitter:data1\" content=\"Reda\u00e7\u00e3o\" \/>\n\t<meta name=\"twitter:label2\" content=\"Tempo estimado de leitura\" \/>\n\t<meta name=\"twitter:data2\" content=\"1 minuto\" \/>\n<script type=\"application\/ld+json\" class=\"yoast-schema-graph\">{\"@context\":\"https:\/\/schema.org\",\"@graph\":[{\"@type\":\"Article\",\"@id\":\"https:\/\/brasilnoticias.org\/site\/niltinho-participa-da-assinatura-da-ordem-de-servicos-para-obras-e-construcao-de-escola-em-gandu\/#article\",\"isPartOf\":{\"@id\":\"https:\/\/brasilnoticias.org\/site\/niltinho-participa-da-assinatura-da-ordem-de-servicos-para-obras-e-construcao-de-escola-em-gandu\/\"},\"author\":{\"name\":\"Reda\u00e7\u00e3o\",\"@id\":\"https:\/\/brasilnoticias.org\/site\/#\/schema\/person\/f609fa847b5314f1c8b983342f34c798\"},\"headline\":\"Niltinho participa da assinatura da Ordem de Servi\u00e7os para obras e constru\u00e7\u00e3o de escola em Gandu\",\"datePublished\":\"2022-06-03T22:36:57+00:00\",\"mainEntityOfPage\":{\"@id\":\"https:\/\/brasilnoticias.org\/site\/niltinho-participa-da-assinatura-da-ordem-de-servicos-para-obras-e-construcao-de-escola-em-gandu\/\"},\"wordCount\":184,\"commentCount\":0,\"publisher\":{\"@id\":\"https:\/\/brasilnoticias.org\/site\/#organization\"},\"image\":{\"@id\":\"https:\/\/brasilnoticias.org\/site\/niltinho-participa-da-assinatura-da-ordem-de-servicos-para-obras-e-construcao-de-escola-em-gandu\/#primaryimage\"},\"thumbnailUrl\":\"https:\/\/brasilnoticias.org\/site\/wp-content\/uploads\/2022\/06\/IMG-20220603-WA0029.jpg\",\"articleSection\":[\"Pol\u00edtica\",\"\u00daltimas\"],\"inLanguage\":\"pt-PT\",\"potentialAction\":[{\"@type\":\"CommentAction\",\"name\":\"Comment\",\"target\":[\"https:\/\/brasilnoticias.org\/site\/niltinho-participa-da-assinatura-da-ordem-de-servicos-para-obras-e-construcao-de-escola-em-gandu\/#respond\"]}]},{\"@type\":\"WebPage\",\"@id\":\"https:\/\/brasilnoticias.org\/site\/niltinho-participa-da-assinatura-da-ordem-de-servicos-para-obras-e-construcao-de-escola-em-gandu\/\",\"url\":\"https:\/\/brasilnoticias.org\/site\/niltinho-participa-da-assinatura-da-ordem-de-servicos-para-obras-e-construcao-de-escola-em-gandu\/\",\"name\":\"Niltinho participa da assinatura da Ordem de Servi\u00e7os para obras e constru\u00e7\u00e3o de escola em Gandu - Brasil not\u00edcias\",\"isPartOf\":{\"@id\":\"https:\/\/brasilnoticias.org\/site\/#website\"},\"primaryImageOfPage\":{\"@id\":\"https:\/\/brasilnoticias.org\/site\/niltinho-participa-da-assinatura-da-ordem-de-servicos-para-obras-e-construcao-de-escola-em-gandu\/#primaryimage\"},\"image\":{\"@id\":\"https:\/\/brasilnoticias.org\/site\/niltinho-participa-da-assinatura-da-ordem-de-servicos-para-obras-e-construcao-de-escola-em-gandu\/#primaryimage\"},\"thumbnailUrl\":\"https:\/\/brasilnoticias.org\/site\/wp-content\/uploads\/2022\/06\/IMG-20220603-WA0029.jpg\",\"datePublished\":\"2022-06-03T22:36:57+00:00\",\"breadcrumb\":{\"@id\":\"https:\/\/brasilnoticias.org\/site\/niltinho-participa-da-assinatura-da-ordem-de-servicos-para-obras-e-construcao-de-escola-em-gandu\/#breadcrumb\"},\"inLanguage\":\"pt-PT\",\"potentialAction\":[{\"@type\":\"ReadAction\",\"target\":[\"https:\/\/brasilnoticias.org\/site\/niltinho-participa-da-assinatura-da-ordem-de-servicos-para-obras-e-construcao-de-escola-em-gandu\/\"]}]},{\"@type\":\"ImageObject\",\"inLanguage\":\"pt-PT\",\"@id\":\"https:\/\/brasilnoticias.org\/site\/niltinho-participa-da-assinatura-da-ordem-de-servicos-para-obras-e-construcao-de-escola-em-gandu\/#primaryimage\",\"url\":\"https:\/\/brasilnoticias.org\/site\/wp-content\/uploads\/2022\/06\/IMG-20220603-WA0029.jpg\",\"contentUrl\":\"https:\/\/brasilnoticias.org\/site\/wp-content\/uploads\/2022\/06\/IMG-20220603-WA0029.jpg\",\"width\":1080,\"height\":713},{\"@type\":\"BreadcrumbList\",\"@id\":\"https:\/\/brasilnoticias.org\/site\/niltinho-participa-da-assinatura-da-ordem-de-servicos-para-obras-e-construcao-de-escola-em-gandu\/#breadcrumb\",\"itemListElement\":[{\"@type\":\"ListItem\",\"position\":1,\"name\":\"In\u00edcio\",\"item\":\"https:\/\/brasilnoticias.org\/site\/\"},{\"@type\":\"ListItem\",\"position\":2,\"name\":\"Niltinho participa da assinatura da Ordem de Servi\u00e7os para obras e constru\u00e7\u00e3o de escola em Gandu\"}]},{\"@type\":\"WebSite\",\"@id\":\"https:\/\/brasilnoticias.org\/site\/#website\",\"url\":\"https:\/\/brasilnoticias.org\/site\/\",\"name\":\"Brasil not\u00edcias\",\"description\":\"Brasil not\u00edcias\",\"publisher\":{\"@id\":\"https:\/\/brasilnoticias.org\/site\/#organization\"},\"potentialAction\":[{\"@type\":\"SearchAction\",\"target\":{\"@type\":\"EntryPoint\",\"urlTemplate\":\"https:\/\/brasilnoticias.org\/site\/?s={search_term_string}\"},\"query-input\":{\"@type\":\"PropertyValueSpecification\",\"valueRequired\":true,\"valueName\":\"search_term_string\"}}],\"inLanguage\":\"pt-PT\"},{\"@type\":\"Organization\",\"@id\":\"https:\/\/brasilnoticias.org\/site\/#organization\",\"name\":\"Brasil not\u00edcias\",\"url\":\"https:\/\/brasilnoticias.org\/site\/\",\"logo\":{\"@type\":\"ImageObject\",\"inLanguage\":\"pt-PT\",\"@id\":\"https:\/\/brasilnoticias.org\/site\/#\/schema\/logo\/image\/\",\"url\":\"https:\/\/brasilnoticias.org\/site\/wp-content\/uploads\/2022\/05\/cropped-brasilnoticias-mini.jpg\",\"contentUrl\":\"https:\/\/brasilnoticias.org\/site\/wp-content\/uploads\/2022\/05\/cropped-brasilnoticias-mini.jpg\",\"width\":314,\"height\":86,\"caption\":\"Brasil not\u00edcias\"},\"image\":{\"@id\":\"https:\/\/brasilnoticias.org\/site\/#\/schema\/logo\/image\/\"}},{\"@type\":\"Person\",\"@id\":\"https:\/\/brasilnoticias.org\/site\/#\/schema\/person\/f609fa847b5314f1c8b983342f34c798\",\"name\":\"Reda\u00e7\u00e3o\",\"image\":{\"@type\":\"ImageObject\",\"inLanguage\":\"pt-PT\",\"@id\":\"https:\/\/brasilnoticias.org\/site\/#\/schema\/person\/image\/\",\"url\":\"https:\/\/secure.gravatar.com\/avatar\/447284c06c1ad8b46465a36de9cd0d8326b73387a22799b8b1ffb1fbcff2ed0c?s=96&d=mm&r=g\",\"contentUrl\":\"https:\/\/secure.gravatar.com\/avatar\/447284c06c1ad8b46465a36de9cd0d8326b73387a22799b8b1ffb1fbcff2ed0c?s=96&d=mm&r=g\",\"caption\":\"Reda\u00e7\u00e3o\"},\"url\":\"https:\/\/brasilnoticias.org\/site\/author\/redacao\/\"}]}<\/script>\n<!-- \/ Yoast SEO plugin. -->","yoast_head_json":{"title":"Niltinho participa da assinatura da Ordem de Servi\u00e7os para obras e constru\u00e7\u00e3o de escola em Gandu - Brasil not\u00edcias","robots":{"index":"index","follow":"follow","max-snippet":"max-snippet:-1","max-image-preview":"max-image-preview:large","max-video-preview":"max-video-preview:-1"},"canonical":"https:\/\/brasilnoticias.org\/site\/niltinho-participa-da-assinatura-da-ordem-de-servicos-para-obras-e-construcao-de-escola-em-gandu\/","og_locale":"pt_PT","og_type":"article","og_title":"Niltinho participa da assinatura da Ordem de Servi\u00e7os para obras e constru\u00e7\u00e3o de escola em Gandu - Brasil not\u00edcias","og_description":"&nbsp; O deputado estadual Niltinho (PP) prestigiou, nesta quinta-feira (2), ao lado do prefeito Leo de Neco (PP), e do","og_url":"https:\/\/brasilnoticias.org\/site\/niltinho-participa-da-assinatura-da-ordem-de-servicos-para-obras-e-construcao-de-escola-em-gandu\/","og_site_name":"Brasil not\u00edcias","article_published_time":"2022-06-03T22:36:57+00:00","og_image":[{"width":1080,"height":713,"url":"https:\/\/brasilnoticias.org\/site\/wp-content\/uploads\/2022\/06\/IMG-20220603-WA0029.jpg","type":"image\/jpeg"}],"author":"Reda\u00e7\u00e3o","twitter_card":"summary_large_image","twitter_misc":{"Escrito por":"Reda\u00e7\u00e3o","Tempo estimado de leitura":"1 minuto"},"schema":{"@context":"https:\/\/schema.org","@graph":[{"@type":"Article","@id":"https:\/\/brasilnoticias.org\/site\/niltinho-participa-da-assinatura-da-ordem-de-servicos-para-obras-e-construcao-de-escola-em-gandu\/#article","isPartOf":{"@id":"https:\/\/brasilnoticias.org\/site\/niltinho-participa-da-assinatura-da-ordem-de-servicos-para-obras-e-construcao-de-escola-em-gandu\/"},"author":{"name":"Reda\u00e7\u00e3o","@id":"https:\/\/brasilnoticias.org\/site\/#\/schema\/person\/f609fa847b5314f1c8b983342f34c798"},"headline":"Niltinho participa da assinatura da Ordem de Servi\u00e7os para obras e constru\u00e7\u00e3o de escola em Gandu","datePublished":"2022-06-03T22:36:57+00:00","mainEntityOfPage":{"@id":"https:\/\/brasilnoticias.org\/site\/niltinho-participa-da-assinatura-da-ordem-de-servicos-para-obras-e-construcao-de-escola-em-gandu\/"},"wordCount":184,"commentCount":0,"publisher":{"@id":"https:\/\/brasilnoticias.org\/site\/#organization"},"image":{"@id":"https:\/\/brasilnoticias.org\/site\/niltinho-participa-da-assinatura-da-ordem-de-servicos-para-obras-e-construcao-de-escola-em-gandu\/#primaryimage"},"thumbnailUrl":"https:\/\/brasilnoticias.org\/site\/wp-content\/uploads\/2022\/06\/IMG-20220603-WA0029.jpg","articleSection":["Pol\u00edtica","\u00daltimas"],"inLanguage":"pt-PT","potentialAction":[{"@type":"CommentAction","name":"Comment","target":["https:\/\/brasilnoticias.org\/site\/niltinho-participa-da-assinatura-da-ordem-de-servicos-para-obras-e-construcao-de-escola-em-gandu\/#respond"]}]},{"@type":"WebPage","@id":"https:\/\/brasilnoticias.org\/site\/niltinho-participa-da-assinatura-da-ordem-de-servicos-para-obras-e-construcao-de-escola-em-gandu\/","url":"https:\/\/brasilnoticias.org\/site\/niltinho-participa-da-assinatura-da-ordem-de-servicos-para-obras-e-construcao-de-escola-em-gandu\/","name":"Niltinho participa da assinatura da Ordem de Servi\u00e7os para obras e constru\u00e7\u00e3o de escola em Gandu - Brasil not\u00edcias","isPartOf":{"@id":"https:\/\/brasilnoticias.org\/site\/#website"},"primaryImageOfPage":{"@id":"https:\/\/brasilnoticias.org\/site\/niltinho-participa-da-assinatura-da-ordem-de-servicos-para-obras-e-construcao-de-escola-em-gandu\/#primaryimage"},"image":{"@id":"https:\/\/brasilnoticias.org\/site\/niltinho-participa-da-assinatura-da-ordem-de-servicos-para-obras-e-construcao-de-escola-em-gandu\/#primaryimage"},"thumbnailUrl":"https:\/\/brasilnoticias.org\/site\/wp-content\/uploads\/2022\/06\/IMG-20220603-WA0029.jpg","datePublished":"2022-06-03T22:36:57+00:00","breadcrumb":{"@id":"https:\/\/brasilnoticias.org\/site\/niltinho-participa-da-assinatura-da-ordem-de-servicos-para-obras-e-construcao-de-escola-em-gandu\/#breadcrumb"},"inLanguage":"pt-PT","potentialAction":[{"@type":"ReadAction","target":["https:\/\/brasilnoticias.org\/site\/niltinho-participa-da-assinatura-da-ordem-de-servicos-para-obras-e-construcao-de-escola-em-gandu\/"]}]},{"@type":"ImageObject","inLanguage":"pt-PT","@id":"https:\/\/brasilnoticias.org\/site\/niltinho-participa-da-assinatura-da-ordem-de-servicos-para-obras-e-construcao-de-escola-em-gandu\/#primaryimage","url":"https:\/\/brasilnoticias.org\/site\/wp-content\/uploads\/2022\/06\/IMG-20220603-WA0029.jpg","contentUrl":"https:\/\/brasilnoticias.org\/site\/wp-content\/uploads\/2022\/06\/IMG-20220603-WA0029.jpg","width":1080,"height":713},{"@type":"BreadcrumbList","@id":"https:\/\/brasilnoticias.org\/site\/niltinho-participa-da-assinatura-da-ordem-de-servicos-para-obras-e-construcao-de-escola-em-gandu\/#breadcrumb","itemListElement":[{"@type":"ListItem","position":1,"name":"In\u00edcio","item":"https:\/\/brasilnoticias.org\/site\/"},{"@type":"ListItem","position":2,"name":"Niltinho participa da assinatura da Ordem de Servi\u00e7os para obras e constru\u00e7\u00e3o de escola em Gandu"}]},{"@type":"WebSite","@id":"https:\/\/brasilnoticias.org\/site\/#website","url":"https:\/\/brasilnoticias.org\/site\/","name":"Brasil not\u00edcias","description":"Brasil not\u00edcias","publisher":{"@id":"https:\/\/brasilnoticias.org\/site\/#organization"},"potentialAction":[{"@type":"SearchAction","target":{"@type":"EntryPoint","urlTemplate":"https:\/\/brasilnoticias.org\/site\/?s={search_term_string}"},"query-input":{"@type":"PropertyValueSpecification","valueRequired":true,"valueName":"search_term_string"}}],"inLanguage":"pt-PT"},{"@type":"Organization","@id":"https:\/\/brasilnoticias.org\/site\/#organization","name":"Brasil not\u00edcias","url":"https:\/\/brasilnoticias.org\/site\/","logo":{"@type":"ImageObject","inLanguage":"pt-PT","@id":"https:\/\/brasilnoticias.org\/site\/#\/schema\/logo\/image\/","url":"https:\/\/brasilnoticias.org\/site\/wp-content\/uploads\/2022\/05\/cropped-brasilnoticias-mini.jpg","contentUrl":"https:\/\/brasilnoticias.org\/site\/wp-content\/uploads\/2022\/05\/cropped-brasilnoticias-mini.jpg","width":314,"height":86,"caption":"Brasil not\u00edcias"},"image":{"@id":"https:\/\/brasilnoticias.org\/site\/#\/schema\/logo\/image\/"}},{"@type":"Person","@id":"https:\/\/brasilnoticias.org\/site\/#\/schema\/person\/f609fa847b5314f1c8b983342f34c798","name":"Reda\u00e7\u00e3o","image":{"@type":"ImageObject","inLanguage":"pt-PT","@id":"https:\/\/brasilnoticias.org\/site\/#\/schema\/person\/image\/","url":"https:\/\/secure.gravatar.com\/avatar\/447284c06c1ad8b46465a36de9cd0d8326b73387a22799b8b1ffb1fbcff2ed0c?s=96&d=mm&r=g","contentUrl":"https:\/\/secure.gravatar.com\/avatar\/447284c06c1ad8b46465a36de9cd0d8326b73387a22799b8b1ffb1fbcff2ed0c?s=96&d=mm&r=g","caption":"Reda\u00e7\u00e3o"},"url":"https:\/\/brasilnoticias.org\/site\/author\/redacao\/"}]}},"_links":{"self":[{"href":"https:\/\/brasilnoticias.org\/site\/wp-json\/wp\/v2\/posts\/765","targetHints":{"allow":["GET"]}}],"collection":[{"href":"https:\/\/brasilnoticias.org\/site\/wp-json\/wp\/v2\/posts"}],"about":[{"href":"https:\/\/brasilnoticias.org\/site\/wp-json\/wp\/v2\/types\/post"}],"author":[{"embeddable":true,"href":"https:\/\/brasilnoticias.org\/site\/wp-json\/wp\/v2\/users\/2"}],"replies":[{"embeddable":true,"href":"https:\/\/brasilnoticias.org\/site\/wp-json\/wp\/v2\/comments?post=765"}],"version-history":[{"count":1,"href":"https:\/\/brasilnoticias.org\/site\/wp-json\/wp\/v2\/posts\/765\/revisions"}],"predecessor-version":[{"id":767,"href":"https:\/\/brasilnoticias.org\/site\/wp-json\/wp\/v2\/posts\/765\/revisions\/767"}],"wp:featuredmedia":[{"embeddable":true,"href":"https:\/\/brasilnoticias.org\/site\/wp-json\/wp\/v2\/media\/766"}],"wp:attachment":[{"href":"https:\/\/brasilnoticias.org\/site\/wp-json\/wp\/v2\/media?parent=765"}],"wp:term":[{"taxonomy":"category","embeddable":true,"href":"https:\/\/brasilnoticias.org\/site\/wp-json\/wp\/v2\/categories?post=765"},{"taxonomy":"post_tag","embeddable":true,"href":"https:\/\/brasilnoticias.org\/site\/wp-json\/wp\/v2\/tags?post=765"}],"curies":[{"name":"wp","href":"https:\/\/api.w.org\/{rel}","templated":true}]}}