{"id":7660,"date":"2023-07-27T18:10:19","date_gmt":"2023-07-27T21:10:19","guid":{"rendered":"https:\/\/brasilnoticias.org\/site\/?p=7660"},"modified":"2023-07-27T15:55:25","modified_gmt":"2023-07-27T18:55:25","slug":"homem-atropela-jovens-dentro-do-parque-da-cidade-em-salvador-apos-suspeitar-de-roubo","status":"publish","type":"post","link":"https:\/\/brasilnoticias.org\/site\/homem-atropela-jovens-dentro-do-parque-da-cidade-em-salvador-apos-suspeitar-de-roubo\/","title":{"rendered":"Homem atropela jovens dentro do Parque da Cidade, em Salvador, ap\u00f3s suspeitar de roubo"},"content":{"rendered":"<p>Ap\u00f3s se assaltado, um homem atropelou um grupo de quatro jovens que caminhava dentro do Parque da Cidade, no bairro do Itaigara, em Salvador, por suspeitar que eles seriam os autores do furto. Uma das v\u00edtimas, que \u00e9 menor de idade, precisou de atendimento m\u00e9dico e o motorista foi apresentado na Central de Flagrantes na noite desta quarta-feira (26\/7).<\/p>\n<p>Em nota, a Guarda Civil indica que, ao chegar no local do atropelamento, conversou com o condutor. Segundo ele, o assalto aconteceu no Shopping Itaigara, que fica do lado oposto ao parque. Ainda no local onde foi furtado, o indiv\u00edduo teria recebido informa\u00e7\u00f5es quanto a localiza\u00e7\u00e3o dos suspeitos.<\/p>\n<p>Com isto, ele se dirigiu para o local. O menor atingido foi encaminhado para a Unidade de Pronto Atendimento (UPA) dos Barris. Segundo o suspeito do atropelamento, um dos respons\u00e1veis pelo roubo conseguiu fugir pelo matagal e s\u00f3 depois teria visto o outro jovem ca\u00eddo.<\/p>\n<p>A Superintend\u00eancia de Tr\u00e2nsito de Salvador (Transalvador) e o Servi\u00e7o de Atendimento M\u00f3vel de Urg\u00eancia (Samu) foram acionados para prestar apoio na ocorr\u00eancia. O Aratu On tentou contato com a Pol\u00edcia Civil, mas at\u00e9 o fechamento desta reportagem, n\u00e3o teve retorno.<\/p>\n<p>Aratu on<br \/>\nFoto Divulga\u00e7\u00e3o<\/p>\n","protected":false},"excerpt":{"rendered":"<p>Ap\u00f3s se assaltado, um homem atropelou um grupo de quatro jovens que caminhava dentro do Parque da Cidade, no bairro<\/p>\n","protected":false},"author":1,"featured_media":7661,"comment_status":"open","ping_status":"open","sticky":false,"template":"","format":"standard","meta":{"colormag_page_container_layout":"default_layout","colormag_page_sidebar_layout":"default_layout","_FSMCFIC_featured_image_caption":"","_FSMCFIC_featured_image_nocaption":"","_FSMCFIC_featured_image_hide":"","footnotes":""},"categories":[3,1],"tags":[],"class_list":["post-7660","post","type-post","status-publish","format-standard","has-post-thumbnail","hentry","category-policia","category-ultimas"],"yoast_head":"<!-- This site is optimized with the Yoast SEO plugin v27.1.1 - https:\/\/yoast.com\/product\/yoast-seo-wordpress\/ -->\n<title>Homem atropela jovens dentro do Parque da Cidade, em Salvador, ap\u00f3s suspeitar de roubo - Brasil not\u00edcias<\/title>\n<meta name=\"robots\" content=\"index, follow, max-snippet:-1, max-image-preview:large, max-video-preview:-1\" \/>\n<link rel=\"canonical\" href=\"https:\/\/brasilnoticias.org\/site\/homem-atropela-jovens-dentro-do-parque-da-cidade-em-salvador-apos-suspeitar-de-roubo\/\" \/>\n<meta property=\"og:locale\" content=\"pt_PT\" \/>\n<meta property=\"og:type\" content=\"article\" \/>\n<meta property=\"og:title\" content=\"Homem atropela jovens dentro do Parque da Cidade, em Salvador, ap\u00f3s suspeitar de roubo - Brasil not\u00edcias\" \/>\n<meta property=\"og:description\" content=\"Ap\u00f3s se assaltado, um homem atropelou um grupo de quatro jovens que caminhava dentro do Parque da Cidade, no bairro\" \/>\n<meta property=\"og:url\" content=\"https:\/\/brasilnoticias.org\/site\/homem-atropela-jovens-dentro-do-parque-da-cidade-em-salvador-apos-suspeitar-de-roubo\/\" \/>\n<meta property=\"og:site_name\" content=\"Brasil not\u00edcias\" \/>\n<meta property=\"article:published_time\" content=\"2023-07-27T21:10:19+00:00\" \/>\n<meta property=\"og:image\" content=\"https:\/\/brasilnoticias.org\/site\/wp-content\/uploads\/2023\/07\/Design-sem-nome-46.jpg\" \/>\n\t<meta property=\"og:image:width\" content=\"740\" \/>\n\t<meta property=\"og:image:height\" content=\"470\" \/>\n\t<meta property=\"og:image:type\" content=\"image\/jpeg\" \/>\n<meta name=\"author\" content=\"Reda\u00e7\u00e3o\" \/>\n<meta name=\"twitter:card\" content=\"summary_large_image\" \/>\n<meta name=\"twitter:label1\" content=\"Escrito por\" \/>\n\t<meta name=\"twitter:data1\" content=\"Reda\u00e7\u00e3o\" \/>\n<script type=\"application\/ld+json\" class=\"yoast-schema-graph\">{\"@context\":\"https:\/\/schema.org\",\"@graph\":[{\"@type\":\"Article\",\"@id\":\"https:\/\/brasilnoticias.org\/site\/homem-atropela-jovens-dentro-do-parque-da-cidade-em-salvador-apos-suspeitar-de-roubo\/#article\",\"isPartOf\":{\"@id\":\"https:\/\/brasilnoticias.org\/site\/homem-atropela-jovens-dentro-do-parque-da-cidade-em-salvador-apos-suspeitar-de-roubo\/\"},\"author\":{\"name\":\"Reda\u00e7\u00e3o\",\"@id\":\"https:\/\/brasilnoticias.org\/site\/#\/schema\/person\/a0e05b973ec4d15c658d51911e53507b\"},\"headline\":\"Homem atropela jovens dentro do Parque da Cidade, em Salvador, ap\u00f3s suspeitar de roubo\",\"datePublished\":\"2023-07-27T21:10:19+00:00\",\"mainEntityOfPage\":{\"@id\":\"https:\/\/brasilnoticias.org\/site\/homem-atropela-jovens-dentro-do-parque-da-cidade-em-salvador-apos-suspeitar-de-roubo\/\"},\"wordCount\":227,\"commentCount\":0,\"publisher\":{\"@id\":\"https:\/\/brasilnoticias.org\/site\/#organization\"},\"image\":{\"@id\":\"https:\/\/brasilnoticias.org\/site\/homem-atropela-jovens-dentro-do-parque-da-cidade-em-salvador-apos-suspeitar-de-roubo\/#primaryimage\"},\"thumbnailUrl\":\"https:\/\/brasilnoticias.org\/site\/wp-content\/uploads\/2023\/07\/Design-sem-nome-46.jpg\",\"articleSection\":[\"Pol\u00edcia\",\"\u00daltimas\"],\"inLanguage\":\"pt-PT\",\"potentialAction\":[{\"@type\":\"CommentAction\",\"name\":\"Comment\",\"target\":[\"https:\/\/brasilnoticias.org\/site\/homem-atropela-jovens-dentro-do-parque-da-cidade-em-salvador-apos-suspeitar-de-roubo\/#respond\"]}]},{\"@type\":\"WebPage\",\"@id\":\"https:\/\/brasilnoticias.org\/site\/homem-atropela-jovens-dentro-do-parque-da-cidade-em-salvador-apos-suspeitar-de-roubo\/\",\"url\":\"https:\/\/brasilnoticias.org\/site\/homem-atropela-jovens-dentro-do-parque-da-cidade-em-salvador-apos-suspeitar-de-roubo\/\",\"name\":\"Homem atropela jovens dentro do Parque da Cidade, em Salvador, ap\u00f3s suspeitar de roubo - Brasil not\u00edcias\",\"isPartOf\":{\"@id\":\"https:\/\/brasilnoticias.org\/site\/#website\"},\"primaryImageOfPage\":{\"@id\":\"https:\/\/brasilnoticias.org\/site\/homem-atropela-jovens-dentro-do-parque-da-cidade-em-salvador-apos-suspeitar-de-roubo\/#primaryimage\"},\"image\":{\"@id\":\"https:\/\/brasilnoticias.org\/site\/homem-atropela-jovens-dentro-do-parque-da-cidade-em-salvador-apos-suspeitar-de-roubo\/#primaryimage\"},\"thumbnailUrl\":\"https:\/\/brasilnoticias.org\/site\/wp-content\/uploads\/2023\/07\/Design-sem-nome-46.jpg\",\"datePublished\":\"2023-07-27T21:10:19+00:00\",\"breadcrumb\":{\"@id\":\"https:\/\/brasilnoticias.org\/site\/homem-atropela-jovens-dentro-do-parque-da-cidade-em-salvador-apos-suspeitar-de-roubo\/#breadcrumb\"},\"inLanguage\":\"pt-PT\",\"potentialAction\":[{\"@type\":\"ReadAction\",\"target\":[\"https:\/\/brasilnoticias.org\/site\/homem-atropela-jovens-dentro-do-parque-da-cidade-em-salvador-apos-suspeitar-de-roubo\/\"]}]},{\"@type\":\"ImageObject\",\"inLanguage\":\"pt-PT\",\"@id\":\"https:\/\/brasilnoticias.org\/site\/homem-atropela-jovens-dentro-do-parque-da-cidade-em-salvador-apos-suspeitar-de-roubo\/#primaryimage\",\"url\":\"https:\/\/brasilnoticias.org\/site\/wp-content\/uploads\/2023\/07\/Design-sem-nome-46.jpg\",\"contentUrl\":\"https:\/\/brasilnoticias.org\/site\/wp-content\/uploads\/2023\/07\/Design-sem-nome-46.jpg\",\"width\":740,\"height\":470},{\"@type\":\"BreadcrumbList\",\"@id\":\"https:\/\/brasilnoticias.org\/site\/homem-atropela-jovens-dentro-do-parque-da-cidade-em-salvador-apos-suspeitar-de-roubo\/#breadcrumb\",\"itemListElement\":[{\"@type\":\"ListItem\",\"position\":1,\"name\":\"In\u00edcio\",\"item\":\"https:\/\/brasilnoticias.org\/site\/\"},{\"@type\":\"ListItem\",\"position\":2,\"name\":\"Homem atropela jovens dentro do Parque da Cidade, em Salvador, ap\u00f3s suspeitar de roubo\"}]},{\"@type\":\"WebSite\",\"@id\":\"https:\/\/brasilnoticias.org\/site\/#website\",\"url\":\"https:\/\/brasilnoticias.org\/site\/\",\"name\":\"Brasil not\u00edcias\",\"description\":\"Brasil not\u00edcias\",\"publisher\":{\"@id\":\"https:\/\/brasilnoticias.org\/site\/#organization\"},\"potentialAction\":[{\"@type\":\"SearchAction\",\"target\":{\"@type\":\"EntryPoint\",\"urlTemplate\":\"https:\/\/brasilnoticias.org\/site\/?s={search_term_string}\"},\"query-input\":{\"@type\":\"PropertyValueSpecification\",\"valueRequired\":true,\"valueName\":\"search_term_string\"}}],\"inLanguage\":\"pt-PT\"},{\"@type\":\"Organization\",\"@id\":\"https:\/\/brasilnoticias.org\/site\/#organization\",\"name\":\"Brasil not\u00edcias\",\"url\":\"https:\/\/brasilnoticias.org\/site\/\",\"logo\":{\"@type\":\"ImageObject\",\"inLanguage\":\"pt-PT\",\"@id\":\"https:\/\/brasilnoticias.org\/site\/#\/schema\/logo\/image\/\",\"url\":\"https:\/\/brasilnoticias.org\/site\/wp-content\/uploads\/2022\/05\/cropped-brasilnoticias-mini.jpg\",\"contentUrl\":\"https:\/\/brasilnoticias.org\/site\/wp-content\/uploads\/2022\/05\/cropped-brasilnoticias-mini.jpg\",\"width\":314,\"height\":86,\"caption\":\"Brasil not\u00edcias\"},\"image\":{\"@id\":\"https:\/\/brasilnoticias.org\/site\/#\/schema\/logo\/image\/\"}},{\"@type\":\"Person\",\"@id\":\"https:\/\/brasilnoticias.org\/site\/#\/schema\/person\/a0e05b973ec4d15c658d51911e53507b\",\"name\":\"Reda\u00e7\u00e3o\",\"image\":{\"@type\":\"ImageObject\",\"inLanguage\":\"pt-PT\",\"@id\":\"https:\/\/brasilnoticias.org\/site\/#\/schema\/person\/image\/\",\"url\":\"https:\/\/secure.gravatar.com\/avatar\/75d8b050df2de108b08ae78dfb8e374892df24a383c67db9c46a9c604f6aee9c?s=96&d=mm&r=g\",\"contentUrl\":\"https:\/\/secure.gravatar.com\/avatar\/75d8b050df2de108b08ae78dfb8e374892df24a383c67db9c46a9c604f6aee9c?s=96&d=mm&r=g\",\"caption\":\"Reda\u00e7\u00e3o\"},\"sameAs\":[\"https:\/\/brasilnoticias.org\/site\"],\"url\":\"https:\/\/brasilnoticias.org\/site\/author\/fernandozsngmail-com\/\"}]}<\/script>\n<!-- \/ Yoast SEO plugin. -->","yoast_head_json":{"title":"Homem atropela jovens dentro do Parque da Cidade, em Salvador, ap\u00f3s suspeitar de roubo - Brasil not\u00edcias","robots":{"index":"index","follow":"follow","max-snippet":"max-snippet:-1","max-image-preview":"max-image-preview:large","max-video-preview":"max-video-preview:-1"},"canonical":"https:\/\/brasilnoticias.org\/site\/homem-atropela-jovens-dentro-do-parque-da-cidade-em-salvador-apos-suspeitar-de-roubo\/","og_locale":"pt_PT","og_type":"article","og_title":"Homem atropela jovens dentro do Parque da Cidade, em Salvador, ap\u00f3s suspeitar de roubo - Brasil not\u00edcias","og_description":"Ap\u00f3s se assaltado, um homem atropelou um grupo de quatro jovens que caminhava dentro do Parque da Cidade, no bairro","og_url":"https:\/\/brasilnoticias.org\/site\/homem-atropela-jovens-dentro-do-parque-da-cidade-em-salvador-apos-suspeitar-de-roubo\/","og_site_name":"Brasil not\u00edcias","article_published_time":"2023-07-27T21:10:19+00:00","og_image":[{"width":740,"height":470,"url":"https:\/\/brasilnoticias.org\/site\/wp-content\/uploads\/2023\/07\/Design-sem-nome-46.jpg","type":"image\/jpeg"}],"author":"Reda\u00e7\u00e3o","twitter_card":"summary_large_image","twitter_misc":{"Escrito por":"Reda\u00e7\u00e3o"},"schema":{"@context":"https:\/\/schema.org","@graph":[{"@type":"Article","@id":"https:\/\/brasilnoticias.org\/site\/homem-atropela-jovens-dentro-do-parque-da-cidade-em-salvador-apos-suspeitar-de-roubo\/#article","isPartOf":{"@id":"https:\/\/brasilnoticias.org\/site\/homem-atropela-jovens-dentro-do-parque-da-cidade-em-salvador-apos-suspeitar-de-roubo\/"},"author":{"name":"Reda\u00e7\u00e3o","@id":"https:\/\/brasilnoticias.org\/site\/#\/schema\/person\/a0e05b973ec4d15c658d51911e53507b"},"headline":"Homem atropela jovens dentro do Parque da Cidade, em Salvador, ap\u00f3s suspeitar de roubo","datePublished":"2023-07-27T21:10:19+00:00","mainEntityOfPage":{"@id":"https:\/\/brasilnoticias.org\/site\/homem-atropela-jovens-dentro-do-parque-da-cidade-em-salvador-apos-suspeitar-de-roubo\/"},"wordCount":227,"commentCount":0,"publisher":{"@id":"https:\/\/brasilnoticias.org\/site\/#organization"},"image":{"@id":"https:\/\/brasilnoticias.org\/site\/homem-atropela-jovens-dentro-do-parque-da-cidade-em-salvador-apos-suspeitar-de-roubo\/#primaryimage"},"thumbnailUrl":"https:\/\/brasilnoticias.org\/site\/wp-content\/uploads\/2023\/07\/Design-sem-nome-46.jpg","articleSection":["Pol\u00edcia","\u00daltimas"],"inLanguage":"pt-PT","potentialAction":[{"@type":"CommentAction","name":"Comment","target":["https:\/\/brasilnoticias.org\/site\/homem-atropela-jovens-dentro-do-parque-da-cidade-em-salvador-apos-suspeitar-de-roubo\/#respond"]}]},{"@type":"WebPage","@id":"https:\/\/brasilnoticias.org\/site\/homem-atropela-jovens-dentro-do-parque-da-cidade-em-salvador-apos-suspeitar-de-roubo\/","url":"https:\/\/brasilnoticias.org\/site\/homem-atropela-jovens-dentro-do-parque-da-cidade-em-salvador-apos-suspeitar-de-roubo\/","name":"Homem atropela jovens dentro do Parque da Cidade, em Salvador, ap\u00f3s suspeitar de roubo - Brasil not\u00edcias","isPartOf":{"@id":"https:\/\/brasilnoticias.org\/site\/#website"},"primaryImageOfPage":{"@id":"https:\/\/brasilnoticias.org\/site\/homem-atropela-jovens-dentro-do-parque-da-cidade-em-salvador-apos-suspeitar-de-roubo\/#primaryimage"},"image":{"@id":"https:\/\/brasilnoticias.org\/site\/homem-atropela-jovens-dentro-do-parque-da-cidade-em-salvador-apos-suspeitar-de-roubo\/#primaryimage"},"thumbnailUrl":"https:\/\/brasilnoticias.org\/site\/wp-content\/uploads\/2023\/07\/Design-sem-nome-46.jpg","datePublished":"2023-07-27T21:10:19+00:00","breadcrumb":{"@id":"https:\/\/brasilnoticias.org\/site\/homem-atropela-jovens-dentro-do-parque-da-cidade-em-salvador-apos-suspeitar-de-roubo\/#breadcrumb"},"inLanguage":"pt-PT","potentialAction":[{"@type":"ReadAction","target":["https:\/\/brasilnoticias.org\/site\/homem-atropela-jovens-dentro-do-parque-da-cidade-em-salvador-apos-suspeitar-de-roubo\/"]}]},{"@type":"ImageObject","inLanguage":"pt-PT","@id":"https:\/\/brasilnoticias.org\/site\/homem-atropela-jovens-dentro-do-parque-da-cidade-em-salvador-apos-suspeitar-de-roubo\/#primaryimage","url":"https:\/\/brasilnoticias.org\/site\/wp-content\/uploads\/2023\/07\/Design-sem-nome-46.jpg","contentUrl":"https:\/\/brasilnoticias.org\/site\/wp-content\/uploads\/2023\/07\/Design-sem-nome-46.jpg","width":740,"height":470},{"@type":"BreadcrumbList","@id":"https:\/\/brasilnoticias.org\/site\/homem-atropela-jovens-dentro-do-parque-da-cidade-em-salvador-apos-suspeitar-de-roubo\/#breadcrumb","itemListElement":[{"@type":"ListItem","position":1,"name":"In\u00edcio","item":"https:\/\/brasilnoticias.org\/site\/"},{"@type":"ListItem","position":2,"name":"Homem atropela jovens dentro do Parque da Cidade, em Salvador, ap\u00f3s suspeitar de roubo"}]},{"@type":"WebSite","@id":"https:\/\/brasilnoticias.org\/site\/#website","url":"https:\/\/brasilnoticias.org\/site\/","name":"Brasil not\u00edcias","description":"Brasil not\u00edcias","publisher":{"@id":"https:\/\/brasilnoticias.org\/site\/#organization"},"potentialAction":[{"@type":"SearchAction","target":{"@type":"EntryPoint","urlTemplate":"https:\/\/brasilnoticias.org\/site\/?s={search_term_string}"},"query-input":{"@type":"PropertyValueSpecification","valueRequired":true,"valueName":"search_term_string"}}],"inLanguage":"pt-PT"},{"@type":"Organization","@id":"https:\/\/brasilnoticias.org\/site\/#organization","name":"Brasil not\u00edcias","url":"https:\/\/brasilnoticias.org\/site\/","logo":{"@type":"ImageObject","inLanguage":"pt-PT","@id":"https:\/\/brasilnoticias.org\/site\/#\/schema\/logo\/image\/","url":"https:\/\/brasilnoticias.org\/site\/wp-content\/uploads\/2022\/05\/cropped-brasilnoticias-mini.jpg","contentUrl":"https:\/\/brasilnoticias.org\/site\/wp-content\/uploads\/2022\/05\/cropped-brasilnoticias-mini.jpg","width":314,"height":86,"caption":"Brasil not\u00edcias"},"image":{"@id":"https:\/\/brasilnoticias.org\/site\/#\/schema\/logo\/image\/"}},{"@type":"Person","@id":"https:\/\/brasilnoticias.org\/site\/#\/schema\/person\/a0e05b973ec4d15c658d51911e53507b","name":"Reda\u00e7\u00e3o","image":{"@type":"ImageObject","inLanguage":"pt-PT","@id":"https:\/\/brasilnoticias.org\/site\/#\/schema\/person\/image\/","url":"https:\/\/secure.gravatar.com\/avatar\/75d8b050df2de108b08ae78dfb8e374892df24a383c67db9c46a9c604f6aee9c?s=96&d=mm&r=g","contentUrl":"https:\/\/secure.gravatar.com\/avatar\/75d8b050df2de108b08ae78dfb8e374892df24a383c67db9c46a9c604f6aee9c?s=96&d=mm&r=g","caption":"Reda\u00e7\u00e3o"},"sameAs":["https:\/\/brasilnoticias.org\/site"],"url":"https:\/\/brasilnoticias.org\/site\/author\/fernandozsngmail-com\/"}]}},"_links":{"self":[{"href":"https:\/\/brasilnoticias.org\/site\/wp-json\/wp\/v2\/posts\/7660","targetHints":{"allow":["GET"]}}],"collection":[{"href":"https:\/\/brasilnoticias.org\/site\/wp-json\/wp\/v2\/posts"}],"about":[{"href":"https:\/\/brasilnoticias.org\/site\/wp-json\/wp\/v2\/types\/post"}],"author":[{"embeddable":true,"href":"https:\/\/brasilnoticias.org\/site\/wp-json\/wp\/v2\/users\/1"}],"replies":[{"embeddable":true,"href":"https:\/\/brasilnoticias.org\/site\/wp-json\/wp\/v2\/comments?post=7660"}],"version-history":[{"count":1,"href":"https:\/\/brasilnoticias.org\/site\/wp-json\/wp\/v2\/posts\/7660\/revisions"}],"predecessor-version":[{"id":7662,"href":"https:\/\/brasilnoticias.org\/site\/wp-json\/wp\/v2\/posts\/7660\/revisions\/7662"}],"wp:featuredmedia":[{"embeddable":true,"href":"https:\/\/brasilnoticias.org\/site\/wp-json\/wp\/v2\/media\/7661"}],"wp:attachment":[{"href":"https:\/\/brasilnoticias.org\/site\/wp-json\/wp\/v2\/media?parent=7660"}],"wp:term":[{"taxonomy":"category","embeddable":true,"href":"https:\/\/brasilnoticias.org\/site\/wp-json\/wp\/v2\/categories?post=7660"},{"taxonomy":"post_tag","embeddable":true,"href":"https:\/\/brasilnoticias.org\/site\/wp-json\/wp\/v2\/tags?post=7660"}],"curies":[{"name":"wp","href":"https:\/\/api.w.org\/{rel}","templated":true}]}}