{"id":7672,"date":"2023-07-28T06:41:05","date_gmt":"2023-07-28T09:41:05","guid":{"rendered":"https:\/\/brasilnoticias.org\/site\/?p=7672"},"modified":"2023-07-28T06:41:05","modified_gmt":"2023-07-28T09:41:05","slug":"paredao-baiano-bahia-anuncia-goleiro-vindo-do-gremio","status":"publish","type":"post","link":"https:\/\/brasilnoticias.org\/site\/paredao-baiano-bahia-anuncia-goleiro-vindo-do-gremio\/","title":{"rendered":"&#8220;Pared\u00e3o Baiano&#8221;: Bahia anuncia goleiro vindo do Gr\u00eamio"},"content":{"rendered":"<p>O Esporte Clube Bahia anunciou mais um refor\u00e7o nesta janela de transfer\u00eancias de meio de temporada. Trata-se do goleiro Adriel, de 22 anos, que vem do Gr\u00eamio, com contrato at\u00e9 junho de 2024 e \u00e9 baiano, natual de Ilh\u00e9us.<\/p>\n<p>Adriel estreou no profissional do Gr\u00eamio em 2021, vencendo a recopa estadual. Al\u00e9m disso, tamb\u00e9m foi destaque na conquista do Campeonato Ga\u00facho deste ano, sendo decisivo em cobran\u00e7as de p\u00eanaltis. Com 1,95 de altura, o goleiro j\u00e1 se junta \u00e0 equipe tricolor no pr\u00f3ximo treinamento, sexta-feira (28).<\/p>\n<p>&#8220;Adriel \u00e9 um goleiro que a gente entende ter um potencial muito grande para o futuro. Ainda jovem, j\u00e1 demonstrou n\u00edvel de desempenho elevado em jogos da S\u00e9rie A, destacou-se nas finais do Campeonato Ga\u00facho e tem um perfil de atua\u00e7\u00e3o interessante, que nos chamou aten\u00e7\u00e3o&#8221; disse Carlos Santoro, diretor de futebol do Bahia.<\/p>\n<p>Ainda nesta quinta-feira (27), o Bahia tamb\u00e9m apresentou o atacante Rafael Rat\u00e3o, que j\u00e1 teve seu nome publicado no BID e pode estrear contra o S\u00e3o Paulo, no Morumbi, neste domingo (30).<\/p>\n<blockquote class=\"twitter-tweet\">\n<p lang=\"pt\" dir=\"ltr\">\u270d\ud83c\udffd Goleiro Adriel chega do Gr\u00eamio para ser mais um refor\u00e7o do Esquadr\u00e3o. Leia tudo aqui \u27a1\ufe0f <a href=\"https:\/\/t.co\/yQyillyYVE\">https:\/\/t.co\/yQyillyYVE<\/a> <a href=\"https:\/\/twitter.com\/hashtag\/BBMP?src=hash&amp;ref_src=twsrc%5Etfw\">#BBMP<\/a> <a href=\"https:\/\/t.co\/KP2aSUFtHr\">pic.twitter.com\/KP2aSUFtHr<\/a><\/p>\n<p>&mdash; Esporte Clube Bahia (@ecbahia) <a href=\"https:\/\/twitter.com\/ecbahia\/status\/1684682050043879424?ref_src=twsrc%5Etfw\">July 27, 2023<\/a><\/p><\/blockquote>\n<p> <script async src=\"https:\/\/platform.twitter.com\/widgets.js\" charset=\"utf-8\"><\/script><\/p>\n<p>Foto Divulga\u00e7\u00e3o\/Bahia<br \/>\nBNews<\/p>\n","protected":false},"excerpt":{"rendered":"<p>O Esporte Clube Bahia anunciou mais um refor\u00e7o nesta janela de transfer\u00eancias de meio de temporada. Trata-se do goleiro Adriel,<\/p>\n","protected":false},"author":1,"featured_media":7673,"comment_status":"open","ping_status":"open","sticky":false,"template":"","format":"standard","meta":{"colormag_page_container_layout":"default_layout","colormag_page_sidebar_layout":"default_layout","_FSMCFIC_featured_image_caption":"","_FSMCFIC_featured_image_nocaption":"","_FSMCFIC_featured_image_hide":"","footnotes":""},"categories":[4,1],"tags":[],"class_list":["post-7672","post","type-post","status-publish","format-standard","has-post-thumbnail","hentry","category-esporte","category-ultimas"],"yoast_head":"<!-- This site is optimized with the Yoast SEO plugin v27.1.1 - https:\/\/yoast.com\/product\/yoast-seo-wordpress\/ -->\n<title>&quot;Pared\u00e3o Baiano&quot;: Bahia anuncia goleiro vindo do Gr\u00eamio - Brasil not\u00edcias<\/title>\n<meta name=\"robots\" content=\"index, follow, max-snippet:-1, max-image-preview:large, max-video-preview:-1\" \/>\n<link rel=\"canonical\" href=\"https:\/\/brasilnoticias.org\/site\/paredao-baiano-bahia-anuncia-goleiro-vindo-do-gremio\/\" \/>\n<meta property=\"og:locale\" content=\"pt_PT\" \/>\n<meta property=\"og:type\" content=\"article\" \/>\n<meta property=\"og:title\" content=\"&quot;Pared\u00e3o Baiano&quot;: Bahia anuncia goleiro vindo do Gr\u00eamio - Brasil not\u00edcias\" \/>\n<meta property=\"og:description\" content=\"O Esporte Clube Bahia anunciou mais um refor\u00e7o nesta janela de transfer\u00eancias de meio de temporada. Trata-se do goleiro Adriel,\" \/>\n<meta property=\"og:url\" content=\"https:\/\/brasilnoticias.org\/site\/paredao-baiano-bahia-anuncia-goleiro-vindo-do-gremio\/\" \/>\n<meta property=\"og:site_name\" content=\"Brasil not\u00edcias\" \/>\n<meta property=\"article:published_time\" content=\"2023-07-28T09:41:05+00:00\" \/>\n<meta property=\"og:image\" content=\"https:\/\/brasilnoticias.org\/site\/wp-content\/uploads\/2023\/07\/adriel_widelg.webp\" \/>\n\t<meta property=\"og:image:width\" content=\"800\" \/>\n\t<meta property=\"og:image:height\" content=\"450\" \/>\n\t<meta property=\"og:image:type\" content=\"image\/webp\" \/>\n<meta name=\"author\" content=\"Reda\u00e7\u00e3o\" \/>\n<meta name=\"twitter:card\" content=\"summary_large_image\" \/>\n<meta name=\"twitter:label1\" content=\"Escrito por\" \/>\n\t<meta name=\"twitter:data1\" content=\"Reda\u00e7\u00e3o\" \/>\n<script type=\"application\/ld+json\" class=\"yoast-schema-graph\">{\"@context\":\"https:\/\/schema.org\",\"@graph\":[{\"@type\":\"Article\",\"@id\":\"https:\/\/brasilnoticias.org\/site\/paredao-baiano-bahia-anuncia-goleiro-vindo-do-gremio\/#article\",\"isPartOf\":{\"@id\":\"https:\/\/brasilnoticias.org\/site\/paredao-baiano-bahia-anuncia-goleiro-vindo-do-gremio\/\"},\"author\":{\"name\":\"Reda\u00e7\u00e3o\",\"@id\":\"https:\/\/brasilnoticias.org\/site\/#\/schema\/person\/a0e05b973ec4d15c658d51911e53507b\"},\"headline\":\"&#8220;Pared\u00e3o Baiano&#8221;: Bahia anuncia goleiro vindo do Gr\u00eamio\",\"datePublished\":\"2023-07-28T09:41:05+00:00\",\"mainEntityOfPage\":{\"@id\":\"https:\/\/brasilnoticias.org\/site\/paredao-baiano-bahia-anuncia-goleiro-vindo-do-gremio\/\"},\"wordCount\":230,\"commentCount\":0,\"publisher\":{\"@id\":\"https:\/\/brasilnoticias.org\/site\/#organization\"},\"image\":{\"@id\":\"https:\/\/brasilnoticias.org\/site\/paredao-baiano-bahia-anuncia-goleiro-vindo-do-gremio\/#primaryimage\"},\"thumbnailUrl\":\"https:\/\/brasilnoticias.org\/site\/wp-content\/uploads\/2023\/07\/adriel_widelg.webp\",\"articleSection\":[\"Esporte\",\"\u00daltimas\"],\"inLanguage\":\"pt-PT\",\"potentialAction\":[{\"@type\":\"CommentAction\",\"name\":\"Comment\",\"target\":[\"https:\/\/brasilnoticias.org\/site\/paredao-baiano-bahia-anuncia-goleiro-vindo-do-gremio\/#respond\"]}]},{\"@type\":\"WebPage\",\"@id\":\"https:\/\/brasilnoticias.org\/site\/paredao-baiano-bahia-anuncia-goleiro-vindo-do-gremio\/\",\"url\":\"https:\/\/brasilnoticias.org\/site\/paredao-baiano-bahia-anuncia-goleiro-vindo-do-gremio\/\",\"name\":\"\\\"Pared\u00e3o Baiano\\\": Bahia anuncia goleiro vindo do Gr\u00eamio - Brasil not\u00edcias\",\"isPartOf\":{\"@id\":\"https:\/\/brasilnoticias.org\/site\/#website\"},\"primaryImageOfPage\":{\"@id\":\"https:\/\/brasilnoticias.org\/site\/paredao-baiano-bahia-anuncia-goleiro-vindo-do-gremio\/#primaryimage\"},\"image\":{\"@id\":\"https:\/\/brasilnoticias.org\/site\/paredao-baiano-bahia-anuncia-goleiro-vindo-do-gremio\/#primaryimage\"},\"thumbnailUrl\":\"https:\/\/brasilnoticias.org\/site\/wp-content\/uploads\/2023\/07\/adriel_widelg.webp\",\"datePublished\":\"2023-07-28T09:41:05+00:00\",\"breadcrumb\":{\"@id\":\"https:\/\/brasilnoticias.org\/site\/paredao-baiano-bahia-anuncia-goleiro-vindo-do-gremio\/#breadcrumb\"},\"inLanguage\":\"pt-PT\",\"potentialAction\":[{\"@type\":\"ReadAction\",\"target\":[\"https:\/\/brasilnoticias.org\/site\/paredao-baiano-bahia-anuncia-goleiro-vindo-do-gremio\/\"]}]},{\"@type\":\"ImageObject\",\"inLanguage\":\"pt-PT\",\"@id\":\"https:\/\/brasilnoticias.org\/site\/paredao-baiano-bahia-anuncia-goleiro-vindo-do-gremio\/#primaryimage\",\"url\":\"https:\/\/brasilnoticias.org\/site\/wp-content\/uploads\/2023\/07\/adriel_widelg.webp\",\"contentUrl\":\"https:\/\/brasilnoticias.org\/site\/wp-content\/uploads\/2023\/07\/adriel_widelg.webp\",\"width\":800,\"height\":450},{\"@type\":\"BreadcrumbList\",\"@id\":\"https:\/\/brasilnoticias.org\/site\/paredao-baiano-bahia-anuncia-goleiro-vindo-do-gremio\/#breadcrumb\",\"itemListElement\":[{\"@type\":\"ListItem\",\"position\":1,\"name\":\"In\u00edcio\",\"item\":\"https:\/\/brasilnoticias.org\/site\/\"},{\"@type\":\"ListItem\",\"position\":2,\"name\":\"&#8220;Pared\u00e3o Baiano&#8221;: Bahia anuncia goleiro vindo do Gr\u00eamio\"}]},{\"@type\":\"WebSite\",\"@id\":\"https:\/\/brasilnoticias.org\/site\/#website\",\"url\":\"https:\/\/brasilnoticias.org\/site\/\",\"name\":\"Brasil not\u00edcias\",\"description\":\"Brasil not\u00edcias\",\"publisher\":{\"@id\":\"https:\/\/brasilnoticias.org\/site\/#organization\"},\"potentialAction\":[{\"@type\":\"SearchAction\",\"target\":{\"@type\":\"EntryPoint\",\"urlTemplate\":\"https:\/\/brasilnoticias.org\/site\/?s={search_term_string}\"},\"query-input\":{\"@type\":\"PropertyValueSpecification\",\"valueRequired\":true,\"valueName\":\"search_term_string\"}}],\"inLanguage\":\"pt-PT\"},{\"@type\":\"Organization\",\"@id\":\"https:\/\/brasilnoticias.org\/site\/#organization\",\"name\":\"Brasil not\u00edcias\",\"url\":\"https:\/\/brasilnoticias.org\/site\/\",\"logo\":{\"@type\":\"ImageObject\",\"inLanguage\":\"pt-PT\",\"@id\":\"https:\/\/brasilnoticias.org\/site\/#\/schema\/logo\/image\/\",\"url\":\"https:\/\/brasilnoticias.org\/site\/wp-content\/uploads\/2022\/05\/cropped-brasilnoticias-mini.jpg\",\"contentUrl\":\"https:\/\/brasilnoticias.org\/site\/wp-content\/uploads\/2022\/05\/cropped-brasilnoticias-mini.jpg\",\"width\":314,\"height\":86,\"caption\":\"Brasil not\u00edcias\"},\"image\":{\"@id\":\"https:\/\/brasilnoticias.org\/site\/#\/schema\/logo\/image\/\"}},{\"@type\":\"Person\",\"@id\":\"https:\/\/brasilnoticias.org\/site\/#\/schema\/person\/a0e05b973ec4d15c658d51911e53507b\",\"name\":\"Reda\u00e7\u00e3o\",\"image\":{\"@type\":\"ImageObject\",\"inLanguage\":\"pt-PT\",\"@id\":\"https:\/\/brasilnoticias.org\/site\/#\/schema\/person\/image\/\",\"url\":\"https:\/\/secure.gravatar.com\/avatar\/75d8b050df2de108b08ae78dfb8e374892df24a383c67db9c46a9c604f6aee9c?s=96&d=mm&r=g\",\"contentUrl\":\"https:\/\/secure.gravatar.com\/avatar\/75d8b050df2de108b08ae78dfb8e374892df24a383c67db9c46a9c604f6aee9c?s=96&d=mm&r=g\",\"caption\":\"Reda\u00e7\u00e3o\"},\"sameAs\":[\"https:\/\/brasilnoticias.org\/site\"],\"url\":\"https:\/\/brasilnoticias.org\/site\/author\/fernandozsngmail-com\/\"}]}<\/script>\n<!-- \/ Yoast SEO plugin. -->","yoast_head_json":{"title":"\"Pared\u00e3o Baiano\": Bahia anuncia goleiro vindo do Gr\u00eamio - Brasil not\u00edcias","robots":{"index":"index","follow":"follow","max-snippet":"max-snippet:-1","max-image-preview":"max-image-preview:large","max-video-preview":"max-video-preview:-1"},"canonical":"https:\/\/brasilnoticias.org\/site\/paredao-baiano-bahia-anuncia-goleiro-vindo-do-gremio\/","og_locale":"pt_PT","og_type":"article","og_title":"\"Pared\u00e3o Baiano\": Bahia anuncia goleiro vindo do Gr\u00eamio - Brasil not\u00edcias","og_description":"O Esporte Clube Bahia anunciou mais um refor\u00e7o nesta janela de transfer\u00eancias de meio de temporada. Trata-se do goleiro Adriel,","og_url":"https:\/\/brasilnoticias.org\/site\/paredao-baiano-bahia-anuncia-goleiro-vindo-do-gremio\/","og_site_name":"Brasil not\u00edcias","article_published_time":"2023-07-28T09:41:05+00:00","og_image":[{"width":800,"height":450,"url":"https:\/\/brasilnoticias.org\/site\/wp-content\/uploads\/2023\/07\/adriel_widelg.webp","type":"image\/webp"}],"author":"Reda\u00e7\u00e3o","twitter_card":"summary_large_image","twitter_misc":{"Escrito por":"Reda\u00e7\u00e3o"},"schema":{"@context":"https:\/\/schema.org","@graph":[{"@type":"Article","@id":"https:\/\/brasilnoticias.org\/site\/paredao-baiano-bahia-anuncia-goleiro-vindo-do-gremio\/#article","isPartOf":{"@id":"https:\/\/brasilnoticias.org\/site\/paredao-baiano-bahia-anuncia-goleiro-vindo-do-gremio\/"},"author":{"name":"Reda\u00e7\u00e3o","@id":"https:\/\/brasilnoticias.org\/site\/#\/schema\/person\/a0e05b973ec4d15c658d51911e53507b"},"headline":"&#8220;Pared\u00e3o Baiano&#8221;: Bahia anuncia goleiro vindo do Gr\u00eamio","datePublished":"2023-07-28T09:41:05+00:00","mainEntityOfPage":{"@id":"https:\/\/brasilnoticias.org\/site\/paredao-baiano-bahia-anuncia-goleiro-vindo-do-gremio\/"},"wordCount":230,"commentCount":0,"publisher":{"@id":"https:\/\/brasilnoticias.org\/site\/#organization"},"image":{"@id":"https:\/\/brasilnoticias.org\/site\/paredao-baiano-bahia-anuncia-goleiro-vindo-do-gremio\/#primaryimage"},"thumbnailUrl":"https:\/\/brasilnoticias.org\/site\/wp-content\/uploads\/2023\/07\/adriel_widelg.webp","articleSection":["Esporte","\u00daltimas"],"inLanguage":"pt-PT","potentialAction":[{"@type":"CommentAction","name":"Comment","target":["https:\/\/brasilnoticias.org\/site\/paredao-baiano-bahia-anuncia-goleiro-vindo-do-gremio\/#respond"]}]},{"@type":"WebPage","@id":"https:\/\/brasilnoticias.org\/site\/paredao-baiano-bahia-anuncia-goleiro-vindo-do-gremio\/","url":"https:\/\/brasilnoticias.org\/site\/paredao-baiano-bahia-anuncia-goleiro-vindo-do-gremio\/","name":"\"Pared\u00e3o Baiano\": Bahia anuncia goleiro vindo do Gr\u00eamio - Brasil not\u00edcias","isPartOf":{"@id":"https:\/\/brasilnoticias.org\/site\/#website"},"primaryImageOfPage":{"@id":"https:\/\/brasilnoticias.org\/site\/paredao-baiano-bahia-anuncia-goleiro-vindo-do-gremio\/#primaryimage"},"image":{"@id":"https:\/\/brasilnoticias.org\/site\/paredao-baiano-bahia-anuncia-goleiro-vindo-do-gremio\/#primaryimage"},"thumbnailUrl":"https:\/\/brasilnoticias.org\/site\/wp-content\/uploads\/2023\/07\/adriel_widelg.webp","datePublished":"2023-07-28T09:41:05+00:00","breadcrumb":{"@id":"https:\/\/brasilnoticias.org\/site\/paredao-baiano-bahia-anuncia-goleiro-vindo-do-gremio\/#breadcrumb"},"inLanguage":"pt-PT","potentialAction":[{"@type":"ReadAction","target":["https:\/\/brasilnoticias.org\/site\/paredao-baiano-bahia-anuncia-goleiro-vindo-do-gremio\/"]}]},{"@type":"ImageObject","inLanguage":"pt-PT","@id":"https:\/\/brasilnoticias.org\/site\/paredao-baiano-bahia-anuncia-goleiro-vindo-do-gremio\/#primaryimage","url":"https:\/\/brasilnoticias.org\/site\/wp-content\/uploads\/2023\/07\/adriel_widelg.webp","contentUrl":"https:\/\/brasilnoticias.org\/site\/wp-content\/uploads\/2023\/07\/adriel_widelg.webp","width":800,"height":450},{"@type":"BreadcrumbList","@id":"https:\/\/brasilnoticias.org\/site\/paredao-baiano-bahia-anuncia-goleiro-vindo-do-gremio\/#breadcrumb","itemListElement":[{"@type":"ListItem","position":1,"name":"In\u00edcio","item":"https:\/\/brasilnoticias.org\/site\/"},{"@type":"ListItem","position":2,"name":"&#8220;Pared\u00e3o Baiano&#8221;: Bahia anuncia goleiro vindo do Gr\u00eamio"}]},{"@type":"WebSite","@id":"https:\/\/brasilnoticias.org\/site\/#website","url":"https:\/\/brasilnoticias.org\/site\/","name":"Brasil not\u00edcias","description":"Brasil not\u00edcias","publisher":{"@id":"https:\/\/brasilnoticias.org\/site\/#organization"},"potentialAction":[{"@type":"SearchAction","target":{"@type":"EntryPoint","urlTemplate":"https:\/\/brasilnoticias.org\/site\/?s={search_term_string}"},"query-input":{"@type":"PropertyValueSpecification","valueRequired":true,"valueName":"search_term_string"}}],"inLanguage":"pt-PT"},{"@type":"Organization","@id":"https:\/\/brasilnoticias.org\/site\/#organization","name":"Brasil not\u00edcias","url":"https:\/\/brasilnoticias.org\/site\/","logo":{"@type":"ImageObject","inLanguage":"pt-PT","@id":"https:\/\/brasilnoticias.org\/site\/#\/schema\/logo\/image\/","url":"https:\/\/brasilnoticias.org\/site\/wp-content\/uploads\/2022\/05\/cropped-brasilnoticias-mini.jpg","contentUrl":"https:\/\/brasilnoticias.org\/site\/wp-content\/uploads\/2022\/05\/cropped-brasilnoticias-mini.jpg","width":314,"height":86,"caption":"Brasil not\u00edcias"},"image":{"@id":"https:\/\/brasilnoticias.org\/site\/#\/schema\/logo\/image\/"}},{"@type":"Person","@id":"https:\/\/brasilnoticias.org\/site\/#\/schema\/person\/a0e05b973ec4d15c658d51911e53507b","name":"Reda\u00e7\u00e3o","image":{"@type":"ImageObject","inLanguage":"pt-PT","@id":"https:\/\/brasilnoticias.org\/site\/#\/schema\/person\/image\/","url":"https:\/\/secure.gravatar.com\/avatar\/75d8b050df2de108b08ae78dfb8e374892df24a383c67db9c46a9c604f6aee9c?s=96&d=mm&r=g","contentUrl":"https:\/\/secure.gravatar.com\/avatar\/75d8b050df2de108b08ae78dfb8e374892df24a383c67db9c46a9c604f6aee9c?s=96&d=mm&r=g","caption":"Reda\u00e7\u00e3o"},"sameAs":["https:\/\/brasilnoticias.org\/site"],"url":"https:\/\/brasilnoticias.org\/site\/author\/fernandozsngmail-com\/"}]}},"_links":{"self":[{"href":"https:\/\/brasilnoticias.org\/site\/wp-json\/wp\/v2\/posts\/7672","targetHints":{"allow":["GET"]}}],"collection":[{"href":"https:\/\/brasilnoticias.org\/site\/wp-json\/wp\/v2\/posts"}],"about":[{"href":"https:\/\/brasilnoticias.org\/site\/wp-json\/wp\/v2\/types\/post"}],"author":[{"embeddable":true,"href":"https:\/\/brasilnoticias.org\/site\/wp-json\/wp\/v2\/users\/1"}],"replies":[{"embeddable":true,"href":"https:\/\/brasilnoticias.org\/site\/wp-json\/wp\/v2\/comments?post=7672"}],"version-history":[{"count":1,"href":"https:\/\/brasilnoticias.org\/site\/wp-json\/wp\/v2\/posts\/7672\/revisions"}],"predecessor-version":[{"id":7674,"href":"https:\/\/brasilnoticias.org\/site\/wp-json\/wp\/v2\/posts\/7672\/revisions\/7674"}],"wp:featuredmedia":[{"embeddable":true,"href":"https:\/\/brasilnoticias.org\/site\/wp-json\/wp\/v2\/media\/7673"}],"wp:attachment":[{"href":"https:\/\/brasilnoticias.org\/site\/wp-json\/wp\/v2\/media?parent=7672"}],"wp:term":[{"taxonomy":"category","embeddable":true,"href":"https:\/\/brasilnoticias.org\/site\/wp-json\/wp\/v2\/categories?post=7672"},{"taxonomy":"post_tag","embeddable":true,"href":"https:\/\/brasilnoticias.org\/site\/wp-json\/wp\/v2\/tags?post=7672"}],"curies":[{"name":"wp","href":"https:\/\/api.w.org\/{rel}","templated":true}]}}