{"id":769,"date":"2022-06-04T20:20:46","date_gmt":"2022-06-04T23:20:46","guid":{"rendered":"https:\/\/brasilnoticias.org\/site\/?p=769"},"modified":"2022-06-04T20:20:46","modified_gmt":"2022-06-04T23:20:46","slug":"prefeito-de-lem-diz-como-foi-recepcionar-rui-neto-e-bolsonaro-na-bahia-farm-show-veja-a-declaracao","status":"publish","type":"post","link":"https:\/\/brasilnoticias.org\/site\/prefeito-de-lem-diz-como-foi-recepcionar-rui-neto-e-bolsonaro-na-bahia-farm-show-veja-a-declaracao\/","title":{"rendered":"PREFEITO DE LEM DIZ COMO FOI RECEPCIONAR RUI, NETO E BOLSONARO NA BAHIA FARM SHOW; VEJA A DECLARA\u00c7\u00c3O"},"content":{"rendered":"<p>Aliado do pr\u00e9-candidato ao Governo do Estado, ACM Neto (UB), o prefeito de Lu\u00eds Eduardo Magalh\u00e3es, J\u00fanior Marab\u00e1 (PP), comentou como foi recepcionar o governador Rui Costa (PT) e o presidente Jair Bolsonaro (PL) na cidade, desafetos do ex-prefeito de Salvador, durante a Bahia Farm Show.\u00a0De acordo com o gestor, sua opini\u00e3o pol\u00edtica n\u00e3o deve estar acima das responsabilidades de prefeito<\/p>\n<p>Para mim foi muito tranquilo. Eu falo que, antes da minha opini\u00e3o pol\u00edtica, vem as minhas responsabildiades. Primeiro as minhas responsabilidades com a minha cidcade. E quando falamos em responsabildades, tem o fato de eu ser prefeito. E como prefeito, eu preciso ter di\u00e1logo e respeito com todos. Eu trilhei nesse um ano e meio de governo meu um relacionamento com os minist\u00e9rios do governo federal e contato com as secretarias do governo Rui Costa, do qual tive e tenho um bom relacionamento\u201d, disse o gestor, que fez elogios ao governador.<\/p>\n<p>\u201cSempre em todas as tratativas que tive necessidade de levar at\u00e9 ele, foi sempre de conversar, sempre muito aberto, sempre muito sol\u00edcito comigo. Sempre tenho um agradecimento muito grande com ele. Essas s\u00e3o as responsabilidades como prefeito, porque o foco \u00e9 o resultado que eu vou entregar para a popula\u00e7\u00e3o, que sei que espera de mim estes resultados de mudan\u00e7a e transforma\u00e7\u00e3o da minha cidade\u201d, afirmou.<\/p>\n<p>Marab\u00e1 ressaltou seu apoio a pr\u00e9-candidatura de ACM Neto e fez quest\u00e3o de afirmar que o ex-prefeito \u201cpode oferecer e entregar uma nova proposta para a popula\u00e7\u00e3o\u201d.<\/p>\n<p>Quando eu passo desse ponto de partida das minhas responsabilidades de prefeito, eu venho para a minha opini\u00e3o pol\u00edtica. E eu tenho minha opini\u00e3o formada. Eu vejo que hoje, quanto ao governo do Estado, n\u00f3s temos 16 anos de um grupo pol\u00edtico e acho que a gente pode mudar, sim. Acho que a gente pode levar para a popula\u00e7\u00e3o baiana algo diferente. Sempre falo que tudo o que se faz, pode-se sim buscar fazer melhor. Pode oferecer e entregar uma nova proposta para a popula\u00e7\u00e3o. N\u00e3o pode-se desfazer do que foi feito, mas pode se fazer mais\u201d, disse.<\/p>\n<p>\u201cE eu vejo que Neto est\u00e1 com vontade de entregar para os baianos uma nova Bahia. Ele tem uma vis\u00e3o de um desenvolvimento para todos. Vejo que vale a pena lutar por essa nova Bahia com ACM Neto e vou lutar por isso\u201d, completou.<\/p>\n<p>&nbsp;<\/p>\n<p>&nbsp;<\/p>\n<p>Bnews<\/p>\n","protected":false},"excerpt":{"rendered":"<p>Aliado do pr\u00e9-candidato ao Governo do Estado, ACM Neto (UB), o prefeito de Lu\u00eds Eduardo Magalh\u00e3es, J\u00fanior Marab\u00e1 (PP), comentou<\/p>\n","protected":false},"author":2,"featured_media":770,"comment_status":"open","ping_status":"open","sticky":false,"template":"","format":"standard","meta":{"colormag_page_container_layout":"default_layout","colormag_page_sidebar_layout":"default_layout","_FSMCFIC_featured_image_caption":"","_FSMCFIC_featured_image_nocaption":"","_FSMCFIC_featured_image_hide":"","footnotes":""},"categories":[5,1],"tags":[],"class_list":["post-769","post","type-post","status-publish","format-standard","has-post-thumbnail","hentry","category-politica","category-ultimas"],"yoast_head":"<!-- This site is optimized with the Yoast SEO plugin v27.1.1 - https:\/\/yoast.com\/product\/yoast-seo-wordpress\/ -->\n<title>PREFEITO DE LEM DIZ COMO FOI RECEPCIONAR RUI, NETO E BOLSONARO NA BAHIA FARM SHOW; VEJA A DECLARA\u00c7\u00c3O - Brasil not\u00edcias<\/title>\n<meta name=\"robots\" content=\"index, follow, max-snippet:-1, max-image-preview:large, max-video-preview:-1\" \/>\n<link rel=\"canonical\" href=\"https:\/\/brasilnoticias.org\/site\/prefeito-de-lem-diz-como-foi-recepcionar-rui-neto-e-bolsonaro-na-bahia-farm-show-veja-a-declaracao\/\" \/>\n<meta property=\"og:locale\" content=\"pt_PT\" \/>\n<meta property=\"og:type\" content=\"article\" \/>\n<meta property=\"og:title\" content=\"PREFEITO DE LEM DIZ COMO FOI RECEPCIONAR RUI, NETO E BOLSONARO NA BAHIA FARM SHOW; VEJA A DECLARA\u00c7\u00c3O - Brasil not\u00edcias\" \/>\n<meta property=\"og:description\" content=\"Aliado do pr\u00e9-candidato ao Governo do Estado, ACM Neto (UB), o prefeito de Lu\u00eds Eduardo Magalh\u00e3es, J\u00fanior Marab\u00e1 (PP), comentou\" \/>\n<meta property=\"og:url\" content=\"https:\/\/brasilnoticias.org\/site\/prefeito-de-lem-diz-como-foi-recepcionar-rui-neto-e-bolsonaro-na-bahia-farm-show-veja-a-declaracao\/\" \/>\n<meta property=\"og:site_name\" content=\"Brasil not\u00edcias\" \/>\n<meta property=\"article:published_time\" content=\"2022-06-04T23:20:46+00:00\" \/>\n<meta property=\"og:image\" content=\"https:\/\/brasilnoticias.org\/site\/wp-content\/uploads\/2022\/06\/bahia-farm-show-prefeito-de-luis-eduardo-magalhaes-faz-balanco-do-evento-e-cita-giro-economico-na-cidade_widelg-1.jpeg\" \/>\n\t<meta property=\"og:image:width\" content=\"800\" \/>\n\t<meta property=\"og:image:height\" content=\"450\" \/>\n\t<meta property=\"og:image:type\" content=\"image\/jpeg\" \/>\n<meta name=\"author\" content=\"Reda\u00e7\u00e3o\" \/>\n<meta name=\"twitter:card\" content=\"summary_large_image\" \/>\n<meta name=\"twitter:label1\" content=\"Escrito por\" \/>\n\t<meta name=\"twitter:data1\" content=\"Reda\u00e7\u00e3o\" \/>\n\t<meta name=\"twitter:label2\" content=\"Tempo estimado de leitura\" \/>\n\t<meta name=\"twitter:data2\" content=\"2 minutos\" \/>\n<script type=\"application\/ld+json\" class=\"yoast-schema-graph\">{\"@context\":\"https:\/\/schema.org\",\"@graph\":[{\"@type\":\"Article\",\"@id\":\"https:\/\/brasilnoticias.org\/site\/prefeito-de-lem-diz-como-foi-recepcionar-rui-neto-e-bolsonaro-na-bahia-farm-show-veja-a-declaracao\/#article\",\"isPartOf\":{\"@id\":\"https:\/\/brasilnoticias.org\/site\/prefeito-de-lem-diz-como-foi-recepcionar-rui-neto-e-bolsonaro-na-bahia-farm-show-veja-a-declaracao\/\"},\"author\":{\"name\":\"Reda\u00e7\u00e3o\",\"@id\":\"https:\/\/brasilnoticias.org\/site\/#\/schema\/person\/f609fa847b5314f1c8b983342f34c798\"},\"headline\":\"PREFEITO DE LEM DIZ COMO FOI RECEPCIONAR RUI, NETO E BOLSONARO NA BAHIA FARM SHOW; VEJA A DECLARA\u00c7\u00c3O\",\"datePublished\":\"2022-06-04T23:20:46+00:00\",\"mainEntityOfPage\":{\"@id\":\"https:\/\/brasilnoticias.org\/site\/prefeito-de-lem-diz-como-foi-recepcionar-rui-neto-e-bolsonaro-na-bahia-farm-show-veja-a-declaracao\/\"},\"wordCount\":436,\"commentCount\":0,\"publisher\":{\"@id\":\"https:\/\/brasilnoticias.org\/site\/#organization\"},\"image\":{\"@id\":\"https:\/\/brasilnoticias.org\/site\/prefeito-de-lem-diz-como-foi-recepcionar-rui-neto-e-bolsonaro-na-bahia-farm-show-veja-a-declaracao\/#primaryimage\"},\"thumbnailUrl\":\"https:\/\/brasilnoticias.org\/site\/wp-content\/uploads\/2022\/06\/bahia-farm-show-prefeito-de-luis-eduardo-magalhaes-faz-balanco-do-evento-e-cita-giro-economico-na-cidade_widelg-1.jpeg\",\"articleSection\":[\"Pol\u00edtica\",\"\u00daltimas\"],\"inLanguage\":\"pt-PT\",\"potentialAction\":[{\"@type\":\"CommentAction\",\"name\":\"Comment\",\"target\":[\"https:\/\/brasilnoticias.org\/site\/prefeito-de-lem-diz-como-foi-recepcionar-rui-neto-e-bolsonaro-na-bahia-farm-show-veja-a-declaracao\/#respond\"]}]},{\"@type\":\"WebPage\",\"@id\":\"https:\/\/brasilnoticias.org\/site\/prefeito-de-lem-diz-como-foi-recepcionar-rui-neto-e-bolsonaro-na-bahia-farm-show-veja-a-declaracao\/\",\"url\":\"https:\/\/brasilnoticias.org\/site\/prefeito-de-lem-diz-como-foi-recepcionar-rui-neto-e-bolsonaro-na-bahia-farm-show-veja-a-declaracao\/\",\"name\":\"PREFEITO DE LEM DIZ COMO FOI RECEPCIONAR RUI, NETO E BOLSONARO NA BAHIA FARM SHOW; VEJA A DECLARA\u00c7\u00c3O - Brasil not\u00edcias\",\"isPartOf\":{\"@id\":\"https:\/\/brasilnoticias.org\/site\/#website\"},\"primaryImageOfPage\":{\"@id\":\"https:\/\/brasilnoticias.org\/site\/prefeito-de-lem-diz-como-foi-recepcionar-rui-neto-e-bolsonaro-na-bahia-farm-show-veja-a-declaracao\/#primaryimage\"},\"image\":{\"@id\":\"https:\/\/brasilnoticias.org\/site\/prefeito-de-lem-diz-como-foi-recepcionar-rui-neto-e-bolsonaro-na-bahia-farm-show-veja-a-declaracao\/#primaryimage\"},\"thumbnailUrl\":\"https:\/\/brasilnoticias.org\/site\/wp-content\/uploads\/2022\/06\/bahia-farm-show-prefeito-de-luis-eduardo-magalhaes-faz-balanco-do-evento-e-cita-giro-economico-na-cidade_widelg-1.jpeg\",\"datePublished\":\"2022-06-04T23:20:46+00:00\",\"breadcrumb\":{\"@id\":\"https:\/\/brasilnoticias.org\/site\/prefeito-de-lem-diz-como-foi-recepcionar-rui-neto-e-bolsonaro-na-bahia-farm-show-veja-a-declaracao\/#breadcrumb\"},\"inLanguage\":\"pt-PT\",\"potentialAction\":[{\"@type\":\"ReadAction\",\"target\":[\"https:\/\/brasilnoticias.org\/site\/prefeito-de-lem-diz-como-foi-recepcionar-rui-neto-e-bolsonaro-na-bahia-farm-show-veja-a-declaracao\/\"]}]},{\"@type\":\"ImageObject\",\"inLanguage\":\"pt-PT\",\"@id\":\"https:\/\/brasilnoticias.org\/site\/prefeito-de-lem-diz-como-foi-recepcionar-rui-neto-e-bolsonaro-na-bahia-farm-show-veja-a-declaracao\/#primaryimage\",\"url\":\"https:\/\/brasilnoticias.org\/site\/wp-content\/uploads\/2022\/06\/bahia-farm-show-prefeito-de-luis-eduardo-magalhaes-faz-balanco-do-evento-e-cita-giro-economico-na-cidade_widelg-1.jpeg\",\"contentUrl\":\"https:\/\/brasilnoticias.org\/site\/wp-content\/uploads\/2022\/06\/bahia-farm-show-prefeito-de-luis-eduardo-magalhaes-faz-balanco-do-evento-e-cita-giro-economico-na-cidade_widelg-1.jpeg\",\"width\":800,\"height\":450},{\"@type\":\"BreadcrumbList\",\"@id\":\"https:\/\/brasilnoticias.org\/site\/prefeito-de-lem-diz-como-foi-recepcionar-rui-neto-e-bolsonaro-na-bahia-farm-show-veja-a-declaracao\/#breadcrumb\",\"itemListElement\":[{\"@type\":\"ListItem\",\"position\":1,\"name\":\"In\u00edcio\",\"item\":\"https:\/\/brasilnoticias.org\/site\/\"},{\"@type\":\"ListItem\",\"position\":2,\"name\":\"PREFEITO DE LEM DIZ COMO FOI RECEPCIONAR RUI, NETO E BOLSONARO NA BAHIA FARM SHOW; VEJA A DECLARA\u00c7\u00c3O\"}]},{\"@type\":\"WebSite\",\"@id\":\"https:\/\/brasilnoticias.org\/site\/#website\",\"url\":\"https:\/\/brasilnoticias.org\/site\/\",\"name\":\"Brasil not\u00edcias\",\"description\":\"Brasil not\u00edcias\",\"publisher\":{\"@id\":\"https:\/\/brasilnoticias.org\/site\/#organization\"},\"potentialAction\":[{\"@type\":\"SearchAction\",\"target\":{\"@type\":\"EntryPoint\",\"urlTemplate\":\"https:\/\/brasilnoticias.org\/site\/?s={search_term_string}\"},\"query-input\":{\"@type\":\"PropertyValueSpecification\",\"valueRequired\":true,\"valueName\":\"search_term_string\"}}],\"inLanguage\":\"pt-PT\"},{\"@type\":\"Organization\",\"@id\":\"https:\/\/brasilnoticias.org\/site\/#organization\",\"name\":\"Brasil not\u00edcias\",\"url\":\"https:\/\/brasilnoticias.org\/site\/\",\"logo\":{\"@type\":\"ImageObject\",\"inLanguage\":\"pt-PT\",\"@id\":\"https:\/\/brasilnoticias.org\/site\/#\/schema\/logo\/image\/\",\"url\":\"https:\/\/brasilnoticias.org\/site\/wp-content\/uploads\/2022\/05\/cropped-brasilnoticias-mini.jpg\",\"contentUrl\":\"https:\/\/brasilnoticias.org\/site\/wp-content\/uploads\/2022\/05\/cropped-brasilnoticias-mini.jpg\",\"width\":314,\"height\":86,\"caption\":\"Brasil not\u00edcias\"},\"image\":{\"@id\":\"https:\/\/brasilnoticias.org\/site\/#\/schema\/logo\/image\/\"}},{\"@type\":\"Person\",\"@id\":\"https:\/\/brasilnoticias.org\/site\/#\/schema\/person\/f609fa847b5314f1c8b983342f34c798\",\"name\":\"Reda\u00e7\u00e3o\",\"image\":{\"@type\":\"ImageObject\",\"inLanguage\":\"pt-PT\",\"@id\":\"https:\/\/brasilnoticias.org\/site\/#\/schema\/person\/image\/\",\"url\":\"https:\/\/secure.gravatar.com\/avatar\/447284c06c1ad8b46465a36de9cd0d8326b73387a22799b8b1ffb1fbcff2ed0c?s=96&d=mm&r=g\",\"contentUrl\":\"https:\/\/secure.gravatar.com\/avatar\/447284c06c1ad8b46465a36de9cd0d8326b73387a22799b8b1ffb1fbcff2ed0c?s=96&d=mm&r=g\",\"caption\":\"Reda\u00e7\u00e3o\"},\"url\":\"https:\/\/brasilnoticias.org\/site\/author\/redacao\/\"}]}<\/script>\n<!-- \/ Yoast SEO plugin. -->","yoast_head_json":{"title":"PREFEITO DE LEM DIZ COMO FOI RECEPCIONAR RUI, NETO E BOLSONARO NA BAHIA FARM SHOW; VEJA A DECLARA\u00c7\u00c3O - Brasil not\u00edcias","robots":{"index":"index","follow":"follow","max-snippet":"max-snippet:-1","max-image-preview":"max-image-preview:large","max-video-preview":"max-video-preview:-1"},"canonical":"https:\/\/brasilnoticias.org\/site\/prefeito-de-lem-diz-como-foi-recepcionar-rui-neto-e-bolsonaro-na-bahia-farm-show-veja-a-declaracao\/","og_locale":"pt_PT","og_type":"article","og_title":"PREFEITO DE LEM DIZ COMO FOI RECEPCIONAR RUI, NETO E BOLSONARO NA BAHIA FARM SHOW; VEJA A DECLARA\u00c7\u00c3O - Brasil not\u00edcias","og_description":"Aliado do pr\u00e9-candidato ao Governo do Estado, ACM Neto (UB), o prefeito de Lu\u00eds Eduardo Magalh\u00e3es, J\u00fanior Marab\u00e1 (PP), comentou","og_url":"https:\/\/brasilnoticias.org\/site\/prefeito-de-lem-diz-como-foi-recepcionar-rui-neto-e-bolsonaro-na-bahia-farm-show-veja-a-declaracao\/","og_site_name":"Brasil not\u00edcias","article_published_time":"2022-06-04T23:20:46+00:00","og_image":[{"width":800,"height":450,"url":"https:\/\/brasilnoticias.org\/site\/wp-content\/uploads\/2022\/06\/bahia-farm-show-prefeito-de-luis-eduardo-magalhaes-faz-balanco-do-evento-e-cita-giro-economico-na-cidade_widelg-1.jpeg","type":"image\/jpeg"}],"author":"Reda\u00e7\u00e3o","twitter_card":"summary_large_image","twitter_misc":{"Escrito por":"Reda\u00e7\u00e3o","Tempo estimado de leitura":"2 minutos"},"schema":{"@context":"https:\/\/schema.org","@graph":[{"@type":"Article","@id":"https:\/\/brasilnoticias.org\/site\/prefeito-de-lem-diz-como-foi-recepcionar-rui-neto-e-bolsonaro-na-bahia-farm-show-veja-a-declaracao\/#article","isPartOf":{"@id":"https:\/\/brasilnoticias.org\/site\/prefeito-de-lem-diz-como-foi-recepcionar-rui-neto-e-bolsonaro-na-bahia-farm-show-veja-a-declaracao\/"},"author":{"name":"Reda\u00e7\u00e3o","@id":"https:\/\/brasilnoticias.org\/site\/#\/schema\/person\/f609fa847b5314f1c8b983342f34c798"},"headline":"PREFEITO DE LEM DIZ COMO FOI RECEPCIONAR RUI, NETO E BOLSONARO NA BAHIA FARM SHOW; VEJA A DECLARA\u00c7\u00c3O","datePublished":"2022-06-04T23:20:46+00:00","mainEntityOfPage":{"@id":"https:\/\/brasilnoticias.org\/site\/prefeito-de-lem-diz-como-foi-recepcionar-rui-neto-e-bolsonaro-na-bahia-farm-show-veja-a-declaracao\/"},"wordCount":436,"commentCount":0,"publisher":{"@id":"https:\/\/brasilnoticias.org\/site\/#organization"},"image":{"@id":"https:\/\/brasilnoticias.org\/site\/prefeito-de-lem-diz-como-foi-recepcionar-rui-neto-e-bolsonaro-na-bahia-farm-show-veja-a-declaracao\/#primaryimage"},"thumbnailUrl":"https:\/\/brasilnoticias.org\/site\/wp-content\/uploads\/2022\/06\/bahia-farm-show-prefeito-de-luis-eduardo-magalhaes-faz-balanco-do-evento-e-cita-giro-economico-na-cidade_widelg-1.jpeg","articleSection":["Pol\u00edtica","\u00daltimas"],"inLanguage":"pt-PT","potentialAction":[{"@type":"CommentAction","name":"Comment","target":["https:\/\/brasilnoticias.org\/site\/prefeito-de-lem-diz-como-foi-recepcionar-rui-neto-e-bolsonaro-na-bahia-farm-show-veja-a-declaracao\/#respond"]}]},{"@type":"WebPage","@id":"https:\/\/brasilnoticias.org\/site\/prefeito-de-lem-diz-como-foi-recepcionar-rui-neto-e-bolsonaro-na-bahia-farm-show-veja-a-declaracao\/","url":"https:\/\/brasilnoticias.org\/site\/prefeito-de-lem-diz-como-foi-recepcionar-rui-neto-e-bolsonaro-na-bahia-farm-show-veja-a-declaracao\/","name":"PREFEITO DE LEM DIZ COMO FOI RECEPCIONAR RUI, NETO E BOLSONARO NA BAHIA FARM SHOW; VEJA A DECLARA\u00c7\u00c3O - Brasil not\u00edcias","isPartOf":{"@id":"https:\/\/brasilnoticias.org\/site\/#website"},"primaryImageOfPage":{"@id":"https:\/\/brasilnoticias.org\/site\/prefeito-de-lem-diz-como-foi-recepcionar-rui-neto-e-bolsonaro-na-bahia-farm-show-veja-a-declaracao\/#primaryimage"},"image":{"@id":"https:\/\/brasilnoticias.org\/site\/prefeito-de-lem-diz-como-foi-recepcionar-rui-neto-e-bolsonaro-na-bahia-farm-show-veja-a-declaracao\/#primaryimage"},"thumbnailUrl":"https:\/\/brasilnoticias.org\/site\/wp-content\/uploads\/2022\/06\/bahia-farm-show-prefeito-de-luis-eduardo-magalhaes-faz-balanco-do-evento-e-cita-giro-economico-na-cidade_widelg-1.jpeg","datePublished":"2022-06-04T23:20:46+00:00","breadcrumb":{"@id":"https:\/\/brasilnoticias.org\/site\/prefeito-de-lem-diz-como-foi-recepcionar-rui-neto-e-bolsonaro-na-bahia-farm-show-veja-a-declaracao\/#breadcrumb"},"inLanguage":"pt-PT","potentialAction":[{"@type":"ReadAction","target":["https:\/\/brasilnoticias.org\/site\/prefeito-de-lem-diz-como-foi-recepcionar-rui-neto-e-bolsonaro-na-bahia-farm-show-veja-a-declaracao\/"]}]},{"@type":"ImageObject","inLanguage":"pt-PT","@id":"https:\/\/brasilnoticias.org\/site\/prefeito-de-lem-diz-como-foi-recepcionar-rui-neto-e-bolsonaro-na-bahia-farm-show-veja-a-declaracao\/#primaryimage","url":"https:\/\/brasilnoticias.org\/site\/wp-content\/uploads\/2022\/06\/bahia-farm-show-prefeito-de-luis-eduardo-magalhaes-faz-balanco-do-evento-e-cita-giro-economico-na-cidade_widelg-1.jpeg","contentUrl":"https:\/\/brasilnoticias.org\/site\/wp-content\/uploads\/2022\/06\/bahia-farm-show-prefeito-de-luis-eduardo-magalhaes-faz-balanco-do-evento-e-cita-giro-economico-na-cidade_widelg-1.jpeg","width":800,"height":450},{"@type":"BreadcrumbList","@id":"https:\/\/brasilnoticias.org\/site\/prefeito-de-lem-diz-como-foi-recepcionar-rui-neto-e-bolsonaro-na-bahia-farm-show-veja-a-declaracao\/#breadcrumb","itemListElement":[{"@type":"ListItem","position":1,"name":"In\u00edcio","item":"https:\/\/brasilnoticias.org\/site\/"},{"@type":"ListItem","position":2,"name":"PREFEITO DE LEM DIZ COMO FOI RECEPCIONAR RUI, NETO E BOLSONARO NA BAHIA FARM SHOW; VEJA A DECLARA\u00c7\u00c3O"}]},{"@type":"WebSite","@id":"https:\/\/brasilnoticias.org\/site\/#website","url":"https:\/\/brasilnoticias.org\/site\/","name":"Brasil not\u00edcias","description":"Brasil not\u00edcias","publisher":{"@id":"https:\/\/brasilnoticias.org\/site\/#organization"},"potentialAction":[{"@type":"SearchAction","target":{"@type":"EntryPoint","urlTemplate":"https:\/\/brasilnoticias.org\/site\/?s={search_term_string}"},"query-input":{"@type":"PropertyValueSpecification","valueRequired":true,"valueName":"search_term_string"}}],"inLanguage":"pt-PT"},{"@type":"Organization","@id":"https:\/\/brasilnoticias.org\/site\/#organization","name":"Brasil not\u00edcias","url":"https:\/\/brasilnoticias.org\/site\/","logo":{"@type":"ImageObject","inLanguage":"pt-PT","@id":"https:\/\/brasilnoticias.org\/site\/#\/schema\/logo\/image\/","url":"https:\/\/brasilnoticias.org\/site\/wp-content\/uploads\/2022\/05\/cropped-brasilnoticias-mini.jpg","contentUrl":"https:\/\/brasilnoticias.org\/site\/wp-content\/uploads\/2022\/05\/cropped-brasilnoticias-mini.jpg","width":314,"height":86,"caption":"Brasil not\u00edcias"},"image":{"@id":"https:\/\/brasilnoticias.org\/site\/#\/schema\/logo\/image\/"}},{"@type":"Person","@id":"https:\/\/brasilnoticias.org\/site\/#\/schema\/person\/f609fa847b5314f1c8b983342f34c798","name":"Reda\u00e7\u00e3o","image":{"@type":"ImageObject","inLanguage":"pt-PT","@id":"https:\/\/brasilnoticias.org\/site\/#\/schema\/person\/image\/","url":"https:\/\/secure.gravatar.com\/avatar\/447284c06c1ad8b46465a36de9cd0d8326b73387a22799b8b1ffb1fbcff2ed0c?s=96&d=mm&r=g","contentUrl":"https:\/\/secure.gravatar.com\/avatar\/447284c06c1ad8b46465a36de9cd0d8326b73387a22799b8b1ffb1fbcff2ed0c?s=96&d=mm&r=g","caption":"Reda\u00e7\u00e3o"},"url":"https:\/\/brasilnoticias.org\/site\/author\/redacao\/"}]}},"_links":{"self":[{"href":"https:\/\/brasilnoticias.org\/site\/wp-json\/wp\/v2\/posts\/769","targetHints":{"allow":["GET"]}}],"collection":[{"href":"https:\/\/brasilnoticias.org\/site\/wp-json\/wp\/v2\/posts"}],"about":[{"href":"https:\/\/brasilnoticias.org\/site\/wp-json\/wp\/v2\/types\/post"}],"author":[{"embeddable":true,"href":"https:\/\/brasilnoticias.org\/site\/wp-json\/wp\/v2\/users\/2"}],"replies":[{"embeddable":true,"href":"https:\/\/brasilnoticias.org\/site\/wp-json\/wp\/v2\/comments?post=769"}],"version-history":[{"count":1,"href":"https:\/\/brasilnoticias.org\/site\/wp-json\/wp\/v2\/posts\/769\/revisions"}],"predecessor-version":[{"id":771,"href":"https:\/\/brasilnoticias.org\/site\/wp-json\/wp\/v2\/posts\/769\/revisions\/771"}],"wp:featuredmedia":[{"embeddable":true,"href":"https:\/\/brasilnoticias.org\/site\/wp-json\/wp\/v2\/media\/770"}],"wp:attachment":[{"href":"https:\/\/brasilnoticias.org\/site\/wp-json\/wp\/v2\/media?parent=769"}],"wp:term":[{"taxonomy":"category","embeddable":true,"href":"https:\/\/brasilnoticias.org\/site\/wp-json\/wp\/v2\/categories?post=769"},{"taxonomy":"post_tag","embeddable":true,"href":"https:\/\/brasilnoticias.org\/site\/wp-json\/wp\/v2\/tags?post=769"}],"curies":[{"name":"wp","href":"https:\/\/api.w.org\/{rel}","templated":true}]}}