{"id":7690,"date":"2023-07-28T18:20:01","date_gmt":"2023-07-28T21:20:01","guid":{"rendered":"https:\/\/brasilnoticias.org\/site\/?p=7690"},"modified":"2023-07-28T16:27:00","modified_gmt":"2023-07-28T19:27:00","slug":"por-que-o-acaraje-e-considerado-uma-receita-sagrada","status":"publish","type":"post","link":"https:\/\/brasilnoticias.org\/site\/por-que-o-acaraje-e-considerado-uma-receita-sagrada\/","title":{"rendered":"Por que o acaraj\u00e9 \u00e9 considerado uma receita sagrada?"},"content":{"rendered":"<p>O acaraj\u00e9 \u00e9 um bolinho de feij\u00e3o fradinho e cebola que \u00e9 frito no azeite de dend\u00ea e pode ser recheado com vatap\u00e1, vinagrete e camar\u00e3o seco. Na Bahia ele \u00e9 tipicamente oferecido em duas vers\u00f5es: \u201cquente\u201d ou \u201cfrio\u201d, ou seja, com muita ou pouca pimenta.<\/p>\n<p>Hoje, a receita \u00e9 um pouco mais f\u00e1cil de fazer, mas antigamente, as mulheres baianas demoravam um dia inteiro descascando o feij\u00e3o fradinho para fazer a massa do acaraj\u00e9. Agora j\u00e1 \u00e9 poss\u00edvel comprar o feij\u00e3o descascado e conseguir uma economia de tempo, mantendo o mesmo sabor.<\/p>\n<p>Mas esse bolinho tem, al\u00e9m de um gosto peculiar e in\u00fameros f\u00e3s pelo pa\u00eds inteiro, muita hist\u00f3ria e significado envolvidos. Por exemplo, voc\u00ea sabe o que quer dizer \u2018\u2019acaraj\u00e9&#8217;\u2019? A palavra oriunda do dialeto Yor\u00f9b\u00e1, d\u00e1 nome a esse prato feito \u00e0 base de feij\u00e3o fradinho, cebola e azeite de dend\u00ea, e significa \u2018\u2019comer bola de fogo\u2019&#8217;. O acaraj\u00e9 baiano, que tem suas origens no Golfo do Benin, \u00e9 considerado sagrado dentro do candombl\u00e9, uma religi\u00e3o de matriz africana que cultua os orix\u00e1s. Para te explicar por que o acaraj\u00e9 \u00e9 considerado uma receita sagrada e ainda te contar algumas curiosidades sobre o prato, convidamos o chef Carlos Ribeiro, especialista no assunto.<\/p>\n<p>Comida no candombl\u00e9<br \/>\nPara o chef Carlos Ribeiro, a rela\u00e7\u00e3o do acaraj\u00e9 com o candombl\u00e9 se d\u00e1 principalmente pelo fato de o alimento ser considerado dentro das religi\u00f5es de matriz africana com poderes de fortalecer o esp\u00edrito e o corpo. \u2018\u2019Comer \u00e9 entendido como um ato de ora\u00e7\u00e3o, \u00e9 um ato de devo\u00e7\u00e3o. Ent\u00e3o a comida est\u00e1 ligada diretamente ao homem, ao sagrado. O alimento \u00e9 uma forma de agradecimento que fortalece o esp\u00edrito, o corpo e a alma\u2019&#8217;, afirma Carlos.<\/p>\n<p>\u2018\u2019\u00c9 preciso sempre observar que a comida dentro do sagrado e a comida dentro do candombl\u00e9 tem uma fun\u00e7\u00e3o muito especial que \u00e9 justamente estabelecer essa conex\u00e3o entre o alimento e o homem, o alimento e o orix\u00e1. E dessa forma, a gente se comunica, se conecta e agradece atrav\u00e9s da comida. Por isso, o acaraj\u00e9 \u00e9 t\u00e3o importante dentro da religi\u00e3o do candombl\u00e9.\u2019\u2019<\/p>\n<p>Receita de acaraj\u00e9<\/p>\n<p>O acaraj\u00e9 \u00e9 uma das mais tradicionais iguarias do Brasil e carrega uma trajet\u00f3ria cultural muito rica. O bolinho, que \u00e9 vendido por todo o pa\u00eds, principalmente em regi\u00f5es tur\u00edsticas da Bahia, costuma ser produzido principalmente por mulheres. Agora que voc\u00ea sabe um pouco sobre a hist\u00f3ria do acaraj\u00e9, que tal experimentar esse bolinho t\u00e3o querido da gastronomia brasileira? Essa receita de bolinho de acaraj\u00e9, do restaurante Rota do Acaraj\u00e9, \u00e9 cl\u00e1ssica, saborosa e muito f\u00e1cil de fazer. Ideal para ser servida com molho de pimenta e Vatap\u00e1.<\/p>\n<p>Foto Fornecido por Estad\u00e3o<br \/>\nMSN<\/p>\n","protected":false},"excerpt":{"rendered":"<p>O acaraj\u00e9 \u00e9 um bolinho de feij\u00e3o fradinho e cebola que \u00e9 frito no azeite de dend\u00ea e pode ser<\/p>\n","protected":false},"author":1,"featured_media":7691,"comment_status":"open","ping_status":"open","sticky":false,"template":"","format":"standard","meta":{"colormag_page_container_layout":"default_layout","colormag_page_sidebar_layout":"default_layout","_FSMCFIC_featured_image_caption":"","_FSMCFIC_featured_image_nocaption":"","_FSMCFIC_featured_image_hide":"","footnotes":""},"categories":[8,1],"tags":[],"class_list":["post-7690","post","type-post","status-publish","format-standard","has-post-thumbnail","hentry","category-entretenimento","category-ultimas"],"yoast_head":"<!-- This site is optimized with the Yoast SEO plugin v27.1.1 - https:\/\/yoast.com\/product\/yoast-seo-wordpress\/ -->\n<title>Por que o acaraj\u00e9 \u00e9 considerado uma receita sagrada? - Brasil not\u00edcias<\/title>\n<meta name=\"robots\" content=\"index, follow, max-snippet:-1, max-image-preview:large, max-video-preview:-1\" \/>\n<link rel=\"canonical\" href=\"https:\/\/brasilnoticias.org\/site\/por-que-o-acaraje-e-considerado-uma-receita-sagrada\/\" \/>\n<meta property=\"og:locale\" content=\"pt_PT\" \/>\n<meta property=\"og:type\" content=\"article\" \/>\n<meta property=\"og:title\" content=\"Por que o acaraj\u00e9 \u00e9 considerado uma receita sagrada? - Brasil not\u00edcias\" \/>\n<meta property=\"og:description\" content=\"O acaraj\u00e9 \u00e9 um bolinho de feij\u00e3o fradinho e cebola que \u00e9 frito no azeite de dend\u00ea e pode ser\" \/>\n<meta property=\"og:url\" content=\"https:\/\/brasilnoticias.org\/site\/por-que-o-acaraje-e-considerado-uma-receita-sagrada\/\" \/>\n<meta property=\"og:site_name\" content=\"Brasil not\u00edcias\" \/>\n<meta property=\"article:published_time\" content=\"2023-07-28T21:20:01+00:00\" \/>\n<meta property=\"og:image\" content=\"https:\/\/brasilnoticias.org\/site\/wp-content\/uploads\/2023\/07\/acaraje.jpg\" \/>\n\t<meta property=\"og:image:width\" content=\"710\" \/>\n\t<meta property=\"og:image:height\" content=\"592\" \/>\n\t<meta property=\"og:image:type\" content=\"image\/jpeg\" \/>\n<meta name=\"author\" content=\"Reda\u00e7\u00e3o\" \/>\n<meta name=\"twitter:card\" content=\"summary_large_image\" \/>\n<meta name=\"twitter:label1\" content=\"Escrito por\" \/>\n\t<meta name=\"twitter:data1\" content=\"Reda\u00e7\u00e3o\" \/>\n<script type=\"application\/ld+json\" class=\"yoast-schema-graph\">{\"@context\":\"https:\/\/schema.org\",\"@graph\":[{\"@type\":\"Article\",\"@id\":\"https:\/\/brasilnoticias.org\/site\/por-que-o-acaraje-e-considerado-uma-receita-sagrada\/#article\",\"isPartOf\":{\"@id\":\"https:\/\/brasilnoticias.org\/site\/por-que-o-acaraje-e-considerado-uma-receita-sagrada\/\"},\"author\":{\"name\":\"Reda\u00e7\u00e3o\",\"@id\":\"https:\/\/brasilnoticias.org\/site\/#\/schema\/person\/a0e05b973ec4d15c658d51911e53507b\"},\"headline\":\"Por que o acaraj\u00e9 \u00e9 considerado uma receita sagrada?\",\"datePublished\":\"2023-07-28T21:20:01+00:00\",\"mainEntityOfPage\":{\"@id\":\"https:\/\/brasilnoticias.org\/site\/por-que-o-acaraje-e-considerado-uma-receita-sagrada\/\"},\"wordCount\":477,\"commentCount\":0,\"publisher\":{\"@id\":\"https:\/\/brasilnoticias.org\/site\/#organization\"},\"image\":{\"@id\":\"https:\/\/brasilnoticias.org\/site\/por-que-o-acaraje-e-considerado-uma-receita-sagrada\/#primaryimage\"},\"thumbnailUrl\":\"https:\/\/brasilnoticias.org\/site\/wp-content\/uploads\/2023\/07\/acaraje.jpg\",\"articleSection\":[\"Entretenimento\",\"\u00daltimas\"],\"inLanguage\":\"pt-PT\",\"potentialAction\":[{\"@type\":\"CommentAction\",\"name\":\"Comment\",\"target\":[\"https:\/\/brasilnoticias.org\/site\/por-que-o-acaraje-e-considerado-uma-receita-sagrada\/#respond\"]}]},{\"@type\":\"WebPage\",\"@id\":\"https:\/\/brasilnoticias.org\/site\/por-que-o-acaraje-e-considerado-uma-receita-sagrada\/\",\"url\":\"https:\/\/brasilnoticias.org\/site\/por-que-o-acaraje-e-considerado-uma-receita-sagrada\/\",\"name\":\"Por que o acaraj\u00e9 \u00e9 considerado uma receita sagrada? - Brasil not\u00edcias\",\"isPartOf\":{\"@id\":\"https:\/\/brasilnoticias.org\/site\/#website\"},\"primaryImageOfPage\":{\"@id\":\"https:\/\/brasilnoticias.org\/site\/por-que-o-acaraje-e-considerado-uma-receita-sagrada\/#primaryimage\"},\"image\":{\"@id\":\"https:\/\/brasilnoticias.org\/site\/por-que-o-acaraje-e-considerado-uma-receita-sagrada\/#primaryimage\"},\"thumbnailUrl\":\"https:\/\/brasilnoticias.org\/site\/wp-content\/uploads\/2023\/07\/acaraje.jpg\",\"datePublished\":\"2023-07-28T21:20:01+00:00\",\"breadcrumb\":{\"@id\":\"https:\/\/brasilnoticias.org\/site\/por-que-o-acaraje-e-considerado-uma-receita-sagrada\/#breadcrumb\"},\"inLanguage\":\"pt-PT\",\"potentialAction\":[{\"@type\":\"ReadAction\",\"target\":[\"https:\/\/brasilnoticias.org\/site\/por-que-o-acaraje-e-considerado-uma-receita-sagrada\/\"]}]},{\"@type\":\"ImageObject\",\"inLanguage\":\"pt-PT\",\"@id\":\"https:\/\/brasilnoticias.org\/site\/por-que-o-acaraje-e-considerado-uma-receita-sagrada\/#primaryimage\",\"url\":\"https:\/\/brasilnoticias.org\/site\/wp-content\/uploads\/2023\/07\/acaraje.jpg\",\"contentUrl\":\"https:\/\/brasilnoticias.org\/site\/wp-content\/uploads\/2023\/07\/acaraje.jpg\",\"width\":710,\"height\":592},{\"@type\":\"BreadcrumbList\",\"@id\":\"https:\/\/brasilnoticias.org\/site\/por-que-o-acaraje-e-considerado-uma-receita-sagrada\/#breadcrumb\",\"itemListElement\":[{\"@type\":\"ListItem\",\"position\":1,\"name\":\"In\u00edcio\",\"item\":\"https:\/\/brasilnoticias.org\/site\/\"},{\"@type\":\"ListItem\",\"position\":2,\"name\":\"Por que o acaraj\u00e9 \u00e9 considerado uma receita sagrada?\"}]},{\"@type\":\"WebSite\",\"@id\":\"https:\/\/brasilnoticias.org\/site\/#website\",\"url\":\"https:\/\/brasilnoticias.org\/site\/\",\"name\":\"Brasil not\u00edcias\",\"description\":\"Brasil not\u00edcias\",\"publisher\":{\"@id\":\"https:\/\/brasilnoticias.org\/site\/#organization\"},\"potentialAction\":[{\"@type\":\"SearchAction\",\"target\":{\"@type\":\"EntryPoint\",\"urlTemplate\":\"https:\/\/brasilnoticias.org\/site\/?s={search_term_string}\"},\"query-input\":{\"@type\":\"PropertyValueSpecification\",\"valueRequired\":true,\"valueName\":\"search_term_string\"}}],\"inLanguage\":\"pt-PT\"},{\"@type\":\"Organization\",\"@id\":\"https:\/\/brasilnoticias.org\/site\/#organization\",\"name\":\"Brasil not\u00edcias\",\"url\":\"https:\/\/brasilnoticias.org\/site\/\",\"logo\":{\"@type\":\"ImageObject\",\"inLanguage\":\"pt-PT\",\"@id\":\"https:\/\/brasilnoticias.org\/site\/#\/schema\/logo\/image\/\",\"url\":\"https:\/\/brasilnoticias.org\/site\/wp-content\/uploads\/2022\/05\/cropped-brasilnoticias-mini.jpg\",\"contentUrl\":\"https:\/\/brasilnoticias.org\/site\/wp-content\/uploads\/2022\/05\/cropped-brasilnoticias-mini.jpg\",\"width\":314,\"height\":86,\"caption\":\"Brasil not\u00edcias\"},\"image\":{\"@id\":\"https:\/\/brasilnoticias.org\/site\/#\/schema\/logo\/image\/\"}},{\"@type\":\"Person\",\"@id\":\"https:\/\/brasilnoticias.org\/site\/#\/schema\/person\/a0e05b973ec4d15c658d51911e53507b\",\"name\":\"Reda\u00e7\u00e3o\",\"image\":{\"@type\":\"ImageObject\",\"inLanguage\":\"pt-PT\",\"@id\":\"https:\/\/brasilnoticias.org\/site\/#\/schema\/person\/image\/\",\"url\":\"https:\/\/secure.gravatar.com\/avatar\/75d8b050df2de108b08ae78dfb8e374892df24a383c67db9c46a9c604f6aee9c?s=96&d=mm&r=g\",\"contentUrl\":\"https:\/\/secure.gravatar.com\/avatar\/75d8b050df2de108b08ae78dfb8e374892df24a383c67db9c46a9c604f6aee9c?s=96&d=mm&r=g\",\"caption\":\"Reda\u00e7\u00e3o\"},\"sameAs\":[\"https:\/\/brasilnoticias.org\/site\"],\"url\":\"https:\/\/brasilnoticias.org\/site\/author\/fernandozsngmail-com\/\"}]}<\/script>\n<!-- \/ Yoast SEO plugin. -->","yoast_head_json":{"title":"Por que o acaraj\u00e9 \u00e9 considerado uma receita sagrada? - Brasil not\u00edcias","robots":{"index":"index","follow":"follow","max-snippet":"max-snippet:-1","max-image-preview":"max-image-preview:large","max-video-preview":"max-video-preview:-1"},"canonical":"https:\/\/brasilnoticias.org\/site\/por-que-o-acaraje-e-considerado-uma-receita-sagrada\/","og_locale":"pt_PT","og_type":"article","og_title":"Por que o acaraj\u00e9 \u00e9 considerado uma receita sagrada? - Brasil not\u00edcias","og_description":"O acaraj\u00e9 \u00e9 um bolinho de feij\u00e3o fradinho e cebola que \u00e9 frito no azeite de dend\u00ea e pode ser","og_url":"https:\/\/brasilnoticias.org\/site\/por-que-o-acaraje-e-considerado-uma-receita-sagrada\/","og_site_name":"Brasil not\u00edcias","article_published_time":"2023-07-28T21:20:01+00:00","og_image":[{"width":710,"height":592,"url":"https:\/\/brasilnoticias.org\/site\/wp-content\/uploads\/2023\/07\/acaraje.jpg","type":"image\/jpeg"}],"author":"Reda\u00e7\u00e3o","twitter_card":"summary_large_image","twitter_misc":{"Escrito por":"Reda\u00e7\u00e3o"},"schema":{"@context":"https:\/\/schema.org","@graph":[{"@type":"Article","@id":"https:\/\/brasilnoticias.org\/site\/por-que-o-acaraje-e-considerado-uma-receita-sagrada\/#article","isPartOf":{"@id":"https:\/\/brasilnoticias.org\/site\/por-que-o-acaraje-e-considerado-uma-receita-sagrada\/"},"author":{"name":"Reda\u00e7\u00e3o","@id":"https:\/\/brasilnoticias.org\/site\/#\/schema\/person\/a0e05b973ec4d15c658d51911e53507b"},"headline":"Por que o acaraj\u00e9 \u00e9 considerado uma receita sagrada?","datePublished":"2023-07-28T21:20:01+00:00","mainEntityOfPage":{"@id":"https:\/\/brasilnoticias.org\/site\/por-que-o-acaraje-e-considerado-uma-receita-sagrada\/"},"wordCount":477,"commentCount":0,"publisher":{"@id":"https:\/\/brasilnoticias.org\/site\/#organization"},"image":{"@id":"https:\/\/brasilnoticias.org\/site\/por-que-o-acaraje-e-considerado-uma-receita-sagrada\/#primaryimage"},"thumbnailUrl":"https:\/\/brasilnoticias.org\/site\/wp-content\/uploads\/2023\/07\/acaraje.jpg","articleSection":["Entretenimento","\u00daltimas"],"inLanguage":"pt-PT","potentialAction":[{"@type":"CommentAction","name":"Comment","target":["https:\/\/brasilnoticias.org\/site\/por-que-o-acaraje-e-considerado-uma-receita-sagrada\/#respond"]}]},{"@type":"WebPage","@id":"https:\/\/brasilnoticias.org\/site\/por-que-o-acaraje-e-considerado-uma-receita-sagrada\/","url":"https:\/\/brasilnoticias.org\/site\/por-que-o-acaraje-e-considerado-uma-receita-sagrada\/","name":"Por que o acaraj\u00e9 \u00e9 considerado uma receita sagrada? - Brasil not\u00edcias","isPartOf":{"@id":"https:\/\/brasilnoticias.org\/site\/#website"},"primaryImageOfPage":{"@id":"https:\/\/brasilnoticias.org\/site\/por-que-o-acaraje-e-considerado-uma-receita-sagrada\/#primaryimage"},"image":{"@id":"https:\/\/brasilnoticias.org\/site\/por-que-o-acaraje-e-considerado-uma-receita-sagrada\/#primaryimage"},"thumbnailUrl":"https:\/\/brasilnoticias.org\/site\/wp-content\/uploads\/2023\/07\/acaraje.jpg","datePublished":"2023-07-28T21:20:01+00:00","breadcrumb":{"@id":"https:\/\/brasilnoticias.org\/site\/por-que-o-acaraje-e-considerado-uma-receita-sagrada\/#breadcrumb"},"inLanguage":"pt-PT","potentialAction":[{"@type":"ReadAction","target":["https:\/\/brasilnoticias.org\/site\/por-que-o-acaraje-e-considerado-uma-receita-sagrada\/"]}]},{"@type":"ImageObject","inLanguage":"pt-PT","@id":"https:\/\/brasilnoticias.org\/site\/por-que-o-acaraje-e-considerado-uma-receita-sagrada\/#primaryimage","url":"https:\/\/brasilnoticias.org\/site\/wp-content\/uploads\/2023\/07\/acaraje.jpg","contentUrl":"https:\/\/brasilnoticias.org\/site\/wp-content\/uploads\/2023\/07\/acaraje.jpg","width":710,"height":592},{"@type":"BreadcrumbList","@id":"https:\/\/brasilnoticias.org\/site\/por-que-o-acaraje-e-considerado-uma-receita-sagrada\/#breadcrumb","itemListElement":[{"@type":"ListItem","position":1,"name":"In\u00edcio","item":"https:\/\/brasilnoticias.org\/site\/"},{"@type":"ListItem","position":2,"name":"Por que o acaraj\u00e9 \u00e9 considerado uma receita sagrada?"}]},{"@type":"WebSite","@id":"https:\/\/brasilnoticias.org\/site\/#website","url":"https:\/\/brasilnoticias.org\/site\/","name":"Brasil not\u00edcias","description":"Brasil not\u00edcias","publisher":{"@id":"https:\/\/brasilnoticias.org\/site\/#organization"},"potentialAction":[{"@type":"SearchAction","target":{"@type":"EntryPoint","urlTemplate":"https:\/\/brasilnoticias.org\/site\/?s={search_term_string}"},"query-input":{"@type":"PropertyValueSpecification","valueRequired":true,"valueName":"search_term_string"}}],"inLanguage":"pt-PT"},{"@type":"Organization","@id":"https:\/\/brasilnoticias.org\/site\/#organization","name":"Brasil not\u00edcias","url":"https:\/\/brasilnoticias.org\/site\/","logo":{"@type":"ImageObject","inLanguage":"pt-PT","@id":"https:\/\/brasilnoticias.org\/site\/#\/schema\/logo\/image\/","url":"https:\/\/brasilnoticias.org\/site\/wp-content\/uploads\/2022\/05\/cropped-brasilnoticias-mini.jpg","contentUrl":"https:\/\/brasilnoticias.org\/site\/wp-content\/uploads\/2022\/05\/cropped-brasilnoticias-mini.jpg","width":314,"height":86,"caption":"Brasil not\u00edcias"},"image":{"@id":"https:\/\/brasilnoticias.org\/site\/#\/schema\/logo\/image\/"}},{"@type":"Person","@id":"https:\/\/brasilnoticias.org\/site\/#\/schema\/person\/a0e05b973ec4d15c658d51911e53507b","name":"Reda\u00e7\u00e3o","image":{"@type":"ImageObject","inLanguage":"pt-PT","@id":"https:\/\/brasilnoticias.org\/site\/#\/schema\/person\/image\/","url":"https:\/\/secure.gravatar.com\/avatar\/75d8b050df2de108b08ae78dfb8e374892df24a383c67db9c46a9c604f6aee9c?s=96&d=mm&r=g","contentUrl":"https:\/\/secure.gravatar.com\/avatar\/75d8b050df2de108b08ae78dfb8e374892df24a383c67db9c46a9c604f6aee9c?s=96&d=mm&r=g","caption":"Reda\u00e7\u00e3o"},"sameAs":["https:\/\/brasilnoticias.org\/site"],"url":"https:\/\/brasilnoticias.org\/site\/author\/fernandozsngmail-com\/"}]}},"_links":{"self":[{"href":"https:\/\/brasilnoticias.org\/site\/wp-json\/wp\/v2\/posts\/7690","targetHints":{"allow":["GET"]}}],"collection":[{"href":"https:\/\/brasilnoticias.org\/site\/wp-json\/wp\/v2\/posts"}],"about":[{"href":"https:\/\/brasilnoticias.org\/site\/wp-json\/wp\/v2\/types\/post"}],"author":[{"embeddable":true,"href":"https:\/\/brasilnoticias.org\/site\/wp-json\/wp\/v2\/users\/1"}],"replies":[{"embeddable":true,"href":"https:\/\/brasilnoticias.org\/site\/wp-json\/wp\/v2\/comments?post=7690"}],"version-history":[{"count":1,"href":"https:\/\/brasilnoticias.org\/site\/wp-json\/wp\/v2\/posts\/7690\/revisions"}],"predecessor-version":[{"id":7692,"href":"https:\/\/brasilnoticias.org\/site\/wp-json\/wp\/v2\/posts\/7690\/revisions\/7692"}],"wp:featuredmedia":[{"embeddable":true,"href":"https:\/\/brasilnoticias.org\/site\/wp-json\/wp\/v2\/media\/7691"}],"wp:attachment":[{"href":"https:\/\/brasilnoticias.org\/site\/wp-json\/wp\/v2\/media?parent=7690"}],"wp:term":[{"taxonomy":"category","embeddable":true,"href":"https:\/\/brasilnoticias.org\/site\/wp-json\/wp\/v2\/categories?post=7690"},{"taxonomy":"post_tag","embeddable":true,"href":"https:\/\/brasilnoticias.org\/site\/wp-json\/wp\/v2\/tags?post=7690"}],"curies":[{"name":"wp","href":"https:\/\/api.w.org\/{rel}","templated":true}]}}