{"id":7693,"date":"2023-07-28T16:54:34","date_gmt":"2023-07-28T19:54:34","guid":{"rendered":"https:\/\/brasilnoticias.org\/site\/?p=7693"},"modified":"2023-07-28T16:54:34","modified_gmt":"2023-07-28T19:54:34","slug":"vitoria-avanca-em-negociacoes-por-lateral-esquerdo-diz-jornalista","status":"publish","type":"post","link":"https:\/\/brasilnoticias.org\/site\/vitoria-avanca-em-negociacoes-por-lateral-esquerdo-diz-jornalista\/","title":{"rendered":"Vit\u00f3ria avan\u00e7a em negocia\u00e7\u00f5es por lateral-esquerdo, diz jornalista"},"content":{"rendered":"<p>O Esporte Clube Vit\u00f3ria busca a contrata\u00e7\u00e3o de um lateral-esquerdo, para suprir a aus\u00eancia de Felipe Vieira, que sofreu uma les\u00e3o no anterior da coxa esquerda na partida contra a Chapecoense, na \u00faltima segunda-feira (28), e o nome de Patric Calmon, do Cuiab\u00e1, ganha for\u00e7a nos bastidores. <\/p>\n<p>Ao que tudo indica, o &#8216;Le\u00e3o da Barra&#8217; vai assinar com o jogador de 29 anos por empr\u00e9stimo, com op\u00e7\u00e3o de compra. A informa\u00e7\u00e3o foi inicialmente divulgada pelo jornalista William Falc\u00e3o, e confirmada pela reportagem do BNews. <\/p>\n<p>Calmon foi eleito como o melhor lateral-esquerdo do Campeonato Ga\u00facho, com 13 partidas disputadas pelo Ypiranga. Na \u00faltima quarta-feira (26), a reportagem do BNews divulgou com exclusividade a informa\u00e7\u00e3o de que o Vit\u00f3ria encerraria as buscas na janela de transfer\u00eancias ap\u00f3s a contrata\u00e7\u00e3o de um novo lateral-esquerdo, no entanto, o presidente F\u00e1bio Mota mudou o discurso e afirmou que a equipe tamb\u00e9m vai atr\u00e1s de um meio-campista. <\/p>\n<p>Foto Maur\u00edcia da Matta\/EC Vit\u00f3ria<br \/>\nBNews<\/p>\n","protected":false},"excerpt":{"rendered":"<p>O Esporte Clube Vit\u00f3ria busca a contrata\u00e7\u00e3o de um lateral-esquerdo, para suprir a aus\u00eancia de Felipe Vieira, que sofreu uma<\/p>\n","protected":false},"author":1,"featured_media":7694,"comment_status":"open","ping_status":"open","sticky":false,"template":"","format":"standard","meta":{"colormag_page_container_layout":"default_layout","colormag_page_sidebar_layout":"default_layout","_FSMCFIC_featured_image_caption":"","_FSMCFIC_featured_image_nocaption":"","_FSMCFIC_featured_image_hide":"","footnotes":""},"categories":[4,1],"tags":[],"class_list":["post-7693","post","type-post","status-publish","format-standard","has-post-thumbnail","hentry","category-esporte","category-ultimas"],"yoast_head":"<!-- This site is optimized with the Yoast SEO plugin v27.1.1 - https:\/\/yoast.com\/product\/yoast-seo-wordpress\/ -->\n<title>Vit\u00f3ria avan\u00e7a em negocia\u00e7\u00f5es por lateral-esquerdo, diz jornalista - Brasil not\u00edcias<\/title>\n<meta name=\"robots\" content=\"index, follow, max-snippet:-1, max-image-preview:large, max-video-preview:-1\" \/>\n<link rel=\"canonical\" href=\"https:\/\/brasilnoticias.org\/site\/vitoria-avanca-em-negociacoes-por-lateral-esquerdo-diz-jornalista\/\" \/>\n<meta property=\"og:locale\" content=\"pt_PT\" \/>\n<meta property=\"og:type\" content=\"article\" \/>\n<meta property=\"og:title\" content=\"Vit\u00f3ria avan\u00e7a em negocia\u00e7\u00f5es por lateral-esquerdo, diz jornalista - Brasil not\u00edcias\" \/>\n<meta property=\"og:description\" content=\"O Esporte Clube Vit\u00f3ria busca a contrata\u00e7\u00e3o de um lateral-esquerdo, para suprir a aus\u00eancia de Felipe Vieira, que sofreu uma\" \/>\n<meta property=\"og:url\" content=\"https:\/\/brasilnoticias.org\/site\/vitoria-avanca-em-negociacoes-por-lateral-esquerdo-diz-jornalista\/\" \/>\n<meta property=\"og:site_name\" content=\"Brasil not\u00edcias\" \/>\n<meta property=\"article:published_time\" content=\"2023-07-28T19:54:34+00:00\" \/>\n<meta property=\"og:image\" content=\"https:\/\/brasilnoticias.org\/site\/wp-content\/uploads\/2023\/07\/barradao_1cufqub_widelg_widelg_widelg_widelg.jpg\" \/>\n\t<meta property=\"og:image:width\" content=\"800\" \/>\n\t<meta property=\"og:image:height\" content=\"450\" \/>\n\t<meta property=\"og:image:type\" content=\"image\/jpeg\" \/>\n<meta name=\"author\" content=\"Reda\u00e7\u00e3o\" \/>\n<meta name=\"twitter:card\" content=\"summary_large_image\" \/>\n<meta name=\"twitter:label1\" content=\"Escrito por\" \/>\n\t<meta name=\"twitter:data1\" content=\"Reda\u00e7\u00e3o\" \/>\n<script type=\"application\/ld+json\" class=\"yoast-schema-graph\">{\"@context\":\"https:\/\/schema.org\",\"@graph\":[{\"@type\":\"Article\",\"@id\":\"https:\/\/brasilnoticias.org\/site\/vitoria-avanca-em-negociacoes-por-lateral-esquerdo-diz-jornalista\/#article\",\"isPartOf\":{\"@id\":\"https:\/\/brasilnoticias.org\/site\/vitoria-avanca-em-negociacoes-por-lateral-esquerdo-diz-jornalista\/\"},\"author\":{\"name\":\"Reda\u00e7\u00e3o\",\"@id\":\"https:\/\/brasilnoticias.org\/site\/#\/schema\/person\/a0e05b973ec4d15c658d51911e53507b\"},\"headline\":\"Vit\u00f3ria avan\u00e7a em negocia\u00e7\u00f5es por lateral-esquerdo, diz jornalista\",\"datePublished\":\"2023-07-28T19:54:34+00:00\",\"mainEntityOfPage\":{\"@id\":\"https:\/\/brasilnoticias.org\/site\/vitoria-avanca-em-negociacoes-por-lateral-esquerdo-diz-jornalista\/\"},\"wordCount\":186,\"commentCount\":0,\"publisher\":{\"@id\":\"https:\/\/brasilnoticias.org\/site\/#organization\"},\"image\":{\"@id\":\"https:\/\/brasilnoticias.org\/site\/vitoria-avanca-em-negociacoes-por-lateral-esquerdo-diz-jornalista\/#primaryimage\"},\"thumbnailUrl\":\"https:\/\/brasilnoticias.org\/site\/wp-content\/uploads\/2023\/07\/barradao_1cufqub_widelg_widelg_widelg_widelg.jpg\",\"articleSection\":[\"Esporte\",\"\u00daltimas\"],\"inLanguage\":\"pt-PT\",\"potentialAction\":[{\"@type\":\"CommentAction\",\"name\":\"Comment\",\"target\":[\"https:\/\/brasilnoticias.org\/site\/vitoria-avanca-em-negociacoes-por-lateral-esquerdo-diz-jornalista\/#respond\"]}]},{\"@type\":\"WebPage\",\"@id\":\"https:\/\/brasilnoticias.org\/site\/vitoria-avanca-em-negociacoes-por-lateral-esquerdo-diz-jornalista\/\",\"url\":\"https:\/\/brasilnoticias.org\/site\/vitoria-avanca-em-negociacoes-por-lateral-esquerdo-diz-jornalista\/\",\"name\":\"Vit\u00f3ria avan\u00e7a em negocia\u00e7\u00f5es por lateral-esquerdo, diz jornalista - Brasil not\u00edcias\",\"isPartOf\":{\"@id\":\"https:\/\/brasilnoticias.org\/site\/#website\"},\"primaryImageOfPage\":{\"@id\":\"https:\/\/brasilnoticias.org\/site\/vitoria-avanca-em-negociacoes-por-lateral-esquerdo-diz-jornalista\/#primaryimage\"},\"image\":{\"@id\":\"https:\/\/brasilnoticias.org\/site\/vitoria-avanca-em-negociacoes-por-lateral-esquerdo-diz-jornalista\/#primaryimage\"},\"thumbnailUrl\":\"https:\/\/brasilnoticias.org\/site\/wp-content\/uploads\/2023\/07\/barradao_1cufqub_widelg_widelg_widelg_widelg.jpg\",\"datePublished\":\"2023-07-28T19:54:34+00:00\",\"breadcrumb\":{\"@id\":\"https:\/\/brasilnoticias.org\/site\/vitoria-avanca-em-negociacoes-por-lateral-esquerdo-diz-jornalista\/#breadcrumb\"},\"inLanguage\":\"pt-PT\",\"potentialAction\":[{\"@type\":\"ReadAction\",\"target\":[\"https:\/\/brasilnoticias.org\/site\/vitoria-avanca-em-negociacoes-por-lateral-esquerdo-diz-jornalista\/\"]}]},{\"@type\":\"ImageObject\",\"inLanguage\":\"pt-PT\",\"@id\":\"https:\/\/brasilnoticias.org\/site\/vitoria-avanca-em-negociacoes-por-lateral-esquerdo-diz-jornalista\/#primaryimage\",\"url\":\"https:\/\/brasilnoticias.org\/site\/wp-content\/uploads\/2023\/07\/barradao_1cufqub_widelg_widelg_widelg_widelg.jpg\",\"contentUrl\":\"https:\/\/brasilnoticias.org\/site\/wp-content\/uploads\/2023\/07\/barradao_1cufqub_widelg_widelg_widelg_widelg.jpg\",\"width\":800,\"height\":450},{\"@type\":\"BreadcrumbList\",\"@id\":\"https:\/\/brasilnoticias.org\/site\/vitoria-avanca-em-negociacoes-por-lateral-esquerdo-diz-jornalista\/#breadcrumb\",\"itemListElement\":[{\"@type\":\"ListItem\",\"position\":1,\"name\":\"In\u00edcio\",\"item\":\"https:\/\/brasilnoticias.org\/site\/\"},{\"@type\":\"ListItem\",\"position\":2,\"name\":\"Vit\u00f3ria avan\u00e7a em negocia\u00e7\u00f5es por lateral-esquerdo, diz jornalista\"}]},{\"@type\":\"WebSite\",\"@id\":\"https:\/\/brasilnoticias.org\/site\/#website\",\"url\":\"https:\/\/brasilnoticias.org\/site\/\",\"name\":\"Brasil not\u00edcias\",\"description\":\"Brasil not\u00edcias\",\"publisher\":{\"@id\":\"https:\/\/brasilnoticias.org\/site\/#organization\"},\"potentialAction\":[{\"@type\":\"SearchAction\",\"target\":{\"@type\":\"EntryPoint\",\"urlTemplate\":\"https:\/\/brasilnoticias.org\/site\/?s={search_term_string}\"},\"query-input\":{\"@type\":\"PropertyValueSpecification\",\"valueRequired\":true,\"valueName\":\"search_term_string\"}}],\"inLanguage\":\"pt-PT\"},{\"@type\":\"Organization\",\"@id\":\"https:\/\/brasilnoticias.org\/site\/#organization\",\"name\":\"Brasil not\u00edcias\",\"url\":\"https:\/\/brasilnoticias.org\/site\/\",\"logo\":{\"@type\":\"ImageObject\",\"inLanguage\":\"pt-PT\",\"@id\":\"https:\/\/brasilnoticias.org\/site\/#\/schema\/logo\/image\/\",\"url\":\"https:\/\/brasilnoticias.org\/site\/wp-content\/uploads\/2022\/05\/cropped-brasilnoticias-mini.jpg\",\"contentUrl\":\"https:\/\/brasilnoticias.org\/site\/wp-content\/uploads\/2022\/05\/cropped-brasilnoticias-mini.jpg\",\"width\":314,\"height\":86,\"caption\":\"Brasil not\u00edcias\"},\"image\":{\"@id\":\"https:\/\/brasilnoticias.org\/site\/#\/schema\/logo\/image\/\"}},{\"@type\":\"Person\",\"@id\":\"https:\/\/brasilnoticias.org\/site\/#\/schema\/person\/a0e05b973ec4d15c658d51911e53507b\",\"name\":\"Reda\u00e7\u00e3o\",\"image\":{\"@type\":\"ImageObject\",\"inLanguage\":\"pt-PT\",\"@id\":\"https:\/\/brasilnoticias.org\/site\/#\/schema\/person\/image\/\",\"url\":\"https:\/\/secure.gravatar.com\/avatar\/75d8b050df2de108b08ae78dfb8e374892df24a383c67db9c46a9c604f6aee9c?s=96&d=mm&r=g\",\"contentUrl\":\"https:\/\/secure.gravatar.com\/avatar\/75d8b050df2de108b08ae78dfb8e374892df24a383c67db9c46a9c604f6aee9c?s=96&d=mm&r=g\",\"caption\":\"Reda\u00e7\u00e3o\"},\"sameAs\":[\"https:\/\/brasilnoticias.org\/site\"],\"url\":\"https:\/\/brasilnoticias.org\/site\/author\/fernandozsngmail-com\/\"}]}<\/script>\n<!-- \/ Yoast SEO plugin. -->","yoast_head_json":{"title":"Vit\u00f3ria avan\u00e7a em negocia\u00e7\u00f5es por lateral-esquerdo, diz jornalista - Brasil not\u00edcias","robots":{"index":"index","follow":"follow","max-snippet":"max-snippet:-1","max-image-preview":"max-image-preview:large","max-video-preview":"max-video-preview:-1"},"canonical":"https:\/\/brasilnoticias.org\/site\/vitoria-avanca-em-negociacoes-por-lateral-esquerdo-diz-jornalista\/","og_locale":"pt_PT","og_type":"article","og_title":"Vit\u00f3ria avan\u00e7a em negocia\u00e7\u00f5es por lateral-esquerdo, diz jornalista - Brasil not\u00edcias","og_description":"O Esporte Clube Vit\u00f3ria busca a contrata\u00e7\u00e3o de um lateral-esquerdo, para suprir a aus\u00eancia de Felipe Vieira, que sofreu uma","og_url":"https:\/\/brasilnoticias.org\/site\/vitoria-avanca-em-negociacoes-por-lateral-esquerdo-diz-jornalista\/","og_site_name":"Brasil not\u00edcias","article_published_time":"2023-07-28T19:54:34+00:00","og_image":[{"width":800,"height":450,"url":"https:\/\/brasilnoticias.org\/site\/wp-content\/uploads\/2023\/07\/barradao_1cufqub_widelg_widelg_widelg_widelg.jpg","type":"image\/jpeg"}],"author":"Reda\u00e7\u00e3o","twitter_card":"summary_large_image","twitter_misc":{"Escrito por":"Reda\u00e7\u00e3o"},"schema":{"@context":"https:\/\/schema.org","@graph":[{"@type":"Article","@id":"https:\/\/brasilnoticias.org\/site\/vitoria-avanca-em-negociacoes-por-lateral-esquerdo-diz-jornalista\/#article","isPartOf":{"@id":"https:\/\/brasilnoticias.org\/site\/vitoria-avanca-em-negociacoes-por-lateral-esquerdo-diz-jornalista\/"},"author":{"name":"Reda\u00e7\u00e3o","@id":"https:\/\/brasilnoticias.org\/site\/#\/schema\/person\/a0e05b973ec4d15c658d51911e53507b"},"headline":"Vit\u00f3ria avan\u00e7a em negocia\u00e7\u00f5es por lateral-esquerdo, diz jornalista","datePublished":"2023-07-28T19:54:34+00:00","mainEntityOfPage":{"@id":"https:\/\/brasilnoticias.org\/site\/vitoria-avanca-em-negociacoes-por-lateral-esquerdo-diz-jornalista\/"},"wordCount":186,"commentCount":0,"publisher":{"@id":"https:\/\/brasilnoticias.org\/site\/#organization"},"image":{"@id":"https:\/\/brasilnoticias.org\/site\/vitoria-avanca-em-negociacoes-por-lateral-esquerdo-diz-jornalista\/#primaryimage"},"thumbnailUrl":"https:\/\/brasilnoticias.org\/site\/wp-content\/uploads\/2023\/07\/barradao_1cufqub_widelg_widelg_widelg_widelg.jpg","articleSection":["Esporte","\u00daltimas"],"inLanguage":"pt-PT","potentialAction":[{"@type":"CommentAction","name":"Comment","target":["https:\/\/brasilnoticias.org\/site\/vitoria-avanca-em-negociacoes-por-lateral-esquerdo-diz-jornalista\/#respond"]}]},{"@type":"WebPage","@id":"https:\/\/brasilnoticias.org\/site\/vitoria-avanca-em-negociacoes-por-lateral-esquerdo-diz-jornalista\/","url":"https:\/\/brasilnoticias.org\/site\/vitoria-avanca-em-negociacoes-por-lateral-esquerdo-diz-jornalista\/","name":"Vit\u00f3ria avan\u00e7a em negocia\u00e7\u00f5es por lateral-esquerdo, diz jornalista - Brasil not\u00edcias","isPartOf":{"@id":"https:\/\/brasilnoticias.org\/site\/#website"},"primaryImageOfPage":{"@id":"https:\/\/brasilnoticias.org\/site\/vitoria-avanca-em-negociacoes-por-lateral-esquerdo-diz-jornalista\/#primaryimage"},"image":{"@id":"https:\/\/brasilnoticias.org\/site\/vitoria-avanca-em-negociacoes-por-lateral-esquerdo-diz-jornalista\/#primaryimage"},"thumbnailUrl":"https:\/\/brasilnoticias.org\/site\/wp-content\/uploads\/2023\/07\/barradao_1cufqub_widelg_widelg_widelg_widelg.jpg","datePublished":"2023-07-28T19:54:34+00:00","breadcrumb":{"@id":"https:\/\/brasilnoticias.org\/site\/vitoria-avanca-em-negociacoes-por-lateral-esquerdo-diz-jornalista\/#breadcrumb"},"inLanguage":"pt-PT","potentialAction":[{"@type":"ReadAction","target":["https:\/\/brasilnoticias.org\/site\/vitoria-avanca-em-negociacoes-por-lateral-esquerdo-diz-jornalista\/"]}]},{"@type":"ImageObject","inLanguage":"pt-PT","@id":"https:\/\/brasilnoticias.org\/site\/vitoria-avanca-em-negociacoes-por-lateral-esquerdo-diz-jornalista\/#primaryimage","url":"https:\/\/brasilnoticias.org\/site\/wp-content\/uploads\/2023\/07\/barradao_1cufqub_widelg_widelg_widelg_widelg.jpg","contentUrl":"https:\/\/brasilnoticias.org\/site\/wp-content\/uploads\/2023\/07\/barradao_1cufqub_widelg_widelg_widelg_widelg.jpg","width":800,"height":450},{"@type":"BreadcrumbList","@id":"https:\/\/brasilnoticias.org\/site\/vitoria-avanca-em-negociacoes-por-lateral-esquerdo-diz-jornalista\/#breadcrumb","itemListElement":[{"@type":"ListItem","position":1,"name":"In\u00edcio","item":"https:\/\/brasilnoticias.org\/site\/"},{"@type":"ListItem","position":2,"name":"Vit\u00f3ria avan\u00e7a em negocia\u00e7\u00f5es por lateral-esquerdo, diz jornalista"}]},{"@type":"WebSite","@id":"https:\/\/brasilnoticias.org\/site\/#website","url":"https:\/\/brasilnoticias.org\/site\/","name":"Brasil not\u00edcias","description":"Brasil not\u00edcias","publisher":{"@id":"https:\/\/brasilnoticias.org\/site\/#organization"},"potentialAction":[{"@type":"SearchAction","target":{"@type":"EntryPoint","urlTemplate":"https:\/\/brasilnoticias.org\/site\/?s={search_term_string}"},"query-input":{"@type":"PropertyValueSpecification","valueRequired":true,"valueName":"search_term_string"}}],"inLanguage":"pt-PT"},{"@type":"Organization","@id":"https:\/\/brasilnoticias.org\/site\/#organization","name":"Brasil not\u00edcias","url":"https:\/\/brasilnoticias.org\/site\/","logo":{"@type":"ImageObject","inLanguage":"pt-PT","@id":"https:\/\/brasilnoticias.org\/site\/#\/schema\/logo\/image\/","url":"https:\/\/brasilnoticias.org\/site\/wp-content\/uploads\/2022\/05\/cropped-brasilnoticias-mini.jpg","contentUrl":"https:\/\/brasilnoticias.org\/site\/wp-content\/uploads\/2022\/05\/cropped-brasilnoticias-mini.jpg","width":314,"height":86,"caption":"Brasil not\u00edcias"},"image":{"@id":"https:\/\/brasilnoticias.org\/site\/#\/schema\/logo\/image\/"}},{"@type":"Person","@id":"https:\/\/brasilnoticias.org\/site\/#\/schema\/person\/a0e05b973ec4d15c658d51911e53507b","name":"Reda\u00e7\u00e3o","image":{"@type":"ImageObject","inLanguage":"pt-PT","@id":"https:\/\/brasilnoticias.org\/site\/#\/schema\/person\/image\/","url":"https:\/\/secure.gravatar.com\/avatar\/75d8b050df2de108b08ae78dfb8e374892df24a383c67db9c46a9c604f6aee9c?s=96&d=mm&r=g","contentUrl":"https:\/\/secure.gravatar.com\/avatar\/75d8b050df2de108b08ae78dfb8e374892df24a383c67db9c46a9c604f6aee9c?s=96&d=mm&r=g","caption":"Reda\u00e7\u00e3o"},"sameAs":["https:\/\/brasilnoticias.org\/site"],"url":"https:\/\/brasilnoticias.org\/site\/author\/fernandozsngmail-com\/"}]}},"_links":{"self":[{"href":"https:\/\/brasilnoticias.org\/site\/wp-json\/wp\/v2\/posts\/7693","targetHints":{"allow":["GET"]}}],"collection":[{"href":"https:\/\/brasilnoticias.org\/site\/wp-json\/wp\/v2\/posts"}],"about":[{"href":"https:\/\/brasilnoticias.org\/site\/wp-json\/wp\/v2\/types\/post"}],"author":[{"embeddable":true,"href":"https:\/\/brasilnoticias.org\/site\/wp-json\/wp\/v2\/users\/1"}],"replies":[{"embeddable":true,"href":"https:\/\/brasilnoticias.org\/site\/wp-json\/wp\/v2\/comments?post=7693"}],"version-history":[{"count":1,"href":"https:\/\/brasilnoticias.org\/site\/wp-json\/wp\/v2\/posts\/7693\/revisions"}],"predecessor-version":[{"id":7695,"href":"https:\/\/brasilnoticias.org\/site\/wp-json\/wp\/v2\/posts\/7693\/revisions\/7695"}],"wp:featuredmedia":[{"embeddable":true,"href":"https:\/\/brasilnoticias.org\/site\/wp-json\/wp\/v2\/media\/7694"}],"wp:attachment":[{"href":"https:\/\/brasilnoticias.org\/site\/wp-json\/wp\/v2\/media?parent=7693"}],"wp:term":[{"taxonomy":"category","embeddable":true,"href":"https:\/\/brasilnoticias.org\/site\/wp-json\/wp\/v2\/categories?post=7693"},{"taxonomy":"post_tag","embeddable":true,"href":"https:\/\/brasilnoticias.org\/site\/wp-json\/wp\/v2\/tags?post=7693"}],"curies":[{"name":"wp","href":"https:\/\/api.w.org\/{rel}","templated":true}]}}