{"id":7708,"date":"2023-07-29T18:05:55","date_gmt":"2023-07-29T21:05:55","guid":{"rendered":"https:\/\/brasilnoticias.org\/site\/?p=7708"},"modified":"2023-07-29T10:09:32","modified_gmt":"2023-07-29T13:09:32","slug":"grupo-troca-tiros-com-pms-e-sete-suspeitos-ficam-feridos-na-rms-submetralhadora-e-apreendida","status":"publish","type":"post","link":"https:\/\/brasilnoticias.org\/site\/grupo-troca-tiros-com-pms-e-sete-suspeitos-ficam-feridos-na-rms-submetralhadora-e-apreendida\/","title":{"rendered":"Grupo troca tiros com PMs e sete suspeitos ficam feridos na RMS; submetralhadora \u00e9 apreendida"},"content":{"rendered":"<p>Os militares localizaram cerca de 15 suspeitos. Quando as equipes se aproximaram, os homens atiraram e correram para uma regi\u00e3o de mata.<\/p>\n<p>Submetralhadora, pistolas e rev\u00f3lver foram apreendidos em uma a\u00e7\u00e3o conjunta da Pol\u00edcia Militar, na noite de sexta-feira (28\/7), na cidade de Cama\u00e7ari, Regi\u00e3o Metropolitana de Salvador (RMS). Segundo a SSP-BA, a a\u00e7\u00e3o aconteceu quando homens apontados como integrantes de uma fac\u00e7\u00e3o, se preparavam para atacar rivais.<\/p>\n<p>Ainda de acordo com a SSP-BA, equipes do Bope, da Cipe Polo Industrial, Rondesp RMS e do T\u00e1tico Ostensivo Rodovi\u00e1rio refor\u00e7aram as a\u00e7\u00f5es na localidade de Jau\u00e1, ap\u00f3s den\u00fancias de que um \u201cbonde\u201d partiria para atacar rivais de outra fac\u00e7\u00e3o, na RMS e tamb\u00e9m na capital baiana.<\/p>\n<p>Durante incurs\u00f5es, conforme a SSP-BA, os militares localizaram cerca de 15 suspeitos. Quando as equipes se aproximaram, os homens atiraram e correram para uma regi\u00e3o de mata. Ap\u00f3s confronto, as guarni\u00e7\u00f5es socorreram sete integrantes do \u201cbonde\u201d para o Hospital Menandro de Faria. O restante do grupo fugiu.<\/p>\n<p>Com eles foram apreendidos uma submetralhadora e duas pistolas calibre 9mm, duas pistolas calibre 40, um rev\u00f3lver calibre 38, carregadores, muni\u00e7\u00f5es, uma grande quantidade de drogas (maconha, coca\u00edna e crack) e 761 reais. O grupo, segundo levantamento inicial, integrava uma fac\u00e7\u00e3o, cujo o l\u00edder pertenceu ao Baralho do Crime da SSP e, atualmente, est\u00e1 custodiado em S\u00e3o Paulo.<\/p>\n<p>Foto: divulga\u00e7\u00e3o\/SSP-BA<br \/>\nAratuon<\/p>\n","protected":false},"excerpt":{"rendered":"<p>Os militares localizaram cerca de 15 suspeitos. Quando as equipes se aproximaram, os homens atiraram e correram para uma regi\u00e3o<\/p>\n","protected":false},"author":1,"featured_media":7709,"comment_status":"open","ping_status":"open","sticky":false,"template":"","format":"standard","meta":{"colormag_page_container_layout":"default_layout","colormag_page_sidebar_layout":"default_layout","_FSMCFIC_featured_image_caption":"","_FSMCFIC_featured_image_nocaption":"","_FSMCFIC_featured_image_hide":"","footnotes":""},"categories":[3,1],"tags":[],"class_list":["post-7708","post","type-post","status-publish","format-standard","has-post-thumbnail","hentry","category-policia","category-ultimas"],"yoast_head":"<!-- This site is optimized with the Yoast SEO plugin v27.1.1 - https:\/\/yoast.com\/product\/yoast-seo-wordpress\/ -->\n<title>Grupo troca tiros com PMs e sete suspeitos ficam feridos na RMS; submetralhadora \u00e9 apreendida - Brasil not\u00edcias<\/title>\n<meta name=\"robots\" content=\"index, follow, max-snippet:-1, max-image-preview:large, max-video-preview:-1\" \/>\n<link rel=\"canonical\" href=\"https:\/\/brasilnoticias.org\/site\/grupo-troca-tiros-com-pms-e-sete-suspeitos-ficam-feridos-na-rms-submetralhadora-e-apreendida\/\" \/>\n<meta property=\"og:locale\" content=\"pt_PT\" \/>\n<meta property=\"og:type\" content=\"article\" \/>\n<meta property=\"og:title\" content=\"Grupo troca tiros com PMs e sete suspeitos ficam feridos na RMS; submetralhadora \u00e9 apreendida - Brasil not\u00edcias\" \/>\n<meta property=\"og:description\" content=\"Os militares localizaram cerca de 15 suspeitos. Quando as equipes se aproximaram, os homens atiraram e correram para uma regi\u00e3o\" \/>\n<meta property=\"og:url\" content=\"https:\/\/brasilnoticias.org\/site\/grupo-troca-tiros-com-pms-e-sete-suspeitos-ficam-feridos-na-rms-submetralhadora-e-apreendida\/\" \/>\n<meta property=\"og:site_name\" content=\"Brasil not\u00edcias\" \/>\n<meta property=\"article:published_time\" content=\"2023-07-29T21:05:55+00:00\" \/>\n<meta property=\"og:image\" content=\"https:\/\/brasilnoticias.org\/site\/wp-content\/uploads\/2023\/07\/armas-camacari.jpg\" \/>\n\t<meta property=\"og:image:width\" content=\"740\" \/>\n\t<meta property=\"og:image:height\" content=\"470\" \/>\n\t<meta property=\"og:image:type\" content=\"image\/jpeg\" \/>\n<meta name=\"author\" content=\"Reda\u00e7\u00e3o\" \/>\n<meta name=\"twitter:card\" content=\"summary_large_image\" \/>\n<meta name=\"twitter:label1\" content=\"Escrito por\" \/>\n\t<meta name=\"twitter:data1\" content=\"Reda\u00e7\u00e3o\" \/>\n<script type=\"application\/ld+json\" class=\"yoast-schema-graph\">{\"@context\":\"https:\/\/schema.org\",\"@graph\":[{\"@type\":\"Article\",\"@id\":\"https:\/\/brasilnoticias.org\/site\/grupo-troca-tiros-com-pms-e-sete-suspeitos-ficam-feridos-na-rms-submetralhadora-e-apreendida\/#article\",\"isPartOf\":{\"@id\":\"https:\/\/brasilnoticias.org\/site\/grupo-troca-tiros-com-pms-e-sete-suspeitos-ficam-feridos-na-rms-submetralhadora-e-apreendida\/\"},\"author\":{\"name\":\"Reda\u00e7\u00e3o\",\"@id\":\"https:\/\/brasilnoticias.org\/site\/#\/schema\/person\/a0e05b973ec4d15c658d51911e53507b\"},\"headline\":\"Grupo troca tiros com PMs e sete suspeitos ficam feridos na RMS; submetralhadora \u00e9 apreendida\",\"datePublished\":\"2023-07-29T21:05:55+00:00\",\"mainEntityOfPage\":{\"@id\":\"https:\/\/brasilnoticias.org\/site\/grupo-troca-tiros-com-pms-e-sete-suspeitos-ficam-feridos-na-rms-submetralhadora-e-apreendida\/\"},\"wordCount\":259,\"commentCount\":0,\"publisher\":{\"@id\":\"https:\/\/brasilnoticias.org\/site\/#organization\"},\"image\":{\"@id\":\"https:\/\/brasilnoticias.org\/site\/grupo-troca-tiros-com-pms-e-sete-suspeitos-ficam-feridos-na-rms-submetralhadora-e-apreendida\/#primaryimage\"},\"thumbnailUrl\":\"https:\/\/brasilnoticias.org\/site\/wp-content\/uploads\/2023\/07\/armas-camacari.jpg\",\"articleSection\":[\"Pol\u00edcia\",\"\u00daltimas\"],\"inLanguage\":\"pt-PT\",\"potentialAction\":[{\"@type\":\"CommentAction\",\"name\":\"Comment\",\"target\":[\"https:\/\/brasilnoticias.org\/site\/grupo-troca-tiros-com-pms-e-sete-suspeitos-ficam-feridos-na-rms-submetralhadora-e-apreendida\/#respond\"]}]},{\"@type\":\"WebPage\",\"@id\":\"https:\/\/brasilnoticias.org\/site\/grupo-troca-tiros-com-pms-e-sete-suspeitos-ficam-feridos-na-rms-submetralhadora-e-apreendida\/\",\"url\":\"https:\/\/brasilnoticias.org\/site\/grupo-troca-tiros-com-pms-e-sete-suspeitos-ficam-feridos-na-rms-submetralhadora-e-apreendida\/\",\"name\":\"Grupo troca tiros com PMs e sete suspeitos ficam feridos na RMS; submetralhadora \u00e9 apreendida - Brasil not\u00edcias\",\"isPartOf\":{\"@id\":\"https:\/\/brasilnoticias.org\/site\/#website\"},\"primaryImageOfPage\":{\"@id\":\"https:\/\/brasilnoticias.org\/site\/grupo-troca-tiros-com-pms-e-sete-suspeitos-ficam-feridos-na-rms-submetralhadora-e-apreendida\/#primaryimage\"},\"image\":{\"@id\":\"https:\/\/brasilnoticias.org\/site\/grupo-troca-tiros-com-pms-e-sete-suspeitos-ficam-feridos-na-rms-submetralhadora-e-apreendida\/#primaryimage\"},\"thumbnailUrl\":\"https:\/\/brasilnoticias.org\/site\/wp-content\/uploads\/2023\/07\/armas-camacari.jpg\",\"datePublished\":\"2023-07-29T21:05:55+00:00\",\"breadcrumb\":{\"@id\":\"https:\/\/brasilnoticias.org\/site\/grupo-troca-tiros-com-pms-e-sete-suspeitos-ficam-feridos-na-rms-submetralhadora-e-apreendida\/#breadcrumb\"},\"inLanguage\":\"pt-PT\",\"potentialAction\":[{\"@type\":\"ReadAction\",\"target\":[\"https:\/\/brasilnoticias.org\/site\/grupo-troca-tiros-com-pms-e-sete-suspeitos-ficam-feridos-na-rms-submetralhadora-e-apreendida\/\"]}]},{\"@type\":\"ImageObject\",\"inLanguage\":\"pt-PT\",\"@id\":\"https:\/\/brasilnoticias.org\/site\/grupo-troca-tiros-com-pms-e-sete-suspeitos-ficam-feridos-na-rms-submetralhadora-e-apreendida\/#primaryimage\",\"url\":\"https:\/\/brasilnoticias.org\/site\/wp-content\/uploads\/2023\/07\/armas-camacari.jpg\",\"contentUrl\":\"https:\/\/brasilnoticias.org\/site\/wp-content\/uploads\/2023\/07\/armas-camacari.jpg\",\"width\":740,\"height\":470},{\"@type\":\"BreadcrumbList\",\"@id\":\"https:\/\/brasilnoticias.org\/site\/grupo-troca-tiros-com-pms-e-sete-suspeitos-ficam-feridos-na-rms-submetralhadora-e-apreendida\/#breadcrumb\",\"itemListElement\":[{\"@type\":\"ListItem\",\"position\":1,\"name\":\"In\u00edcio\",\"item\":\"https:\/\/brasilnoticias.org\/site\/\"},{\"@type\":\"ListItem\",\"position\":2,\"name\":\"Grupo troca tiros com PMs e sete suspeitos ficam feridos na RMS; submetralhadora \u00e9 apreendida\"}]},{\"@type\":\"WebSite\",\"@id\":\"https:\/\/brasilnoticias.org\/site\/#website\",\"url\":\"https:\/\/brasilnoticias.org\/site\/\",\"name\":\"Brasil not\u00edcias\",\"description\":\"Brasil not\u00edcias\",\"publisher\":{\"@id\":\"https:\/\/brasilnoticias.org\/site\/#organization\"},\"potentialAction\":[{\"@type\":\"SearchAction\",\"target\":{\"@type\":\"EntryPoint\",\"urlTemplate\":\"https:\/\/brasilnoticias.org\/site\/?s={search_term_string}\"},\"query-input\":{\"@type\":\"PropertyValueSpecification\",\"valueRequired\":true,\"valueName\":\"search_term_string\"}}],\"inLanguage\":\"pt-PT\"},{\"@type\":\"Organization\",\"@id\":\"https:\/\/brasilnoticias.org\/site\/#organization\",\"name\":\"Brasil not\u00edcias\",\"url\":\"https:\/\/brasilnoticias.org\/site\/\",\"logo\":{\"@type\":\"ImageObject\",\"inLanguage\":\"pt-PT\",\"@id\":\"https:\/\/brasilnoticias.org\/site\/#\/schema\/logo\/image\/\",\"url\":\"https:\/\/brasilnoticias.org\/site\/wp-content\/uploads\/2022\/05\/cropped-brasilnoticias-mini.jpg\",\"contentUrl\":\"https:\/\/brasilnoticias.org\/site\/wp-content\/uploads\/2022\/05\/cropped-brasilnoticias-mini.jpg\",\"width\":314,\"height\":86,\"caption\":\"Brasil not\u00edcias\"},\"image\":{\"@id\":\"https:\/\/brasilnoticias.org\/site\/#\/schema\/logo\/image\/\"}},{\"@type\":\"Person\",\"@id\":\"https:\/\/brasilnoticias.org\/site\/#\/schema\/person\/a0e05b973ec4d15c658d51911e53507b\",\"name\":\"Reda\u00e7\u00e3o\",\"image\":{\"@type\":\"ImageObject\",\"inLanguage\":\"pt-PT\",\"@id\":\"https:\/\/brasilnoticias.org\/site\/#\/schema\/person\/image\/\",\"url\":\"https:\/\/secure.gravatar.com\/avatar\/75d8b050df2de108b08ae78dfb8e374892df24a383c67db9c46a9c604f6aee9c?s=96&d=mm&r=g\",\"contentUrl\":\"https:\/\/secure.gravatar.com\/avatar\/75d8b050df2de108b08ae78dfb8e374892df24a383c67db9c46a9c604f6aee9c?s=96&d=mm&r=g\",\"caption\":\"Reda\u00e7\u00e3o\"},\"sameAs\":[\"https:\/\/brasilnoticias.org\/site\"],\"url\":\"https:\/\/brasilnoticias.org\/site\/author\/fernandozsngmail-com\/\"}]}<\/script>\n<!-- \/ Yoast SEO plugin. -->","yoast_head_json":{"title":"Grupo troca tiros com PMs e sete suspeitos ficam feridos na RMS; submetralhadora \u00e9 apreendida - Brasil not\u00edcias","robots":{"index":"index","follow":"follow","max-snippet":"max-snippet:-1","max-image-preview":"max-image-preview:large","max-video-preview":"max-video-preview:-1"},"canonical":"https:\/\/brasilnoticias.org\/site\/grupo-troca-tiros-com-pms-e-sete-suspeitos-ficam-feridos-na-rms-submetralhadora-e-apreendida\/","og_locale":"pt_PT","og_type":"article","og_title":"Grupo troca tiros com PMs e sete suspeitos ficam feridos na RMS; submetralhadora \u00e9 apreendida - Brasil not\u00edcias","og_description":"Os militares localizaram cerca de 15 suspeitos. Quando as equipes se aproximaram, os homens atiraram e correram para uma regi\u00e3o","og_url":"https:\/\/brasilnoticias.org\/site\/grupo-troca-tiros-com-pms-e-sete-suspeitos-ficam-feridos-na-rms-submetralhadora-e-apreendida\/","og_site_name":"Brasil not\u00edcias","article_published_time":"2023-07-29T21:05:55+00:00","og_image":[{"width":740,"height":470,"url":"https:\/\/brasilnoticias.org\/site\/wp-content\/uploads\/2023\/07\/armas-camacari.jpg","type":"image\/jpeg"}],"author":"Reda\u00e7\u00e3o","twitter_card":"summary_large_image","twitter_misc":{"Escrito por":"Reda\u00e7\u00e3o"},"schema":{"@context":"https:\/\/schema.org","@graph":[{"@type":"Article","@id":"https:\/\/brasilnoticias.org\/site\/grupo-troca-tiros-com-pms-e-sete-suspeitos-ficam-feridos-na-rms-submetralhadora-e-apreendida\/#article","isPartOf":{"@id":"https:\/\/brasilnoticias.org\/site\/grupo-troca-tiros-com-pms-e-sete-suspeitos-ficam-feridos-na-rms-submetralhadora-e-apreendida\/"},"author":{"name":"Reda\u00e7\u00e3o","@id":"https:\/\/brasilnoticias.org\/site\/#\/schema\/person\/a0e05b973ec4d15c658d51911e53507b"},"headline":"Grupo troca tiros com PMs e sete suspeitos ficam feridos na RMS; submetralhadora \u00e9 apreendida","datePublished":"2023-07-29T21:05:55+00:00","mainEntityOfPage":{"@id":"https:\/\/brasilnoticias.org\/site\/grupo-troca-tiros-com-pms-e-sete-suspeitos-ficam-feridos-na-rms-submetralhadora-e-apreendida\/"},"wordCount":259,"commentCount":0,"publisher":{"@id":"https:\/\/brasilnoticias.org\/site\/#organization"},"image":{"@id":"https:\/\/brasilnoticias.org\/site\/grupo-troca-tiros-com-pms-e-sete-suspeitos-ficam-feridos-na-rms-submetralhadora-e-apreendida\/#primaryimage"},"thumbnailUrl":"https:\/\/brasilnoticias.org\/site\/wp-content\/uploads\/2023\/07\/armas-camacari.jpg","articleSection":["Pol\u00edcia","\u00daltimas"],"inLanguage":"pt-PT","potentialAction":[{"@type":"CommentAction","name":"Comment","target":["https:\/\/brasilnoticias.org\/site\/grupo-troca-tiros-com-pms-e-sete-suspeitos-ficam-feridos-na-rms-submetralhadora-e-apreendida\/#respond"]}]},{"@type":"WebPage","@id":"https:\/\/brasilnoticias.org\/site\/grupo-troca-tiros-com-pms-e-sete-suspeitos-ficam-feridos-na-rms-submetralhadora-e-apreendida\/","url":"https:\/\/brasilnoticias.org\/site\/grupo-troca-tiros-com-pms-e-sete-suspeitos-ficam-feridos-na-rms-submetralhadora-e-apreendida\/","name":"Grupo troca tiros com PMs e sete suspeitos ficam feridos na RMS; submetralhadora \u00e9 apreendida - Brasil not\u00edcias","isPartOf":{"@id":"https:\/\/brasilnoticias.org\/site\/#website"},"primaryImageOfPage":{"@id":"https:\/\/brasilnoticias.org\/site\/grupo-troca-tiros-com-pms-e-sete-suspeitos-ficam-feridos-na-rms-submetralhadora-e-apreendida\/#primaryimage"},"image":{"@id":"https:\/\/brasilnoticias.org\/site\/grupo-troca-tiros-com-pms-e-sete-suspeitos-ficam-feridos-na-rms-submetralhadora-e-apreendida\/#primaryimage"},"thumbnailUrl":"https:\/\/brasilnoticias.org\/site\/wp-content\/uploads\/2023\/07\/armas-camacari.jpg","datePublished":"2023-07-29T21:05:55+00:00","breadcrumb":{"@id":"https:\/\/brasilnoticias.org\/site\/grupo-troca-tiros-com-pms-e-sete-suspeitos-ficam-feridos-na-rms-submetralhadora-e-apreendida\/#breadcrumb"},"inLanguage":"pt-PT","potentialAction":[{"@type":"ReadAction","target":["https:\/\/brasilnoticias.org\/site\/grupo-troca-tiros-com-pms-e-sete-suspeitos-ficam-feridos-na-rms-submetralhadora-e-apreendida\/"]}]},{"@type":"ImageObject","inLanguage":"pt-PT","@id":"https:\/\/brasilnoticias.org\/site\/grupo-troca-tiros-com-pms-e-sete-suspeitos-ficam-feridos-na-rms-submetralhadora-e-apreendida\/#primaryimage","url":"https:\/\/brasilnoticias.org\/site\/wp-content\/uploads\/2023\/07\/armas-camacari.jpg","contentUrl":"https:\/\/brasilnoticias.org\/site\/wp-content\/uploads\/2023\/07\/armas-camacari.jpg","width":740,"height":470},{"@type":"BreadcrumbList","@id":"https:\/\/brasilnoticias.org\/site\/grupo-troca-tiros-com-pms-e-sete-suspeitos-ficam-feridos-na-rms-submetralhadora-e-apreendida\/#breadcrumb","itemListElement":[{"@type":"ListItem","position":1,"name":"In\u00edcio","item":"https:\/\/brasilnoticias.org\/site\/"},{"@type":"ListItem","position":2,"name":"Grupo troca tiros com PMs e sete suspeitos ficam feridos na RMS; submetralhadora \u00e9 apreendida"}]},{"@type":"WebSite","@id":"https:\/\/brasilnoticias.org\/site\/#website","url":"https:\/\/brasilnoticias.org\/site\/","name":"Brasil not\u00edcias","description":"Brasil not\u00edcias","publisher":{"@id":"https:\/\/brasilnoticias.org\/site\/#organization"},"potentialAction":[{"@type":"SearchAction","target":{"@type":"EntryPoint","urlTemplate":"https:\/\/brasilnoticias.org\/site\/?s={search_term_string}"},"query-input":{"@type":"PropertyValueSpecification","valueRequired":true,"valueName":"search_term_string"}}],"inLanguage":"pt-PT"},{"@type":"Organization","@id":"https:\/\/brasilnoticias.org\/site\/#organization","name":"Brasil not\u00edcias","url":"https:\/\/brasilnoticias.org\/site\/","logo":{"@type":"ImageObject","inLanguage":"pt-PT","@id":"https:\/\/brasilnoticias.org\/site\/#\/schema\/logo\/image\/","url":"https:\/\/brasilnoticias.org\/site\/wp-content\/uploads\/2022\/05\/cropped-brasilnoticias-mini.jpg","contentUrl":"https:\/\/brasilnoticias.org\/site\/wp-content\/uploads\/2022\/05\/cropped-brasilnoticias-mini.jpg","width":314,"height":86,"caption":"Brasil not\u00edcias"},"image":{"@id":"https:\/\/brasilnoticias.org\/site\/#\/schema\/logo\/image\/"}},{"@type":"Person","@id":"https:\/\/brasilnoticias.org\/site\/#\/schema\/person\/a0e05b973ec4d15c658d51911e53507b","name":"Reda\u00e7\u00e3o","image":{"@type":"ImageObject","inLanguage":"pt-PT","@id":"https:\/\/brasilnoticias.org\/site\/#\/schema\/person\/image\/","url":"https:\/\/secure.gravatar.com\/avatar\/75d8b050df2de108b08ae78dfb8e374892df24a383c67db9c46a9c604f6aee9c?s=96&d=mm&r=g","contentUrl":"https:\/\/secure.gravatar.com\/avatar\/75d8b050df2de108b08ae78dfb8e374892df24a383c67db9c46a9c604f6aee9c?s=96&d=mm&r=g","caption":"Reda\u00e7\u00e3o"},"sameAs":["https:\/\/brasilnoticias.org\/site"],"url":"https:\/\/brasilnoticias.org\/site\/author\/fernandozsngmail-com\/"}]}},"_links":{"self":[{"href":"https:\/\/brasilnoticias.org\/site\/wp-json\/wp\/v2\/posts\/7708","targetHints":{"allow":["GET"]}}],"collection":[{"href":"https:\/\/brasilnoticias.org\/site\/wp-json\/wp\/v2\/posts"}],"about":[{"href":"https:\/\/brasilnoticias.org\/site\/wp-json\/wp\/v2\/types\/post"}],"author":[{"embeddable":true,"href":"https:\/\/brasilnoticias.org\/site\/wp-json\/wp\/v2\/users\/1"}],"replies":[{"embeddable":true,"href":"https:\/\/brasilnoticias.org\/site\/wp-json\/wp\/v2\/comments?post=7708"}],"version-history":[{"count":1,"href":"https:\/\/brasilnoticias.org\/site\/wp-json\/wp\/v2\/posts\/7708\/revisions"}],"predecessor-version":[{"id":7710,"href":"https:\/\/brasilnoticias.org\/site\/wp-json\/wp\/v2\/posts\/7708\/revisions\/7710"}],"wp:featuredmedia":[{"embeddable":true,"href":"https:\/\/brasilnoticias.org\/site\/wp-json\/wp\/v2\/media\/7709"}],"wp:attachment":[{"href":"https:\/\/brasilnoticias.org\/site\/wp-json\/wp\/v2\/media?parent=7708"}],"wp:term":[{"taxonomy":"category","embeddable":true,"href":"https:\/\/brasilnoticias.org\/site\/wp-json\/wp\/v2\/categories?post=7708"},{"taxonomy":"post_tag","embeddable":true,"href":"https:\/\/brasilnoticias.org\/site\/wp-json\/wp\/v2\/tags?post=7708"}],"curies":[{"name":"wp","href":"https:\/\/api.w.org\/{rel}","templated":true}]}}