{"id":7711,"date":"2023-07-29T18:10:50","date_gmt":"2023-07-29T21:10:50","guid":{"rendered":"https:\/\/brasilnoticias.org\/site\/?p=7711"},"modified":"2023-07-29T10:15:56","modified_gmt":"2023-07-29T13:15:56","slug":"brasil-perde-para-a-franca-e-decide-sua-classificacao-na-ultima-rodada","status":"publish","type":"post","link":"https:\/\/brasilnoticias.org\/site\/brasil-perde-para-a-franca-e-decide-sua-classificacao-na-ultima-rodada\/","title":{"rendered":"Brasil perde para a Fran\u00e7a e decide sua classifica\u00e7\u00e3o na \u00faltima rodada"},"content":{"rendered":"<p>N\u00e3o houve revanche e o placar foi igual ao de 2019. O Brasil perdeu para a Fran\u00e7a por 2 a 1 neste s\u00e1bado (29\/7), pela segunda rodada da Copa do Mundo Feminina da FIFA 2023.<\/p>\n<p>Ao contr\u00e1rio do que aconteceu na \u00faltima edi\u00e7\u00e3o, a derrota para a equipe francesa n\u00e3o eliminou a sele\u00e7\u00e3o brasileira, mas acendeu um grande sinal de alerta para a terceira e \u00faltima rodada, que espera um grande desafio contra a Jamaica no dia 2 de agosto.<\/p>\n<p>A Fran\u00e7a, que agora tem quatro pontos (um a mais que o Brasil) enfrenta a lanterna Panam\u00e1 no mesmo dia. O futebol tem dois tempos de jogo \u2013 e desta vez, eles foram muito diferentes um do outro. No primeiro tempo, a Fran\u00e7a atuou de forma soberana, contando com a ansiedade brasileira.<\/p>\n<p>A goleira Leticia, a Lel\u00ea, come\u00e7ou evitando o que teria sido o primeiro gol da Fran\u00e7a aos 12 do primeiro tempo ap\u00f3s cabeceio venenoso de Le Sommer. Mas a defesa brasileira voltou a dar espa\u00e7o e permitiu que o lance se repetisse cinco minutos depois.<\/p>\n<p>E a\u00ed, por mais que tenha tentado, Lel\u00ea n\u00e3o conseguiu salvar de novo: Karchaoui fez o levantamento pela esquerda, Diani ganhou e escorou para a camisa 9 Le Sommer, que finalizou de cabe\u00e7a de novo, desta vez direto para a rede.<\/p>\n<p>No primeiro tempo, a Fran\u00e7a foi muito superior. As escapadas do Brasil tinham pinceladas de nervosismo e falhavam sempre no \u00faltimo toque. Como quando Debinha, aos 22, fez de tudo para proteger a bola, cortou a marca\u00e7\u00e3o e serviu Adriana, que vinha de frente para o gol e errou o alvo.<\/p>\n<p>Adriana tentou se redimir cerca de cinco minutos depois, na correria e fazendo fila entre as marcadoresas francesas, mas foi tocada por Toletti e sofreu a falta. Havia muita vontade, mas pouca organiza\u00e7\u00e3o coletiva, e as jogadas seguiam sem concluir.<\/p>\n<p>A sele\u00e7\u00e3o brasileira s\u00f3 melhorou no segundo tempo. Ajudou muito o fato de que o gol de empate saiu cedo, aos 12 minutos, ap\u00f3s boa troca de passes na entrada da \u00e1rea. Ary Borges tocou para Geyse, que deu um passe curto pelo alto e encontrou Debinha, livre, surgindo entre as advers\u00e1rias de azul. A artilheira de Pia Sundhage n\u00e3o perdoou e marcou.<\/p>\n<p>A Fran\u00e7a chegou a parecer nervosa, desacostumada a se ver pressionada na fase de grupos de Copas do Mundo, e precisou de um jovem irreverente para acordar: aos 19 anos, Becho fez o piv\u00f4 para Geyoro chutar com perigo e exigir uma boa defesa de Lel\u00ea. A quase xar\u00e1 Bacha, de 22, ainda balan\u00e7au a rede pelo lado de fora em outro lance.<\/p>\n<p>Mas a vit\u00f3ria da Fran\u00e7a saiu da cabe\u00e7a de uma veterana. Em cobran\u00e7a de escanteio, a literalmente gigante Wendie Renard (de 1,87m) saltou e concluiu com um toque letal.<\/p>\n<p>Marta ainda entrou em campo aos 40, mas foi bem marcada e n\u00e3o criou. Com ela em campo, a hist\u00f3ria caprichou e repetiu o placar de 2019. O Brasil nunca conseguiu virar um jogo da Copa do Mundo Feminina da FIFA ap\u00f3s sair em garra no placar.<\/p>\n<p>Foto Reprodu\u00e7\u00e3o Fifa<br \/>\nAratu On<\/p>\n","protected":false},"excerpt":{"rendered":"<p>N\u00e3o houve revanche e o placar foi igual ao de 2019. O Brasil perdeu para a Fran\u00e7a por 2 a<\/p>\n","protected":false},"author":1,"featured_media":7712,"comment_status":"open","ping_status":"open","sticky":false,"template":"","format":"standard","meta":{"colormag_page_container_layout":"default_layout","colormag_page_sidebar_layout":"default_layout","_FSMCFIC_featured_image_caption":"","_FSMCFIC_featured_image_nocaption":"","_FSMCFIC_featured_image_hide":"","footnotes":""},"categories":[4,1],"tags":[],"class_list":["post-7711","post","type-post","status-publish","format-standard","has-post-thumbnail","hentry","category-esporte","category-ultimas"],"yoast_head":"<!-- This site is optimized with the Yoast SEO plugin v27.1.1 - https:\/\/yoast.com\/product\/yoast-seo-wordpress\/ -->\n<title>Brasil perde para a Fran\u00e7a e decide sua classifica\u00e7\u00e3o na \u00faltima rodada - Brasil not\u00edcias<\/title>\n<meta name=\"robots\" content=\"index, follow, max-snippet:-1, max-image-preview:large, max-video-preview:-1\" \/>\n<link rel=\"canonical\" href=\"https:\/\/brasilnoticias.org\/site\/brasil-perde-para-a-franca-e-decide-sua-classificacao-na-ultima-rodada\/\" \/>\n<meta property=\"og:locale\" content=\"pt_PT\" \/>\n<meta property=\"og:type\" content=\"article\" \/>\n<meta property=\"og:title\" content=\"Brasil perde para a Fran\u00e7a e decide sua classifica\u00e7\u00e3o na \u00faltima rodada - Brasil not\u00edcias\" \/>\n<meta property=\"og:description\" content=\"N\u00e3o houve revanche e o placar foi igual ao de 2019. O Brasil perdeu para a Fran\u00e7a por 2 a\" \/>\n<meta property=\"og:url\" content=\"https:\/\/brasilnoticias.org\/site\/brasil-perde-para-a-franca-e-decide-sua-classificacao-na-ultima-rodada\/\" \/>\n<meta property=\"og:site_name\" content=\"Brasil not\u00edcias\" \/>\n<meta property=\"article:published_time\" content=\"2023-07-29T21:10:50+00:00\" \/>\n<meta property=\"og:image\" content=\"https:\/\/brasilnoticias.org\/site\/wp-content\/uploads\/2023\/07\/Franca-2x1-Brasil-740x470-1.jpg\" \/>\n\t<meta property=\"og:image:width\" content=\"740\" \/>\n\t<meta property=\"og:image:height\" content=\"470\" \/>\n\t<meta property=\"og:image:type\" content=\"image\/jpeg\" \/>\n<meta name=\"author\" content=\"Reda\u00e7\u00e3o\" \/>\n<meta name=\"twitter:card\" content=\"summary_large_image\" \/>\n<meta name=\"twitter:label1\" content=\"Escrito por\" \/>\n\t<meta name=\"twitter:data1\" content=\"Reda\u00e7\u00e3o\" \/>\n<script type=\"application\/ld+json\" class=\"yoast-schema-graph\">{\"@context\":\"https:\/\/schema.org\",\"@graph\":[{\"@type\":\"Article\",\"@id\":\"https:\/\/brasilnoticias.org\/site\/brasil-perde-para-a-franca-e-decide-sua-classificacao-na-ultima-rodada\/#article\",\"isPartOf\":{\"@id\":\"https:\/\/brasilnoticias.org\/site\/brasil-perde-para-a-franca-e-decide-sua-classificacao-na-ultima-rodada\/\"},\"author\":{\"name\":\"Reda\u00e7\u00e3o\",\"@id\":\"https:\/\/brasilnoticias.org\/site\/#\/schema\/person\/a0e05b973ec4d15c658d51911e53507b\"},\"headline\":\"Brasil perde para a Fran\u00e7a e decide sua classifica\u00e7\u00e3o na \u00faltima rodada\",\"datePublished\":\"2023-07-29T21:10:50+00:00\",\"mainEntityOfPage\":{\"@id\":\"https:\/\/brasilnoticias.org\/site\/brasil-perde-para-a-franca-e-decide-sua-classificacao-na-ultima-rodada\/\"},\"wordCount\":547,\"commentCount\":0,\"publisher\":{\"@id\":\"https:\/\/brasilnoticias.org\/site\/#organization\"},\"image\":{\"@id\":\"https:\/\/brasilnoticias.org\/site\/brasil-perde-para-a-franca-e-decide-sua-classificacao-na-ultima-rodada\/#primaryimage\"},\"thumbnailUrl\":\"https:\/\/brasilnoticias.org\/site\/wp-content\/uploads\/2023\/07\/Franca-2x1-Brasil-740x470-1.jpg\",\"articleSection\":[\"Esporte\",\"\u00daltimas\"],\"inLanguage\":\"pt-PT\",\"potentialAction\":[{\"@type\":\"CommentAction\",\"name\":\"Comment\",\"target\":[\"https:\/\/brasilnoticias.org\/site\/brasil-perde-para-a-franca-e-decide-sua-classificacao-na-ultima-rodada\/#respond\"]}]},{\"@type\":\"WebPage\",\"@id\":\"https:\/\/brasilnoticias.org\/site\/brasil-perde-para-a-franca-e-decide-sua-classificacao-na-ultima-rodada\/\",\"url\":\"https:\/\/brasilnoticias.org\/site\/brasil-perde-para-a-franca-e-decide-sua-classificacao-na-ultima-rodada\/\",\"name\":\"Brasil perde para a Fran\u00e7a e decide sua classifica\u00e7\u00e3o na \u00faltima rodada - Brasil not\u00edcias\",\"isPartOf\":{\"@id\":\"https:\/\/brasilnoticias.org\/site\/#website\"},\"primaryImageOfPage\":{\"@id\":\"https:\/\/brasilnoticias.org\/site\/brasil-perde-para-a-franca-e-decide-sua-classificacao-na-ultima-rodada\/#primaryimage\"},\"image\":{\"@id\":\"https:\/\/brasilnoticias.org\/site\/brasil-perde-para-a-franca-e-decide-sua-classificacao-na-ultima-rodada\/#primaryimage\"},\"thumbnailUrl\":\"https:\/\/brasilnoticias.org\/site\/wp-content\/uploads\/2023\/07\/Franca-2x1-Brasil-740x470-1.jpg\",\"datePublished\":\"2023-07-29T21:10:50+00:00\",\"breadcrumb\":{\"@id\":\"https:\/\/brasilnoticias.org\/site\/brasil-perde-para-a-franca-e-decide-sua-classificacao-na-ultima-rodada\/#breadcrumb\"},\"inLanguage\":\"pt-PT\",\"potentialAction\":[{\"@type\":\"ReadAction\",\"target\":[\"https:\/\/brasilnoticias.org\/site\/brasil-perde-para-a-franca-e-decide-sua-classificacao-na-ultima-rodada\/\"]}]},{\"@type\":\"ImageObject\",\"inLanguage\":\"pt-PT\",\"@id\":\"https:\/\/brasilnoticias.org\/site\/brasil-perde-para-a-franca-e-decide-sua-classificacao-na-ultima-rodada\/#primaryimage\",\"url\":\"https:\/\/brasilnoticias.org\/site\/wp-content\/uploads\/2023\/07\/Franca-2x1-Brasil-740x470-1.jpg\",\"contentUrl\":\"https:\/\/brasilnoticias.org\/site\/wp-content\/uploads\/2023\/07\/Franca-2x1-Brasil-740x470-1.jpg\",\"width\":740,\"height\":470},{\"@type\":\"BreadcrumbList\",\"@id\":\"https:\/\/brasilnoticias.org\/site\/brasil-perde-para-a-franca-e-decide-sua-classificacao-na-ultima-rodada\/#breadcrumb\",\"itemListElement\":[{\"@type\":\"ListItem\",\"position\":1,\"name\":\"In\u00edcio\",\"item\":\"https:\/\/brasilnoticias.org\/site\/\"},{\"@type\":\"ListItem\",\"position\":2,\"name\":\"Brasil perde para a Fran\u00e7a e decide sua classifica\u00e7\u00e3o na \u00faltima rodada\"}]},{\"@type\":\"WebSite\",\"@id\":\"https:\/\/brasilnoticias.org\/site\/#website\",\"url\":\"https:\/\/brasilnoticias.org\/site\/\",\"name\":\"Brasil not\u00edcias\",\"description\":\"Brasil not\u00edcias\",\"publisher\":{\"@id\":\"https:\/\/brasilnoticias.org\/site\/#organization\"},\"potentialAction\":[{\"@type\":\"SearchAction\",\"target\":{\"@type\":\"EntryPoint\",\"urlTemplate\":\"https:\/\/brasilnoticias.org\/site\/?s={search_term_string}\"},\"query-input\":{\"@type\":\"PropertyValueSpecification\",\"valueRequired\":true,\"valueName\":\"search_term_string\"}}],\"inLanguage\":\"pt-PT\"},{\"@type\":\"Organization\",\"@id\":\"https:\/\/brasilnoticias.org\/site\/#organization\",\"name\":\"Brasil not\u00edcias\",\"url\":\"https:\/\/brasilnoticias.org\/site\/\",\"logo\":{\"@type\":\"ImageObject\",\"inLanguage\":\"pt-PT\",\"@id\":\"https:\/\/brasilnoticias.org\/site\/#\/schema\/logo\/image\/\",\"url\":\"https:\/\/brasilnoticias.org\/site\/wp-content\/uploads\/2022\/05\/cropped-brasilnoticias-mini.jpg\",\"contentUrl\":\"https:\/\/brasilnoticias.org\/site\/wp-content\/uploads\/2022\/05\/cropped-brasilnoticias-mini.jpg\",\"width\":314,\"height\":86,\"caption\":\"Brasil not\u00edcias\"},\"image\":{\"@id\":\"https:\/\/brasilnoticias.org\/site\/#\/schema\/logo\/image\/\"}},{\"@type\":\"Person\",\"@id\":\"https:\/\/brasilnoticias.org\/site\/#\/schema\/person\/a0e05b973ec4d15c658d51911e53507b\",\"name\":\"Reda\u00e7\u00e3o\",\"image\":{\"@type\":\"ImageObject\",\"inLanguage\":\"pt-PT\",\"@id\":\"https:\/\/brasilnoticias.org\/site\/#\/schema\/person\/image\/\",\"url\":\"https:\/\/secure.gravatar.com\/avatar\/75d8b050df2de108b08ae78dfb8e374892df24a383c67db9c46a9c604f6aee9c?s=96&d=mm&r=g\",\"contentUrl\":\"https:\/\/secure.gravatar.com\/avatar\/75d8b050df2de108b08ae78dfb8e374892df24a383c67db9c46a9c604f6aee9c?s=96&d=mm&r=g\",\"caption\":\"Reda\u00e7\u00e3o\"},\"sameAs\":[\"https:\/\/brasilnoticias.org\/site\"],\"url\":\"https:\/\/brasilnoticias.org\/site\/author\/fernandozsngmail-com\/\"}]}<\/script>\n<!-- \/ Yoast SEO plugin. -->","yoast_head_json":{"title":"Brasil perde para a Fran\u00e7a e decide sua classifica\u00e7\u00e3o na \u00faltima rodada - Brasil not\u00edcias","robots":{"index":"index","follow":"follow","max-snippet":"max-snippet:-1","max-image-preview":"max-image-preview:large","max-video-preview":"max-video-preview:-1"},"canonical":"https:\/\/brasilnoticias.org\/site\/brasil-perde-para-a-franca-e-decide-sua-classificacao-na-ultima-rodada\/","og_locale":"pt_PT","og_type":"article","og_title":"Brasil perde para a Fran\u00e7a e decide sua classifica\u00e7\u00e3o na \u00faltima rodada - Brasil not\u00edcias","og_description":"N\u00e3o houve revanche e o placar foi igual ao de 2019. O Brasil perdeu para a Fran\u00e7a por 2 a","og_url":"https:\/\/brasilnoticias.org\/site\/brasil-perde-para-a-franca-e-decide-sua-classificacao-na-ultima-rodada\/","og_site_name":"Brasil not\u00edcias","article_published_time":"2023-07-29T21:10:50+00:00","og_image":[{"width":740,"height":470,"url":"https:\/\/brasilnoticias.org\/site\/wp-content\/uploads\/2023\/07\/Franca-2x1-Brasil-740x470-1.jpg","type":"image\/jpeg"}],"author":"Reda\u00e7\u00e3o","twitter_card":"summary_large_image","twitter_misc":{"Escrito por":"Reda\u00e7\u00e3o"},"schema":{"@context":"https:\/\/schema.org","@graph":[{"@type":"Article","@id":"https:\/\/brasilnoticias.org\/site\/brasil-perde-para-a-franca-e-decide-sua-classificacao-na-ultima-rodada\/#article","isPartOf":{"@id":"https:\/\/brasilnoticias.org\/site\/brasil-perde-para-a-franca-e-decide-sua-classificacao-na-ultima-rodada\/"},"author":{"name":"Reda\u00e7\u00e3o","@id":"https:\/\/brasilnoticias.org\/site\/#\/schema\/person\/a0e05b973ec4d15c658d51911e53507b"},"headline":"Brasil perde para a Fran\u00e7a e decide sua classifica\u00e7\u00e3o na \u00faltima rodada","datePublished":"2023-07-29T21:10:50+00:00","mainEntityOfPage":{"@id":"https:\/\/brasilnoticias.org\/site\/brasil-perde-para-a-franca-e-decide-sua-classificacao-na-ultima-rodada\/"},"wordCount":547,"commentCount":0,"publisher":{"@id":"https:\/\/brasilnoticias.org\/site\/#organization"},"image":{"@id":"https:\/\/brasilnoticias.org\/site\/brasil-perde-para-a-franca-e-decide-sua-classificacao-na-ultima-rodada\/#primaryimage"},"thumbnailUrl":"https:\/\/brasilnoticias.org\/site\/wp-content\/uploads\/2023\/07\/Franca-2x1-Brasil-740x470-1.jpg","articleSection":["Esporte","\u00daltimas"],"inLanguage":"pt-PT","potentialAction":[{"@type":"CommentAction","name":"Comment","target":["https:\/\/brasilnoticias.org\/site\/brasil-perde-para-a-franca-e-decide-sua-classificacao-na-ultima-rodada\/#respond"]}]},{"@type":"WebPage","@id":"https:\/\/brasilnoticias.org\/site\/brasil-perde-para-a-franca-e-decide-sua-classificacao-na-ultima-rodada\/","url":"https:\/\/brasilnoticias.org\/site\/brasil-perde-para-a-franca-e-decide-sua-classificacao-na-ultima-rodada\/","name":"Brasil perde para a Fran\u00e7a e decide sua classifica\u00e7\u00e3o na \u00faltima rodada - Brasil not\u00edcias","isPartOf":{"@id":"https:\/\/brasilnoticias.org\/site\/#website"},"primaryImageOfPage":{"@id":"https:\/\/brasilnoticias.org\/site\/brasil-perde-para-a-franca-e-decide-sua-classificacao-na-ultima-rodada\/#primaryimage"},"image":{"@id":"https:\/\/brasilnoticias.org\/site\/brasil-perde-para-a-franca-e-decide-sua-classificacao-na-ultima-rodada\/#primaryimage"},"thumbnailUrl":"https:\/\/brasilnoticias.org\/site\/wp-content\/uploads\/2023\/07\/Franca-2x1-Brasil-740x470-1.jpg","datePublished":"2023-07-29T21:10:50+00:00","breadcrumb":{"@id":"https:\/\/brasilnoticias.org\/site\/brasil-perde-para-a-franca-e-decide-sua-classificacao-na-ultima-rodada\/#breadcrumb"},"inLanguage":"pt-PT","potentialAction":[{"@type":"ReadAction","target":["https:\/\/brasilnoticias.org\/site\/brasil-perde-para-a-franca-e-decide-sua-classificacao-na-ultima-rodada\/"]}]},{"@type":"ImageObject","inLanguage":"pt-PT","@id":"https:\/\/brasilnoticias.org\/site\/brasil-perde-para-a-franca-e-decide-sua-classificacao-na-ultima-rodada\/#primaryimage","url":"https:\/\/brasilnoticias.org\/site\/wp-content\/uploads\/2023\/07\/Franca-2x1-Brasil-740x470-1.jpg","contentUrl":"https:\/\/brasilnoticias.org\/site\/wp-content\/uploads\/2023\/07\/Franca-2x1-Brasil-740x470-1.jpg","width":740,"height":470},{"@type":"BreadcrumbList","@id":"https:\/\/brasilnoticias.org\/site\/brasil-perde-para-a-franca-e-decide-sua-classificacao-na-ultima-rodada\/#breadcrumb","itemListElement":[{"@type":"ListItem","position":1,"name":"In\u00edcio","item":"https:\/\/brasilnoticias.org\/site\/"},{"@type":"ListItem","position":2,"name":"Brasil perde para a Fran\u00e7a e decide sua classifica\u00e7\u00e3o na \u00faltima rodada"}]},{"@type":"WebSite","@id":"https:\/\/brasilnoticias.org\/site\/#website","url":"https:\/\/brasilnoticias.org\/site\/","name":"Brasil not\u00edcias","description":"Brasil not\u00edcias","publisher":{"@id":"https:\/\/brasilnoticias.org\/site\/#organization"},"potentialAction":[{"@type":"SearchAction","target":{"@type":"EntryPoint","urlTemplate":"https:\/\/brasilnoticias.org\/site\/?s={search_term_string}"},"query-input":{"@type":"PropertyValueSpecification","valueRequired":true,"valueName":"search_term_string"}}],"inLanguage":"pt-PT"},{"@type":"Organization","@id":"https:\/\/brasilnoticias.org\/site\/#organization","name":"Brasil not\u00edcias","url":"https:\/\/brasilnoticias.org\/site\/","logo":{"@type":"ImageObject","inLanguage":"pt-PT","@id":"https:\/\/brasilnoticias.org\/site\/#\/schema\/logo\/image\/","url":"https:\/\/brasilnoticias.org\/site\/wp-content\/uploads\/2022\/05\/cropped-brasilnoticias-mini.jpg","contentUrl":"https:\/\/brasilnoticias.org\/site\/wp-content\/uploads\/2022\/05\/cropped-brasilnoticias-mini.jpg","width":314,"height":86,"caption":"Brasil not\u00edcias"},"image":{"@id":"https:\/\/brasilnoticias.org\/site\/#\/schema\/logo\/image\/"}},{"@type":"Person","@id":"https:\/\/brasilnoticias.org\/site\/#\/schema\/person\/a0e05b973ec4d15c658d51911e53507b","name":"Reda\u00e7\u00e3o","image":{"@type":"ImageObject","inLanguage":"pt-PT","@id":"https:\/\/brasilnoticias.org\/site\/#\/schema\/person\/image\/","url":"https:\/\/secure.gravatar.com\/avatar\/75d8b050df2de108b08ae78dfb8e374892df24a383c67db9c46a9c604f6aee9c?s=96&d=mm&r=g","contentUrl":"https:\/\/secure.gravatar.com\/avatar\/75d8b050df2de108b08ae78dfb8e374892df24a383c67db9c46a9c604f6aee9c?s=96&d=mm&r=g","caption":"Reda\u00e7\u00e3o"},"sameAs":["https:\/\/brasilnoticias.org\/site"],"url":"https:\/\/brasilnoticias.org\/site\/author\/fernandozsngmail-com\/"}]}},"_links":{"self":[{"href":"https:\/\/brasilnoticias.org\/site\/wp-json\/wp\/v2\/posts\/7711","targetHints":{"allow":["GET"]}}],"collection":[{"href":"https:\/\/brasilnoticias.org\/site\/wp-json\/wp\/v2\/posts"}],"about":[{"href":"https:\/\/brasilnoticias.org\/site\/wp-json\/wp\/v2\/types\/post"}],"author":[{"embeddable":true,"href":"https:\/\/brasilnoticias.org\/site\/wp-json\/wp\/v2\/users\/1"}],"replies":[{"embeddable":true,"href":"https:\/\/brasilnoticias.org\/site\/wp-json\/wp\/v2\/comments?post=7711"}],"version-history":[{"count":1,"href":"https:\/\/brasilnoticias.org\/site\/wp-json\/wp\/v2\/posts\/7711\/revisions"}],"predecessor-version":[{"id":7713,"href":"https:\/\/brasilnoticias.org\/site\/wp-json\/wp\/v2\/posts\/7711\/revisions\/7713"}],"wp:featuredmedia":[{"embeddable":true,"href":"https:\/\/brasilnoticias.org\/site\/wp-json\/wp\/v2\/media\/7712"}],"wp:attachment":[{"href":"https:\/\/brasilnoticias.org\/site\/wp-json\/wp\/v2\/media?parent=7711"}],"wp:term":[{"taxonomy":"category","embeddable":true,"href":"https:\/\/brasilnoticias.org\/site\/wp-json\/wp\/v2\/categories?post=7711"},{"taxonomy":"post_tag","embeddable":true,"href":"https:\/\/brasilnoticias.org\/site\/wp-json\/wp\/v2\/tags?post=7711"}],"curies":[{"name":"wp","href":"https:\/\/api.w.org\/{rel}","templated":true}]}}