{"id":7731,"date":"2023-07-31T19:54:25","date_gmt":"2023-07-31T22:54:25","guid":{"rendered":"https:\/\/brasilnoticias.org\/site\/?p=7731"},"modified":"2023-07-31T20:02:17","modified_gmt":"2023-07-31T23:02:17","slug":"video-cameras-de-seguranca-flagram-momento-em-que-jovem-e-carregada-por-suspeito-antes-de-ser-estuprada","status":"publish","type":"post","link":"https:\/\/brasilnoticias.org\/site\/video-cameras-de-seguranca-flagram-momento-em-que-jovem-e-carregada-por-suspeito-antes-de-ser-estuprada\/","title":{"rendered":"V\u00cdDEO: C\u00e2meras de seguran\u00e7a flagram momento em que jovem \u00e9 carregada por suspeito antes de ser estuprada"},"content":{"rendered":"<p>C\u00e2meras de seguran\u00e7a registraram o momento em que a jovem de 22 anos foi abandonada na rua de casa e carregada por um homem suspeito de estupr\u00e1-la. O caso aconteceu na madrugada de domingo (30), no bairro Santo Andr\u00e9, em Belo Horizonte. Ele foi preso.<\/p>\n<p>A v\u00edtima estava no show Tardezinha, do cantor Thiaguinho, que aconteceu no Mineir\u00e3o. De acordo com a jovem, ela bebeu muito e contou com ajuda de um amigo, que pediu um carro de aplicativo para ela retornar para casa e compartilhou a coririda com o irm\u00e3o dela.<\/p>\n<p>As imagens mostram o carro de aplicativo chegando ao endere\u00e7o da v\u00edtima por volta das 3h. Depois, o motorista desce do ve\u00edculo e tenta tocar o interfone, mas ningu\u00e9m atende. <\/p>\n<p>Cerca de dez minutos depois, o motorista pede ajuda a um pedestre que passava para carregar a jovem e a deixar sentada, no meio-fio. Ele tenta interfonar mais algumas vezes, n\u00e3o \u00e9 respondido e vai embora por volta das 3h17, deixando a jovem desacordada.<\/p>\n<p>\u00c0s 3h22. poucos minutos ap\u00f3s o motorista ir embora, um homem aparece na rua. Ele \u00e9 visto carregando a jovem no ombro por alguns quarteir\u00f5es. Cerca de 15 minutos depois, por volta das 3h36, imagens de outras partes do bairro Santo Andr\u00e9 flagraram o suspeito ainda carregando a mo\u00e7a.<\/p>\n<p>De acordo com a pol\u00edcia, o homem levou a v\u00edtima para um campo de futebol. Ela foi encontrada na manh\u00e3 seguinte por moradores, coberta por um pano, por\u00e9m com a cal\u00e7a e a calcinha abaixadas.<\/p>\n<p>As imagens dos circuitos de seguran\u00e7a foram essenciais para identificar o suspeito. Ele foi preso na noite do mesmo dia do crime. O homem foi visto saindo sozinho do campo por volta das 7h08, cerca de 3h ap\u00f3s carregar a jovem.<\/p>\n<p>Em depoimento, o homem disse \u00e0 pol\u00edcia que viu a mo\u00e7a desacordada e sozinha e quis lev\u00e1-la para um local seguro. Ele negou o crime e contou que a mulher vomitou na roupa durante o trajeto. As vestimentas dele ser\u00e3o periciadas.<\/p>\n<p>Ele foi preso em flagrante por estupro de vulner\u00e1vel, encaminhado para o sistema prisional e segue \u00e0 disposi\u00e7\u00e3o da justi\u00e7a. O caso ser\u00e1 investigado.<\/p>\n<blockquote class=\"twitter-tweet\">\n<p lang=\"pt\" dir=\"ltr\">Imagens de c\u00e2mera de seguran\u00e7a mostram o momento em que uma jovem de 22 anos foi deixada na rua por um motorista de aplicativo, em Belo Horizonte, ap\u00f3s um show, no fim de semana. Logo depois, um homem a encontrou ca\u00edda, a levou nas costas at\u00e9 a um campo e a estuprou. Um suspeito\u2026 <a href=\"https:\/\/t.co\/kXqaOfBegM\">pic.twitter.com\/kXqaOfBegM<\/a><\/p>\n<p>&mdash; O Tempo (@otempo) <a href=\"https:\/\/twitter.com\/otempo\/status\/1685997604117655553?ref_src=twsrc%5Etfw\">July 31, 2023<\/a><\/p><\/blockquote>\n<p> <script async src=\"https:\/\/platform.twitter.com\/widgets.js\" charset=\"utf-8\"><\/script><\/p>\n<p>Foto: Reprodu\u00e7\u00e3o<br \/>\nFonte: BNews<\/p>\n","protected":false},"excerpt":{"rendered":"<p>C\u00e2meras de seguran\u00e7a registraram o momento em que a jovem de 22 anos foi abandonada na rua de casa e<\/p>\n","protected":false},"author":4,"featured_media":7732,"comment_status":"open","ping_status":"open","sticky":false,"template":"","format":"standard","meta":{"colormag_page_container_layout":"default_layout","colormag_page_sidebar_layout":"default_layout","_FSMCFIC_featured_image_caption":"","_FSMCFIC_featured_image_nocaption":"","_FSMCFIC_featured_image_hide":"","footnotes":""},"categories":[3,1],"tags":[],"class_list":["post-7731","post","type-post","status-publish","format-standard","has-post-thumbnail","hentry","category-policia","category-ultimas"],"yoast_head":"<!-- This site is optimized with the Yoast SEO plugin v27.1.1 - https:\/\/yoast.com\/product\/yoast-seo-wordpress\/ -->\n<title>V\u00cdDEO: C\u00e2meras de seguran\u00e7a flagram momento em que jovem \u00e9 carregada por suspeito antes de ser estuprada - Brasil not\u00edcias<\/title>\n<meta name=\"robots\" content=\"index, follow, max-snippet:-1, max-image-preview:large, max-video-preview:-1\" \/>\n<link rel=\"canonical\" href=\"https:\/\/brasilnoticias.org\/site\/video-cameras-de-seguranca-flagram-momento-em-que-jovem-e-carregada-por-suspeito-antes-de-ser-estuprada\/\" \/>\n<meta property=\"og:locale\" content=\"pt_PT\" \/>\n<meta property=\"og:type\" content=\"article\" \/>\n<meta property=\"og:title\" content=\"V\u00cdDEO: C\u00e2meras de seguran\u00e7a flagram momento em que jovem \u00e9 carregada por suspeito antes de ser estuprada - Brasil not\u00edcias\" \/>\n<meta property=\"og:description\" content=\"C\u00e2meras de seguran\u00e7a registraram o momento em que a jovem de 22 anos foi abandonada na rua de casa e\" \/>\n<meta property=\"og:url\" content=\"https:\/\/brasilnoticias.org\/site\/video-cameras-de-seguranca-flagram-momento-em-que-jovem-e-carregada-por-suspeito-antes-de-ser-estuprada\/\" \/>\n<meta property=\"og:site_name\" content=\"Brasil not\u00edcias\" \/>\n<meta property=\"article:published_time\" content=\"2023-07-31T22:54:25+00:00\" \/>\n<meta property=\"article:modified_time\" content=\"2023-07-31T23:02:17+00:00\" \/>\n<meta property=\"og:image\" content=\"https:\/\/brasilnoticias.org\/site\/wp-content\/uploads\/2023\/07\/a-vitima-foi-encontrada-seminua-por-populares-que-acionaram-o-samu-b3f300b3-dd69-4316-a5d7-248c12c78952.medium_widelg.jpg\" \/>\n\t<meta property=\"og:image:width\" content=\"800\" \/>\n\t<meta property=\"og:image:height\" content=\"450\" \/>\n\t<meta property=\"og:image:type\" content=\"image\/jpeg\" \/>\n<meta name=\"author\" content=\"Reda\u00e7\u00e3o\" \/>\n<meta name=\"twitter:card\" content=\"summary_large_image\" \/>\n<meta name=\"twitter:label1\" content=\"Escrito por\" \/>\n\t<meta name=\"twitter:data1\" content=\"Reda\u00e7\u00e3o\" \/>\n\t<meta name=\"twitter:label2\" content=\"Tempo estimado de leitura\" \/>\n\t<meta name=\"twitter:data2\" content=\"2 minutos\" \/>\n<script type=\"application\/ld+json\" class=\"yoast-schema-graph\">{\"@context\":\"https:\/\/schema.org\",\"@graph\":[{\"@type\":\"Article\",\"@id\":\"https:\/\/brasilnoticias.org\/site\/video-cameras-de-seguranca-flagram-momento-em-que-jovem-e-carregada-por-suspeito-antes-de-ser-estuprada\/#article\",\"isPartOf\":{\"@id\":\"https:\/\/brasilnoticias.org\/site\/video-cameras-de-seguranca-flagram-momento-em-que-jovem-e-carregada-por-suspeito-antes-de-ser-estuprada\/\"},\"author\":{\"name\":\"Reda\u00e7\u00e3o\",\"@id\":\"https:\/\/brasilnoticias.org\/site\/#\/schema\/person\/03bbbfe6c7634ad18c26444ea39049fa\"},\"headline\":\"V\u00cdDEO: C\u00e2meras de seguran\u00e7a flagram momento em que jovem \u00e9 carregada por suspeito antes de ser estuprada\",\"datePublished\":\"2023-07-31T22:54:25+00:00\",\"dateModified\":\"2023-07-31T23:02:17+00:00\",\"mainEntityOfPage\":{\"@id\":\"https:\/\/brasilnoticias.org\/site\/video-cameras-de-seguranca-flagram-momento-em-que-jovem-e-carregada-por-suspeito-antes-de-ser-estuprada\/\"},\"wordCount\":466,\"commentCount\":0,\"publisher\":{\"@id\":\"https:\/\/brasilnoticias.org\/site\/#organization\"},\"image\":{\"@id\":\"https:\/\/brasilnoticias.org\/site\/video-cameras-de-seguranca-flagram-momento-em-que-jovem-e-carregada-por-suspeito-antes-de-ser-estuprada\/#primaryimage\"},\"thumbnailUrl\":\"https:\/\/brasilnoticias.org\/site\/wp-content\/uploads\/2023\/07\/a-vitima-foi-encontrada-seminua-por-populares-que-acionaram-o-samu-b3f300b3-dd69-4316-a5d7-248c12c78952.medium_widelg.jpg\",\"articleSection\":[\"Pol\u00edcia\",\"\u00daltimas\"],\"inLanguage\":\"pt-PT\",\"potentialAction\":[{\"@type\":\"CommentAction\",\"name\":\"Comment\",\"target\":[\"https:\/\/brasilnoticias.org\/site\/video-cameras-de-seguranca-flagram-momento-em-que-jovem-e-carregada-por-suspeito-antes-de-ser-estuprada\/#respond\"]}]},{\"@type\":\"WebPage\",\"@id\":\"https:\/\/brasilnoticias.org\/site\/video-cameras-de-seguranca-flagram-momento-em-que-jovem-e-carregada-por-suspeito-antes-de-ser-estuprada\/\",\"url\":\"https:\/\/brasilnoticias.org\/site\/video-cameras-de-seguranca-flagram-momento-em-que-jovem-e-carregada-por-suspeito-antes-de-ser-estuprada\/\",\"name\":\"V\u00cdDEO: C\u00e2meras de seguran\u00e7a flagram momento em que jovem \u00e9 carregada por suspeito antes de ser estuprada - Brasil not\u00edcias\",\"isPartOf\":{\"@id\":\"https:\/\/brasilnoticias.org\/site\/#website\"},\"primaryImageOfPage\":{\"@id\":\"https:\/\/brasilnoticias.org\/site\/video-cameras-de-seguranca-flagram-momento-em-que-jovem-e-carregada-por-suspeito-antes-de-ser-estuprada\/#primaryimage\"},\"image\":{\"@id\":\"https:\/\/brasilnoticias.org\/site\/video-cameras-de-seguranca-flagram-momento-em-que-jovem-e-carregada-por-suspeito-antes-de-ser-estuprada\/#primaryimage\"},\"thumbnailUrl\":\"https:\/\/brasilnoticias.org\/site\/wp-content\/uploads\/2023\/07\/a-vitima-foi-encontrada-seminua-por-populares-que-acionaram-o-samu-b3f300b3-dd69-4316-a5d7-248c12c78952.medium_widelg.jpg\",\"datePublished\":\"2023-07-31T22:54:25+00:00\",\"dateModified\":\"2023-07-31T23:02:17+00:00\",\"breadcrumb\":{\"@id\":\"https:\/\/brasilnoticias.org\/site\/video-cameras-de-seguranca-flagram-momento-em-que-jovem-e-carregada-por-suspeito-antes-de-ser-estuprada\/#breadcrumb\"},\"inLanguage\":\"pt-PT\",\"potentialAction\":[{\"@type\":\"ReadAction\",\"target\":[\"https:\/\/brasilnoticias.org\/site\/video-cameras-de-seguranca-flagram-momento-em-que-jovem-e-carregada-por-suspeito-antes-de-ser-estuprada\/\"]}]},{\"@type\":\"ImageObject\",\"inLanguage\":\"pt-PT\",\"@id\":\"https:\/\/brasilnoticias.org\/site\/video-cameras-de-seguranca-flagram-momento-em-que-jovem-e-carregada-por-suspeito-antes-de-ser-estuprada\/#primaryimage\",\"url\":\"https:\/\/brasilnoticias.org\/site\/wp-content\/uploads\/2023\/07\/a-vitima-foi-encontrada-seminua-por-populares-que-acionaram-o-samu-b3f300b3-dd69-4316-a5d7-248c12c78952.medium_widelg.jpg\",\"contentUrl\":\"https:\/\/brasilnoticias.org\/site\/wp-content\/uploads\/2023\/07\/a-vitima-foi-encontrada-seminua-por-populares-que-acionaram-o-samu-b3f300b3-dd69-4316-a5d7-248c12c78952.medium_widelg.jpg\",\"width\":800,\"height\":450},{\"@type\":\"BreadcrumbList\",\"@id\":\"https:\/\/brasilnoticias.org\/site\/video-cameras-de-seguranca-flagram-momento-em-que-jovem-e-carregada-por-suspeito-antes-de-ser-estuprada\/#breadcrumb\",\"itemListElement\":[{\"@type\":\"ListItem\",\"position\":1,\"name\":\"In\u00edcio\",\"item\":\"https:\/\/brasilnoticias.org\/site\/\"},{\"@type\":\"ListItem\",\"position\":2,\"name\":\"V\u00cdDEO: C\u00e2meras de seguran\u00e7a flagram momento em que jovem \u00e9 carregada por suspeito antes de ser estuprada\"}]},{\"@type\":\"WebSite\",\"@id\":\"https:\/\/brasilnoticias.org\/site\/#website\",\"url\":\"https:\/\/brasilnoticias.org\/site\/\",\"name\":\"Brasil not\u00edcias\",\"description\":\"Brasil not\u00edcias\",\"publisher\":{\"@id\":\"https:\/\/brasilnoticias.org\/site\/#organization\"},\"potentialAction\":[{\"@type\":\"SearchAction\",\"target\":{\"@type\":\"EntryPoint\",\"urlTemplate\":\"https:\/\/brasilnoticias.org\/site\/?s={search_term_string}\"},\"query-input\":{\"@type\":\"PropertyValueSpecification\",\"valueRequired\":true,\"valueName\":\"search_term_string\"}}],\"inLanguage\":\"pt-PT\"},{\"@type\":\"Organization\",\"@id\":\"https:\/\/brasilnoticias.org\/site\/#organization\",\"name\":\"Brasil not\u00edcias\",\"url\":\"https:\/\/brasilnoticias.org\/site\/\",\"logo\":{\"@type\":\"ImageObject\",\"inLanguage\":\"pt-PT\",\"@id\":\"https:\/\/brasilnoticias.org\/site\/#\/schema\/logo\/image\/\",\"url\":\"https:\/\/brasilnoticias.org\/site\/wp-content\/uploads\/2022\/05\/cropped-brasilnoticias-mini.jpg\",\"contentUrl\":\"https:\/\/brasilnoticias.org\/site\/wp-content\/uploads\/2022\/05\/cropped-brasilnoticias-mini.jpg\",\"width\":314,\"height\":86,\"caption\":\"Brasil not\u00edcias\"},\"image\":{\"@id\":\"https:\/\/brasilnoticias.org\/site\/#\/schema\/logo\/image\/\"}},{\"@type\":\"Person\",\"@id\":\"https:\/\/brasilnoticias.org\/site\/#\/schema\/person\/03bbbfe6c7634ad18c26444ea39049fa\",\"name\":\"Reda\u00e7\u00e3o\",\"image\":{\"@type\":\"ImageObject\",\"inLanguage\":\"pt-PT\",\"@id\":\"https:\/\/brasilnoticias.org\/site\/#\/schema\/person\/image\/\",\"url\":\"https:\/\/secure.gravatar.com\/avatar\/9ecaf7327a696cb23ad926fedded5f1f04d7049de9e445375d55b48c001a6e42?s=96&d=mm&r=g\",\"contentUrl\":\"https:\/\/secure.gravatar.com\/avatar\/9ecaf7327a696cb23ad926fedded5f1f04d7049de9e445375d55b48c001a6e42?s=96&d=mm&r=g\",\"caption\":\"Reda\u00e7\u00e3o\"},\"url\":\"https:\/\/brasilnoticias.org\/site\/author\/henrique\/\"}]}<\/script>\n<!-- \/ Yoast SEO plugin. -->","yoast_head_json":{"title":"V\u00cdDEO: C\u00e2meras de seguran\u00e7a flagram momento em que jovem \u00e9 carregada por suspeito antes de ser estuprada - Brasil not\u00edcias","robots":{"index":"index","follow":"follow","max-snippet":"max-snippet:-1","max-image-preview":"max-image-preview:large","max-video-preview":"max-video-preview:-1"},"canonical":"https:\/\/brasilnoticias.org\/site\/video-cameras-de-seguranca-flagram-momento-em-que-jovem-e-carregada-por-suspeito-antes-de-ser-estuprada\/","og_locale":"pt_PT","og_type":"article","og_title":"V\u00cdDEO: C\u00e2meras de seguran\u00e7a flagram momento em que jovem \u00e9 carregada por suspeito antes de ser estuprada - Brasil not\u00edcias","og_description":"C\u00e2meras de seguran\u00e7a registraram o momento em que a jovem de 22 anos foi abandonada na rua de casa e","og_url":"https:\/\/brasilnoticias.org\/site\/video-cameras-de-seguranca-flagram-momento-em-que-jovem-e-carregada-por-suspeito-antes-de-ser-estuprada\/","og_site_name":"Brasil not\u00edcias","article_published_time":"2023-07-31T22:54:25+00:00","article_modified_time":"2023-07-31T23:02:17+00:00","og_image":[{"width":800,"height":450,"url":"https:\/\/brasilnoticias.org\/site\/wp-content\/uploads\/2023\/07\/a-vitima-foi-encontrada-seminua-por-populares-que-acionaram-o-samu-b3f300b3-dd69-4316-a5d7-248c12c78952.medium_widelg.jpg","type":"image\/jpeg"}],"author":"Reda\u00e7\u00e3o","twitter_card":"summary_large_image","twitter_misc":{"Escrito por":"Reda\u00e7\u00e3o","Tempo estimado de leitura":"2 minutos"},"schema":{"@context":"https:\/\/schema.org","@graph":[{"@type":"Article","@id":"https:\/\/brasilnoticias.org\/site\/video-cameras-de-seguranca-flagram-momento-em-que-jovem-e-carregada-por-suspeito-antes-de-ser-estuprada\/#article","isPartOf":{"@id":"https:\/\/brasilnoticias.org\/site\/video-cameras-de-seguranca-flagram-momento-em-que-jovem-e-carregada-por-suspeito-antes-de-ser-estuprada\/"},"author":{"name":"Reda\u00e7\u00e3o","@id":"https:\/\/brasilnoticias.org\/site\/#\/schema\/person\/03bbbfe6c7634ad18c26444ea39049fa"},"headline":"V\u00cdDEO: C\u00e2meras de seguran\u00e7a flagram momento em que jovem \u00e9 carregada por suspeito antes de ser estuprada","datePublished":"2023-07-31T22:54:25+00:00","dateModified":"2023-07-31T23:02:17+00:00","mainEntityOfPage":{"@id":"https:\/\/brasilnoticias.org\/site\/video-cameras-de-seguranca-flagram-momento-em-que-jovem-e-carregada-por-suspeito-antes-de-ser-estuprada\/"},"wordCount":466,"commentCount":0,"publisher":{"@id":"https:\/\/brasilnoticias.org\/site\/#organization"},"image":{"@id":"https:\/\/brasilnoticias.org\/site\/video-cameras-de-seguranca-flagram-momento-em-que-jovem-e-carregada-por-suspeito-antes-de-ser-estuprada\/#primaryimage"},"thumbnailUrl":"https:\/\/brasilnoticias.org\/site\/wp-content\/uploads\/2023\/07\/a-vitima-foi-encontrada-seminua-por-populares-que-acionaram-o-samu-b3f300b3-dd69-4316-a5d7-248c12c78952.medium_widelg.jpg","articleSection":["Pol\u00edcia","\u00daltimas"],"inLanguage":"pt-PT","potentialAction":[{"@type":"CommentAction","name":"Comment","target":["https:\/\/brasilnoticias.org\/site\/video-cameras-de-seguranca-flagram-momento-em-que-jovem-e-carregada-por-suspeito-antes-de-ser-estuprada\/#respond"]}]},{"@type":"WebPage","@id":"https:\/\/brasilnoticias.org\/site\/video-cameras-de-seguranca-flagram-momento-em-que-jovem-e-carregada-por-suspeito-antes-de-ser-estuprada\/","url":"https:\/\/brasilnoticias.org\/site\/video-cameras-de-seguranca-flagram-momento-em-que-jovem-e-carregada-por-suspeito-antes-de-ser-estuprada\/","name":"V\u00cdDEO: C\u00e2meras de seguran\u00e7a flagram momento em que jovem \u00e9 carregada por suspeito antes de ser estuprada - Brasil not\u00edcias","isPartOf":{"@id":"https:\/\/brasilnoticias.org\/site\/#website"},"primaryImageOfPage":{"@id":"https:\/\/brasilnoticias.org\/site\/video-cameras-de-seguranca-flagram-momento-em-que-jovem-e-carregada-por-suspeito-antes-de-ser-estuprada\/#primaryimage"},"image":{"@id":"https:\/\/brasilnoticias.org\/site\/video-cameras-de-seguranca-flagram-momento-em-que-jovem-e-carregada-por-suspeito-antes-de-ser-estuprada\/#primaryimage"},"thumbnailUrl":"https:\/\/brasilnoticias.org\/site\/wp-content\/uploads\/2023\/07\/a-vitima-foi-encontrada-seminua-por-populares-que-acionaram-o-samu-b3f300b3-dd69-4316-a5d7-248c12c78952.medium_widelg.jpg","datePublished":"2023-07-31T22:54:25+00:00","dateModified":"2023-07-31T23:02:17+00:00","breadcrumb":{"@id":"https:\/\/brasilnoticias.org\/site\/video-cameras-de-seguranca-flagram-momento-em-que-jovem-e-carregada-por-suspeito-antes-de-ser-estuprada\/#breadcrumb"},"inLanguage":"pt-PT","potentialAction":[{"@type":"ReadAction","target":["https:\/\/brasilnoticias.org\/site\/video-cameras-de-seguranca-flagram-momento-em-que-jovem-e-carregada-por-suspeito-antes-de-ser-estuprada\/"]}]},{"@type":"ImageObject","inLanguage":"pt-PT","@id":"https:\/\/brasilnoticias.org\/site\/video-cameras-de-seguranca-flagram-momento-em-que-jovem-e-carregada-por-suspeito-antes-de-ser-estuprada\/#primaryimage","url":"https:\/\/brasilnoticias.org\/site\/wp-content\/uploads\/2023\/07\/a-vitima-foi-encontrada-seminua-por-populares-que-acionaram-o-samu-b3f300b3-dd69-4316-a5d7-248c12c78952.medium_widelg.jpg","contentUrl":"https:\/\/brasilnoticias.org\/site\/wp-content\/uploads\/2023\/07\/a-vitima-foi-encontrada-seminua-por-populares-que-acionaram-o-samu-b3f300b3-dd69-4316-a5d7-248c12c78952.medium_widelg.jpg","width":800,"height":450},{"@type":"BreadcrumbList","@id":"https:\/\/brasilnoticias.org\/site\/video-cameras-de-seguranca-flagram-momento-em-que-jovem-e-carregada-por-suspeito-antes-de-ser-estuprada\/#breadcrumb","itemListElement":[{"@type":"ListItem","position":1,"name":"In\u00edcio","item":"https:\/\/brasilnoticias.org\/site\/"},{"@type":"ListItem","position":2,"name":"V\u00cdDEO: C\u00e2meras de seguran\u00e7a flagram momento em que jovem \u00e9 carregada por suspeito antes de ser estuprada"}]},{"@type":"WebSite","@id":"https:\/\/brasilnoticias.org\/site\/#website","url":"https:\/\/brasilnoticias.org\/site\/","name":"Brasil not\u00edcias","description":"Brasil not\u00edcias","publisher":{"@id":"https:\/\/brasilnoticias.org\/site\/#organization"},"potentialAction":[{"@type":"SearchAction","target":{"@type":"EntryPoint","urlTemplate":"https:\/\/brasilnoticias.org\/site\/?s={search_term_string}"},"query-input":{"@type":"PropertyValueSpecification","valueRequired":true,"valueName":"search_term_string"}}],"inLanguage":"pt-PT"},{"@type":"Organization","@id":"https:\/\/brasilnoticias.org\/site\/#organization","name":"Brasil not\u00edcias","url":"https:\/\/brasilnoticias.org\/site\/","logo":{"@type":"ImageObject","inLanguage":"pt-PT","@id":"https:\/\/brasilnoticias.org\/site\/#\/schema\/logo\/image\/","url":"https:\/\/brasilnoticias.org\/site\/wp-content\/uploads\/2022\/05\/cropped-brasilnoticias-mini.jpg","contentUrl":"https:\/\/brasilnoticias.org\/site\/wp-content\/uploads\/2022\/05\/cropped-brasilnoticias-mini.jpg","width":314,"height":86,"caption":"Brasil not\u00edcias"},"image":{"@id":"https:\/\/brasilnoticias.org\/site\/#\/schema\/logo\/image\/"}},{"@type":"Person","@id":"https:\/\/brasilnoticias.org\/site\/#\/schema\/person\/03bbbfe6c7634ad18c26444ea39049fa","name":"Reda\u00e7\u00e3o","image":{"@type":"ImageObject","inLanguage":"pt-PT","@id":"https:\/\/brasilnoticias.org\/site\/#\/schema\/person\/image\/","url":"https:\/\/secure.gravatar.com\/avatar\/9ecaf7327a696cb23ad926fedded5f1f04d7049de9e445375d55b48c001a6e42?s=96&d=mm&r=g","contentUrl":"https:\/\/secure.gravatar.com\/avatar\/9ecaf7327a696cb23ad926fedded5f1f04d7049de9e445375d55b48c001a6e42?s=96&d=mm&r=g","caption":"Reda\u00e7\u00e3o"},"url":"https:\/\/brasilnoticias.org\/site\/author\/henrique\/"}]}},"_links":{"self":[{"href":"https:\/\/brasilnoticias.org\/site\/wp-json\/wp\/v2\/posts\/7731","targetHints":{"allow":["GET"]}}],"collection":[{"href":"https:\/\/brasilnoticias.org\/site\/wp-json\/wp\/v2\/posts"}],"about":[{"href":"https:\/\/brasilnoticias.org\/site\/wp-json\/wp\/v2\/types\/post"}],"author":[{"embeddable":true,"href":"https:\/\/brasilnoticias.org\/site\/wp-json\/wp\/v2\/users\/4"}],"replies":[{"embeddable":true,"href":"https:\/\/brasilnoticias.org\/site\/wp-json\/wp\/v2\/comments?post=7731"}],"version-history":[{"count":2,"href":"https:\/\/brasilnoticias.org\/site\/wp-json\/wp\/v2\/posts\/7731\/revisions"}],"predecessor-version":[{"id":7737,"href":"https:\/\/brasilnoticias.org\/site\/wp-json\/wp\/v2\/posts\/7731\/revisions\/7737"}],"wp:featuredmedia":[{"embeddable":true,"href":"https:\/\/brasilnoticias.org\/site\/wp-json\/wp\/v2\/media\/7732"}],"wp:attachment":[{"href":"https:\/\/brasilnoticias.org\/site\/wp-json\/wp\/v2\/media?parent=7731"}],"wp:term":[{"taxonomy":"category","embeddable":true,"href":"https:\/\/brasilnoticias.org\/site\/wp-json\/wp\/v2\/categories?post=7731"},{"taxonomy":"post_tag","embeddable":true,"href":"https:\/\/brasilnoticias.org\/site\/wp-json\/wp\/v2\/tags?post=7731"}],"curies":[{"name":"wp","href":"https:\/\/api.w.org\/{rel}","templated":true}]}}