{"id":7738,"date":"2023-07-31T20:07:57","date_gmt":"2023-07-31T23:07:57","guid":{"rendered":"https:\/\/brasilnoticias.org\/site\/?p=7738"},"modified":"2023-07-31T20:07:57","modified_gmt":"2023-07-31T23:07:57","slug":"inquerito-militar-aponta-erro-do-governo-de-lula-e-retira-culpa-de-tropas-em-atos-golpistas","status":"publish","type":"post","link":"https:\/\/brasilnoticias.org\/site\/inquerito-militar-aponta-erro-do-governo-de-lula-e-retira-culpa-de-tropas-em-atos-golpistas\/","title":{"rendered":"Inqu\u00e9rito militar aponta erro do governo de Lula e retira culpa de tropas em atos golpistas"},"content":{"rendered":"<p>Documento aponta que n\u00famero de militares presentes no ato golpista foi menor que em julho quando Bolsonaro convocou manifestantes contra STF<\/p>\n<p>O inqu\u00e9rito policial militar que foi aberto para investiga\u00e7\u00e3o de militares que deveriam ter protegido o Pal\u00e1cio do Planalto apontou \u201cind\u00edcios de responsabilidade\u201d da Secretaria de Seguran\u00e7a e Coordena\u00e7\u00e3o Presidencial, que faz parte da pasta do Gabinete de Seguran\u00e7a Institucional, e retirou a culpa das tropas. As informa\u00e7\u00f5es s\u00e3o da Folha de S. Paulo.<\/p>\n<p>O relat\u00f3rio obtido pela Folha, foi finalizado em 2 de mar\u00e7o e recebeu complementa\u00e7\u00e3o em 14 do mesmo m\u00eas. Apesar de indicar a responsabilidade do GSI, os nomes dos respons\u00e1veis n\u00e3o foram indicados.  Quem comandava a secretaria do \u00f3rg\u00e3o era o general Carlos Feitosa Rodrigues. Ele havia assumido o cargo em 2021, durante a gest\u00e3o de Augusto Heleno.<\/p>\n<p>Ainda de acordo com o documento, o n\u00famero de militares presentes no ato golpista de janeiro foi menor do que o de 31 de julho de 2022, quando o ex-presidente, Jair Bolsonaro (PL) convocou manifestantes contra o Supremo Tribunal Federal (STF).<\/p>\n<p>Foto: Marcelo Camargo\/Ag\u00eancia Brasil<br \/>\nFonte: Metro1<\/p>\n","protected":false},"excerpt":{"rendered":"<p>Documento aponta que n\u00famero de militares presentes no ato golpista foi menor que em julho quando Bolsonaro convocou manifestantes contra<\/p>\n","protected":false},"author":4,"featured_media":7739,"comment_status":"open","ping_status":"open","sticky":false,"template":"","format":"standard","meta":{"colormag_page_container_layout":"default_layout","colormag_page_sidebar_layout":"default_layout","_FSMCFIC_featured_image_caption":"","_FSMCFIC_featured_image_nocaption":"","_FSMCFIC_featured_image_hide":"","footnotes":""},"categories":[5,1],"tags":[],"class_list":["post-7738","post","type-post","status-publish","format-standard","has-post-thumbnail","hentry","category-politica","category-ultimas"],"yoast_head":"<!-- This site is optimized with the Yoast SEO plugin v27.1.1 - https:\/\/yoast.com\/product\/yoast-seo-wordpress\/ -->\n<title>Inqu\u00e9rito militar aponta erro do governo de Lula e retira culpa de tropas em atos golpistas - Brasil not\u00edcias<\/title>\n<meta name=\"robots\" content=\"index, follow, max-snippet:-1, max-image-preview:large, max-video-preview:-1\" \/>\n<link rel=\"canonical\" href=\"https:\/\/brasilnoticias.org\/site\/inquerito-militar-aponta-erro-do-governo-de-lula-e-retira-culpa-de-tropas-em-atos-golpistas\/\" \/>\n<meta property=\"og:locale\" content=\"pt_PT\" \/>\n<meta property=\"og:type\" content=\"article\" \/>\n<meta property=\"og:title\" content=\"Inqu\u00e9rito militar aponta erro do governo de Lula e retira culpa de tropas em atos golpistas - Brasil not\u00edcias\" \/>\n<meta property=\"og:description\" content=\"Documento aponta que n\u00famero de militares presentes no ato golpista foi menor que em julho quando Bolsonaro convocou manifestantes contra\" \/>\n<meta property=\"og:url\" content=\"https:\/\/brasilnoticias.org\/site\/inquerito-militar-aponta-erro-do-governo-de-lula-e-retira-culpa-de-tropas-em-atos-golpistas\/\" \/>\n<meta property=\"og:site_name\" content=\"Brasil not\u00edcias\" \/>\n<meta property=\"article:published_time\" content=\"2023-07-31T23:07:57+00:00\" \/>\n<meta property=\"og:image\" content=\"https:\/\/brasilnoticias.org\/site\/wp-content\/uploads\/2023\/07\/139310inquerito-militar-aponta-erro-do-governo-de-lula-e-retira-culpa-de-tropas-em-atos-golpistas-3.jpg\" \/>\n\t<meta property=\"og:image:width\" content=\"1600\" \/>\n\t<meta property=\"og:image:height\" content=\"752\" \/>\n\t<meta property=\"og:image:type\" content=\"image\/jpeg\" \/>\n<meta name=\"author\" content=\"Reda\u00e7\u00e3o\" \/>\n<meta name=\"twitter:card\" content=\"summary_large_image\" \/>\n<meta name=\"twitter:label1\" content=\"Escrito por\" \/>\n\t<meta name=\"twitter:data1\" content=\"Reda\u00e7\u00e3o\" \/>\n<script type=\"application\/ld+json\" class=\"yoast-schema-graph\">{\"@context\":\"https:\/\/schema.org\",\"@graph\":[{\"@type\":\"Article\",\"@id\":\"https:\/\/brasilnoticias.org\/site\/inquerito-militar-aponta-erro-do-governo-de-lula-e-retira-culpa-de-tropas-em-atos-golpistas\/#article\",\"isPartOf\":{\"@id\":\"https:\/\/brasilnoticias.org\/site\/inquerito-militar-aponta-erro-do-governo-de-lula-e-retira-culpa-de-tropas-em-atos-golpistas\/\"},\"author\":{\"name\":\"Reda\u00e7\u00e3o\",\"@id\":\"https:\/\/brasilnoticias.org\/site\/#\/schema\/person\/03bbbfe6c7634ad18c26444ea39049fa\"},\"headline\":\"Inqu\u00e9rito militar aponta erro do governo de Lula e retira culpa de tropas em atos golpistas\",\"datePublished\":\"2023-07-31T23:07:57+00:00\",\"mainEntityOfPage\":{\"@id\":\"https:\/\/brasilnoticias.org\/site\/inquerito-militar-aponta-erro-do-governo-de-lula-e-retira-culpa-de-tropas-em-atos-golpistas\/\"},\"wordCount\":213,\"commentCount\":0,\"publisher\":{\"@id\":\"https:\/\/brasilnoticias.org\/site\/#organization\"},\"image\":{\"@id\":\"https:\/\/brasilnoticias.org\/site\/inquerito-militar-aponta-erro-do-governo-de-lula-e-retira-culpa-de-tropas-em-atos-golpistas\/#primaryimage\"},\"thumbnailUrl\":\"https:\/\/brasilnoticias.org\/site\/wp-content\/uploads\/2023\/07\/139310inquerito-militar-aponta-erro-do-governo-de-lula-e-retira-culpa-de-tropas-em-atos-golpistas-3.jpg\",\"articleSection\":[\"Pol\u00edtica\",\"\u00daltimas\"],\"inLanguage\":\"pt-PT\",\"potentialAction\":[{\"@type\":\"CommentAction\",\"name\":\"Comment\",\"target\":[\"https:\/\/brasilnoticias.org\/site\/inquerito-militar-aponta-erro-do-governo-de-lula-e-retira-culpa-de-tropas-em-atos-golpistas\/#respond\"]}]},{\"@type\":\"WebPage\",\"@id\":\"https:\/\/brasilnoticias.org\/site\/inquerito-militar-aponta-erro-do-governo-de-lula-e-retira-culpa-de-tropas-em-atos-golpistas\/\",\"url\":\"https:\/\/brasilnoticias.org\/site\/inquerito-militar-aponta-erro-do-governo-de-lula-e-retira-culpa-de-tropas-em-atos-golpistas\/\",\"name\":\"Inqu\u00e9rito militar aponta erro do governo de Lula e retira culpa de tropas em atos golpistas - Brasil not\u00edcias\",\"isPartOf\":{\"@id\":\"https:\/\/brasilnoticias.org\/site\/#website\"},\"primaryImageOfPage\":{\"@id\":\"https:\/\/brasilnoticias.org\/site\/inquerito-militar-aponta-erro-do-governo-de-lula-e-retira-culpa-de-tropas-em-atos-golpistas\/#primaryimage\"},\"image\":{\"@id\":\"https:\/\/brasilnoticias.org\/site\/inquerito-militar-aponta-erro-do-governo-de-lula-e-retira-culpa-de-tropas-em-atos-golpistas\/#primaryimage\"},\"thumbnailUrl\":\"https:\/\/brasilnoticias.org\/site\/wp-content\/uploads\/2023\/07\/139310inquerito-militar-aponta-erro-do-governo-de-lula-e-retira-culpa-de-tropas-em-atos-golpistas-3.jpg\",\"datePublished\":\"2023-07-31T23:07:57+00:00\",\"breadcrumb\":{\"@id\":\"https:\/\/brasilnoticias.org\/site\/inquerito-militar-aponta-erro-do-governo-de-lula-e-retira-culpa-de-tropas-em-atos-golpistas\/#breadcrumb\"},\"inLanguage\":\"pt-PT\",\"potentialAction\":[{\"@type\":\"ReadAction\",\"target\":[\"https:\/\/brasilnoticias.org\/site\/inquerito-militar-aponta-erro-do-governo-de-lula-e-retira-culpa-de-tropas-em-atos-golpistas\/\"]}]},{\"@type\":\"ImageObject\",\"inLanguage\":\"pt-PT\",\"@id\":\"https:\/\/brasilnoticias.org\/site\/inquerito-militar-aponta-erro-do-governo-de-lula-e-retira-culpa-de-tropas-em-atos-golpistas\/#primaryimage\",\"url\":\"https:\/\/brasilnoticias.org\/site\/wp-content\/uploads\/2023\/07\/139310inquerito-militar-aponta-erro-do-governo-de-lula-e-retira-culpa-de-tropas-em-atos-golpistas-3.jpg\",\"contentUrl\":\"https:\/\/brasilnoticias.org\/site\/wp-content\/uploads\/2023\/07\/139310inquerito-militar-aponta-erro-do-governo-de-lula-e-retira-culpa-de-tropas-em-atos-golpistas-3.jpg\",\"width\":1600,\"height\":752},{\"@type\":\"BreadcrumbList\",\"@id\":\"https:\/\/brasilnoticias.org\/site\/inquerito-militar-aponta-erro-do-governo-de-lula-e-retira-culpa-de-tropas-em-atos-golpistas\/#breadcrumb\",\"itemListElement\":[{\"@type\":\"ListItem\",\"position\":1,\"name\":\"In\u00edcio\",\"item\":\"https:\/\/brasilnoticias.org\/site\/\"},{\"@type\":\"ListItem\",\"position\":2,\"name\":\"Inqu\u00e9rito militar aponta erro do governo de Lula e retira culpa de tropas em atos golpistas\"}]},{\"@type\":\"WebSite\",\"@id\":\"https:\/\/brasilnoticias.org\/site\/#website\",\"url\":\"https:\/\/brasilnoticias.org\/site\/\",\"name\":\"Brasil not\u00edcias\",\"description\":\"Brasil not\u00edcias\",\"publisher\":{\"@id\":\"https:\/\/brasilnoticias.org\/site\/#organization\"},\"potentialAction\":[{\"@type\":\"SearchAction\",\"target\":{\"@type\":\"EntryPoint\",\"urlTemplate\":\"https:\/\/brasilnoticias.org\/site\/?s={search_term_string}\"},\"query-input\":{\"@type\":\"PropertyValueSpecification\",\"valueRequired\":true,\"valueName\":\"search_term_string\"}}],\"inLanguage\":\"pt-PT\"},{\"@type\":\"Organization\",\"@id\":\"https:\/\/brasilnoticias.org\/site\/#organization\",\"name\":\"Brasil not\u00edcias\",\"url\":\"https:\/\/brasilnoticias.org\/site\/\",\"logo\":{\"@type\":\"ImageObject\",\"inLanguage\":\"pt-PT\",\"@id\":\"https:\/\/brasilnoticias.org\/site\/#\/schema\/logo\/image\/\",\"url\":\"https:\/\/brasilnoticias.org\/site\/wp-content\/uploads\/2022\/05\/cropped-brasilnoticias-mini.jpg\",\"contentUrl\":\"https:\/\/brasilnoticias.org\/site\/wp-content\/uploads\/2022\/05\/cropped-brasilnoticias-mini.jpg\",\"width\":314,\"height\":86,\"caption\":\"Brasil not\u00edcias\"},\"image\":{\"@id\":\"https:\/\/brasilnoticias.org\/site\/#\/schema\/logo\/image\/\"}},{\"@type\":\"Person\",\"@id\":\"https:\/\/brasilnoticias.org\/site\/#\/schema\/person\/03bbbfe6c7634ad18c26444ea39049fa\",\"name\":\"Reda\u00e7\u00e3o\",\"image\":{\"@type\":\"ImageObject\",\"inLanguage\":\"pt-PT\",\"@id\":\"https:\/\/brasilnoticias.org\/site\/#\/schema\/person\/image\/\",\"url\":\"https:\/\/secure.gravatar.com\/avatar\/9ecaf7327a696cb23ad926fedded5f1f04d7049de9e445375d55b48c001a6e42?s=96&d=mm&r=g\",\"contentUrl\":\"https:\/\/secure.gravatar.com\/avatar\/9ecaf7327a696cb23ad926fedded5f1f04d7049de9e445375d55b48c001a6e42?s=96&d=mm&r=g\",\"caption\":\"Reda\u00e7\u00e3o\"},\"url\":\"https:\/\/brasilnoticias.org\/site\/author\/henrique\/\"}]}<\/script>\n<!-- \/ Yoast SEO plugin. -->","yoast_head_json":{"title":"Inqu\u00e9rito militar aponta erro do governo de Lula e retira culpa de tropas em atos golpistas - Brasil not\u00edcias","robots":{"index":"index","follow":"follow","max-snippet":"max-snippet:-1","max-image-preview":"max-image-preview:large","max-video-preview":"max-video-preview:-1"},"canonical":"https:\/\/brasilnoticias.org\/site\/inquerito-militar-aponta-erro-do-governo-de-lula-e-retira-culpa-de-tropas-em-atos-golpistas\/","og_locale":"pt_PT","og_type":"article","og_title":"Inqu\u00e9rito militar aponta erro do governo de Lula e retira culpa de tropas em atos golpistas - Brasil not\u00edcias","og_description":"Documento aponta que n\u00famero de militares presentes no ato golpista foi menor que em julho quando Bolsonaro convocou manifestantes contra","og_url":"https:\/\/brasilnoticias.org\/site\/inquerito-militar-aponta-erro-do-governo-de-lula-e-retira-culpa-de-tropas-em-atos-golpistas\/","og_site_name":"Brasil not\u00edcias","article_published_time":"2023-07-31T23:07:57+00:00","og_image":[{"width":1600,"height":752,"url":"https:\/\/brasilnoticias.org\/site\/wp-content\/uploads\/2023\/07\/139310inquerito-militar-aponta-erro-do-governo-de-lula-e-retira-culpa-de-tropas-em-atos-golpistas-3.jpg","type":"image\/jpeg"}],"author":"Reda\u00e7\u00e3o","twitter_card":"summary_large_image","twitter_misc":{"Escrito por":"Reda\u00e7\u00e3o"},"schema":{"@context":"https:\/\/schema.org","@graph":[{"@type":"Article","@id":"https:\/\/brasilnoticias.org\/site\/inquerito-militar-aponta-erro-do-governo-de-lula-e-retira-culpa-de-tropas-em-atos-golpistas\/#article","isPartOf":{"@id":"https:\/\/brasilnoticias.org\/site\/inquerito-militar-aponta-erro-do-governo-de-lula-e-retira-culpa-de-tropas-em-atos-golpistas\/"},"author":{"name":"Reda\u00e7\u00e3o","@id":"https:\/\/brasilnoticias.org\/site\/#\/schema\/person\/03bbbfe6c7634ad18c26444ea39049fa"},"headline":"Inqu\u00e9rito militar aponta erro do governo de Lula e retira culpa de tropas em atos golpistas","datePublished":"2023-07-31T23:07:57+00:00","mainEntityOfPage":{"@id":"https:\/\/brasilnoticias.org\/site\/inquerito-militar-aponta-erro-do-governo-de-lula-e-retira-culpa-de-tropas-em-atos-golpistas\/"},"wordCount":213,"commentCount":0,"publisher":{"@id":"https:\/\/brasilnoticias.org\/site\/#organization"},"image":{"@id":"https:\/\/brasilnoticias.org\/site\/inquerito-militar-aponta-erro-do-governo-de-lula-e-retira-culpa-de-tropas-em-atos-golpistas\/#primaryimage"},"thumbnailUrl":"https:\/\/brasilnoticias.org\/site\/wp-content\/uploads\/2023\/07\/139310inquerito-militar-aponta-erro-do-governo-de-lula-e-retira-culpa-de-tropas-em-atos-golpistas-3.jpg","articleSection":["Pol\u00edtica","\u00daltimas"],"inLanguage":"pt-PT","potentialAction":[{"@type":"CommentAction","name":"Comment","target":["https:\/\/brasilnoticias.org\/site\/inquerito-militar-aponta-erro-do-governo-de-lula-e-retira-culpa-de-tropas-em-atos-golpistas\/#respond"]}]},{"@type":"WebPage","@id":"https:\/\/brasilnoticias.org\/site\/inquerito-militar-aponta-erro-do-governo-de-lula-e-retira-culpa-de-tropas-em-atos-golpistas\/","url":"https:\/\/brasilnoticias.org\/site\/inquerito-militar-aponta-erro-do-governo-de-lula-e-retira-culpa-de-tropas-em-atos-golpistas\/","name":"Inqu\u00e9rito militar aponta erro do governo de Lula e retira culpa de tropas em atos golpistas - Brasil not\u00edcias","isPartOf":{"@id":"https:\/\/brasilnoticias.org\/site\/#website"},"primaryImageOfPage":{"@id":"https:\/\/brasilnoticias.org\/site\/inquerito-militar-aponta-erro-do-governo-de-lula-e-retira-culpa-de-tropas-em-atos-golpistas\/#primaryimage"},"image":{"@id":"https:\/\/brasilnoticias.org\/site\/inquerito-militar-aponta-erro-do-governo-de-lula-e-retira-culpa-de-tropas-em-atos-golpistas\/#primaryimage"},"thumbnailUrl":"https:\/\/brasilnoticias.org\/site\/wp-content\/uploads\/2023\/07\/139310inquerito-militar-aponta-erro-do-governo-de-lula-e-retira-culpa-de-tropas-em-atos-golpistas-3.jpg","datePublished":"2023-07-31T23:07:57+00:00","breadcrumb":{"@id":"https:\/\/brasilnoticias.org\/site\/inquerito-militar-aponta-erro-do-governo-de-lula-e-retira-culpa-de-tropas-em-atos-golpistas\/#breadcrumb"},"inLanguage":"pt-PT","potentialAction":[{"@type":"ReadAction","target":["https:\/\/brasilnoticias.org\/site\/inquerito-militar-aponta-erro-do-governo-de-lula-e-retira-culpa-de-tropas-em-atos-golpistas\/"]}]},{"@type":"ImageObject","inLanguage":"pt-PT","@id":"https:\/\/brasilnoticias.org\/site\/inquerito-militar-aponta-erro-do-governo-de-lula-e-retira-culpa-de-tropas-em-atos-golpistas\/#primaryimage","url":"https:\/\/brasilnoticias.org\/site\/wp-content\/uploads\/2023\/07\/139310inquerito-militar-aponta-erro-do-governo-de-lula-e-retira-culpa-de-tropas-em-atos-golpistas-3.jpg","contentUrl":"https:\/\/brasilnoticias.org\/site\/wp-content\/uploads\/2023\/07\/139310inquerito-militar-aponta-erro-do-governo-de-lula-e-retira-culpa-de-tropas-em-atos-golpistas-3.jpg","width":1600,"height":752},{"@type":"BreadcrumbList","@id":"https:\/\/brasilnoticias.org\/site\/inquerito-militar-aponta-erro-do-governo-de-lula-e-retira-culpa-de-tropas-em-atos-golpistas\/#breadcrumb","itemListElement":[{"@type":"ListItem","position":1,"name":"In\u00edcio","item":"https:\/\/brasilnoticias.org\/site\/"},{"@type":"ListItem","position":2,"name":"Inqu\u00e9rito militar aponta erro do governo de Lula e retira culpa de tropas em atos golpistas"}]},{"@type":"WebSite","@id":"https:\/\/brasilnoticias.org\/site\/#website","url":"https:\/\/brasilnoticias.org\/site\/","name":"Brasil not\u00edcias","description":"Brasil not\u00edcias","publisher":{"@id":"https:\/\/brasilnoticias.org\/site\/#organization"},"potentialAction":[{"@type":"SearchAction","target":{"@type":"EntryPoint","urlTemplate":"https:\/\/brasilnoticias.org\/site\/?s={search_term_string}"},"query-input":{"@type":"PropertyValueSpecification","valueRequired":true,"valueName":"search_term_string"}}],"inLanguage":"pt-PT"},{"@type":"Organization","@id":"https:\/\/brasilnoticias.org\/site\/#organization","name":"Brasil not\u00edcias","url":"https:\/\/brasilnoticias.org\/site\/","logo":{"@type":"ImageObject","inLanguage":"pt-PT","@id":"https:\/\/brasilnoticias.org\/site\/#\/schema\/logo\/image\/","url":"https:\/\/brasilnoticias.org\/site\/wp-content\/uploads\/2022\/05\/cropped-brasilnoticias-mini.jpg","contentUrl":"https:\/\/brasilnoticias.org\/site\/wp-content\/uploads\/2022\/05\/cropped-brasilnoticias-mini.jpg","width":314,"height":86,"caption":"Brasil not\u00edcias"},"image":{"@id":"https:\/\/brasilnoticias.org\/site\/#\/schema\/logo\/image\/"}},{"@type":"Person","@id":"https:\/\/brasilnoticias.org\/site\/#\/schema\/person\/03bbbfe6c7634ad18c26444ea39049fa","name":"Reda\u00e7\u00e3o","image":{"@type":"ImageObject","inLanguage":"pt-PT","@id":"https:\/\/brasilnoticias.org\/site\/#\/schema\/person\/image\/","url":"https:\/\/secure.gravatar.com\/avatar\/9ecaf7327a696cb23ad926fedded5f1f04d7049de9e445375d55b48c001a6e42?s=96&d=mm&r=g","contentUrl":"https:\/\/secure.gravatar.com\/avatar\/9ecaf7327a696cb23ad926fedded5f1f04d7049de9e445375d55b48c001a6e42?s=96&d=mm&r=g","caption":"Reda\u00e7\u00e3o"},"url":"https:\/\/brasilnoticias.org\/site\/author\/henrique\/"}]}},"_links":{"self":[{"href":"https:\/\/brasilnoticias.org\/site\/wp-json\/wp\/v2\/posts\/7738","targetHints":{"allow":["GET"]}}],"collection":[{"href":"https:\/\/brasilnoticias.org\/site\/wp-json\/wp\/v2\/posts"}],"about":[{"href":"https:\/\/brasilnoticias.org\/site\/wp-json\/wp\/v2\/types\/post"}],"author":[{"embeddable":true,"href":"https:\/\/brasilnoticias.org\/site\/wp-json\/wp\/v2\/users\/4"}],"replies":[{"embeddable":true,"href":"https:\/\/brasilnoticias.org\/site\/wp-json\/wp\/v2\/comments?post=7738"}],"version-history":[{"count":1,"href":"https:\/\/brasilnoticias.org\/site\/wp-json\/wp\/v2\/posts\/7738\/revisions"}],"predecessor-version":[{"id":7740,"href":"https:\/\/brasilnoticias.org\/site\/wp-json\/wp\/v2\/posts\/7738\/revisions\/7740"}],"wp:featuredmedia":[{"embeddable":true,"href":"https:\/\/brasilnoticias.org\/site\/wp-json\/wp\/v2\/media\/7739"}],"wp:attachment":[{"href":"https:\/\/brasilnoticias.org\/site\/wp-json\/wp\/v2\/media?parent=7738"}],"wp:term":[{"taxonomy":"category","embeddable":true,"href":"https:\/\/brasilnoticias.org\/site\/wp-json\/wp\/v2\/categories?post=7738"},{"taxonomy":"post_tag","embeddable":true,"href":"https:\/\/brasilnoticias.org\/site\/wp-json\/wp\/v2\/tags?post=7738"}],"curies":[{"name":"wp","href":"https:\/\/api.w.org\/{rel}","templated":true}]}}