{"id":775,"date":"2022-06-04T20:23:56","date_gmt":"2022-06-04T23:23:56","guid":{"rendered":"https:\/\/brasilnoticias.org\/site\/?p=775"},"modified":"2022-06-04T20:23:56","modified_gmt":"2022-06-04T23:23:56","slug":"cesta-basica-de-salvador-apresenta-reducao-de-133-em-maio","status":"publish","type":"post","link":"https:\/\/brasilnoticias.org\/site\/cesta-basica-de-salvador-apresenta-reducao-de-133-em-maio\/","title":{"rendered":"CESTA B\u00c1SICA DE SALVADOR APRESENTA REDU\u00c7\u00c3O DE 1,33% EM MAIO"},"content":{"rendered":"<p>A Cesta B\u00e1sica de Salvador, segundo estimativa da Superintend\u00eancia de Estudos Econ\u00f4micos e Sociais da Bahia (SEI), passou a custar R$ 504,15 no m\u00eas de maio de 2022. Na compara\u00e7\u00e3o ao custo estimado no m\u00eas imediatamente anterior, houve um recuo de 1,33%, uma queda de R$ 6,71 em rela\u00e7\u00e3o ao valor registrado em abril em termos nominais.<\/p>\n<p>Do conjunto dos 12 que integram uma cesta b\u00e1sica, cinco registraram diminui\u00e7\u00e3o nos pre\u00e7os, a saber: tomate (-10,60%), banana-prata (-8,10%), caf\u00e9 (-4,66%), manteiga (-2,54%) e arroz (-1,58%). Por outro lado, sete apresentaram alta: farinha de mandioca (6,90%), \u00f3leo de soja (4,75%), feij\u00e3o (4,69%), p\u00e3o franc\u00eas (3,93%), leite (3,02%), a\u00e7\u00facar (0,91%) e carne bovina (0,61%).<\/p>\n<p>Nesse cen\u00e1rio, o grupo composto por arroz, feij\u00e3o e carne bovina variou 1,16% de abril a maio, tornando-se respons\u00e1vel por 38,50% (ou seja, R$ 194,10) do valor da Cesta B\u00e1sica mais recente. Por sua vez, o quarteto com caf\u00e9 mo\u00eddo, leite, p\u00e3o franc\u00eas e manteiga aumentou 1,67% de um m\u00eas ao outro, passando a responder por 30,00% (ou seja, R$ 151,25) do custo atual da referida cesta.<\/p>\n<p>Os produtos com as maiores participa\u00e7\u00f5es no custo da Cesta B\u00e1sica no m\u00eas foram a carne bovina (28,17%), o tomate (18,24%) e o p\u00e3o franc\u00eas (15,11%). Na outra ponta, os itens com as menores participa\u00e7\u00f5es foram o a\u00e7\u00facar cristal (2,49%), o \u00f3leo de soja (2,23%) e caf\u00e9 mo\u00eddo (1,82%).<\/p>\n<p>O tempo de trabalho despendido por um trabalhador soteropolitano para obter uma cesta b\u00e1sica foi de 98h55min, o equivalente ao comprometimento de 44,97% do valor l\u00edquido de um sal\u00e1rio m\u00ednimo atual, ao considerar maio deste ano. A estima da SEI tem como base 1.855 cota\u00e7\u00f5es de pre\u00e7os em 96 estabelecimentos comerciais (supermercados, a\u00e7ougues, padarias e feiras livres) de Salvador.<\/p>\n<p>&nbsp;<\/p>\n<p>&nbsp;<\/p>\n<p>&nbsp;<\/p>\n<p>Bnews<\/p>\n","protected":false},"excerpt":{"rendered":"<p>A Cesta B\u00e1sica de Salvador, segundo estimativa da Superintend\u00eancia de Estudos Econ\u00f4micos e Sociais da Bahia (SEI), passou a custar<\/p>\n","protected":false},"author":2,"featured_media":776,"comment_status":"open","ping_status":"open","sticky":false,"template":"","format":"standard","meta":{"colormag_page_container_layout":"default_layout","colormag_page_sidebar_layout":"default_layout","_FSMCFIC_featured_image_caption":"","_FSMCFIC_featured_image_nocaption":"","_FSMCFIC_featured_image_hide":"","footnotes":""},"categories":[2,1],"tags":[],"class_list":["post-775","post","type-post","status-publish","format-standard","has-post-thumbnail","hentry","category-noticias","category-ultimas"],"yoast_head":"<!-- This site is optimized with the Yoast SEO plugin v27.1.1 - https:\/\/yoast.com\/product\/yoast-seo-wordpress\/ -->\n<title>CESTA B\u00c1SICA DE SALVADOR APRESENTA REDU\u00c7\u00c3O DE 1,33% EM MAIO - Brasil not\u00edcias<\/title>\n<meta name=\"robots\" content=\"index, follow, max-snippet:-1, max-image-preview:large, max-video-preview:-1\" \/>\n<link rel=\"canonical\" href=\"https:\/\/brasilnoticias.org\/site\/cesta-basica-de-salvador-apresenta-reducao-de-133-em-maio\/\" \/>\n<meta property=\"og:locale\" content=\"pt_PT\" \/>\n<meta property=\"og:type\" content=\"article\" \/>\n<meta property=\"og:title\" content=\"CESTA B\u00c1SICA DE SALVADOR APRESENTA REDU\u00c7\u00c3O DE 1,33% EM MAIO - Brasil not\u00edcias\" \/>\n<meta property=\"og:description\" content=\"A Cesta B\u00e1sica de Salvador, segundo estimativa da Superintend\u00eancia de Estudos Econ\u00f4micos e Sociais da Bahia (SEI), passou a custar\" \/>\n<meta property=\"og:url\" content=\"https:\/\/brasilnoticias.org\/site\/cesta-basica-de-salvador-apresenta-reducao-de-133-em-maio\/\" \/>\n<meta property=\"og:site_name\" content=\"Brasil not\u00edcias\" \/>\n<meta property=\"article:published_time\" content=\"2022-06-04T23:23:56+00:00\" \/>\n<meta property=\"og:image\" content=\"https:\/\/brasilnoticias.org\/site\/wp-content\/uploads\/2022\/06\/cesta_basica_widelg-1.jpg\" \/>\n\t<meta property=\"og:image:width\" content=\"800\" \/>\n\t<meta property=\"og:image:height\" content=\"450\" \/>\n\t<meta property=\"og:image:type\" content=\"image\/jpeg\" \/>\n<meta name=\"author\" content=\"Reda\u00e7\u00e3o\" \/>\n<meta name=\"twitter:card\" content=\"summary_large_image\" \/>\n<meta name=\"twitter:label1\" content=\"Escrito por\" \/>\n\t<meta name=\"twitter:data1\" content=\"Reda\u00e7\u00e3o\" \/>\n\t<meta name=\"twitter:label2\" content=\"Tempo estimado de leitura\" \/>\n\t<meta name=\"twitter:data2\" content=\"2 minutos\" \/>\n<script type=\"application\/ld+json\" class=\"yoast-schema-graph\">{\"@context\":\"https:\/\/schema.org\",\"@graph\":[{\"@type\":\"Article\",\"@id\":\"https:\/\/brasilnoticias.org\/site\/cesta-basica-de-salvador-apresenta-reducao-de-133-em-maio\/#article\",\"isPartOf\":{\"@id\":\"https:\/\/brasilnoticias.org\/site\/cesta-basica-de-salvador-apresenta-reducao-de-133-em-maio\/\"},\"author\":{\"name\":\"Reda\u00e7\u00e3o\",\"@id\":\"https:\/\/brasilnoticias.org\/site\/#\/schema\/person\/f609fa847b5314f1c8b983342f34c798\"},\"headline\":\"CESTA B\u00c1SICA DE SALVADOR APRESENTA REDU\u00c7\u00c3O DE 1,33% EM MAIO\",\"datePublished\":\"2022-06-04T23:23:56+00:00\",\"mainEntityOfPage\":{\"@id\":\"https:\/\/brasilnoticias.org\/site\/cesta-basica-de-salvador-apresenta-reducao-de-133-em-maio\/\"},\"wordCount\":312,\"commentCount\":0,\"publisher\":{\"@id\":\"https:\/\/brasilnoticias.org\/site\/#organization\"},\"image\":{\"@id\":\"https:\/\/brasilnoticias.org\/site\/cesta-basica-de-salvador-apresenta-reducao-de-133-em-maio\/#primaryimage\"},\"thumbnailUrl\":\"https:\/\/brasilnoticias.org\/site\/wp-content\/uploads\/2022\/06\/cesta_basica_widelg-1.jpg\",\"articleSection\":[\"Not\u00edcias\",\"\u00daltimas\"],\"inLanguage\":\"pt-PT\",\"potentialAction\":[{\"@type\":\"CommentAction\",\"name\":\"Comment\",\"target\":[\"https:\/\/brasilnoticias.org\/site\/cesta-basica-de-salvador-apresenta-reducao-de-133-em-maio\/#respond\"]}]},{\"@type\":\"WebPage\",\"@id\":\"https:\/\/brasilnoticias.org\/site\/cesta-basica-de-salvador-apresenta-reducao-de-133-em-maio\/\",\"url\":\"https:\/\/brasilnoticias.org\/site\/cesta-basica-de-salvador-apresenta-reducao-de-133-em-maio\/\",\"name\":\"CESTA B\u00c1SICA DE SALVADOR APRESENTA REDU\u00c7\u00c3O DE 1,33% EM MAIO - Brasil not\u00edcias\",\"isPartOf\":{\"@id\":\"https:\/\/brasilnoticias.org\/site\/#website\"},\"primaryImageOfPage\":{\"@id\":\"https:\/\/brasilnoticias.org\/site\/cesta-basica-de-salvador-apresenta-reducao-de-133-em-maio\/#primaryimage\"},\"image\":{\"@id\":\"https:\/\/brasilnoticias.org\/site\/cesta-basica-de-salvador-apresenta-reducao-de-133-em-maio\/#primaryimage\"},\"thumbnailUrl\":\"https:\/\/brasilnoticias.org\/site\/wp-content\/uploads\/2022\/06\/cesta_basica_widelg-1.jpg\",\"datePublished\":\"2022-06-04T23:23:56+00:00\",\"breadcrumb\":{\"@id\":\"https:\/\/brasilnoticias.org\/site\/cesta-basica-de-salvador-apresenta-reducao-de-133-em-maio\/#breadcrumb\"},\"inLanguage\":\"pt-PT\",\"potentialAction\":[{\"@type\":\"ReadAction\",\"target\":[\"https:\/\/brasilnoticias.org\/site\/cesta-basica-de-salvador-apresenta-reducao-de-133-em-maio\/\"]}]},{\"@type\":\"ImageObject\",\"inLanguage\":\"pt-PT\",\"@id\":\"https:\/\/brasilnoticias.org\/site\/cesta-basica-de-salvador-apresenta-reducao-de-133-em-maio\/#primaryimage\",\"url\":\"https:\/\/brasilnoticias.org\/site\/wp-content\/uploads\/2022\/06\/cesta_basica_widelg-1.jpg\",\"contentUrl\":\"https:\/\/brasilnoticias.org\/site\/wp-content\/uploads\/2022\/06\/cesta_basica_widelg-1.jpg\",\"width\":800,\"height\":450},{\"@type\":\"BreadcrumbList\",\"@id\":\"https:\/\/brasilnoticias.org\/site\/cesta-basica-de-salvador-apresenta-reducao-de-133-em-maio\/#breadcrumb\",\"itemListElement\":[{\"@type\":\"ListItem\",\"position\":1,\"name\":\"In\u00edcio\",\"item\":\"https:\/\/brasilnoticias.org\/site\/\"},{\"@type\":\"ListItem\",\"position\":2,\"name\":\"CESTA B\u00c1SICA DE SALVADOR APRESENTA REDU\u00c7\u00c3O DE 1,33% EM MAIO\"}]},{\"@type\":\"WebSite\",\"@id\":\"https:\/\/brasilnoticias.org\/site\/#website\",\"url\":\"https:\/\/brasilnoticias.org\/site\/\",\"name\":\"Brasil not\u00edcias\",\"description\":\"Brasil not\u00edcias\",\"publisher\":{\"@id\":\"https:\/\/brasilnoticias.org\/site\/#organization\"},\"potentialAction\":[{\"@type\":\"SearchAction\",\"target\":{\"@type\":\"EntryPoint\",\"urlTemplate\":\"https:\/\/brasilnoticias.org\/site\/?s={search_term_string}\"},\"query-input\":{\"@type\":\"PropertyValueSpecification\",\"valueRequired\":true,\"valueName\":\"search_term_string\"}}],\"inLanguage\":\"pt-PT\"},{\"@type\":\"Organization\",\"@id\":\"https:\/\/brasilnoticias.org\/site\/#organization\",\"name\":\"Brasil not\u00edcias\",\"url\":\"https:\/\/brasilnoticias.org\/site\/\",\"logo\":{\"@type\":\"ImageObject\",\"inLanguage\":\"pt-PT\",\"@id\":\"https:\/\/brasilnoticias.org\/site\/#\/schema\/logo\/image\/\",\"url\":\"https:\/\/brasilnoticias.org\/site\/wp-content\/uploads\/2022\/05\/cropped-brasilnoticias-mini.jpg\",\"contentUrl\":\"https:\/\/brasilnoticias.org\/site\/wp-content\/uploads\/2022\/05\/cropped-brasilnoticias-mini.jpg\",\"width\":314,\"height\":86,\"caption\":\"Brasil not\u00edcias\"},\"image\":{\"@id\":\"https:\/\/brasilnoticias.org\/site\/#\/schema\/logo\/image\/\"}},{\"@type\":\"Person\",\"@id\":\"https:\/\/brasilnoticias.org\/site\/#\/schema\/person\/f609fa847b5314f1c8b983342f34c798\",\"name\":\"Reda\u00e7\u00e3o\",\"image\":{\"@type\":\"ImageObject\",\"inLanguage\":\"pt-PT\",\"@id\":\"https:\/\/brasilnoticias.org\/site\/#\/schema\/person\/image\/\",\"url\":\"https:\/\/secure.gravatar.com\/avatar\/447284c06c1ad8b46465a36de9cd0d8326b73387a22799b8b1ffb1fbcff2ed0c?s=96&d=mm&r=g\",\"contentUrl\":\"https:\/\/secure.gravatar.com\/avatar\/447284c06c1ad8b46465a36de9cd0d8326b73387a22799b8b1ffb1fbcff2ed0c?s=96&d=mm&r=g\",\"caption\":\"Reda\u00e7\u00e3o\"},\"url\":\"https:\/\/brasilnoticias.org\/site\/author\/redacao\/\"}]}<\/script>\n<!-- \/ Yoast SEO plugin. -->","yoast_head_json":{"title":"CESTA B\u00c1SICA DE SALVADOR APRESENTA REDU\u00c7\u00c3O DE 1,33% EM MAIO - Brasil not\u00edcias","robots":{"index":"index","follow":"follow","max-snippet":"max-snippet:-1","max-image-preview":"max-image-preview:large","max-video-preview":"max-video-preview:-1"},"canonical":"https:\/\/brasilnoticias.org\/site\/cesta-basica-de-salvador-apresenta-reducao-de-133-em-maio\/","og_locale":"pt_PT","og_type":"article","og_title":"CESTA B\u00c1SICA DE SALVADOR APRESENTA REDU\u00c7\u00c3O DE 1,33% EM MAIO - Brasil not\u00edcias","og_description":"A Cesta B\u00e1sica de Salvador, segundo estimativa da Superintend\u00eancia de Estudos Econ\u00f4micos e Sociais da Bahia (SEI), passou a custar","og_url":"https:\/\/brasilnoticias.org\/site\/cesta-basica-de-salvador-apresenta-reducao-de-133-em-maio\/","og_site_name":"Brasil not\u00edcias","article_published_time":"2022-06-04T23:23:56+00:00","og_image":[{"width":800,"height":450,"url":"https:\/\/brasilnoticias.org\/site\/wp-content\/uploads\/2022\/06\/cesta_basica_widelg-1.jpg","type":"image\/jpeg"}],"author":"Reda\u00e7\u00e3o","twitter_card":"summary_large_image","twitter_misc":{"Escrito por":"Reda\u00e7\u00e3o","Tempo estimado de leitura":"2 minutos"},"schema":{"@context":"https:\/\/schema.org","@graph":[{"@type":"Article","@id":"https:\/\/brasilnoticias.org\/site\/cesta-basica-de-salvador-apresenta-reducao-de-133-em-maio\/#article","isPartOf":{"@id":"https:\/\/brasilnoticias.org\/site\/cesta-basica-de-salvador-apresenta-reducao-de-133-em-maio\/"},"author":{"name":"Reda\u00e7\u00e3o","@id":"https:\/\/brasilnoticias.org\/site\/#\/schema\/person\/f609fa847b5314f1c8b983342f34c798"},"headline":"CESTA B\u00c1SICA DE SALVADOR APRESENTA REDU\u00c7\u00c3O DE 1,33% EM MAIO","datePublished":"2022-06-04T23:23:56+00:00","mainEntityOfPage":{"@id":"https:\/\/brasilnoticias.org\/site\/cesta-basica-de-salvador-apresenta-reducao-de-133-em-maio\/"},"wordCount":312,"commentCount":0,"publisher":{"@id":"https:\/\/brasilnoticias.org\/site\/#organization"},"image":{"@id":"https:\/\/brasilnoticias.org\/site\/cesta-basica-de-salvador-apresenta-reducao-de-133-em-maio\/#primaryimage"},"thumbnailUrl":"https:\/\/brasilnoticias.org\/site\/wp-content\/uploads\/2022\/06\/cesta_basica_widelg-1.jpg","articleSection":["Not\u00edcias","\u00daltimas"],"inLanguage":"pt-PT","potentialAction":[{"@type":"CommentAction","name":"Comment","target":["https:\/\/brasilnoticias.org\/site\/cesta-basica-de-salvador-apresenta-reducao-de-133-em-maio\/#respond"]}]},{"@type":"WebPage","@id":"https:\/\/brasilnoticias.org\/site\/cesta-basica-de-salvador-apresenta-reducao-de-133-em-maio\/","url":"https:\/\/brasilnoticias.org\/site\/cesta-basica-de-salvador-apresenta-reducao-de-133-em-maio\/","name":"CESTA B\u00c1SICA DE SALVADOR APRESENTA REDU\u00c7\u00c3O DE 1,33% EM MAIO - Brasil not\u00edcias","isPartOf":{"@id":"https:\/\/brasilnoticias.org\/site\/#website"},"primaryImageOfPage":{"@id":"https:\/\/brasilnoticias.org\/site\/cesta-basica-de-salvador-apresenta-reducao-de-133-em-maio\/#primaryimage"},"image":{"@id":"https:\/\/brasilnoticias.org\/site\/cesta-basica-de-salvador-apresenta-reducao-de-133-em-maio\/#primaryimage"},"thumbnailUrl":"https:\/\/brasilnoticias.org\/site\/wp-content\/uploads\/2022\/06\/cesta_basica_widelg-1.jpg","datePublished":"2022-06-04T23:23:56+00:00","breadcrumb":{"@id":"https:\/\/brasilnoticias.org\/site\/cesta-basica-de-salvador-apresenta-reducao-de-133-em-maio\/#breadcrumb"},"inLanguage":"pt-PT","potentialAction":[{"@type":"ReadAction","target":["https:\/\/brasilnoticias.org\/site\/cesta-basica-de-salvador-apresenta-reducao-de-133-em-maio\/"]}]},{"@type":"ImageObject","inLanguage":"pt-PT","@id":"https:\/\/brasilnoticias.org\/site\/cesta-basica-de-salvador-apresenta-reducao-de-133-em-maio\/#primaryimage","url":"https:\/\/brasilnoticias.org\/site\/wp-content\/uploads\/2022\/06\/cesta_basica_widelg-1.jpg","contentUrl":"https:\/\/brasilnoticias.org\/site\/wp-content\/uploads\/2022\/06\/cesta_basica_widelg-1.jpg","width":800,"height":450},{"@type":"BreadcrumbList","@id":"https:\/\/brasilnoticias.org\/site\/cesta-basica-de-salvador-apresenta-reducao-de-133-em-maio\/#breadcrumb","itemListElement":[{"@type":"ListItem","position":1,"name":"In\u00edcio","item":"https:\/\/brasilnoticias.org\/site\/"},{"@type":"ListItem","position":2,"name":"CESTA B\u00c1SICA DE SALVADOR APRESENTA REDU\u00c7\u00c3O DE 1,33% EM MAIO"}]},{"@type":"WebSite","@id":"https:\/\/brasilnoticias.org\/site\/#website","url":"https:\/\/brasilnoticias.org\/site\/","name":"Brasil not\u00edcias","description":"Brasil not\u00edcias","publisher":{"@id":"https:\/\/brasilnoticias.org\/site\/#organization"},"potentialAction":[{"@type":"SearchAction","target":{"@type":"EntryPoint","urlTemplate":"https:\/\/brasilnoticias.org\/site\/?s={search_term_string}"},"query-input":{"@type":"PropertyValueSpecification","valueRequired":true,"valueName":"search_term_string"}}],"inLanguage":"pt-PT"},{"@type":"Organization","@id":"https:\/\/brasilnoticias.org\/site\/#organization","name":"Brasil not\u00edcias","url":"https:\/\/brasilnoticias.org\/site\/","logo":{"@type":"ImageObject","inLanguage":"pt-PT","@id":"https:\/\/brasilnoticias.org\/site\/#\/schema\/logo\/image\/","url":"https:\/\/brasilnoticias.org\/site\/wp-content\/uploads\/2022\/05\/cropped-brasilnoticias-mini.jpg","contentUrl":"https:\/\/brasilnoticias.org\/site\/wp-content\/uploads\/2022\/05\/cropped-brasilnoticias-mini.jpg","width":314,"height":86,"caption":"Brasil not\u00edcias"},"image":{"@id":"https:\/\/brasilnoticias.org\/site\/#\/schema\/logo\/image\/"}},{"@type":"Person","@id":"https:\/\/brasilnoticias.org\/site\/#\/schema\/person\/f609fa847b5314f1c8b983342f34c798","name":"Reda\u00e7\u00e3o","image":{"@type":"ImageObject","inLanguage":"pt-PT","@id":"https:\/\/brasilnoticias.org\/site\/#\/schema\/person\/image\/","url":"https:\/\/secure.gravatar.com\/avatar\/447284c06c1ad8b46465a36de9cd0d8326b73387a22799b8b1ffb1fbcff2ed0c?s=96&d=mm&r=g","contentUrl":"https:\/\/secure.gravatar.com\/avatar\/447284c06c1ad8b46465a36de9cd0d8326b73387a22799b8b1ffb1fbcff2ed0c?s=96&d=mm&r=g","caption":"Reda\u00e7\u00e3o"},"url":"https:\/\/brasilnoticias.org\/site\/author\/redacao\/"}]}},"_links":{"self":[{"href":"https:\/\/brasilnoticias.org\/site\/wp-json\/wp\/v2\/posts\/775","targetHints":{"allow":["GET"]}}],"collection":[{"href":"https:\/\/brasilnoticias.org\/site\/wp-json\/wp\/v2\/posts"}],"about":[{"href":"https:\/\/brasilnoticias.org\/site\/wp-json\/wp\/v2\/types\/post"}],"author":[{"embeddable":true,"href":"https:\/\/brasilnoticias.org\/site\/wp-json\/wp\/v2\/users\/2"}],"replies":[{"embeddable":true,"href":"https:\/\/brasilnoticias.org\/site\/wp-json\/wp\/v2\/comments?post=775"}],"version-history":[{"count":1,"href":"https:\/\/brasilnoticias.org\/site\/wp-json\/wp\/v2\/posts\/775\/revisions"}],"predecessor-version":[{"id":777,"href":"https:\/\/brasilnoticias.org\/site\/wp-json\/wp\/v2\/posts\/775\/revisions\/777"}],"wp:featuredmedia":[{"embeddable":true,"href":"https:\/\/brasilnoticias.org\/site\/wp-json\/wp\/v2\/media\/776"}],"wp:attachment":[{"href":"https:\/\/brasilnoticias.org\/site\/wp-json\/wp\/v2\/media?parent=775"}],"wp:term":[{"taxonomy":"category","embeddable":true,"href":"https:\/\/brasilnoticias.org\/site\/wp-json\/wp\/v2\/categories?post=775"},{"taxonomy":"post_tag","embeddable":true,"href":"https:\/\/brasilnoticias.org\/site\/wp-json\/wp\/v2\/tags?post=775"}],"curies":[{"name":"wp","href":"https:\/\/api.w.org\/{rel}","templated":true}]}}