{"id":7764,"date":"2023-08-01T12:00:38","date_gmt":"2023-08-01T15:00:38","guid":{"rendered":"https:\/\/brasilnoticias.org\/site\/?p=7764"},"modified":"2023-07-31T22:01:00","modified_gmt":"2023-08-01T01:01:00","slug":"politicos-debatem-alta-letalidade-da-policia-baiana-nos-ultimos-tres-dias-19-pessoas-foram-mortas-pela-pm-no-estado","status":"publish","type":"post","link":"https:\/\/brasilnoticias.org\/site\/politicos-debatem-alta-letalidade-da-policia-baiana-nos-ultimos-tres-dias-19-pessoas-foram-mortas-pela-pm-no-estado\/","title":{"rendered":"Pol\u00edticos debatem alta letalidade da pol\u00edcia baiana; nos \u00faltimos tr\u00eas dias, 19 pessoas foram mortas pela PM no estado"},"content":{"rendered":"<p>Para deputados, investimento em forma\u00e7\u00e3o dos policiais e nas c\u00e2meras nos fardamentos deles podem ajudar a diminuir letalidade das a\u00e7\u00f5es<\/p>\n<p>Ap\u00f3s a divulga\u00e7\u00e3o de que 19 pessoas foram mortas, entre a sexta (28\/7) e a segunda-feira (31), durante tr\u00eas opera\u00e7\u00f5es da Pol\u00edcia Militar da Bahia, nas cidades de Cama\u00e7ari, Itatim e Salvador, no bairro de Cosme de Farias, pol\u00edticos baianos se posicionaram sobre a alta letalidade das opera\u00e7\u00f5es da PM baiana.<\/p>\n<p>Para o deputado estadual e Pablo Roberto (PSDB), o alto n\u00famero de mortos em a\u00e7\u00f5es da pol\u00edcia \u00e9 resultado da falta de forma\u00e7\u00e3o dos policiais do estado. \u201cFalta uma apresenta\u00e7\u00e3o de um plano de enfrentamento muito claro, que seja estrat\u00e9gico, um planejamento de forma\u00e7\u00e3o continuada que possa qualificar o profissional de seguran\u00e7a p\u00fablica\u201c, afirmou Pablo, que \u00e9 presidente da comiss\u00e3o de seguran\u00e7a p\u00fablica da Assembleia Legislativa da Bahia (Alba).  Para ele, a seguran\u00e7a p\u00fablica \u00e9 um dos grandes problemas dos 20 anos de gest\u00e3o do PT na Bahia.<\/p>\n<p>O deputado estadual Hilton Coelho (Psol) concorda que a seguran\u00e7a na Bahia precisa de mais esfor\u00e7o do governo estadual, mas afirma que a sociedade civil tamb\u00e9m precisa se envolver na resolu\u00e7\u00e3o do problema. \u201cEsses dados sobre a viol\u00eancia na Bahia significa materializa\u00e7\u00e3o do que n\u00f3s poder\u00edamos chamar de cr\u00f4nica das mortes anunciadas\u201d, afirma Hilton.<\/p>\n<p>O parlamentar apontou ainda que h\u00e1 modos para superar essa problem\u00e1tica: \u201c[\u00c9 preciso] uma discuss\u00e3o ampla sobre propostas que est\u00e3o na mesa, como a implementa\u00e7\u00e3o das c\u00e2meras nos fardamentos dos policiais, assim como o maior investimento na investiga\u00e7\u00e3o policial e a implementa\u00e7\u00e3o da CPI do genoc\u00eddio da Juventude Negra e Perif\u00e9rica\u201d.<\/p>\n<p>Em entrevista dada ao programa QVP, da TV Aratu, o tenente-coronel Marcelo Pitta falou sobre os incidentes do final de semana, afirmando que as a\u00e7\u00f5es feitas pela PM tem sido realizadas por meio da intelig\u00eancia da pol\u00edcia e que as iniciativas da corpora\u00e7\u00e3o s\u00e3o sempre \u201cno intuito sempre de resguardar a nossa sociedade e tirar de circula\u00e7\u00e3o pessoas envolvidas com o crime\u201c.<\/p>\n<p>DILEMAS DA TECNOLOGIA<\/p>\n<p>Em termos de investimentos, a SSP afirma apostar no aprimoramento tecnol\u00f3gico, de modo a aumentar a efic\u00e1cia de sua opera\u00e7\u00e3o. Apenas no primeiro semestre de 2023, foram mais de 300 pris\u00f5es utilizando o Sistema de Reconhecimento Facial, que custou mais de R$ 600 milh\u00f5es, desde sua implanta\u00e7\u00e3o em 2018. O sistema opera em 80 cidades da Bahia e tem perspectiva de ser expandido para outros 40 munic\u00edpios.<\/p>\n<p>\u201cEstamos trabalhando fortemente para isso [a expans\u00e3o] e acreditamos que a tecnologia, muito bem utilizada, entregue nas m\u00e3os dos policiais, possa surgir efeitos positivos na seguran\u00e7a p\u00fablica\u201d, afirmou o superintendente de tecnologia da SSP, coronel Marcos Oliveira.<\/p>\n<p>Nesta segunda-feira (31\/7), quatro pessoas morreram em uma a\u00e7\u00e3o da Rondesp Atl\u00e2ntico no bairro de Cosme de Farias, em Salvador. A assessoria da PM informou que, durante um policiamento na regi\u00e3o, populares afirmaram aos policiais que homens estavam traficando e estes foram localizados, atirando contra as guarni\u00e7\u00f5es. No confronto, quatro morreram.<\/p>\n<p>No domingo (30\/7), seis homens e duas mulheres morreram ap\u00f3s confronto com a pol\u00edcia na cidade de Itatim, localizada a 214 km de Salvador. De acordo com a Secret\u00e1ria de Seguran\u00e7a P\u00fablica (SSP-BA), os indiv\u00edduos estavam em um grupo e atiraram contra os militares ap\u00f3s avist\u00e1-los.<\/p>\n<p>A situa\u00e7\u00e3o em Cama\u00e7ari, Regi\u00e3o Metropolitana de Salvador (RMS), na \u00faltima sexta (28\/7), foi semelhante. Na ocasi\u00e3o, 15 homens, apontados como membros de uma fac\u00e7\u00e3o criminosa, estavam reunidos e planejavam tomar o territ\u00f3rio de uma organiza\u00e7\u00e3o rival, quando foram abordadas pelas for\u00e7as de seguran\u00e7a p\u00fablica. Iniciada a troca de tiros, oito pessoas escaparam por um matagal; os demais, foram baleados, socorridos, mas n\u00e3o resistiram aos ferimentos e morreram.<\/p>\n<p>O balan\u00e7o total das opera\u00e7\u00f5es foi de 19 mortos, incluindo um integrante do Baralho do Crime, conhecido como \u201cFof\u00e3o\u201d, al\u00e9m da apreens\u00e3o de:<\/p>\n<p>\u2013 Tr\u00eas submetralhadoras;<br \/>\n\u2013 Duas espingardas;<br \/>\n\u2013 Dez pistolas;<br \/>\n\u2013 Tr\u00eas rev\u00f3lveres;<br \/>\n\u2013 Carregadores e muni\u00e7\u00f5es;<br \/>\n\u2013 V\u00e1rias drogas (maconha, coca\u00edna e crack).<\/p>\n<p>Vale lembrar que, no \u00faltimo dia 23 de julho, ap\u00f3s uma incurs\u00e3o da PM na regi\u00e3o de Port\u00e3o, em Lauro de Freitas, o garoto Gabriel Silva da Concei\u00e7\u00e3o J\u00fanior, de 10 anos, foi baleado e morreu. Enquanto a corpora\u00e7\u00e3o afirma que foi recebida a tiros por homens armados, os moradores da comunidade e familiares do garoto relatam que os militares chegaram atirando. A SSP afastou os policiais envolvidos e segue com as investiga\u00e7\u00f5es sobre a a\u00e7\u00e3o.<\/p>\n<p>N\u00daMEROS ALARMANTES<\/p>\n<p>Os dados apontam que, em 2022, a Bahia superou a marca de 1.400 mortes em a\u00e7\u00f5es das for\u00e7as de seguran\u00e7a no estado \u2013 foram 1.464 \u00f3bitos, de acordo com o levantamento do F\u00f3rum Brasileiro de Seguran\u00e7a P\u00fablica. A pesquisa mostra que as v\u00edtimas t\u00eam um padr\u00e3o: s\u00e3o jovens, entre 18 e 24 anos, em maioria negros, mortos por disparos de arma de fogo.<\/p>\n<p>Foto: Ilustrativa\/Pexels\/Karolina Grabowska<br \/>\nFonte: Aratuon<\/p>\n","protected":false},"excerpt":{"rendered":"<p>Para deputados, investimento em forma\u00e7\u00e3o dos policiais e nas c\u00e2meras nos fardamentos deles podem ajudar a diminuir letalidade das a\u00e7\u00f5es<\/p>\n","protected":false},"author":4,"featured_media":7765,"comment_status":"open","ping_status":"open","sticky":false,"template":"","format":"standard","meta":{"colormag_page_container_layout":"default_layout","colormag_page_sidebar_layout":"default_layout","_FSMCFIC_featured_image_caption":"","_FSMCFIC_featured_image_nocaption":"","_FSMCFIC_featured_image_hide":"","footnotes":""},"categories":[3,1],"tags":[],"class_list":["post-7764","post","type-post","status-publish","format-standard","has-post-thumbnail","hentry","category-policia","category-ultimas"],"yoast_head":"<!-- This site is optimized with the Yoast SEO plugin v27.1.1 - https:\/\/yoast.com\/product\/yoast-seo-wordpress\/ -->\n<title>Pol\u00edticos debatem alta letalidade da pol\u00edcia baiana; nos \u00faltimos tr\u00eas dias, 19 pessoas foram mortas pela PM no estado - Brasil not\u00edcias<\/title>\n<meta name=\"robots\" content=\"index, follow, max-snippet:-1, max-image-preview:large, max-video-preview:-1\" \/>\n<link rel=\"canonical\" href=\"https:\/\/brasilnoticias.org\/site\/politicos-debatem-alta-letalidade-da-policia-baiana-nos-ultimos-tres-dias-19-pessoas-foram-mortas-pela-pm-no-estado\/\" \/>\n<meta property=\"og:locale\" content=\"pt_PT\" \/>\n<meta property=\"og:type\" content=\"article\" \/>\n<meta property=\"og:title\" content=\"Pol\u00edticos debatem alta letalidade da pol\u00edcia baiana; nos \u00faltimos tr\u00eas dias, 19 pessoas foram mortas pela PM no estado - Brasil not\u00edcias\" \/>\n<meta property=\"og:description\" content=\"Para deputados, investimento em forma\u00e7\u00e3o dos policiais e nas c\u00e2meras nos fardamentos deles podem ajudar a diminuir letalidade das a\u00e7\u00f5es\" \/>\n<meta property=\"og:url\" content=\"https:\/\/brasilnoticias.org\/site\/politicos-debatem-alta-letalidade-da-policia-baiana-nos-ultimos-tres-dias-19-pessoas-foram-mortas-pela-pm-no-estado\/\" \/>\n<meta property=\"og:site_name\" content=\"Brasil not\u00edcias\" \/>\n<meta property=\"article:published_time\" content=\"2023-08-01T15:00:38+00:00\" \/>\n<meta property=\"og:image\" content=\"https:\/\/brasilnoticias.org\/site\/wp-content\/uploads\/2023\/07\/Karolina-Grabowska-PEXELX-2-740x470-1.jpg\" \/>\n\t<meta property=\"og:image:width\" content=\"740\" \/>\n\t<meta property=\"og:image:height\" content=\"470\" \/>\n\t<meta property=\"og:image:type\" content=\"image\/jpeg\" \/>\n<meta name=\"author\" content=\"Reda\u00e7\u00e3o\" \/>\n<meta name=\"twitter:card\" content=\"summary_large_image\" \/>\n<meta name=\"twitter:label1\" content=\"Escrito por\" \/>\n\t<meta name=\"twitter:data1\" content=\"Reda\u00e7\u00e3o\" \/>\n<script type=\"application\/ld+json\" class=\"yoast-schema-graph\">{\"@context\":\"https:\/\/schema.org\",\"@graph\":[{\"@type\":\"Article\",\"@id\":\"https:\/\/brasilnoticias.org\/site\/politicos-debatem-alta-letalidade-da-policia-baiana-nos-ultimos-tres-dias-19-pessoas-foram-mortas-pela-pm-no-estado\/#article\",\"isPartOf\":{\"@id\":\"https:\/\/brasilnoticias.org\/site\/politicos-debatem-alta-letalidade-da-policia-baiana-nos-ultimos-tres-dias-19-pessoas-foram-mortas-pela-pm-no-estado\/\"},\"author\":{\"name\":\"Reda\u00e7\u00e3o\",\"@id\":\"https:\/\/brasilnoticias.org\/site\/#\/schema\/person\/03bbbfe6c7634ad18c26444ea39049fa\"},\"headline\":\"Pol\u00edticos debatem alta letalidade da pol\u00edcia baiana; nos \u00faltimos tr\u00eas dias, 19 pessoas foram mortas pela PM no estado\",\"datePublished\":\"2023-08-01T15:00:38+00:00\",\"mainEntityOfPage\":{\"@id\":\"https:\/\/brasilnoticias.org\/site\/politicos-debatem-alta-letalidade-da-policia-baiana-nos-ultimos-tres-dias-19-pessoas-foram-mortas-pela-pm-no-estado\/\"},\"wordCount\":894,\"commentCount\":0,\"publisher\":{\"@id\":\"https:\/\/brasilnoticias.org\/site\/#organization\"},\"image\":{\"@id\":\"https:\/\/brasilnoticias.org\/site\/politicos-debatem-alta-letalidade-da-policia-baiana-nos-ultimos-tres-dias-19-pessoas-foram-mortas-pela-pm-no-estado\/#primaryimage\"},\"thumbnailUrl\":\"https:\/\/brasilnoticias.org\/site\/wp-content\/uploads\/2023\/07\/Karolina-Grabowska-PEXELX-2-740x470-1.jpg\",\"articleSection\":[\"Pol\u00edcia\",\"\u00daltimas\"],\"inLanguage\":\"pt-PT\",\"potentialAction\":[{\"@type\":\"CommentAction\",\"name\":\"Comment\",\"target\":[\"https:\/\/brasilnoticias.org\/site\/politicos-debatem-alta-letalidade-da-policia-baiana-nos-ultimos-tres-dias-19-pessoas-foram-mortas-pela-pm-no-estado\/#respond\"]}]},{\"@type\":\"WebPage\",\"@id\":\"https:\/\/brasilnoticias.org\/site\/politicos-debatem-alta-letalidade-da-policia-baiana-nos-ultimos-tres-dias-19-pessoas-foram-mortas-pela-pm-no-estado\/\",\"url\":\"https:\/\/brasilnoticias.org\/site\/politicos-debatem-alta-letalidade-da-policia-baiana-nos-ultimos-tres-dias-19-pessoas-foram-mortas-pela-pm-no-estado\/\",\"name\":\"Pol\u00edticos debatem alta letalidade da pol\u00edcia baiana; nos \u00faltimos tr\u00eas dias, 19 pessoas foram mortas pela PM no estado - Brasil not\u00edcias\",\"isPartOf\":{\"@id\":\"https:\/\/brasilnoticias.org\/site\/#website\"},\"primaryImageOfPage\":{\"@id\":\"https:\/\/brasilnoticias.org\/site\/politicos-debatem-alta-letalidade-da-policia-baiana-nos-ultimos-tres-dias-19-pessoas-foram-mortas-pela-pm-no-estado\/#primaryimage\"},\"image\":{\"@id\":\"https:\/\/brasilnoticias.org\/site\/politicos-debatem-alta-letalidade-da-policia-baiana-nos-ultimos-tres-dias-19-pessoas-foram-mortas-pela-pm-no-estado\/#primaryimage\"},\"thumbnailUrl\":\"https:\/\/brasilnoticias.org\/site\/wp-content\/uploads\/2023\/07\/Karolina-Grabowska-PEXELX-2-740x470-1.jpg\",\"datePublished\":\"2023-08-01T15:00:38+00:00\",\"breadcrumb\":{\"@id\":\"https:\/\/brasilnoticias.org\/site\/politicos-debatem-alta-letalidade-da-policia-baiana-nos-ultimos-tres-dias-19-pessoas-foram-mortas-pela-pm-no-estado\/#breadcrumb\"},\"inLanguage\":\"pt-PT\",\"potentialAction\":[{\"@type\":\"ReadAction\",\"target\":[\"https:\/\/brasilnoticias.org\/site\/politicos-debatem-alta-letalidade-da-policia-baiana-nos-ultimos-tres-dias-19-pessoas-foram-mortas-pela-pm-no-estado\/\"]}]},{\"@type\":\"ImageObject\",\"inLanguage\":\"pt-PT\",\"@id\":\"https:\/\/brasilnoticias.org\/site\/politicos-debatem-alta-letalidade-da-policia-baiana-nos-ultimos-tres-dias-19-pessoas-foram-mortas-pela-pm-no-estado\/#primaryimage\",\"url\":\"https:\/\/brasilnoticias.org\/site\/wp-content\/uploads\/2023\/07\/Karolina-Grabowska-PEXELX-2-740x470-1.jpg\",\"contentUrl\":\"https:\/\/brasilnoticias.org\/site\/wp-content\/uploads\/2023\/07\/Karolina-Grabowska-PEXELX-2-740x470-1.jpg\",\"width\":740,\"height\":470},{\"@type\":\"BreadcrumbList\",\"@id\":\"https:\/\/brasilnoticias.org\/site\/politicos-debatem-alta-letalidade-da-policia-baiana-nos-ultimos-tres-dias-19-pessoas-foram-mortas-pela-pm-no-estado\/#breadcrumb\",\"itemListElement\":[{\"@type\":\"ListItem\",\"position\":1,\"name\":\"In\u00edcio\",\"item\":\"https:\/\/brasilnoticias.org\/site\/\"},{\"@type\":\"ListItem\",\"position\":2,\"name\":\"Pol\u00edticos debatem alta letalidade da pol\u00edcia baiana; nos \u00faltimos tr\u00eas dias, 19 pessoas foram mortas pela PM no estado\"}]},{\"@type\":\"WebSite\",\"@id\":\"https:\/\/brasilnoticias.org\/site\/#website\",\"url\":\"https:\/\/brasilnoticias.org\/site\/\",\"name\":\"Brasil not\u00edcias\",\"description\":\"Brasil not\u00edcias\",\"publisher\":{\"@id\":\"https:\/\/brasilnoticias.org\/site\/#organization\"},\"potentialAction\":[{\"@type\":\"SearchAction\",\"target\":{\"@type\":\"EntryPoint\",\"urlTemplate\":\"https:\/\/brasilnoticias.org\/site\/?s={search_term_string}\"},\"query-input\":{\"@type\":\"PropertyValueSpecification\",\"valueRequired\":true,\"valueName\":\"search_term_string\"}}],\"inLanguage\":\"pt-PT\"},{\"@type\":\"Organization\",\"@id\":\"https:\/\/brasilnoticias.org\/site\/#organization\",\"name\":\"Brasil not\u00edcias\",\"url\":\"https:\/\/brasilnoticias.org\/site\/\",\"logo\":{\"@type\":\"ImageObject\",\"inLanguage\":\"pt-PT\",\"@id\":\"https:\/\/brasilnoticias.org\/site\/#\/schema\/logo\/image\/\",\"url\":\"https:\/\/brasilnoticias.org\/site\/wp-content\/uploads\/2022\/05\/cropped-brasilnoticias-mini.jpg\",\"contentUrl\":\"https:\/\/brasilnoticias.org\/site\/wp-content\/uploads\/2022\/05\/cropped-brasilnoticias-mini.jpg\",\"width\":314,\"height\":86,\"caption\":\"Brasil not\u00edcias\"},\"image\":{\"@id\":\"https:\/\/brasilnoticias.org\/site\/#\/schema\/logo\/image\/\"}},{\"@type\":\"Person\",\"@id\":\"https:\/\/brasilnoticias.org\/site\/#\/schema\/person\/03bbbfe6c7634ad18c26444ea39049fa\",\"name\":\"Reda\u00e7\u00e3o\",\"image\":{\"@type\":\"ImageObject\",\"inLanguage\":\"pt-PT\",\"@id\":\"https:\/\/brasilnoticias.org\/site\/#\/schema\/person\/image\/\",\"url\":\"https:\/\/secure.gravatar.com\/avatar\/9ecaf7327a696cb23ad926fedded5f1f04d7049de9e445375d55b48c001a6e42?s=96&d=mm&r=g\",\"contentUrl\":\"https:\/\/secure.gravatar.com\/avatar\/9ecaf7327a696cb23ad926fedded5f1f04d7049de9e445375d55b48c001a6e42?s=96&d=mm&r=g\",\"caption\":\"Reda\u00e7\u00e3o\"},\"url\":\"https:\/\/brasilnoticias.org\/site\/author\/henrique\/\"}]}<\/script>\n<!-- \/ Yoast SEO plugin. -->","yoast_head_json":{"title":"Pol\u00edticos debatem alta letalidade da pol\u00edcia baiana; nos \u00faltimos tr\u00eas dias, 19 pessoas foram mortas pela PM no estado - Brasil not\u00edcias","robots":{"index":"index","follow":"follow","max-snippet":"max-snippet:-1","max-image-preview":"max-image-preview:large","max-video-preview":"max-video-preview:-1"},"canonical":"https:\/\/brasilnoticias.org\/site\/politicos-debatem-alta-letalidade-da-policia-baiana-nos-ultimos-tres-dias-19-pessoas-foram-mortas-pela-pm-no-estado\/","og_locale":"pt_PT","og_type":"article","og_title":"Pol\u00edticos debatem alta letalidade da pol\u00edcia baiana; nos \u00faltimos tr\u00eas dias, 19 pessoas foram mortas pela PM no estado - Brasil not\u00edcias","og_description":"Para deputados, investimento em forma\u00e7\u00e3o dos policiais e nas c\u00e2meras nos fardamentos deles podem ajudar a diminuir letalidade das a\u00e7\u00f5es","og_url":"https:\/\/brasilnoticias.org\/site\/politicos-debatem-alta-letalidade-da-policia-baiana-nos-ultimos-tres-dias-19-pessoas-foram-mortas-pela-pm-no-estado\/","og_site_name":"Brasil not\u00edcias","article_published_time":"2023-08-01T15:00:38+00:00","og_image":[{"width":740,"height":470,"url":"https:\/\/brasilnoticias.org\/site\/wp-content\/uploads\/2023\/07\/Karolina-Grabowska-PEXELX-2-740x470-1.jpg","type":"image\/jpeg"}],"author":"Reda\u00e7\u00e3o","twitter_card":"summary_large_image","twitter_misc":{"Escrito por":"Reda\u00e7\u00e3o"},"schema":{"@context":"https:\/\/schema.org","@graph":[{"@type":"Article","@id":"https:\/\/brasilnoticias.org\/site\/politicos-debatem-alta-letalidade-da-policia-baiana-nos-ultimos-tres-dias-19-pessoas-foram-mortas-pela-pm-no-estado\/#article","isPartOf":{"@id":"https:\/\/brasilnoticias.org\/site\/politicos-debatem-alta-letalidade-da-policia-baiana-nos-ultimos-tres-dias-19-pessoas-foram-mortas-pela-pm-no-estado\/"},"author":{"name":"Reda\u00e7\u00e3o","@id":"https:\/\/brasilnoticias.org\/site\/#\/schema\/person\/03bbbfe6c7634ad18c26444ea39049fa"},"headline":"Pol\u00edticos debatem alta letalidade da pol\u00edcia baiana; nos \u00faltimos tr\u00eas dias, 19 pessoas foram mortas pela PM no estado","datePublished":"2023-08-01T15:00:38+00:00","mainEntityOfPage":{"@id":"https:\/\/brasilnoticias.org\/site\/politicos-debatem-alta-letalidade-da-policia-baiana-nos-ultimos-tres-dias-19-pessoas-foram-mortas-pela-pm-no-estado\/"},"wordCount":894,"commentCount":0,"publisher":{"@id":"https:\/\/brasilnoticias.org\/site\/#organization"},"image":{"@id":"https:\/\/brasilnoticias.org\/site\/politicos-debatem-alta-letalidade-da-policia-baiana-nos-ultimos-tres-dias-19-pessoas-foram-mortas-pela-pm-no-estado\/#primaryimage"},"thumbnailUrl":"https:\/\/brasilnoticias.org\/site\/wp-content\/uploads\/2023\/07\/Karolina-Grabowska-PEXELX-2-740x470-1.jpg","articleSection":["Pol\u00edcia","\u00daltimas"],"inLanguage":"pt-PT","potentialAction":[{"@type":"CommentAction","name":"Comment","target":["https:\/\/brasilnoticias.org\/site\/politicos-debatem-alta-letalidade-da-policia-baiana-nos-ultimos-tres-dias-19-pessoas-foram-mortas-pela-pm-no-estado\/#respond"]}]},{"@type":"WebPage","@id":"https:\/\/brasilnoticias.org\/site\/politicos-debatem-alta-letalidade-da-policia-baiana-nos-ultimos-tres-dias-19-pessoas-foram-mortas-pela-pm-no-estado\/","url":"https:\/\/brasilnoticias.org\/site\/politicos-debatem-alta-letalidade-da-policia-baiana-nos-ultimos-tres-dias-19-pessoas-foram-mortas-pela-pm-no-estado\/","name":"Pol\u00edticos debatem alta letalidade da pol\u00edcia baiana; nos \u00faltimos tr\u00eas dias, 19 pessoas foram mortas pela PM no estado - Brasil not\u00edcias","isPartOf":{"@id":"https:\/\/brasilnoticias.org\/site\/#website"},"primaryImageOfPage":{"@id":"https:\/\/brasilnoticias.org\/site\/politicos-debatem-alta-letalidade-da-policia-baiana-nos-ultimos-tres-dias-19-pessoas-foram-mortas-pela-pm-no-estado\/#primaryimage"},"image":{"@id":"https:\/\/brasilnoticias.org\/site\/politicos-debatem-alta-letalidade-da-policia-baiana-nos-ultimos-tres-dias-19-pessoas-foram-mortas-pela-pm-no-estado\/#primaryimage"},"thumbnailUrl":"https:\/\/brasilnoticias.org\/site\/wp-content\/uploads\/2023\/07\/Karolina-Grabowska-PEXELX-2-740x470-1.jpg","datePublished":"2023-08-01T15:00:38+00:00","breadcrumb":{"@id":"https:\/\/brasilnoticias.org\/site\/politicos-debatem-alta-letalidade-da-policia-baiana-nos-ultimos-tres-dias-19-pessoas-foram-mortas-pela-pm-no-estado\/#breadcrumb"},"inLanguage":"pt-PT","potentialAction":[{"@type":"ReadAction","target":["https:\/\/brasilnoticias.org\/site\/politicos-debatem-alta-letalidade-da-policia-baiana-nos-ultimos-tres-dias-19-pessoas-foram-mortas-pela-pm-no-estado\/"]}]},{"@type":"ImageObject","inLanguage":"pt-PT","@id":"https:\/\/brasilnoticias.org\/site\/politicos-debatem-alta-letalidade-da-policia-baiana-nos-ultimos-tres-dias-19-pessoas-foram-mortas-pela-pm-no-estado\/#primaryimage","url":"https:\/\/brasilnoticias.org\/site\/wp-content\/uploads\/2023\/07\/Karolina-Grabowska-PEXELX-2-740x470-1.jpg","contentUrl":"https:\/\/brasilnoticias.org\/site\/wp-content\/uploads\/2023\/07\/Karolina-Grabowska-PEXELX-2-740x470-1.jpg","width":740,"height":470},{"@type":"BreadcrumbList","@id":"https:\/\/brasilnoticias.org\/site\/politicos-debatem-alta-letalidade-da-policia-baiana-nos-ultimos-tres-dias-19-pessoas-foram-mortas-pela-pm-no-estado\/#breadcrumb","itemListElement":[{"@type":"ListItem","position":1,"name":"In\u00edcio","item":"https:\/\/brasilnoticias.org\/site\/"},{"@type":"ListItem","position":2,"name":"Pol\u00edticos debatem alta letalidade da pol\u00edcia baiana; nos \u00faltimos tr\u00eas dias, 19 pessoas foram mortas pela PM no estado"}]},{"@type":"WebSite","@id":"https:\/\/brasilnoticias.org\/site\/#website","url":"https:\/\/brasilnoticias.org\/site\/","name":"Brasil not\u00edcias","description":"Brasil not\u00edcias","publisher":{"@id":"https:\/\/brasilnoticias.org\/site\/#organization"},"potentialAction":[{"@type":"SearchAction","target":{"@type":"EntryPoint","urlTemplate":"https:\/\/brasilnoticias.org\/site\/?s={search_term_string}"},"query-input":{"@type":"PropertyValueSpecification","valueRequired":true,"valueName":"search_term_string"}}],"inLanguage":"pt-PT"},{"@type":"Organization","@id":"https:\/\/brasilnoticias.org\/site\/#organization","name":"Brasil not\u00edcias","url":"https:\/\/brasilnoticias.org\/site\/","logo":{"@type":"ImageObject","inLanguage":"pt-PT","@id":"https:\/\/brasilnoticias.org\/site\/#\/schema\/logo\/image\/","url":"https:\/\/brasilnoticias.org\/site\/wp-content\/uploads\/2022\/05\/cropped-brasilnoticias-mini.jpg","contentUrl":"https:\/\/brasilnoticias.org\/site\/wp-content\/uploads\/2022\/05\/cropped-brasilnoticias-mini.jpg","width":314,"height":86,"caption":"Brasil not\u00edcias"},"image":{"@id":"https:\/\/brasilnoticias.org\/site\/#\/schema\/logo\/image\/"}},{"@type":"Person","@id":"https:\/\/brasilnoticias.org\/site\/#\/schema\/person\/03bbbfe6c7634ad18c26444ea39049fa","name":"Reda\u00e7\u00e3o","image":{"@type":"ImageObject","inLanguage":"pt-PT","@id":"https:\/\/brasilnoticias.org\/site\/#\/schema\/person\/image\/","url":"https:\/\/secure.gravatar.com\/avatar\/9ecaf7327a696cb23ad926fedded5f1f04d7049de9e445375d55b48c001a6e42?s=96&d=mm&r=g","contentUrl":"https:\/\/secure.gravatar.com\/avatar\/9ecaf7327a696cb23ad926fedded5f1f04d7049de9e445375d55b48c001a6e42?s=96&d=mm&r=g","caption":"Reda\u00e7\u00e3o"},"url":"https:\/\/brasilnoticias.org\/site\/author\/henrique\/"}]}},"_links":{"self":[{"href":"https:\/\/brasilnoticias.org\/site\/wp-json\/wp\/v2\/posts\/7764","targetHints":{"allow":["GET"]}}],"collection":[{"href":"https:\/\/brasilnoticias.org\/site\/wp-json\/wp\/v2\/posts"}],"about":[{"href":"https:\/\/brasilnoticias.org\/site\/wp-json\/wp\/v2\/types\/post"}],"author":[{"embeddable":true,"href":"https:\/\/brasilnoticias.org\/site\/wp-json\/wp\/v2\/users\/4"}],"replies":[{"embeddable":true,"href":"https:\/\/brasilnoticias.org\/site\/wp-json\/wp\/v2\/comments?post=7764"}],"version-history":[{"count":1,"href":"https:\/\/brasilnoticias.org\/site\/wp-json\/wp\/v2\/posts\/7764\/revisions"}],"predecessor-version":[{"id":7766,"href":"https:\/\/brasilnoticias.org\/site\/wp-json\/wp\/v2\/posts\/7764\/revisions\/7766"}],"wp:featuredmedia":[{"embeddable":true,"href":"https:\/\/brasilnoticias.org\/site\/wp-json\/wp\/v2\/media\/7765"}],"wp:attachment":[{"href":"https:\/\/brasilnoticias.org\/site\/wp-json\/wp\/v2\/media?parent=7764"}],"wp:term":[{"taxonomy":"category","embeddable":true,"href":"https:\/\/brasilnoticias.org\/site\/wp-json\/wp\/v2\/categories?post=7764"},{"taxonomy":"post_tag","embeddable":true,"href":"https:\/\/brasilnoticias.org\/site\/wp-json\/wp\/v2\/tags?post=7764"}],"curies":[{"name":"wp","href":"https:\/\/api.w.org\/{rel}","templated":true}]}}