{"id":7777,"date":"2023-08-01T15:00:43","date_gmt":"2023-08-01T18:00:43","guid":{"rendered":"https:\/\/brasilnoticias.org\/site\/?p=7777"},"modified":"2023-08-01T11:08:39","modified_gmt":"2023-08-01T14:08:39","slug":"apos-tiroteio-e-quatro-mortes-em-cosme-de-farias-aulas-sao-suspensas-no-bairro","status":"publish","type":"post","link":"https:\/\/brasilnoticias.org\/site\/apos-tiroteio-e-quatro-mortes-em-cosme-de-farias-aulas-sao-suspensas-no-bairro\/","title":{"rendered":"Ap\u00f3s tiroteio e quatro mortes em Cosme de Farias, aulas s\u00e3o suspensas no bairro"},"content":{"rendered":"<p>Apesar dos temores, o com\u00e9rcio e o posto de sa\u00fade do bairro, funcionam normalmente. O servi\u00e7o de transporte coletivo, tamb\u00e9m, permanece em funcionamento.<\/p>\n<p>As aulas est\u00e3o suspensas em escolas do bairro de Cosme de Farias, em Salvador, devido \u00e0 sensa\u00e7\u00e3o de inseguran\u00e7a, ap\u00f3s as mortes de quatro pessoas, ocorridas ontem (31\/7), na regi\u00e3o.<\/p>\n<p>A reportagem da TV Aratu apurou, no local, que est\u00e3o sem atividades, o Col\u00e9gio Estadual Cosme de Farias, al\u00e9m das escolas municipais L\u00e9lis Piedade e Olga Figueiredo.<\/p>\n<p>Apesar dos temores, o com\u00e9rcio e o posto de sa\u00fade do bairro, funcionam normalmente. O servi\u00e7o de transporte coletivo, tamb\u00e9m, permanece em funcionamento.<\/p>\n<p>SOBRE AS MORTES<\/p>\n<p>Nesta segunda-feira (31\/7), mais quatro pessoas foram mortas em uma a\u00e7\u00e3o da Pol\u00edcia Militar, desta vez, no bairro de Cosme de Farias, em Salvador. Com a ocorr\u00eancia, o n\u00famero de mortos em confronto com a PM, desde a sexta-feira (28\/7) subiu para 19 \u00f3bitos: cerca de uma pessoa morta a cada quatro horas.<\/p>\n<p>Por meio de nota, a PM informou que \u201cguarni\u00e7\u00f5es da unidade realizavam a intensifica\u00e7\u00e3o de patrulhamento na regi\u00e3o, quando foram informados por populares de homens armados traficando drogas nas imedia\u00e7\u00f5es\u201d. Os homens foram localizados e houve confronto. Os quatro indiv\u00edduos foram baleados no tiroteio, levados para o Hospital Geral do Estado (HGE), mas n\u00e3o resistiram aos ferimentos.<\/p>\n<p>Foto:Lorena Dias\/TV Aratu<br \/>\nFonte:Aratuon<\/p>\n","protected":false},"excerpt":{"rendered":"<p>Apesar dos temores, o com\u00e9rcio e o posto de sa\u00fade do bairro, funcionam normalmente. O servi\u00e7o de transporte coletivo, tamb\u00e9m,<\/p>\n","protected":false},"author":4,"featured_media":7778,"comment_status":"open","ping_status":"open","sticky":false,"template":"","format":"standard","meta":{"colormag_page_container_layout":"default_layout","colormag_page_sidebar_layout":"default_layout","_FSMCFIC_featured_image_caption":"","_FSMCFIC_featured_image_nocaption":"","_FSMCFIC_featured_image_hide":"","footnotes":""},"categories":[2,1],"tags":[],"class_list":["post-7777","post","type-post","status-publish","format-standard","has-post-thumbnail","hentry","category-noticias","category-ultimas"],"yoast_head":"<!-- This site is optimized with the Yoast SEO plugin v27.1.1 - https:\/\/yoast.com\/product\/yoast-seo-wordpress\/ -->\n<title>Ap\u00f3s tiroteio e quatro mortes em Cosme de Farias, aulas s\u00e3o suspensas no bairro - Brasil not\u00edcias<\/title>\n<meta name=\"robots\" content=\"index, follow, max-snippet:-1, max-image-preview:large, max-video-preview:-1\" \/>\n<link rel=\"canonical\" href=\"https:\/\/brasilnoticias.org\/site\/apos-tiroteio-e-quatro-mortes-em-cosme-de-farias-aulas-sao-suspensas-no-bairro\/\" \/>\n<meta property=\"og:locale\" content=\"pt_PT\" \/>\n<meta property=\"og:type\" content=\"article\" \/>\n<meta property=\"og:title\" content=\"Ap\u00f3s tiroteio e quatro mortes em Cosme de Farias, aulas s\u00e3o suspensas no bairro - Brasil not\u00edcias\" \/>\n<meta property=\"og:description\" content=\"Apesar dos temores, o com\u00e9rcio e o posto de sa\u00fade do bairro, funcionam normalmente. O servi\u00e7o de transporte coletivo, tamb\u00e9m,\" \/>\n<meta property=\"og:url\" content=\"https:\/\/brasilnoticias.org\/site\/apos-tiroteio-e-quatro-mortes-em-cosme-de-farias-aulas-sao-suspensas-no-bairro\/\" \/>\n<meta property=\"og:site_name\" content=\"Brasil not\u00edcias\" \/>\n<meta property=\"article:published_time\" content=\"2023-08-01T18:00:43+00:00\" \/>\n<meta property=\"og:image\" content=\"https:\/\/brasilnoticias.org\/site\/wp-content\/uploads\/2023\/08\/aulas-suspensas2-740x470-1.jpg\" \/>\n\t<meta property=\"og:image:width\" content=\"740\" \/>\n\t<meta property=\"og:image:height\" content=\"470\" \/>\n\t<meta property=\"og:image:type\" content=\"image\/jpeg\" \/>\n<meta name=\"author\" content=\"Reda\u00e7\u00e3o\" \/>\n<meta name=\"twitter:card\" content=\"summary_large_image\" \/>\n<meta name=\"twitter:label1\" content=\"Escrito por\" \/>\n\t<meta name=\"twitter:data1\" content=\"Reda\u00e7\u00e3o\" \/>\n\t<meta name=\"twitter:label2\" content=\"Tempo estimado de leitura\" \/>\n\t<meta name=\"twitter:data2\" content=\"2 minutos\" \/>\n<script type=\"application\/ld+json\" class=\"yoast-schema-graph\">{\"@context\":\"https:\/\/schema.org\",\"@graph\":[{\"@type\":\"Article\",\"@id\":\"https:\/\/brasilnoticias.org\/site\/apos-tiroteio-e-quatro-mortes-em-cosme-de-farias-aulas-sao-suspensas-no-bairro\/#article\",\"isPartOf\":{\"@id\":\"https:\/\/brasilnoticias.org\/site\/apos-tiroteio-e-quatro-mortes-em-cosme-de-farias-aulas-sao-suspensas-no-bairro\/\"},\"author\":{\"name\":\"Reda\u00e7\u00e3o\",\"@id\":\"https:\/\/brasilnoticias.org\/site\/#\/schema\/person\/03bbbfe6c7634ad18c26444ea39049fa\"},\"headline\":\"Ap\u00f3s tiroteio e quatro mortes em Cosme de Farias, aulas s\u00e3o suspensas no bairro\",\"datePublished\":\"2023-08-01T18:00:43+00:00\",\"mainEntityOfPage\":{\"@id\":\"https:\/\/brasilnoticias.org\/site\/apos-tiroteio-e-quatro-mortes-em-cosme-de-farias-aulas-sao-suspensas-no-bairro\/\"},\"wordCount\":261,\"commentCount\":0,\"publisher\":{\"@id\":\"https:\/\/brasilnoticias.org\/site\/#organization\"},\"image\":{\"@id\":\"https:\/\/brasilnoticias.org\/site\/apos-tiroteio-e-quatro-mortes-em-cosme-de-farias-aulas-sao-suspensas-no-bairro\/#primaryimage\"},\"thumbnailUrl\":\"https:\/\/brasilnoticias.org\/site\/wp-content\/uploads\/2023\/08\/aulas-suspensas2-740x470-1.jpg\",\"articleSection\":[\"Not\u00edcias\",\"\u00daltimas\"],\"inLanguage\":\"pt-PT\",\"potentialAction\":[{\"@type\":\"CommentAction\",\"name\":\"Comment\",\"target\":[\"https:\/\/brasilnoticias.org\/site\/apos-tiroteio-e-quatro-mortes-em-cosme-de-farias-aulas-sao-suspensas-no-bairro\/#respond\"]}]},{\"@type\":\"WebPage\",\"@id\":\"https:\/\/brasilnoticias.org\/site\/apos-tiroteio-e-quatro-mortes-em-cosme-de-farias-aulas-sao-suspensas-no-bairro\/\",\"url\":\"https:\/\/brasilnoticias.org\/site\/apos-tiroteio-e-quatro-mortes-em-cosme-de-farias-aulas-sao-suspensas-no-bairro\/\",\"name\":\"Ap\u00f3s tiroteio e quatro mortes em Cosme de Farias, aulas s\u00e3o suspensas no bairro - Brasil not\u00edcias\",\"isPartOf\":{\"@id\":\"https:\/\/brasilnoticias.org\/site\/#website\"},\"primaryImageOfPage\":{\"@id\":\"https:\/\/brasilnoticias.org\/site\/apos-tiroteio-e-quatro-mortes-em-cosme-de-farias-aulas-sao-suspensas-no-bairro\/#primaryimage\"},\"image\":{\"@id\":\"https:\/\/brasilnoticias.org\/site\/apos-tiroteio-e-quatro-mortes-em-cosme-de-farias-aulas-sao-suspensas-no-bairro\/#primaryimage\"},\"thumbnailUrl\":\"https:\/\/brasilnoticias.org\/site\/wp-content\/uploads\/2023\/08\/aulas-suspensas2-740x470-1.jpg\",\"datePublished\":\"2023-08-01T18:00:43+00:00\",\"breadcrumb\":{\"@id\":\"https:\/\/brasilnoticias.org\/site\/apos-tiroteio-e-quatro-mortes-em-cosme-de-farias-aulas-sao-suspensas-no-bairro\/#breadcrumb\"},\"inLanguage\":\"pt-PT\",\"potentialAction\":[{\"@type\":\"ReadAction\",\"target\":[\"https:\/\/brasilnoticias.org\/site\/apos-tiroteio-e-quatro-mortes-em-cosme-de-farias-aulas-sao-suspensas-no-bairro\/\"]}]},{\"@type\":\"ImageObject\",\"inLanguage\":\"pt-PT\",\"@id\":\"https:\/\/brasilnoticias.org\/site\/apos-tiroteio-e-quatro-mortes-em-cosme-de-farias-aulas-sao-suspensas-no-bairro\/#primaryimage\",\"url\":\"https:\/\/brasilnoticias.org\/site\/wp-content\/uploads\/2023\/08\/aulas-suspensas2-740x470-1.jpg\",\"contentUrl\":\"https:\/\/brasilnoticias.org\/site\/wp-content\/uploads\/2023\/08\/aulas-suspensas2-740x470-1.jpg\",\"width\":740,\"height\":470},{\"@type\":\"BreadcrumbList\",\"@id\":\"https:\/\/brasilnoticias.org\/site\/apos-tiroteio-e-quatro-mortes-em-cosme-de-farias-aulas-sao-suspensas-no-bairro\/#breadcrumb\",\"itemListElement\":[{\"@type\":\"ListItem\",\"position\":1,\"name\":\"In\u00edcio\",\"item\":\"https:\/\/brasilnoticias.org\/site\/\"},{\"@type\":\"ListItem\",\"position\":2,\"name\":\"Ap\u00f3s tiroteio e quatro mortes em Cosme de Farias, aulas s\u00e3o suspensas no bairro\"}]},{\"@type\":\"WebSite\",\"@id\":\"https:\/\/brasilnoticias.org\/site\/#website\",\"url\":\"https:\/\/brasilnoticias.org\/site\/\",\"name\":\"Brasil not\u00edcias\",\"description\":\"Brasil not\u00edcias\",\"publisher\":{\"@id\":\"https:\/\/brasilnoticias.org\/site\/#organization\"},\"potentialAction\":[{\"@type\":\"SearchAction\",\"target\":{\"@type\":\"EntryPoint\",\"urlTemplate\":\"https:\/\/brasilnoticias.org\/site\/?s={search_term_string}\"},\"query-input\":{\"@type\":\"PropertyValueSpecification\",\"valueRequired\":true,\"valueName\":\"search_term_string\"}}],\"inLanguage\":\"pt-PT\"},{\"@type\":\"Organization\",\"@id\":\"https:\/\/brasilnoticias.org\/site\/#organization\",\"name\":\"Brasil not\u00edcias\",\"url\":\"https:\/\/brasilnoticias.org\/site\/\",\"logo\":{\"@type\":\"ImageObject\",\"inLanguage\":\"pt-PT\",\"@id\":\"https:\/\/brasilnoticias.org\/site\/#\/schema\/logo\/image\/\",\"url\":\"https:\/\/brasilnoticias.org\/site\/wp-content\/uploads\/2022\/05\/cropped-brasilnoticias-mini.jpg\",\"contentUrl\":\"https:\/\/brasilnoticias.org\/site\/wp-content\/uploads\/2022\/05\/cropped-brasilnoticias-mini.jpg\",\"width\":314,\"height\":86,\"caption\":\"Brasil not\u00edcias\"},\"image\":{\"@id\":\"https:\/\/brasilnoticias.org\/site\/#\/schema\/logo\/image\/\"}},{\"@type\":\"Person\",\"@id\":\"https:\/\/brasilnoticias.org\/site\/#\/schema\/person\/03bbbfe6c7634ad18c26444ea39049fa\",\"name\":\"Reda\u00e7\u00e3o\",\"image\":{\"@type\":\"ImageObject\",\"inLanguage\":\"pt-PT\",\"@id\":\"https:\/\/brasilnoticias.org\/site\/#\/schema\/person\/image\/\",\"url\":\"https:\/\/secure.gravatar.com\/avatar\/9ecaf7327a696cb23ad926fedded5f1f04d7049de9e445375d55b48c001a6e42?s=96&d=mm&r=g\",\"contentUrl\":\"https:\/\/secure.gravatar.com\/avatar\/9ecaf7327a696cb23ad926fedded5f1f04d7049de9e445375d55b48c001a6e42?s=96&d=mm&r=g\",\"caption\":\"Reda\u00e7\u00e3o\"},\"url\":\"https:\/\/brasilnoticias.org\/site\/author\/henrique\/\"}]}<\/script>\n<!-- \/ Yoast SEO plugin. -->","yoast_head_json":{"title":"Ap\u00f3s tiroteio e quatro mortes em Cosme de Farias, aulas s\u00e3o suspensas no bairro - Brasil not\u00edcias","robots":{"index":"index","follow":"follow","max-snippet":"max-snippet:-1","max-image-preview":"max-image-preview:large","max-video-preview":"max-video-preview:-1"},"canonical":"https:\/\/brasilnoticias.org\/site\/apos-tiroteio-e-quatro-mortes-em-cosme-de-farias-aulas-sao-suspensas-no-bairro\/","og_locale":"pt_PT","og_type":"article","og_title":"Ap\u00f3s tiroteio e quatro mortes em Cosme de Farias, aulas s\u00e3o suspensas no bairro - Brasil not\u00edcias","og_description":"Apesar dos temores, o com\u00e9rcio e o posto de sa\u00fade do bairro, funcionam normalmente. O servi\u00e7o de transporte coletivo, tamb\u00e9m,","og_url":"https:\/\/brasilnoticias.org\/site\/apos-tiroteio-e-quatro-mortes-em-cosme-de-farias-aulas-sao-suspensas-no-bairro\/","og_site_name":"Brasil not\u00edcias","article_published_time":"2023-08-01T18:00:43+00:00","og_image":[{"width":740,"height":470,"url":"https:\/\/brasilnoticias.org\/site\/wp-content\/uploads\/2023\/08\/aulas-suspensas2-740x470-1.jpg","type":"image\/jpeg"}],"author":"Reda\u00e7\u00e3o","twitter_card":"summary_large_image","twitter_misc":{"Escrito por":"Reda\u00e7\u00e3o","Tempo estimado de leitura":"2 minutos"},"schema":{"@context":"https:\/\/schema.org","@graph":[{"@type":"Article","@id":"https:\/\/brasilnoticias.org\/site\/apos-tiroteio-e-quatro-mortes-em-cosme-de-farias-aulas-sao-suspensas-no-bairro\/#article","isPartOf":{"@id":"https:\/\/brasilnoticias.org\/site\/apos-tiroteio-e-quatro-mortes-em-cosme-de-farias-aulas-sao-suspensas-no-bairro\/"},"author":{"name":"Reda\u00e7\u00e3o","@id":"https:\/\/brasilnoticias.org\/site\/#\/schema\/person\/03bbbfe6c7634ad18c26444ea39049fa"},"headline":"Ap\u00f3s tiroteio e quatro mortes em Cosme de Farias, aulas s\u00e3o suspensas no bairro","datePublished":"2023-08-01T18:00:43+00:00","mainEntityOfPage":{"@id":"https:\/\/brasilnoticias.org\/site\/apos-tiroteio-e-quatro-mortes-em-cosme-de-farias-aulas-sao-suspensas-no-bairro\/"},"wordCount":261,"commentCount":0,"publisher":{"@id":"https:\/\/brasilnoticias.org\/site\/#organization"},"image":{"@id":"https:\/\/brasilnoticias.org\/site\/apos-tiroteio-e-quatro-mortes-em-cosme-de-farias-aulas-sao-suspensas-no-bairro\/#primaryimage"},"thumbnailUrl":"https:\/\/brasilnoticias.org\/site\/wp-content\/uploads\/2023\/08\/aulas-suspensas2-740x470-1.jpg","articleSection":["Not\u00edcias","\u00daltimas"],"inLanguage":"pt-PT","potentialAction":[{"@type":"CommentAction","name":"Comment","target":["https:\/\/brasilnoticias.org\/site\/apos-tiroteio-e-quatro-mortes-em-cosme-de-farias-aulas-sao-suspensas-no-bairro\/#respond"]}]},{"@type":"WebPage","@id":"https:\/\/brasilnoticias.org\/site\/apos-tiroteio-e-quatro-mortes-em-cosme-de-farias-aulas-sao-suspensas-no-bairro\/","url":"https:\/\/brasilnoticias.org\/site\/apos-tiroteio-e-quatro-mortes-em-cosme-de-farias-aulas-sao-suspensas-no-bairro\/","name":"Ap\u00f3s tiroteio e quatro mortes em Cosme de Farias, aulas s\u00e3o suspensas no bairro - Brasil not\u00edcias","isPartOf":{"@id":"https:\/\/brasilnoticias.org\/site\/#website"},"primaryImageOfPage":{"@id":"https:\/\/brasilnoticias.org\/site\/apos-tiroteio-e-quatro-mortes-em-cosme-de-farias-aulas-sao-suspensas-no-bairro\/#primaryimage"},"image":{"@id":"https:\/\/brasilnoticias.org\/site\/apos-tiroteio-e-quatro-mortes-em-cosme-de-farias-aulas-sao-suspensas-no-bairro\/#primaryimage"},"thumbnailUrl":"https:\/\/brasilnoticias.org\/site\/wp-content\/uploads\/2023\/08\/aulas-suspensas2-740x470-1.jpg","datePublished":"2023-08-01T18:00:43+00:00","breadcrumb":{"@id":"https:\/\/brasilnoticias.org\/site\/apos-tiroteio-e-quatro-mortes-em-cosme-de-farias-aulas-sao-suspensas-no-bairro\/#breadcrumb"},"inLanguage":"pt-PT","potentialAction":[{"@type":"ReadAction","target":["https:\/\/brasilnoticias.org\/site\/apos-tiroteio-e-quatro-mortes-em-cosme-de-farias-aulas-sao-suspensas-no-bairro\/"]}]},{"@type":"ImageObject","inLanguage":"pt-PT","@id":"https:\/\/brasilnoticias.org\/site\/apos-tiroteio-e-quatro-mortes-em-cosme-de-farias-aulas-sao-suspensas-no-bairro\/#primaryimage","url":"https:\/\/brasilnoticias.org\/site\/wp-content\/uploads\/2023\/08\/aulas-suspensas2-740x470-1.jpg","contentUrl":"https:\/\/brasilnoticias.org\/site\/wp-content\/uploads\/2023\/08\/aulas-suspensas2-740x470-1.jpg","width":740,"height":470},{"@type":"BreadcrumbList","@id":"https:\/\/brasilnoticias.org\/site\/apos-tiroteio-e-quatro-mortes-em-cosme-de-farias-aulas-sao-suspensas-no-bairro\/#breadcrumb","itemListElement":[{"@type":"ListItem","position":1,"name":"In\u00edcio","item":"https:\/\/brasilnoticias.org\/site\/"},{"@type":"ListItem","position":2,"name":"Ap\u00f3s tiroteio e quatro mortes em Cosme de Farias, aulas s\u00e3o suspensas no bairro"}]},{"@type":"WebSite","@id":"https:\/\/brasilnoticias.org\/site\/#website","url":"https:\/\/brasilnoticias.org\/site\/","name":"Brasil not\u00edcias","description":"Brasil not\u00edcias","publisher":{"@id":"https:\/\/brasilnoticias.org\/site\/#organization"},"potentialAction":[{"@type":"SearchAction","target":{"@type":"EntryPoint","urlTemplate":"https:\/\/brasilnoticias.org\/site\/?s={search_term_string}"},"query-input":{"@type":"PropertyValueSpecification","valueRequired":true,"valueName":"search_term_string"}}],"inLanguage":"pt-PT"},{"@type":"Organization","@id":"https:\/\/brasilnoticias.org\/site\/#organization","name":"Brasil not\u00edcias","url":"https:\/\/brasilnoticias.org\/site\/","logo":{"@type":"ImageObject","inLanguage":"pt-PT","@id":"https:\/\/brasilnoticias.org\/site\/#\/schema\/logo\/image\/","url":"https:\/\/brasilnoticias.org\/site\/wp-content\/uploads\/2022\/05\/cropped-brasilnoticias-mini.jpg","contentUrl":"https:\/\/brasilnoticias.org\/site\/wp-content\/uploads\/2022\/05\/cropped-brasilnoticias-mini.jpg","width":314,"height":86,"caption":"Brasil not\u00edcias"},"image":{"@id":"https:\/\/brasilnoticias.org\/site\/#\/schema\/logo\/image\/"}},{"@type":"Person","@id":"https:\/\/brasilnoticias.org\/site\/#\/schema\/person\/03bbbfe6c7634ad18c26444ea39049fa","name":"Reda\u00e7\u00e3o","image":{"@type":"ImageObject","inLanguage":"pt-PT","@id":"https:\/\/brasilnoticias.org\/site\/#\/schema\/person\/image\/","url":"https:\/\/secure.gravatar.com\/avatar\/9ecaf7327a696cb23ad926fedded5f1f04d7049de9e445375d55b48c001a6e42?s=96&d=mm&r=g","contentUrl":"https:\/\/secure.gravatar.com\/avatar\/9ecaf7327a696cb23ad926fedded5f1f04d7049de9e445375d55b48c001a6e42?s=96&d=mm&r=g","caption":"Reda\u00e7\u00e3o"},"url":"https:\/\/brasilnoticias.org\/site\/author\/henrique\/"}]}},"_links":{"self":[{"href":"https:\/\/brasilnoticias.org\/site\/wp-json\/wp\/v2\/posts\/7777","targetHints":{"allow":["GET"]}}],"collection":[{"href":"https:\/\/brasilnoticias.org\/site\/wp-json\/wp\/v2\/posts"}],"about":[{"href":"https:\/\/brasilnoticias.org\/site\/wp-json\/wp\/v2\/types\/post"}],"author":[{"embeddable":true,"href":"https:\/\/brasilnoticias.org\/site\/wp-json\/wp\/v2\/users\/4"}],"replies":[{"embeddable":true,"href":"https:\/\/brasilnoticias.org\/site\/wp-json\/wp\/v2\/comments?post=7777"}],"version-history":[{"count":1,"href":"https:\/\/brasilnoticias.org\/site\/wp-json\/wp\/v2\/posts\/7777\/revisions"}],"predecessor-version":[{"id":7779,"href":"https:\/\/brasilnoticias.org\/site\/wp-json\/wp\/v2\/posts\/7777\/revisions\/7779"}],"wp:featuredmedia":[{"embeddable":true,"href":"https:\/\/brasilnoticias.org\/site\/wp-json\/wp\/v2\/media\/7778"}],"wp:attachment":[{"href":"https:\/\/brasilnoticias.org\/site\/wp-json\/wp\/v2\/media?parent=7777"}],"wp:term":[{"taxonomy":"category","embeddable":true,"href":"https:\/\/brasilnoticias.org\/site\/wp-json\/wp\/v2\/categories?post=7777"},{"taxonomy":"post_tag","embeddable":true,"href":"https:\/\/brasilnoticias.org\/site\/wp-json\/wp\/v2\/tags?post=7777"}],"curies":[{"name":"wp","href":"https:\/\/api.w.org\/{rel}","templated":true}]}}