{"id":778,"date":"2022-06-04T20:25:27","date_gmt":"2022-06-04T23:25:27","guid":{"rendered":"https:\/\/brasilnoticias.org\/site\/?p=778"},"modified":"2022-06-04T20:25:27","modified_gmt":"2022-06-04T23:25:27","slug":"esporte-bahia-vira-sobre-o-criciuma-e-assume-a-vice-lideranca-da-serie-b","status":"publish","type":"post","link":"https:\/\/brasilnoticias.org\/site\/esporte-bahia-vira-sobre-o-criciuma-e-assume-a-vice-lideranca-da-serie-b\/","title":{"rendered":"ESPORTE BAHIA VIRA SOBRE O CRICI\u00daMA E ASSUME A VICE-LIDERAN\u00c7A DA S\u00c9RIE B"},"content":{"rendered":"<div>Diante de mais de 33 mil torcedores na Arena Fonte Nova, o Bahia se recuperou de um primeiro-tempo ruim e venceu o Crici\u00fama de virada, na Arena Fonte Nova, por 2 a 1, com um jogador a menos. Os respons\u00e1veis pela recupera\u00e7\u00e3o foram Danilo Fernandes e Matheus Dav\u00f3.<\/div>\n<div><\/div>\n<div>O goleiro fez grandes defesas. J\u00e1 o atacante marcou os dois gols ap\u00f3s Marquinhos Gabriel ter aberto o placar.<\/div>\n<div><\/div>\n<div>Com o resultado, o Esquadr\u00e3o foi aos 19 pontos ganhos e assumiu a vice-lideran\u00e7a da S\u00e9rie B, a seis pontos do l\u00edder Cruzeiro. Os comandados de Guto Ferreira voltam a campo na pr\u00f3xima quarta-feira (8), diante do Sport, novamente na Fonte Nova.<\/div>\n<div>\n<div><strong>PRIMEIRO-TEMPO<\/strong><\/div>\n<div>S\u00f3 deu Crici\u00fama no primeiro tempo. A primeira boa jogada foi aos 16 minutos. Ap\u00f3s cruzamento na \u00e1rea, Rayan subiu mais alto que a defesa do Bahia e cabeceou para fora.<\/div>\n<div><\/div>\n<div>Aos 26, foi o Crici\u00fama quem chegou com perigo mais uma vez. Rafael Bilu recebeu na \u00e1rea, tentou o chute, mas parou em Danilo Fernandes.<\/div>\n<div><\/div>\n<div>Dois minutos depois, outro lance de perigo do time catarinense. Fellipe Mateus cobrou falta colocada e tirou tinta da trave.<\/div>\n<div><\/div>\n<div>J\u00e1 aos 36, o Crici\u00fama chegou ao gol. Marquinhos Gabriel tabelou com Caio Dantas e bateu de fora da \u00e1rea no canto de Danilo Fernandes para abrir o placar.<\/div>\n<div><\/div>\n<div>Para piorar sua situa\u00e7\u00e3o, o Tricolor ficou com um jogador a menos aos 45 minutos. Ign\u00e1cio fez falta em Marquinhos Gabriel na entrada da \u00e1rea, recebeu o segundo amarelo e foi expulso de campo.<\/div>\n<div><\/div>\n<div>Na cobran\u00e7a da falta, Fellipe Mateus chutou forte e Danilo Fernandes fez bela defesa para evitar o segundo.<\/div>\n<div><\/div>\n<div><strong>SEGUNDO-TEMPO<\/strong><\/div>\n<div>O Bahia voltou para o segundo-tempo com quatro altera\u00e7\u00f5es, mas apenas uma por motivos m\u00e9dicos. Rezende sentiu a coxa e deu lugar a Mugni. Tamb\u00e9m entraram Rildo, Dav\u00f3 e Didi nos lugares de Jacar\u00e9, Ra\u00ed e Rodallega, respectivamente.<\/div>\n<div><\/div>\n<div>Aos dez minutos, o Crici\u00fama balan\u00e7ou a rede com Rafael Bilu, mas a arbitragem flagrou impedimento do atacante.<\/div>\n<div><\/div>\n<div>J\u00e1 aos 14 minutos, o Bahia chegou ao empate. Mugni fez belo lan\u00e7amento para Dav\u00f3, que desviou de cabe\u00e7a e marcou para o time baiano.<\/div>\n<div><\/div>\n<div>Aos 24, quase o Tigre fez o segundo. Na \u00e1rea, Marquinhos Gabriel aproveitou sobra de bola e emendou uma bomba. Danilo Fernandes fez grande defesa.<\/div>\n<div><\/div>\n<div>Aos 36 minutos, outro lance de perigo do time catarinense. Rafael Bilu fez boa jogada individual e chutou de longe, Danilo fez outra bela defesa.<\/div>\n<div><\/div>\n<div>Um minuto depois, o goleiro brilhou mais uma vez. Ap\u00f3s bola levantada na \u00e1rea, Rayan desviou de peixinho e Danilo fez outra grande defesa.<\/div>\n<div><\/div>\n<div>Aos 49, veio o gol da virada. Rildo fez belo lan\u00e7amento para Dav\u00f3, que desviou de cabe\u00e7a no canto de Gustavo.<\/div>\n<div><\/div>\n<div><strong>Bahia 2 x 1 Crici\u00fama<\/strong><br \/>\n<strong>S\u00e9rie B do Brasileir\u00e3o \u2013 10\u00aa rodada<\/strong><\/div>\n<div>Local: Arena Fonte Nova, em Salvador (BA)<br \/>\nData: 04\/06\/2022 (s\u00e1bado)<br \/>\nHor\u00e1rio: 16h30<br \/>\n\u00c1rbitro: Marcelo de Lima Henrique (CE). Assistentes: Nailton Junior de Sousa Oliveira (CE) e Renan Aguiar da Costa (CE). VAR: Gilberto Rodrigues Castro Junior (PE)<br \/>\nCart\u00f5es amarelos: Ra\u00ed, Ign\u00e1cio, Mugni, Dav\u00f3 (BAH); R\u00f4mulo, Renan Areias (CRI)<br \/>\nCart\u00f5es vermelhos: Ign\u00e1cio (BAH)<br \/>\nGols: Marquinhos Gabriel (CRI); Dav\u00f3-2 (BAH)<\/div>\n<div><\/div>\n<div>Bahia<br \/>\nDanilo Fernandes; Douglas Borel, Ign\u00e1cio, Luiz Ot\u00e1vio e Djalma; Rezende (Mugni), Patrick e Daniel (Luiz Henrique); Ra\u00ed (Dav\u00f3), Jacar\u00e9 (Rildo) e Rodallega (Didi). T\u00e9cnico: Guto Ferreira.<\/div>\n<div><\/div>\n<div>Crici\u00fama<br \/>\nGustavo; Claudinho (Cristovam), Rodrigo, Rayan e Marcelo Hermes; R\u00f4mulo (Marcos Serrato), Arilson (Renan Areias) e Marquinhos Gabriel; Rafael Bilu, Fellipe Mateus (Thiago Alagoano) e Caio Dantas (Hygor). T\u00e9cnico: Cl\u00e1udio Tencati.<\/div>\n<\/div>\n<div><\/div>\n<div><\/div>\n<div><\/div>\n<div><\/div>\n<div><\/div>\n<div>Bnews<\/div>\n","protected":false},"excerpt":{"rendered":"<p>Diante de mais de 33 mil torcedores na Arena Fonte Nova, o Bahia se recuperou de um primeiro-tempo ruim e<\/p>\n","protected":false},"author":2,"featured_media":779,"comment_status":"open","ping_status":"open","sticky":false,"template":"","format":"standard","meta":{"colormag_page_container_layout":"default_layout","colormag_page_sidebar_layout":"default_layout","_FSMCFIC_featured_image_caption":"","_FSMCFIC_featured_image_nocaption":"","_FSMCFIC_featured_image_hide":"","footnotes":""},"categories":[4,1],"tags":[],"class_list":["post-778","post","type-post","status-publish","format-standard","has-post-thumbnail","hentry","category-esporte","category-ultimas"],"yoast_head":"<!-- This site is optimized with the Yoast SEO plugin v27.1.1 - https:\/\/yoast.com\/product\/yoast-seo-wordpress\/ -->\n<title>ESPORTE BAHIA VIRA SOBRE O CRICI\u00daMA E ASSUME A VICE-LIDERAN\u00c7A DA S\u00c9RIE B - Brasil not\u00edcias<\/title>\n<meta name=\"robots\" content=\"index, follow, max-snippet:-1, max-image-preview:large, max-video-preview:-1\" \/>\n<link rel=\"canonical\" href=\"https:\/\/brasilnoticias.org\/site\/esporte-bahia-vira-sobre-o-criciuma-e-assume-a-vice-lideranca-da-serie-b\/\" \/>\n<meta property=\"og:locale\" content=\"pt_PT\" \/>\n<meta property=\"og:type\" content=\"article\" \/>\n<meta property=\"og:title\" content=\"ESPORTE BAHIA VIRA SOBRE O CRICI\u00daMA E ASSUME A VICE-LIDERAN\u00c7A DA S\u00c9RIE B - Brasil not\u00edcias\" \/>\n<meta property=\"og:description\" content=\"Diante de mais de 33 mil torcedores na Arena Fonte Nova, o Bahia se recuperou de um primeiro-tempo ruim e\" \/>\n<meta property=\"og:url\" content=\"https:\/\/brasilnoticias.org\/site\/esporte-bahia-vira-sobre-o-criciuma-e-assume-a-vice-lideranca-da-serie-b\/\" \/>\n<meta property=\"og:site_name\" content=\"Brasil not\u00edcias\" \/>\n<meta property=\"article:published_time\" content=\"2022-06-04T23:25:27+00:00\" \/>\n<meta property=\"og:image\" content=\"https:\/\/brasilnoticias.org\/site\/wp-content\/uploads\/2022\/06\/52122279026_5a3f9a5d7a_k_widelg-1.jpg\" \/>\n\t<meta property=\"og:image:width\" content=\"800\" \/>\n\t<meta property=\"og:image:height\" content=\"450\" \/>\n\t<meta property=\"og:image:type\" content=\"image\/jpeg\" \/>\n<meta name=\"author\" content=\"Reda\u00e7\u00e3o\" \/>\n<meta name=\"twitter:card\" content=\"summary_large_image\" \/>\n<meta name=\"twitter:label1\" content=\"Escrito por\" \/>\n\t<meta name=\"twitter:data1\" content=\"Reda\u00e7\u00e3o\" \/>\n\t<meta name=\"twitter:label2\" content=\"Tempo estimado de leitura\" \/>\n\t<meta name=\"twitter:data2\" content=\"3 minutos\" \/>\n<script type=\"application\/ld+json\" class=\"yoast-schema-graph\">{\"@context\":\"https:\/\/schema.org\",\"@graph\":[{\"@type\":\"Article\",\"@id\":\"https:\/\/brasilnoticias.org\/site\/esporte-bahia-vira-sobre-o-criciuma-e-assume-a-vice-lideranca-da-serie-b\/#article\",\"isPartOf\":{\"@id\":\"https:\/\/brasilnoticias.org\/site\/esporte-bahia-vira-sobre-o-criciuma-e-assume-a-vice-lideranca-da-serie-b\/\"},\"author\":{\"name\":\"Reda\u00e7\u00e3o\",\"@id\":\"https:\/\/brasilnoticias.org\/site\/#\/schema\/person\/f609fa847b5314f1c8b983342f34c798\"},\"headline\":\"ESPORTE BAHIA VIRA SOBRE O CRICI\u00daMA E ASSUME A VICE-LIDERAN\u00c7A DA S\u00c9RIE B\",\"datePublished\":\"2022-06-04T23:25:27+00:00\",\"mainEntityOfPage\":{\"@id\":\"https:\/\/brasilnoticias.org\/site\/esporte-bahia-vira-sobre-o-criciuma-e-assume-a-vice-lideranca-da-serie-b\/\"},\"wordCount\":615,\"commentCount\":0,\"publisher\":{\"@id\":\"https:\/\/brasilnoticias.org\/site\/#organization\"},\"image\":{\"@id\":\"https:\/\/brasilnoticias.org\/site\/esporte-bahia-vira-sobre-o-criciuma-e-assume-a-vice-lideranca-da-serie-b\/#primaryimage\"},\"thumbnailUrl\":\"https:\/\/brasilnoticias.org\/site\/wp-content\/uploads\/2022\/06\/52122279026_5a3f9a5d7a_k_widelg-1.jpg\",\"articleSection\":[\"Esporte\",\"\u00daltimas\"],\"inLanguage\":\"pt-PT\",\"potentialAction\":[{\"@type\":\"CommentAction\",\"name\":\"Comment\",\"target\":[\"https:\/\/brasilnoticias.org\/site\/esporte-bahia-vira-sobre-o-criciuma-e-assume-a-vice-lideranca-da-serie-b\/#respond\"]}]},{\"@type\":\"WebPage\",\"@id\":\"https:\/\/brasilnoticias.org\/site\/esporte-bahia-vira-sobre-o-criciuma-e-assume-a-vice-lideranca-da-serie-b\/\",\"url\":\"https:\/\/brasilnoticias.org\/site\/esporte-bahia-vira-sobre-o-criciuma-e-assume-a-vice-lideranca-da-serie-b\/\",\"name\":\"ESPORTE BAHIA VIRA SOBRE O CRICI\u00daMA E ASSUME A VICE-LIDERAN\u00c7A DA S\u00c9RIE B - Brasil not\u00edcias\",\"isPartOf\":{\"@id\":\"https:\/\/brasilnoticias.org\/site\/#website\"},\"primaryImageOfPage\":{\"@id\":\"https:\/\/brasilnoticias.org\/site\/esporte-bahia-vira-sobre-o-criciuma-e-assume-a-vice-lideranca-da-serie-b\/#primaryimage\"},\"image\":{\"@id\":\"https:\/\/brasilnoticias.org\/site\/esporte-bahia-vira-sobre-o-criciuma-e-assume-a-vice-lideranca-da-serie-b\/#primaryimage\"},\"thumbnailUrl\":\"https:\/\/brasilnoticias.org\/site\/wp-content\/uploads\/2022\/06\/52122279026_5a3f9a5d7a_k_widelg-1.jpg\",\"datePublished\":\"2022-06-04T23:25:27+00:00\",\"breadcrumb\":{\"@id\":\"https:\/\/brasilnoticias.org\/site\/esporte-bahia-vira-sobre-o-criciuma-e-assume-a-vice-lideranca-da-serie-b\/#breadcrumb\"},\"inLanguage\":\"pt-PT\",\"potentialAction\":[{\"@type\":\"ReadAction\",\"target\":[\"https:\/\/brasilnoticias.org\/site\/esporte-bahia-vira-sobre-o-criciuma-e-assume-a-vice-lideranca-da-serie-b\/\"]}]},{\"@type\":\"ImageObject\",\"inLanguage\":\"pt-PT\",\"@id\":\"https:\/\/brasilnoticias.org\/site\/esporte-bahia-vira-sobre-o-criciuma-e-assume-a-vice-lideranca-da-serie-b\/#primaryimage\",\"url\":\"https:\/\/brasilnoticias.org\/site\/wp-content\/uploads\/2022\/06\/52122279026_5a3f9a5d7a_k_widelg-1.jpg\",\"contentUrl\":\"https:\/\/brasilnoticias.org\/site\/wp-content\/uploads\/2022\/06\/52122279026_5a3f9a5d7a_k_widelg-1.jpg\",\"width\":800,\"height\":450},{\"@type\":\"BreadcrumbList\",\"@id\":\"https:\/\/brasilnoticias.org\/site\/esporte-bahia-vira-sobre-o-criciuma-e-assume-a-vice-lideranca-da-serie-b\/#breadcrumb\",\"itemListElement\":[{\"@type\":\"ListItem\",\"position\":1,\"name\":\"In\u00edcio\",\"item\":\"https:\/\/brasilnoticias.org\/site\/\"},{\"@type\":\"ListItem\",\"position\":2,\"name\":\"ESPORTE BAHIA VIRA SOBRE O CRICI\u00daMA E ASSUME A VICE-LIDERAN\u00c7A DA S\u00c9RIE B\"}]},{\"@type\":\"WebSite\",\"@id\":\"https:\/\/brasilnoticias.org\/site\/#website\",\"url\":\"https:\/\/brasilnoticias.org\/site\/\",\"name\":\"Brasil not\u00edcias\",\"description\":\"Brasil not\u00edcias\",\"publisher\":{\"@id\":\"https:\/\/brasilnoticias.org\/site\/#organization\"},\"potentialAction\":[{\"@type\":\"SearchAction\",\"target\":{\"@type\":\"EntryPoint\",\"urlTemplate\":\"https:\/\/brasilnoticias.org\/site\/?s={search_term_string}\"},\"query-input\":{\"@type\":\"PropertyValueSpecification\",\"valueRequired\":true,\"valueName\":\"search_term_string\"}}],\"inLanguage\":\"pt-PT\"},{\"@type\":\"Organization\",\"@id\":\"https:\/\/brasilnoticias.org\/site\/#organization\",\"name\":\"Brasil not\u00edcias\",\"url\":\"https:\/\/brasilnoticias.org\/site\/\",\"logo\":{\"@type\":\"ImageObject\",\"inLanguage\":\"pt-PT\",\"@id\":\"https:\/\/brasilnoticias.org\/site\/#\/schema\/logo\/image\/\",\"url\":\"https:\/\/brasilnoticias.org\/site\/wp-content\/uploads\/2022\/05\/cropped-brasilnoticias-mini.jpg\",\"contentUrl\":\"https:\/\/brasilnoticias.org\/site\/wp-content\/uploads\/2022\/05\/cropped-brasilnoticias-mini.jpg\",\"width\":314,\"height\":86,\"caption\":\"Brasil not\u00edcias\"},\"image\":{\"@id\":\"https:\/\/brasilnoticias.org\/site\/#\/schema\/logo\/image\/\"}},{\"@type\":\"Person\",\"@id\":\"https:\/\/brasilnoticias.org\/site\/#\/schema\/person\/f609fa847b5314f1c8b983342f34c798\",\"name\":\"Reda\u00e7\u00e3o\",\"image\":{\"@type\":\"ImageObject\",\"inLanguage\":\"pt-PT\",\"@id\":\"https:\/\/brasilnoticias.org\/site\/#\/schema\/person\/image\/\",\"url\":\"https:\/\/secure.gravatar.com\/avatar\/447284c06c1ad8b46465a36de9cd0d8326b73387a22799b8b1ffb1fbcff2ed0c?s=96&d=mm&r=g\",\"contentUrl\":\"https:\/\/secure.gravatar.com\/avatar\/447284c06c1ad8b46465a36de9cd0d8326b73387a22799b8b1ffb1fbcff2ed0c?s=96&d=mm&r=g\",\"caption\":\"Reda\u00e7\u00e3o\"},\"url\":\"https:\/\/brasilnoticias.org\/site\/author\/redacao\/\"}]}<\/script>\n<!-- \/ Yoast SEO plugin. -->","yoast_head_json":{"title":"ESPORTE BAHIA VIRA SOBRE O CRICI\u00daMA E ASSUME A VICE-LIDERAN\u00c7A DA S\u00c9RIE B - Brasil not\u00edcias","robots":{"index":"index","follow":"follow","max-snippet":"max-snippet:-1","max-image-preview":"max-image-preview:large","max-video-preview":"max-video-preview:-1"},"canonical":"https:\/\/brasilnoticias.org\/site\/esporte-bahia-vira-sobre-o-criciuma-e-assume-a-vice-lideranca-da-serie-b\/","og_locale":"pt_PT","og_type":"article","og_title":"ESPORTE BAHIA VIRA SOBRE O CRICI\u00daMA E ASSUME A VICE-LIDERAN\u00c7A DA S\u00c9RIE B - Brasil not\u00edcias","og_description":"Diante de mais de 33 mil torcedores na Arena Fonte Nova, o Bahia se recuperou de um primeiro-tempo ruim e","og_url":"https:\/\/brasilnoticias.org\/site\/esporte-bahia-vira-sobre-o-criciuma-e-assume-a-vice-lideranca-da-serie-b\/","og_site_name":"Brasil not\u00edcias","article_published_time":"2022-06-04T23:25:27+00:00","og_image":[{"width":800,"height":450,"url":"https:\/\/brasilnoticias.org\/site\/wp-content\/uploads\/2022\/06\/52122279026_5a3f9a5d7a_k_widelg-1.jpg","type":"image\/jpeg"}],"author":"Reda\u00e7\u00e3o","twitter_card":"summary_large_image","twitter_misc":{"Escrito por":"Reda\u00e7\u00e3o","Tempo estimado de leitura":"3 minutos"},"schema":{"@context":"https:\/\/schema.org","@graph":[{"@type":"Article","@id":"https:\/\/brasilnoticias.org\/site\/esporte-bahia-vira-sobre-o-criciuma-e-assume-a-vice-lideranca-da-serie-b\/#article","isPartOf":{"@id":"https:\/\/brasilnoticias.org\/site\/esporte-bahia-vira-sobre-o-criciuma-e-assume-a-vice-lideranca-da-serie-b\/"},"author":{"name":"Reda\u00e7\u00e3o","@id":"https:\/\/brasilnoticias.org\/site\/#\/schema\/person\/f609fa847b5314f1c8b983342f34c798"},"headline":"ESPORTE BAHIA VIRA SOBRE O CRICI\u00daMA E ASSUME A VICE-LIDERAN\u00c7A DA S\u00c9RIE B","datePublished":"2022-06-04T23:25:27+00:00","mainEntityOfPage":{"@id":"https:\/\/brasilnoticias.org\/site\/esporte-bahia-vira-sobre-o-criciuma-e-assume-a-vice-lideranca-da-serie-b\/"},"wordCount":615,"commentCount":0,"publisher":{"@id":"https:\/\/brasilnoticias.org\/site\/#organization"},"image":{"@id":"https:\/\/brasilnoticias.org\/site\/esporte-bahia-vira-sobre-o-criciuma-e-assume-a-vice-lideranca-da-serie-b\/#primaryimage"},"thumbnailUrl":"https:\/\/brasilnoticias.org\/site\/wp-content\/uploads\/2022\/06\/52122279026_5a3f9a5d7a_k_widelg-1.jpg","articleSection":["Esporte","\u00daltimas"],"inLanguage":"pt-PT","potentialAction":[{"@type":"CommentAction","name":"Comment","target":["https:\/\/brasilnoticias.org\/site\/esporte-bahia-vira-sobre-o-criciuma-e-assume-a-vice-lideranca-da-serie-b\/#respond"]}]},{"@type":"WebPage","@id":"https:\/\/brasilnoticias.org\/site\/esporte-bahia-vira-sobre-o-criciuma-e-assume-a-vice-lideranca-da-serie-b\/","url":"https:\/\/brasilnoticias.org\/site\/esporte-bahia-vira-sobre-o-criciuma-e-assume-a-vice-lideranca-da-serie-b\/","name":"ESPORTE BAHIA VIRA SOBRE O CRICI\u00daMA E ASSUME A VICE-LIDERAN\u00c7A DA S\u00c9RIE B - Brasil not\u00edcias","isPartOf":{"@id":"https:\/\/brasilnoticias.org\/site\/#website"},"primaryImageOfPage":{"@id":"https:\/\/brasilnoticias.org\/site\/esporte-bahia-vira-sobre-o-criciuma-e-assume-a-vice-lideranca-da-serie-b\/#primaryimage"},"image":{"@id":"https:\/\/brasilnoticias.org\/site\/esporte-bahia-vira-sobre-o-criciuma-e-assume-a-vice-lideranca-da-serie-b\/#primaryimage"},"thumbnailUrl":"https:\/\/brasilnoticias.org\/site\/wp-content\/uploads\/2022\/06\/52122279026_5a3f9a5d7a_k_widelg-1.jpg","datePublished":"2022-06-04T23:25:27+00:00","breadcrumb":{"@id":"https:\/\/brasilnoticias.org\/site\/esporte-bahia-vira-sobre-o-criciuma-e-assume-a-vice-lideranca-da-serie-b\/#breadcrumb"},"inLanguage":"pt-PT","potentialAction":[{"@type":"ReadAction","target":["https:\/\/brasilnoticias.org\/site\/esporte-bahia-vira-sobre-o-criciuma-e-assume-a-vice-lideranca-da-serie-b\/"]}]},{"@type":"ImageObject","inLanguage":"pt-PT","@id":"https:\/\/brasilnoticias.org\/site\/esporte-bahia-vira-sobre-o-criciuma-e-assume-a-vice-lideranca-da-serie-b\/#primaryimage","url":"https:\/\/brasilnoticias.org\/site\/wp-content\/uploads\/2022\/06\/52122279026_5a3f9a5d7a_k_widelg-1.jpg","contentUrl":"https:\/\/brasilnoticias.org\/site\/wp-content\/uploads\/2022\/06\/52122279026_5a3f9a5d7a_k_widelg-1.jpg","width":800,"height":450},{"@type":"BreadcrumbList","@id":"https:\/\/brasilnoticias.org\/site\/esporte-bahia-vira-sobre-o-criciuma-e-assume-a-vice-lideranca-da-serie-b\/#breadcrumb","itemListElement":[{"@type":"ListItem","position":1,"name":"In\u00edcio","item":"https:\/\/brasilnoticias.org\/site\/"},{"@type":"ListItem","position":2,"name":"ESPORTE BAHIA VIRA SOBRE O CRICI\u00daMA E ASSUME A VICE-LIDERAN\u00c7A DA S\u00c9RIE B"}]},{"@type":"WebSite","@id":"https:\/\/brasilnoticias.org\/site\/#website","url":"https:\/\/brasilnoticias.org\/site\/","name":"Brasil not\u00edcias","description":"Brasil not\u00edcias","publisher":{"@id":"https:\/\/brasilnoticias.org\/site\/#organization"},"potentialAction":[{"@type":"SearchAction","target":{"@type":"EntryPoint","urlTemplate":"https:\/\/brasilnoticias.org\/site\/?s={search_term_string}"},"query-input":{"@type":"PropertyValueSpecification","valueRequired":true,"valueName":"search_term_string"}}],"inLanguage":"pt-PT"},{"@type":"Organization","@id":"https:\/\/brasilnoticias.org\/site\/#organization","name":"Brasil not\u00edcias","url":"https:\/\/brasilnoticias.org\/site\/","logo":{"@type":"ImageObject","inLanguage":"pt-PT","@id":"https:\/\/brasilnoticias.org\/site\/#\/schema\/logo\/image\/","url":"https:\/\/brasilnoticias.org\/site\/wp-content\/uploads\/2022\/05\/cropped-brasilnoticias-mini.jpg","contentUrl":"https:\/\/brasilnoticias.org\/site\/wp-content\/uploads\/2022\/05\/cropped-brasilnoticias-mini.jpg","width":314,"height":86,"caption":"Brasil not\u00edcias"},"image":{"@id":"https:\/\/brasilnoticias.org\/site\/#\/schema\/logo\/image\/"}},{"@type":"Person","@id":"https:\/\/brasilnoticias.org\/site\/#\/schema\/person\/f609fa847b5314f1c8b983342f34c798","name":"Reda\u00e7\u00e3o","image":{"@type":"ImageObject","inLanguage":"pt-PT","@id":"https:\/\/brasilnoticias.org\/site\/#\/schema\/person\/image\/","url":"https:\/\/secure.gravatar.com\/avatar\/447284c06c1ad8b46465a36de9cd0d8326b73387a22799b8b1ffb1fbcff2ed0c?s=96&d=mm&r=g","contentUrl":"https:\/\/secure.gravatar.com\/avatar\/447284c06c1ad8b46465a36de9cd0d8326b73387a22799b8b1ffb1fbcff2ed0c?s=96&d=mm&r=g","caption":"Reda\u00e7\u00e3o"},"url":"https:\/\/brasilnoticias.org\/site\/author\/redacao\/"}]}},"_links":{"self":[{"href":"https:\/\/brasilnoticias.org\/site\/wp-json\/wp\/v2\/posts\/778","targetHints":{"allow":["GET"]}}],"collection":[{"href":"https:\/\/brasilnoticias.org\/site\/wp-json\/wp\/v2\/posts"}],"about":[{"href":"https:\/\/brasilnoticias.org\/site\/wp-json\/wp\/v2\/types\/post"}],"author":[{"embeddable":true,"href":"https:\/\/brasilnoticias.org\/site\/wp-json\/wp\/v2\/users\/2"}],"replies":[{"embeddable":true,"href":"https:\/\/brasilnoticias.org\/site\/wp-json\/wp\/v2\/comments?post=778"}],"version-history":[{"count":1,"href":"https:\/\/brasilnoticias.org\/site\/wp-json\/wp\/v2\/posts\/778\/revisions"}],"predecessor-version":[{"id":780,"href":"https:\/\/brasilnoticias.org\/site\/wp-json\/wp\/v2\/posts\/778\/revisions\/780"}],"wp:featuredmedia":[{"embeddable":true,"href":"https:\/\/brasilnoticias.org\/site\/wp-json\/wp\/v2\/media\/779"}],"wp:attachment":[{"href":"https:\/\/brasilnoticias.org\/site\/wp-json\/wp\/v2\/media?parent=778"}],"wp:term":[{"taxonomy":"category","embeddable":true,"href":"https:\/\/brasilnoticias.org\/site\/wp-json\/wp\/v2\/categories?post=778"},{"taxonomy":"post_tag","embeddable":true,"href":"https:\/\/brasilnoticias.org\/site\/wp-json\/wp\/v2\/tags?post=778"}],"curies":[{"name":"wp","href":"https:\/\/api.w.org\/{rel}","templated":true}]}}