{"id":7787,"date":"2023-08-01T17:00:39","date_gmt":"2023-08-01T20:00:39","guid":{"rendered":"https:\/\/brasilnoticias.org\/site\/?p=7787"},"modified":"2023-08-01T11:22:04","modified_gmt":"2023-08-01T14:22:04","slug":"caso-isabella-nardoni-ganha-documentario-na-netflix-com-depoimento-forte-da-mae-assista-ao-trailer","status":"publish","type":"post","link":"https:\/\/brasilnoticias.org\/site\/caso-isabella-nardoni-ganha-documentario-na-netflix-com-depoimento-forte-da-mae-assista-ao-trailer\/","title":{"rendered":"Caso Isabella Nardoni ganha document\u00e1rio na Netflix com depoimento forte da m\u00e3e; assista ao trailer"},"content":{"rendered":"<p>Filme documental estreia em 17 de agosto na Netflix<\/p>\n<p>Isabella: O Caso Nardoni \u00e9 o novo document\u00e1rio da Netflix<br \/>\nA Netflix vai lan\u00e7ar um document\u00e1rio sobre o caso Nardoni, em que a menina de 5 anos, Isabella, foi assassinada ao ser jogada pela janela. A plataforma de streaming liberou um trailer da obra.<\/p>\n<p>Em 2008, o assassinato de Isabella Nardoni parou o Brasil: a menina de 5 anos foi atirada pela janela do apartamento de seu pai e da madrasta, em S\u00e3o Paulo.<\/p>\n<p>Enquanto a popula\u00e7\u00e3o, a m\u00eddia e mesmo as autoridades cobravam uma solu\u00e7\u00e3o r\u00e1pida e exemplar, a per\u00edcia trabalhou para encontrar material que contasse o que aconteceu.<\/p>\n<p>O document\u00e1rio Isabella: O Caso Nardoni analisa todo o caso, trazendo depoimentos da m\u00e3e e dos av\u00f3s da v\u00edtima, al\u00e9m de jornalistas, peritos e advogados.<\/p>\n<p>\u201cA produ\u00e7\u00e3o traz ainda reflex\u00f5es sobre a nossa sociedade, sobre a justi\u00e7a criminal \u2013 na verdade, sobre o nosso sistema como um todo \u2013 e ainda sobre o sensacionalismo. Al\u00e9m, \u00e9 claro, de resgatar uma hist\u00f3ria que n\u00e3o pode ser esquecida. Essa garotinha poderia estar hoje aqui com a gente, aos 21 anos de idade, cursando uma faculdade, tra\u00e7ando seu futuro\u201d, diz Claudio Manoel, diretor do projeto ao lado de Micael Langer.<\/p>\n<p>Produzido pela Kromaki para a Netflix, o document\u00e1rio tem produ\u00e7\u00e3o executiva de Rodrigo Letier, Manfredo Barretto, Roberta Oliveira e Anna Julia Werneck.<\/p>\n<p>O roteiro \u00e9 de Claudio Manoel, Micael Langer e Felipe Flexa.<\/p>\n<p>Veja o trailer, abaixo.<\/p>\n<p><iframe loading=\"lazy\" width=\"907\" height=\"510\" src=\"https:\/\/www.youtube.com\/embed\/zvDnxmhlc9Y\" title=\"Isabella: o Caso Nardoni | Trailer oficial | Netflix Brasil\" frameborder=\"0\" allow=\"accelerometer; autoplay; clipboard-write; encrypted-media; gyroscope; picture-in-picture; web-share\" allowfullscreen><\/iframe><\/p>\n<p>Fonte: observatoriodocinema<br \/>\nFoto: divulga\u00e7\u00e3o<\/p>\n","protected":false},"excerpt":{"rendered":"<p>Filme documental estreia em 17 de agosto na Netflix Isabella: O Caso Nardoni \u00e9 o novo document\u00e1rio da Netflix A<\/p>\n","protected":false},"author":4,"featured_media":7788,"comment_status":"open","ping_status":"open","sticky":false,"template":"","format":"standard","meta":{"colormag_page_container_layout":"default_layout","colormag_page_sidebar_layout":"default_layout","_FSMCFIC_featured_image_caption":"","_FSMCFIC_featured_image_nocaption":"","_FSMCFIC_featured_image_hide":"","footnotes":""},"categories":[8,1],"tags":[],"class_list":["post-7787","post","type-post","status-publish","format-standard","has-post-thumbnail","hentry","category-entretenimento","category-ultimas"],"yoast_head":"<!-- This site is optimized with the Yoast SEO plugin v27.1.1 - https:\/\/yoast.com\/product\/yoast-seo-wordpress\/ -->\n<title>Caso Isabella Nardoni ganha document\u00e1rio na Netflix com depoimento forte da m\u00e3e; assista ao trailer - Brasil not\u00edcias<\/title>\n<meta name=\"robots\" content=\"index, follow, max-snippet:-1, max-image-preview:large, max-video-preview:-1\" \/>\n<link rel=\"canonical\" href=\"https:\/\/brasilnoticias.org\/site\/caso-isabella-nardoni-ganha-documentario-na-netflix-com-depoimento-forte-da-mae-assista-ao-trailer\/\" \/>\n<meta property=\"og:locale\" content=\"pt_PT\" \/>\n<meta property=\"og:type\" content=\"article\" \/>\n<meta property=\"og:title\" content=\"Caso Isabella Nardoni ganha document\u00e1rio na Netflix com depoimento forte da m\u00e3e; assista ao trailer - Brasil not\u00edcias\" \/>\n<meta property=\"og:description\" content=\"Filme documental estreia em 17 de agosto na Netflix Isabella: O Caso Nardoni \u00e9 o novo document\u00e1rio da Netflix A\" \/>\n<meta property=\"og:url\" content=\"https:\/\/brasilnoticias.org\/site\/caso-isabella-nardoni-ganha-documentario-na-netflix-com-depoimento-forte-da-mae-assista-ao-trailer\/\" \/>\n<meta property=\"og:site_name\" content=\"Brasil not\u00edcias\" \/>\n<meta property=\"article:published_time\" content=\"2023-08-01T20:00:39+00:00\" \/>\n<meta property=\"og:image\" content=\"https:\/\/brasilnoticias.org\/site\/wp-content\/uploads\/2023\/08\/isabella-o-caso-nardoni-netflix-1024x57-1.webp\" \/>\n\t<meta property=\"og:image:width\" content=\"904\" \/>\n\t<meta property=\"og:image:height\" content=\"508\" \/>\n\t<meta property=\"og:image:type\" content=\"image\/webp\" \/>\n<meta name=\"author\" content=\"Reda\u00e7\u00e3o\" \/>\n<meta name=\"twitter:card\" content=\"summary_large_image\" \/>\n<meta name=\"twitter:label1\" content=\"Escrito por\" \/>\n\t<meta name=\"twitter:data1\" content=\"Reda\u00e7\u00e3o\" \/>\n<script type=\"application\/ld+json\" class=\"yoast-schema-graph\">{\"@context\":\"https:\/\/schema.org\",\"@graph\":[{\"@type\":\"Article\",\"@id\":\"https:\/\/brasilnoticias.org\/site\/caso-isabella-nardoni-ganha-documentario-na-netflix-com-depoimento-forte-da-mae-assista-ao-trailer\/#article\",\"isPartOf\":{\"@id\":\"https:\/\/brasilnoticias.org\/site\/caso-isabella-nardoni-ganha-documentario-na-netflix-com-depoimento-forte-da-mae-assista-ao-trailer\/\"},\"author\":{\"name\":\"Reda\u00e7\u00e3o\",\"@id\":\"https:\/\/brasilnoticias.org\/site\/#\/schema\/person\/03bbbfe6c7634ad18c26444ea39049fa\"},\"headline\":\"Caso Isabella Nardoni ganha document\u00e1rio na Netflix com depoimento forte da m\u00e3e; assista ao trailer\",\"datePublished\":\"2023-08-01T20:00:39+00:00\",\"mainEntityOfPage\":{\"@id\":\"https:\/\/brasilnoticias.org\/site\/caso-isabella-nardoni-ganha-documentario-na-netflix-com-depoimento-forte-da-mae-assista-ao-trailer\/\"},\"wordCount\":278,\"commentCount\":0,\"publisher\":{\"@id\":\"https:\/\/brasilnoticias.org\/site\/#organization\"},\"image\":{\"@id\":\"https:\/\/brasilnoticias.org\/site\/caso-isabella-nardoni-ganha-documentario-na-netflix-com-depoimento-forte-da-mae-assista-ao-trailer\/#primaryimage\"},\"thumbnailUrl\":\"https:\/\/brasilnoticias.org\/site\/wp-content\/uploads\/2023\/08\/isabella-o-caso-nardoni-netflix-1024x57-1.webp\",\"articleSection\":[\"Entretenimento\",\"\u00daltimas\"],\"inLanguage\":\"pt-PT\",\"potentialAction\":[{\"@type\":\"CommentAction\",\"name\":\"Comment\",\"target\":[\"https:\/\/brasilnoticias.org\/site\/caso-isabella-nardoni-ganha-documentario-na-netflix-com-depoimento-forte-da-mae-assista-ao-trailer\/#respond\"]}]},{\"@type\":\"WebPage\",\"@id\":\"https:\/\/brasilnoticias.org\/site\/caso-isabella-nardoni-ganha-documentario-na-netflix-com-depoimento-forte-da-mae-assista-ao-trailer\/\",\"url\":\"https:\/\/brasilnoticias.org\/site\/caso-isabella-nardoni-ganha-documentario-na-netflix-com-depoimento-forte-da-mae-assista-ao-trailer\/\",\"name\":\"Caso Isabella Nardoni ganha document\u00e1rio na Netflix com depoimento forte da m\u00e3e; assista ao trailer - Brasil not\u00edcias\",\"isPartOf\":{\"@id\":\"https:\/\/brasilnoticias.org\/site\/#website\"},\"primaryImageOfPage\":{\"@id\":\"https:\/\/brasilnoticias.org\/site\/caso-isabella-nardoni-ganha-documentario-na-netflix-com-depoimento-forte-da-mae-assista-ao-trailer\/#primaryimage\"},\"image\":{\"@id\":\"https:\/\/brasilnoticias.org\/site\/caso-isabella-nardoni-ganha-documentario-na-netflix-com-depoimento-forte-da-mae-assista-ao-trailer\/#primaryimage\"},\"thumbnailUrl\":\"https:\/\/brasilnoticias.org\/site\/wp-content\/uploads\/2023\/08\/isabella-o-caso-nardoni-netflix-1024x57-1.webp\",\"datePublished\":\"2023-08-01T20:00:39+00:00\",\"breadcrumb\":{\"@id\":\"https:\/\/brasilnoticias.org\/site\/caso-isabella-nardoni-ganha-documentario-na-netflix-com-depoimento-forte-da-mae-assista-ao-trailer\/#breadcrumb\"},\"inLanguage\":\"pt-PT\",\"potentialAction\":[{\"@type\":\"ReadAction\",\"target\":[\"https:\/\/brasilnoticias.org\/site\/caso-isabella-nardoni-ganha-documentario-na-netflix-com-depoimento-forte-da-mae-assista-ao-trailer\/\"]}]},{\"@type\":\"ImageObject\",\"inLanguage\":\"pt-PT\",\"@id\":\"https:\/\/brasilnoticias.org\/site\/caso-isabella-nardoni-ganha-documentario-na-netflix-com-depoimento-forte-da-mae-assista-ao-trailer\/#primaryimage\",\"url\":\"https:\/\/brasilnoticias.org\/site\/wp-content\/uploads\/2023\/08\/isabella-o-caso-nardoni-netflix-1024x57-1.webp\",\"contentUrl\":\"https:\/\/brasilnoticias.org\/site\/wp-content\/uploads\/2023\/08\/isabella-o-caso-nardoni-netflix-1024x57-1.webp\",\"width\":904,\"height\":508},{\"@type\":\"BreadcrumbList\",\"@id\":\"https:\/\/brasilnoticias.org\/site\/caso-isabella-nardoni-ganha-documentario-na-netflix-com-depoimento-forte-da-mae-assista-ao-trailer\/#breadcrumb\",\"itemListElement\":[{\"@type\":\"ListItem\",\"position\":1,\"name\":\"In\u00edcio\",\"item\":\"https:\/\/brasilnoticias.org\/site\/\"},{\"@type\":\"ListItem\",\"position\":2,\"name\":\"Caso Isabella Nardoni ganha document\u00e1rio na Netflix com depoimento forte da m\u00e3e; assista ao trailer\"}]},{\"@type\":\"WebSite\",\"@id\":\"https:\/\/brasilnoticias.org\/site\/#website\",\"url\":\"https:\/\/brasilnoticias.org\/site\/\",\"name\":\"Brasil not\u00edcias\",\"description\":\"Brasil not\u00edcias\",\"publisher\":{\"@id\":\"https:\/\/brasilnoticias.org\/site\/#organization\"},\"potentialAction\":[{\"@type\":\"SearchAction\",\"target\":{\"@type\":\"EntryPoint\",\"urlTemplate\":\"https:\/\/brasilnoticias.org\/site\/?s={search_term_string}\"},\"query-input\":{\"@type\":\"PropertyValueSpecification\",\"valueRequired\":true,\"valueName\":\"search_term_string\"}}],\"inLanguage\":\"pt-PT\"},{\"@type\":\"Organization\",\"@id\":\"https:\/\/brasilnoticias.org\/site\/#organization\",\"name\":\"Brasil not\u00edcias\",\"url\":\"https:\/\/brasilnoticias.org\/site\/\",\"logo\":{\"@type\":\"ImageObject\",\"inLanguage\":\"pt-PT\",\"@id\":\"https:\/\/brasilnoticias.org\/site\/#\/schema\/logo\/image\/\",\"url\":\"https:\/\/brasilnoticias.org\/site\/wp-content\/uploads\/2022\/05\/cropped-brasilnoticias-mini.jpg\",\"contentUrl\":\"https:\/\/brasilnoticias.org\/site\/wp-content\/uploads\/2022\/05\/cropped-brasilnoticias-mini.jpg\",\"width\":314,\"height\":86,\"caption\":\"Brasil not\u00edcias\"},\"image\":{\"@id\":\"https:\/\/brasilnoticias.org\/site\/#\/schema\/logo\/image\/\"}},{\"@type\":\"Person\",\"@id\":\"https:\/\/brasilnoticias.org\/site\/#\/schema\/person\/03bbbfe6c7634ad18c26444ea39049fa\",\"name\":\"Reda\u00e7\u00e3o\",\"image\":{\"@type\":\"ImageObject\",\"inLanguage\":\"pt-PT\",\"@id\":\"https:\/\/brasilnoticias.org\/site\/#\/schema\/person\/image\/\",\"url\":\"https:\/\/secure.gravatar.com\/avatar\/9ecaf7327a696cb23ad926fedded5f1f04d7049de9e445375d55b48c001a6e42?s=96&d=mm&r=g\",\"contentUrl\":\"https:\/\/secure.gravatar.com\/avatar\/9ecaf7327a696cb23ad926fedded5f1f04d7049de9e445375d55b48c001a6e42?s=96&d=mm&r=g\",\"caption\":\"Reda\u00e7\u00e3o\"},\"url\":\"https:\/\/brasilnoticias.org\/site\/author\/henrique\/\"}]}<\/script>\n<!-- \/ Yoast SEO plugin. -->","yoast_head_json":{"title":"Caso Isabella Nardoni ganha document\u00e1rio na Netflix com depoimento forte da m\u00e3e; assista ao trailer - Brasil not\u00edcias","robots":{"index":"index","follow":"follow","max-snippet":"max-snippet:-1","max-image-preview":"max-image-preview:large","max-video-preview":"max-video-preview:-1"},"canonical":"https:\/\/brasilnoticias.org\/site\/caso-isabella-nardoni-ganha-documentario-na-netflix-com-depoimento-forte-da-mae-assista-ao-trailer\/","og_locale":"pt_PT","og_type":"article","og_title":"Caso Isabella Nardoni ganha document\u00e1rio na Netflix com depoimento forte da m\u00e3e; assista ao trailer - Brasil not\u00edcias","og_description":"Filme documental estreia em 17 de agosto na Netflix Isabella: O Caso Nardoni \u00e9 o novo document\u00e1rio da Netflix A","og_url":"https:\/\/brasilnoticias.org\/site\/caso-isabella-nardoni-ganha-documentario-na-netflix-com-depoimento-forte-da-mae-assista-ao-trailer\/","og_site_name":"Brasil not\u00edcias","article_published_time":"2023-08-01T20:00:39+00:00","og_image":[{"width":904,"height":508,"url":"https:\/\/brasilnoticias.org\/site\/wp-content\/uploads\/2023\/08\/isabella-o-caso-nardoni-netflix-1024x57-1.webp","type":"image\/webp"}],"author":"Reda\u00e7\u00e3o","twitter_card":"summary_large_image","twitter_misc":{"Escrito por":"Reda\u00e7\u00e3o"},"schema":{"@context":"https:\/\/schema.org","@graph":[{"@type":"Article","@id":"https:\/\/brasilnoticias.org\/site\/caso-isabella-nardoni-ganha-documentario-na-netflix-com-depoimento-forte-da-mae-assista-ao-trailer\/#article","isPartOf":{"@id":"https:\/\/brasilnoticias.org\/site\/caso-isabella-nardoni-ganha-documentario-na-netflix-com-depoimento-forte-da-mae-assista-ao-trailer\/"},"author":{"name":"Reda\u00e7\u00e3o","@id":"https:\/\/brasilnoticias.org\/site\/#\/schema\/person\/03bbbfe6c7634ad18c26444ea39049fa"},"headline":"Caso Isabella Nardoni ganha document\u00e1rio na Netflix com depoimento forte da m\u00e3e; assista ao trailer","datePublished":"2023-08-01T20:00:39+00:00","mainEntityOfPage":{"@id":"https:\/\/brasilnoticias.org\/site\/caso-isabella-nardoni-ganha-documentario-na-netflix-com-depoimento-forte-da-mae-assista-ao-trailer\/"},"wordCount":278,"commentCount":0,"publisher":{"@id":"https:\/\/brasilnoticias.org\/site\/#organization"},"image":{"@id":"https:\/\/brasilnoticias.org\/site\/caso-isabella-nardoni-ganha-documentario-na-netflix-com-depoimento-forte-da-mae-assista-ao-trailer\/#primaryimage"},"thumbnailUrl":"https:\/\/brasilnoticias.org\/site\/wp-content\/uploads\/2023\/08\/isabella-o-caso-nardoni-netflix-1024x57-1.webp","articleSection":["Entretenimento","\u00daltimas"],"inLanguage":"pt-PT","potentialAction":[{"@type":"CommentAction","name":"Comment","target":["https:\/\/brasilnoticias.org\/site\/caso-isabella-nardoni-ganha-documentario-na-netflix-com-depoimento-forte-da-mae-assista-ao-trailer\/#respond"]}]},{"@type":"WebPage","@id":"https:\/\/brasilnoticias.org\/site\/caso-isabella-nardoni-ganha-documentario-na-netflix-com-depoimento-forte-da-mae-assista-ao-trailer\/","url":"https:\/\/brasilnoticias.org\/site\/caso-isabella-nardoni-ganha-documentario-na-netflix-com-depoimento-forte-da-mae-assista-ao-trailer\/","name":"Caso Isabella Nardoni ganha document\u00e1rio na Netflix com depoimento forte da m\u00e3e; assista ao trailer - Brasil not\u00edcias","isPartOf":{"@id":"https:\/\/brasilnoticias.org\/site\/#website"},"primaryImageOfPage":{"@id":"https:\/\/brasilnoticias.org\/site\/caso-isabella-nardoni-ganha-documentario-na-netflix-com-depoimento-forte-da-mae-assista-ao-trailer\/#primaryimage"},"image":{"@id":"https:\/\/brasilnoticias.org\/site\/caso-isabella-nardoni-ganha-documentario-na-netflix-com-depoimento-forte-da-mae-assista-ao-trailer\/#primaryimage"},"thumbnailUrl":"https:\/\/brasilnoticias.org\/site\/wp-content\/uploads\/2023\/08\/isabella-o-caso-nardoni-netflix-1024x57-1.webp","datePublished":"2023-08-01T20:00:39+00:00","breadcrumb":{"@id":"https:\/\/brasilnoticias.org\/site\/caso-isabella-nardoni-ganha-documentario-na-netflix-com-depoimento-forte-da-mae-assista-ao-trailer\/#breadcrumb"},"inLanguage":"pt-PT","potentialAction":[{"@type":"ReadAction","target":["https:\/\/brasilnoticias.org\/site\/caso-isabella-nardoni-ganha-documentario-na-netflix-com-depoimento-forte-da-mae-assista-ao-trailer\/"]}]},{"@type":"ImageObject","inLanguage":"pt-PT","@id":"https:\/\/brasilnoticias.org\/site\/caso-isabella-nardoni-ganha-documentario-na-netflix-com-depoimento-forte-da-mae-assista-ao-trailer\/#primaryimage","url":"https:\/\/brasilnoticias.org\/site\/wp-content\/uploads\/2023\/08\/isabella-o-caso-nardoni-netflix-1024x57-1.webp","contentUrl":"https:\/\/brasilnoticias.org\/site\/wp-content\/uploads\/2023\/08\/isabella-o-caso-nardoni-netflix-1024x57-1.webp","width":904,"height":508},{"@type":"BreadcrumbList","@id":"https:\/\/brasilnoticias.org\/site\/caso-isabella-nardoni-ganha-documentario-na-netflix-com-depoimento-forte-da-mae-assista-ao-trailer\/#breadcrumb","itemListElement":[{"@type":"ListItem","position":1,"name":"In\u00edcio","item":"https:\/\/brasilnoticias.org\/site\/"},{"@type":"ListItem","position":2,"name":"Caso Isabella Nardoni ganha document\u00e1rio na Netflix com depoimento forte da m\u00e3e; assista ao trailer"}]},{"@type":"WebSite","@id":"https:\/\/brasilnoticias.org\/site\/#website","url":"https:\/\/brasilnoticias.org\/site\/","name":"Brasil not\u00edcias","description":"Brasil not\u00edcias","publisher":{"@id":"https:\/\/brasilnoticias.org\/site\/#organization"},"potentialAction":[{"@type":"SearchAction","target":{"@type":"EntryPoint","urlTemplate":"https:\/\/brasilnoticias.org\/site\/?s={search_term_string}"},"query-input":{"@type":"PropertyValueSpecification","valueRequired":true,"valueName":"search_term_string"}}],"inLanguage":"pt-PT"},{"@type":"Organization","@id":"https:\/\/brasilnoticias.org\/site\/#organization","name":"Brasil not\u00edcias","url":"https:\/\/brasilnoticias.org\/site\/","logo":{"@type":"ImageObject","inLanguage":"pt-PT","@id":"https:\/\/brasilnoticias.org\/site\/#\/schema\/logo\/image\/","url":"https:\/\/brasilnoticias.org\/site\/wp-content\/uploads\/2022\/05\/cropped-brasilnoticias-mini.jpg","contentUrl":"https:\/\/brasilnoticias.org\/site\/wp-content\/uploads\/2022\/05\/cropped-brasilnoticias-mini.jpg","width":314,"height":86,"caption":"Brasil not\u00edcias"},"image":{"@id":"https:\/\/brasilnoticias.org\/site\/#\/schema\/logo\/image\/"}},{"@type":"Person","@id":"https:\/\/brasilnoticias.org\/site\/#\/schema\/person\/03bbbfe6c7634ad18c26444ea39049fa","name":"Reda\u00e7\u00e3o","image":{"@type":"ImageObject","inLanguage":"pt-PT","@id":"https:\/\/brasilnoticias.org\/site\/#\/schema\/person\/image\/","url":"https:\/\/secure.gravatar.com\/avatar\/9ecaf7327a696cb23ad926fedded5f1f04d7049de9e445375d55b48c001a6e42?s=96&d=mm&r=g","contentUrl":"https:\/\/secure.gravatar.com\/avatar\/9ecaf7327a696cb23ad926fedded5f1f04d7049de9e445375d55b48c001a6e42?s=96&d=mm&r=g","caption":"Reda\u00e7\u00e3o"},"url":"https:\/\/brasilnoticias.org\/site\/author\/henrique\/"}]}},"_links":{"self":[{"href":"https:\/\/brasilnoticias.org\/site\/wp-json\/wp\/v2\/posts\/7787","targetHints":{"allow":["GET"]}}],"collection":[{"href":"https:\/\/brasilnoticias.org\/site\/wp-json\/wp\/v2\/posts"}],"about":[{"href":"https:\/\/brasilnoticias.org\/site\/wp-json\/wp\/v2\/types\/post"}],"author":[{"embeddable":true,"href":"https:\/\/brasilnoticias.org\/site\/wp-json\/wp\/v2\/users\/4"}],"replies":[{"embeddable":true,"href":"https:\/\/brasilnoticias.org\/site\/wp-json\/wp\/v2\/comments?post=7787"}],"version-history":[{"count":1,"href":"https:\/\/brasilnoticias.org\/site\/wp-json\/wp\/v2\/posts\/7787\/revisions"}],"predecessor-version":[{"id":7789,"href":"https:\/\/brasilnoticias.org\/site\/wp-json\/wp\/v2\/posts\/7787\/revisions\/7789"}],"wp:featuredmedia":[{"embeddable":true,"href":"https:\/\/brasilnoticias.org\/site\/wp-json\/wp\/v2\/media\/7788"}],"wp:attachment":[{"href":"https:\/\/brasilnoticias.org\/site\/wp-json\/wp\/v2\/media?parent=7787"}],"wp:term":[{"taxonomy":"category","embeddable":true,"href":"https:\/\/brasilnoticias.org\/site\/wp-json\/wp\/v2\/categories?post=7787"},{"taxonomy":"post_tag","embeddable":true,"href":"https:\/\/brasilnoticias.org\/site\/wp-json\/wp\/v2\/tags?post=7787"}],"curies":[{"name":"wp","href":"https:\/\/api.w.org\/{rel}","templated":true}]}}