{"id":7812,"date":"2023-08-02T14:00:45","date_gmt":"2023-08-02T17:00:45","guid":{"rendered":"https:\/\/brasilnoticias.org\/site\/?p=7812"},"modified":"2023-08-02T09:55:46","modified_gmt":"2023-08-02T12:55:46","slug":"superlua-brilha-nos-ceus-do-brasil-e-outras-partes-do-mundo-veja-imagens","status":"publish","type":"post","link":"https:\/\/brasilnoticias.org\/site\/superlua-brilha-nos-ceus-do-brasil-e-outras-partes-do-mundo-veja-imagens\/","title":{"rendered":"Superlua brilha nos c\u00e9us do Brasil e outras partes do mundo; veja imagens"},"content":{"rendered":"<p>A superlua j\u00e1 pode ser vista no c\u00e9u na noite desta ter\u00e7a-feira (1\u00ba) no Brasil e em algumas partes do mundo. A \u201clua do esturj\u00e3o\u201d \u00e9 primeira das duas superluas que ganhar\u00e3o o c\u00e9u neste m\u00eas de agosto, segundo o Observat\u00f3rio Nacional do Minist\u00e9rio da Ci\u00eancia, Tecnologia e Inova\u00e7\u00e3o.<\/p>\n<p>As superluas ocorrem quando a Lua est\u00e1 a 90% do perigeu \u2014 que \u00e9 a sua maior aproxima\u00e7\u00e3o da Terra. Desta forma, o sat\u00e9lite natural parecer\u00e1 maior e mais brilhante no c\u00e9u.<\/p>\n<p>Elas geralmente parecem mais brilhantes e maiores do que outras luas cheias por causa de sua proximidade, embora nem sempre sejam percept\u00edveis a olho nu.<\/p>\n<p>As superluas recebem esse nome, segundo o Centro Espacial Nacional do Reino Unido, porque ficam at\u00e9 30% mais brilhantes e parecer cerca de 14% maior do que as luas cheias que ocorrem no ponto mais distante da Terra.<\/p>\n<p>A lua cheia desta semana tamb\u00e9m \u00e9 chamada de \u201clua do esturj\u00e3o\u201d porque ocorre na \u00e9poca do ano em que, historicamente, as popula\u00e7\u00f5es ind\u00edgenas dos Estados Unidos descobriram que os grandes peixes de \u00e1gua doce eram facilmente capturados nos Grandes Lagos.<\/p>\n<p>O Observat\u00f3rio Nacional afirma que o fen\u00f4meno, que pode ser uma lua cheia ou nova, ocorre de uma a seis vezes por ano. No entanto, em alguns casos, a dist\u00e2ncia Terra-Lua \u00e9 menor do que em outros. Isso ocorre porque a \u00f3rbita da lua n\u00e3o \u00e9 circular, mas sim el\u00edptica. Em m\u00e9dia, a dist\u00e2ncia entre a Terra e a Lua \u00e9 de cerca de 382.900 quil\u00f4metros.<\/p>\n<p>A superlua desta ter\u00e7a-feira estar\u00e1 a 357.530 quil\u00f4metros de dist\u00e2ncia da Terra, segundo dados da \u201cAssocited Press\u201d.<\/p>\n<p>Segundo Josina Nascimento, astr\u00f4noma do Observat\u00f3rio Nacional, no dia 14 de novembro de 2016, ocorreu a superlua mais pr\u00f3xima da Terra desde 26 de janeiro de 1948. Naquela data, a Lua estava 356.509 quil\u00f4metros de dist\u00e2ncia do nosso planeta.<\/p>\n<p>Segundo ela, a pr\u00f3xima vez que uma lua cheia vai chegar ainda mais perto da Terra ser\u00e1 em 25 de novembro de 2034.<\/p>\n<p>\u201cOs observadores poder\u00e3o notar uma lua mais brilhante do que outras luas. O fen\u00f4meno poder\u00e1 ser visto em todas as regi\u00f5es do planeta, basta que o tempo esteja favor\u00e1vel\u201d, afirma Josina Nascimento.<\/p>\n<p>A segunda superlua de agosto acontecer\u00e1 no dia 30. Segundo o  \u201cTimeandate\u201d, a lua estar\u00e1 completamente cheia e vis\u00edvel a partir das 22h35, hor\u00e1rio de Bras\u00edlia. Ela ser\u00e1 uma \u201csuperlua azul\u201d, por ser a segunda lua cheia do m\u00eas.<\/p>\n<p>Foto: F\u00e1bio Barbosa\/Ag\u00eancia Estado<br \/>\nFonte: CNN<\/p>\n","protected":false},"excerpt":{"rendered":"<p>A superlua j\u00e1 pode ser vista no c\u00e9u na noite desta ter\u00e7a-feira (1\u00ba) no Brasil e em algumas partes do<\/p>\n","protected":false},"author":4,"featured_media":7813,"comment_status":"open","ping_status":"open","sticky":false,"template":"","format":"standard","meta":{"colormag_page_container_layout":"default_layout","colormag_page_sidebar_layout":"default_layout","_FSMCFIC_featured_image_caption":"","_FSMCFIC_featured_image_nocaption":"","_FSMCFIC_featured_image_hide":"","footnotes":""},"categories":[6,1],"tags":[],"class_list":["post-7812","post","type-post","status-publish","format-standard","has-post-thumbnail","hentry","category-mundo","category-ultimas"],"yoast_head":"<!-- This site is optimized with the Yoast SEO plugin v27.1.1 - https:\/\/yoast.com\/product\/yoast-seo-wordpress\/ -->\n<title>Superlua brilha nos c\u00e9us do Brasil e outras partes do mundo; veja imagens - Brasil not\u00edcias<\/title>\n<meta name=\"robots\" content=\"index, follow, max-snippet:-1, max-image-preview:large, max-video-preview:-1\" \/>\n<link rel=\"canonical\" href=\"https:\/\/brasilnoticias.org\/site\/superlua-brilha-nos-ceus-do-brasil-e-outras-partes-do-mundo-veja-imagens\/\" \/>\n<meta property=\"og:locale\" content=\"pt_PT\" \/>\n<meta property=\"og:type\" content=\"article\" \/>\n<meta property=\"og:title\" content=\"Superlua brilha nos c\u00e9us do Brasil e outras partes do mundo; veja imagens - Brasil not\u00edcias\" \/>\n<meta property=\"og:description\" content=\"A superlua j\u00e1 pode ser vista no c\u00e9u na noite desta ter\u00e7a-feira (1\u00ba) no Brasil e em algumas partes do\" \/>\n<meta property=\"og:url\" content=\"https:\/\/brasilnoticias.org\/site\/superlua-brilha-nos-ceus-do-brasil-e-outras-partes-do-mundo-veja-imagens\/\" \/>\n<meta property=\"og:site_name\" content=\"Brasil not\u00edcias\" \/>\n<meta property=\"article:published_time\" content=\"2023-08-02T17:00:45+00:00\" \/>\n<meta property=\"og:image\" content=\"https:\/\/brasilnoticias.org\/site\/wp-content\/uploads\/2023\/08\/AF820230801003.webp\" \/>\n\t<meta property=\"og:image:width\" content=\"732\" \/>\n\t<meta property=\"og:image:height\" content=\"412\" \/>\n\t<meta property=\"og:image:type\" content=\"image\/webp\" \/>\n<meta name=\"author\" content=\"Reda\u00e7\u00e3o\" \/>\n<meta name=\"twitter:card\" content=\"summary_large_image\" \/>\n<meta name=\"twitter:label1\" content=\"Escrito por\" \/>\n\t<meta name=\"twitter:data1\" content=\"Reda\u00e7\u00e3o\" \/>\n\t<meta name=\"twitter:label2\" content=\"Tempo estimado de leitura\" \/>\n\t<meta name=\"twitter:data2\" content=\"3 minutos\" \/>\n<script type=\"application\/ld+json\" class=\"yoast-schema-graph\">{\"@context\":\"https:\/\/schema.org\",\"@graph\":[{\"@type\":\"Article\",\"@id\":\"https:\/\/brasilnoticias.org\/site\/superlua-brilha-nos-ceus-do-brasil-e-outras-partes-do-mundo-veja-imagens\/#article\",\"isPartOf\":{\"@id\":\"https:\/\/brasilnoticias.org\/site\/superlua-brilha-nos-ceus-do-brasil-e-outras-partes-do-mundo-veja-imagens\/\"},\"author\":{\"name\":\"Reda\u00e7\u00e3o\",\"@id\":\"https:\/\/brasilnoticias.org\/site\/#\/schema\/person\/03bbbfe6c7634ad18c26444ea39049fa\"},\"headline\":\"Superlua brilha nos c\u00e9us do Brasil e outras partes do mundo; veja imagens\",\"datePublished\":\"2023-08-02T17:00:45+00:00\",\"mainEntityOfPage\":{\"@id\":\"https:\/\/brasilnoticias.org\/site\/superlua-brilha-nos-ceus-do-brasil-e-outras-partes-do-mundo-veja-imagens\/\"},\"wordCount\":446,\"commentCount\":0,\"publisher\":{\"@id\":\"https:\/\/brasilnoticias.org\/site\/#organization\"},\"image\":{\"@id\":\"https:\/\/brasilnoticias.org\/site\/superlua-brilha-nos-ceus-do-brasil-e-outras-partes-do-mundo-veja-imagens\/#primaryimage\"},\"thumbnailUrl\":\"https:\/\/brasilnoticias.org\/site\/wp-content\/uploads\/2023\/08\/AF820230801003.webp\",\"articleSection\":[\"Mundo\",\"\u00daltimas\"],\"inLanguage\":\"pt-PT\",\"potentialAction\":[{\"@type\":\"CommentAction\",\"name\":\"Comment\",\"target\":[\"https:\/\/brasilnoticias.org\/site\/superlua-brilha-nos-ceus-do-brasil-e-outras-partes-do-mundo-veja-imagens\/#respond\"]}]},{\"@type\":\"WebPage\",\"@id\":\"https:\/\/brasilnoticias.org\/site\/superlua-brilha-nos-ceus-do-brasil-e-outras-partes-do-mundo-veja-imagens\/\",\"url\":\"https:\/\/brasilnoticias.org\/site\/superlua-brilha-nos-ceus-do-brasil-e-outras-partes-do-mundo-veja-imagens\/\",\"name\":\"Superlua brilha nos c\u00e9us do Brasil e outras partes do mundo; veja imagens - Brasil not\u00edcias\",\"isPartOf\":{\"@id\":\"https:\/\/brasilnoticias.org\/site\/#website\"},\"primaryImageOfPage\":{\"@id\":\"https:\/\/brasilnoticias.org\/site\/superlua-brilha-nos-ceus-do-brasil-e-outras-partes-do-mundo-veja-imagens\/#primaryimage\"},\"image\":{\"@id\":\"https:\/\/brasilnoticias.org\/site\/superlua-brilha-nos-ceus-do-brasil-e-outras-partes-do-mundo-veja-imagens\/#primaryimage\"},\"thumbnailUrl\":\"https:\/\/brasilnoticias.org\/site\/wp-content\/uploads\/2023\/08\/AF820230801003.webp\",\"datePublished\":\"2023-08-02T17:00:45+00:00\",\"breadcrumb\":{\"@id\":\"https:\/\/brasilnoticias.org\/site\/superlua-brilha-nos-ceus-do-brasil-e-outras-partes-do-mundo-veja-imagens\/#breadcrumb\"},\"inLanguage\":\"pt-PT\",\"potentialAction\":[{\"@type\":\"ReadAction\",\"target\":[\"https:\/\/brasilnoticias.org\/site\/superlua-brilha-nos-ceus-do-brasil-e-outras-partes-do-mundo-veja-imagens\/\"]}]},{\"@type\":\"ImageObject\",\"inLanguage\":\"pt-PT\",\"@id\":\"https:\/\/brasilnoticias.org\/site\/superlua-brilha-nos-ceus-do-brasil-e-outras-partes-do-mundo-veja-imagens\/#primaryimage\",\"url\":\"https:\/\/brasilnoticias.org\/site\/wp-content\/uploads\/2023\/08\/AF820230801003.webp\",\"contentUrl\":\"https:\/\/brasilnoticias.org\/site\/wp-content\/uploads\/2023\/08\/AF820230801003.webp\",\"width\":732,\"height\":412},{\"@type\":\"BreadcrumbList\",\"@id\":\"https:\/\/brasilnoticias.org\/site\/superlua-brilha-nos-ceus-do-brasil-e-outras-partes-do-mundo-veja-imagens\/#breadcrumb\",\"itemListElement\":[{\"@type\":\"ListItem\",\"position\":1,\"name\":\"In\u00edcio\",\"item\":\"https:\/\/brasilnoticias.org\/site\/\"},{\"@type\":\"ListItem\",\"position\":2,\"name\":\"Superlua brilha nos c\u00e9us do Brasil e outras partes do mundo; veja imagens\"}]},{\"@type\":\"WebSite\",\"@id\":\"https:\/\/brasilnoticias.org\/site\/#website\",\"url\":\"https:\/\/brasilnoticias.org\/site\/\",\"name\":\"Brasil not\u00edcias\",\"description\":\"Brasil not\u00edcias\",\"publisher\":{\"@id\":\"https:\/\/brasilnoticias.org\/site\/#organization\"},\"potentialAction\":[{\"@type\":\"SearchAction\",\"target\":{\"@type\":\"EntryPoint\",\"urlTemplate\":\"https:\/\/brasilnoticias.org\/site\/?s={search_term_string}\"},\"query-input\":{\"@type\":\"PropertyValueSpecification\",\"valueRequired\":true,\"valueName\":\"search_term_string\"}}],\"inLanguage\":\"pt-PT\"},{\"@type\":\"Organization\",\"@id\":\"https:\/\/brasilnoticias.org\/site\/#organization\",\"name\":\"Brasil not\u00edcias\",\"url\":\"https:\/\/brasilnoticias.org\/site\/\",\"logo\":{\"@type\":\"ImageObject\",\"inLanguage\":\"pt-PT\",\"@id\":\"https:\/\/brasilnoticias.org\/site\/#\/schema\/logo\/image\/\",\"url\":\"https:\/\/brasilnoticias.org\/site\/wp-content\/uploads\/2022\/05\/cropped-brasilnoticias-mini.jpg\",\"contentUrl\":\"https:\/\/brasilnoticias.org\/site\/wp-content\/uploads\/2022\/05\/cropped-brasilnoticias-mini.jpg\",\"width\":314,\"height\":86,\"caption\":\"Brasil not\u00edcias\"},\"image\":{\"@id\":\"https:\/\/brasilnoticias.org\/site\/#\/schema\/logo\/image\/\"}},{\"@type\":\"Person\",\"@id\":\"https:\/\/brasilnoticias.org\/site\/#\/schema\/person\/03bbbfe6c7634ad18c26444ea39049fa\",\"name\":\"Reda\u00e7\u00e3o\",\"image\":{\"@type\":\"ImageObject\",\"inLanguage\":\"pt-PT\",\"@id\":\"https:\/\/brasilnoticias.org\/site\/#\/schema\/person\/image\/\",\"url\":\"https:\/\/secure.gravatar.com\/avatar\/9ecaf7327a696cb23ad926fedded5f1f04d7049de9e445375d55b48c001a6e42?s=96&d=mm&r=g\",\"contentUrl\":\"https:\/\/secure.gravatar.com\/avatar\/9ecaf7327a696cb23ad926fedded5f1f04d7049de9e445375d55b48c001a6e42?s=96&d=mm&r=g\",\"caption\":\"Reda\u00e7\u00e3o\"},\"url\":\"https:\/\/brasilnoticias.org\/site\/author\/henrique\/\"}]}<\/script>\n<!-- \/ Yoast SEO plugin. -->","yoast_head_json":{"title":"Superlua brilha nos c\u00e9us do Brasil e outras partes do mundo; veja imagens - Brasil not\u00edcias","robots":{"index":"index","follow":"follow","max-snippet":"max-snippet:-1","max-image-preview":"max-image-preview:large","max-video-preview":"max-video-preview:-1"},"canonical":"https:\/\/brasilnoticias.org\/site\/superlua-brilha-nos-ceus-do-brasil-e-outras-partes-do-mundo-veja-imagens\/","og_locale":"pt_PT","og_type":"article","og_title":"Superlua brilha nos c\u00e9us do Brasil e outras partes do mundo; veja imagens - Brasil not\u00edcias","og_description":"A superlua j\u00e1 pode ser vista no c\u00e9u na noite desta ter\u00e7a-feira (1\u00ba) no Brasil e em algumas partes do","og_url":"https:\/\/brasilnoticias.org\/site\/superlua-brilha-nos-ceus-do-brasil-e-outras-partes-do-mundo-veja-imagens\/","og_site_name":"Brasil not\u00edcias","article_published_time":"2023-08-02T17:00:45+00:00","og_image":[{"width":732,"height":412,"url":"https:\/\/brasilnoticias.org\/site\/wp-content\/uploads\/2023\/08\/AF820230801003.webp","type":"image\/webp"}],"author":"Reda\u00e7\u00e3o","twitter_card":"summary_large_image","twitter_misc":{"Escrito por":"Reda\u00e7\u00e3o","Tempo estimado de leitura":"3 minutos"},"schema":{"@context":"https:\/\/schema.org","@graph":[{"@type":"Article","@id":"https:\/\/brasilnoticias.org\/site\/superlua-brilha-nos-ceus-do-brasil-e-outras-partes-do-mundo-veja-imagens\/#article","isPartOf":{"@id":"https:\/\/brasilnoticias.org\/site\/superlua-brilha-nos-ceus-do-brasil-e-outras-partes-do-mundo-veja-imagens\/"},"author":{"name":"Reda\u00e7\u00e3o","@id":"https:\/\/brasilnoticias.org\/site\/#\/schema\/person\/03bbbfe6c7634ad18c26444ea39049fa"},"headline":"Superlua brilha nos c\u00e9us do Brasil e outras partes do mundo; veja imagens","datePublished":"2023-08-02T17:00:45+00:00","mainEntityOfPage":{"@id":"https:\/\/brasilnoticias.org\/site\/superlua-brilha-nos-ceus-do-brasil-e-outras-partes-do-mundo-veja-imagens\/"},"wordCount":446,"commentCount":0,"publisher":{"@id":"https:\/\/brasilnoticias.org\/site\/#organization"},"image":{"@id":"https:\/\/brasilnoticias.org\/site\/superlua-brilha-nos-ceus-do-brasil-e-outras-partes-do-mundo-veja-imagens\/#primaryimage"},"thumbnailUrl":"https:\/\/brasilnoticias.org\/site\/wp-content\/uploads\/2023\/08\/AF820230801003.webp","articleSection":["Mundo","\u00daltimas"],"inLanguage":"pt-PT","potentialAction":[{"@type":"CommentAction","name":"Comment","target":["https:\/\/brasilnoticias.org\/site\/superlua-brilha-nos-ceus-do-brasil-e-outras-partes-do-mundo-veja-imagens\/#respond"]}]},{"@type":"WebPage","@id":"https:\/\/brasilnoticias.org\/site\/superlua-brilha-nos-ceus-do-brasil-e-outras-partes-do-mundo-veja-imagens\/","url":"https:\/\/brasilnoticias.org\/site\/superlua-brilha-nos-ceus-do-brasil-e-outras-partes-do-mundo-veja-imagens\/","name":"Superlua brilha nos c\u00e9us do Brasil e outras partes do mundo; veja imagens - Brasil not\u00edcias","isPartOf":{"@id":"https:\/\/brasilnoticias.org\/site\/#website"},"primaryImageOfPage":{"@id":"https:\/\/brasilnoticias.org\/site\/superlua-brilha-nos-ceus-do-brasil-e-outras-partes-do-mundo-veja-imagens\/#primaryimage"},"image":{"@id":"https:\/\/brasilnoticias.org\/site\/superlua-brilha-nos-ceus-do-brasil-e-outras-partes-do-mundo-veja-imagens\/#primaryimage"},"thumbnailUrl":"https:\/\/brasilnoticias.org\/site\/wp-content\/uploads\/2023\/08\/AF820230801003.webp","datePublished":"2023-08-02T17:00:45+00:00","breadcrumb":{"@id":"https:\/\/brasilnoticias.org\/site\/superlua-brilha-nos-ceus-do-brasil-e-outras-partes-do-mundo-veja-imagens\/#breadcrumb"},"inLanguage":"pt-PT","potentialAction":[{"@type":"ReadAction","target":["https:\/\/brasilnoticias.org\/site\/superlua-brilha-nos-ceus-do-brasil-e-outras-partes-do-mundo-veja-imagens\/"]}]},{"@type":"ImageObject","inLanguage":"pt-PT","@id":"https:\/\/brasilnoticias.org\/site\/superlua-brilha-nos-ceus-do-brasil-e-outras-partes-do-mundo-veja-imagens\/#primaryimage","url":"https:\/\/brasilnoticias.org\/site\/wp-content\/uploads\/2023\/08\/AF820230801003.webp","contentUrl":"https:\/\/brasilnoticias.org\/site\/wp-content\/uploads\/2023\/08\/AF820230801003.webp","width":732,"height":412},{"@type":"BreadcrumbList","@id":"https:\/\/brasilnoticias.org\/site\/superlua-brilha-nos-ceus-do-brasil-e-outras-partes-do-mundo-veja-imagens\/#breadcrumb","itemListElement":[{"@type":"ListItem","position":1,"name":"In\u00edcio","item":"https:\/\/brasilnoticias.org\/site\/"},{"@type":"ListItem","position":2,"name":"Superlua brilha nos c\u00e9us do Brasil e outras partes do mundo; veja imagens"}]},{"@type":"WebSite","@id":"https:\/\/brasilnoticias.org\/site\/#website","url":"https:\/\/brasilnoticias.org\/site\/","name":"Brasil not\u00edcias","description":"Brasil not\u00edcias","publisher":{"@id":"https:\/\/brasilnoticias.org\/site\/#organization"},"potentialAction":[{"@type":"SearchAction","target":{"@type":"EntryPoint","urlTemplate":"https:\/\/brasilnoticias.org\/site\/?s={search_term_string}"},"query-input":{"@type":"PropertyValueSpecification","valueRequired":true,"valueName":"search_term_string"}}],"inLanguage":"pt-PT"},{"@type":"Organization","@id":"https:\/\/brasilnoticias.org\/site\/#organization","name":"Brasil not\u00edcias","url":"https:\/\/brasilnoticias.org\/site\/","logo":{"@type":"ImageObject","inLanguage":"pt-PT","@id":"https:\/\/brasilnoticias.org\/site\/#\/schema\/logo\/image\/","url":"https:\/\/brasilnoticias.org\/site\/wp-content\/uploads\/2022\/05\/cropped-brasilnoticias-mini.jpg","contentUrl":"https:\/\/brasilnoticias.org\/site\/wp-content\/uploads\/2022\/05\/cropped-brasilnoticias-mini.jpg","width":314,"height":86,"caption":"Brasil not\u00edcias"},"image":{"@id":"https:\/\/brasilnoticias.org\/site\/#\/schema\/logo\/image\/"}},{"@type":"Person","@id":"https:\/\/brasilnoticias.org\/site\/#\/schema\/person\/03bbbfe6c7634ad18c26444ea39049fa","name":"Reda\u00e7\u00e3o","image":{"@type":"ImageObject","inLanguage":"pt-PT","@id":"https:\/\/brasilnoticias.org\/site\/#\/schema\/person\/image\/","url":"https:\/\/secure.gravatar.com\/avatar\/9ecaf7327a696cb23ad926fedded5f1f04d7049de9e445375d55b48c001a6e42?s=96&d=mm&r=g","contentUrl":"https:\/\/secure.gravatar.com\/avatar\/9ecaf7327a696cb23ad926fedded5f1f04d7049de9e445375d55b48c001a6e42?s=96&d=mm&r=g","caption":"Reda\u00e7\u00e3o"},"url":"https:\/\/brasilnoticias.org\/site\/author\/henrique\/"}]}},"_links":{"self":[{"href":"https:\/\/brasilnoticias.org\/site\/wp-json\/wp\/v2\/posts\/7812","targetHints":{"allow":["GET"]}}],"collection":[{"href":"https:\/\/brasilnoticias.org\/site\/wp-json\/wp\/v2\/posts"}],"about":[{"href":"https:\/\/brasilnoticias.org\/site\/wp-json\/wp\/v2\/types\/post"}],"author":[{"embeddable":true,"href":"https:\/\/brasilnoticias.org\/site\/wp-json\/wp\/v2\/users\/4"}],"replies":[{"embeddable":true,"href":"https:\/\/brasilnoticias.org\/site\/wp-json\/wp\/v2\/comments?post=7812"}],"version-history":[{"count":1,"href":"https:\/\/brasilnoticias.org\/site\/wp-json\/wp\/v2\/posts\/7812\/revisions"}],"predecessor-version":[{"id":7814,"href":"https:\/\/brasilnoticias.org\/site\/wp-json\/wp\/v2\/posts\/7812\/revisions\/7814"}],"wp:featuredmedia":[{"embeddable":true,"href":"https:\/\/brasilnoticias.org\/site\/wp-json\/wp\/v2\/media\/7813"}],"wp:attachment":[{"href":"https:\/\/brasilnoticias.org\/site\/wp-json\/wp\/v2\/media?parent=7812"}],"wp:term":[{"taxonomy":"category","embeddable":true,"href":"https:\/\/brasilnoticias.org\/site\/wp-json\/wp\/v2\/categories?post=7812"},{"taxonomy":"post_tag","embeddable":true,"href":"https:\/\/brasilnoticias.org\/site\/wp-json\/wp\/v2\/tags?post=7812"}],"curies":[{"name":"wp","href":"https:\/\/api.w.org\/{rel}","templated":true}]}}