{"id":7818,"date":"2023-08-02T12:00:44","date_gmt":"2023-08-02T15:00:44","guid":{"rendered":"https:\/\/brasilnoticias.org\/site\/?p=7818"},"modified":"2023-08-01T20:38:42","modified_gmt":"2023-08-01T23:38:42","slug":"governo-do-estado-autoriza-convenio-para-obras-na-via-de-acesso-ao-centro-industrial-de-conceicao-do-almeida","status":"publish","type":"post","link":"https:\/\/brasilnoticias.org\/site\/governo-do-estado-autoriza-convenio-para-obras-na-via-de-acesso-ao-centro-industrial-de-conceicao-do-almeida\/","title":{"rendered":"GOVERNO DO ESTADO AUTORIZA CONV\u00caNIO PARA OBRAS NA VIA DE ACESSO AO CENTRO INDUSTRIAL DE CONCEI\u00c7\u00c3O DO ALMEIDA"},"content":{"rendered":"<p>O governador Jer\u00f4nimo Rodrigues autorizou a celebra\u00e7\u00e3o de conv\u00eanio entre a Secretaria de Desenvolvimento Urbano do Estado (Sedur) e a Prefeitura de Concei\u00e7\u00e3o do Almeida, para a execu\u00e7\u00e3o de obras na cidade, com um investimento de R$ 1,3 milh\u00e3o. O ato foi oficializado, nesta ter\u00e7a-feira (1\u00ba), durante reuni\u00e3o realizada com o prefeito Adailton Campos Sobral, conhecido como Ito de B\u00eaga, no Centro Administrativo da Bahia (CAB), em Salvador. Autoridades e empres\u00e1rios da ind\u00fastria cal\u00e7adista do munic\u00edpio tamb\u00e9m participaram do encontro.<\/p>\n<p>Com a assinatura do conv\u00eanio, os recursos ser\u00e3o aplicados para melhorias na mobilidade da \u00e1rea do Centro Industrial de Concei\u00e7\u00e3o do Almeida, no entorno da F\u00e1brica Henrich &#038; Cia, e da ladeira da Rua Jos\u00e9 Ivo. Os trabalhos, que ser\u00e3o executados pela Companhia de Desenvolvimento Urbano do Estado da Bahia (Conder), envolvem obras de pavimenta\u00e7\u00e3o, sinaliza\u00e7\u00e3o e paisagismo de um trecho de 6,3 mil metros quadrados.<\/p>\n<p>O governador destacou a import\u00e2ncia de a\u00e7\u00f5es que favorecem o fortalecimento da economia de munic\u00edpios baianos e da gera\u00e7\u00e3o de empregos. \u201cAutorizamos a pavimenta\u00e7\u00e3o ao lado de uma ind\u00fastria de cal\u00e7ados em Concei\u00e7\u00e3o do Almeida, para que as condi\u00e7\u00f5es de produ\u00e7\u00e3o sejam mais elevadas e a empresa possa exportar um produto de qualidade. Assim, dinamizamos a economia do Rec\u00f4ncavo baiano e, naturalmente, de Concei\u00e7\u00e3o do Almeida, gerando mais empregos\u201d, explicou Jer\u00f4nimo.<\/p>\n<p>Para o prefeito de Concei\u00e7\u00e3o do Almeida, a assinatura do conv\u00eanio traz novas perspectivas para o munic\u00edpio. \u201cA ind\u00fastria de cal\u00e7ados gera mil empregos hoje na nossa cidade. Com essa parceria entre o Governo do Estado e a Prefeitura, a nossa expectativa \u00e9 ampliar ainda mais as oportunidades de gera\u00e7\u00e3o de emprego, desenvolvimento do munic\u00edpio e qualidade de vida do nosso povo\u201d, enfatizou Adailton.<\/p>\n<p>Foto: Rafael Martins\/GOVBA<br \/>\nFonte: Oxentebahia<\/p>\n","protected":false},"excerpt":{"rendered":"<p>O governador Jer\u00f4nimo Rodrigues autorizou a celebra\u00e7\u00e3o de conv\u00eanio entre a Secretaria de Desenvolvimento Urbano do Estado (Sedur) e a<\/p>\n","protected":false},"author":4,"featured_media":7819,"comment_status":"open","ping_status":"open","sticky":false,"template":"","format":"standard","meta":{"colormag_page_container_layout":"default_layout","colormag_page_sidebar_layout":"default_layout","_FSMCFIC_featured_image_caption":"","_FSMCFIC_featured_image_nocaption":"","_FSMCFIC_featured_image_hide":"","footnotes":""},"categories":[2,1],"tags":[],"class_list":["post-7818","post","type-post","status-publish","format-standard","has-post-thumbnail","hentry","category-noticias","category-ultimas"],"yoast_head":"<!-- This site is optimized with the Yoast SEO plugin v27.1.1 - https:\/\/yoast.com\/product\/yoast-seo-wordpress\/ -->\n<title>GOVERNO DO ESTADO AUTORIZA CONV\u00caNIO PARA OBRAS NA VIA DE ACESSO AO CENTRO INDUSTRIAL DE CONCEI\u00c7\u00c3O DO ALMEIDA - Brasil not\u00edcias<\/title>\n<meta name=\"robots\" content=\"index, follow, max-snippet:-1, max-image-preview:large, max-video-preview:-1\" \/>\n<link rel=\"canonical\" href=\"https:\/\/brasilnoticias.org\/site\/governo-do-estado-autoriza-convenio-para-obras-na-via-de-acesso-ao-centro-industrial-de-conceicao-do-almeida\/\" \/>\n<meta property=\"og:locale\" content=\"pt_PT\" \/>\n<meta property=\"og:type\" content=\"article\" \/>\n<meta property=\"og:title\" content=\"GOVERNO DO ESTADO AUTORIZA CONV\u00caNIO PARA OBRAS NA VIA DE ACESSO AO CENTRO INDUSTRIAL DE CONCEI\u00c7\u00c3O DO ALMEIDA - Brasil not\u00edcias\" \/>\n<meta property=\"og:description\" content=\"O governador Jer\u00f4nimo Rodrigues autorizou a celebra\u00e7\u00e3o de conv\u00eanio entre a Secretaria de Desenvolvimento Urbano do Estado (Sedur) e a\" \/>\n<meta property=\"og:url\" content=\"https:\/\/brasilnoticias.org\/site\/governo-do-estado-autoriza-convenio-para-obras-na-via-de-acesso-ao-centro-industrial-de-conceicao-do-almeida\/\" \/>\n<meta property=\"og:site_name\" content=\"Brasil not\u00edcias\" \/>\n<meta property=\"article:published_time\" content=\"2023-08-02T15:00:44+00:00\" \/>\n<meta property=\"og:image\" content=\"https:\/\/brasilnoticias.org\/site\/wp-content\/uploads\/2023\/08\/d533f643-3690-402f-b7b7-47269455b440-696x500-1.webp\" \/>\n\t<meta property=\"og:image:width\" content=\"696\" \/>\n\t<meta property=\"og:image:height\" content=\"500\" \/>\n\t<meta property=\"og:image:type\" content=\"image\/webp\" \/>\n<meta name=\"author\" content=\"Reda\u00e7\u00e3o\" \/>\n<meta name=\"twitter:card\" content=\"summary_large_image\" \/>\n<meta name=\"twitter:label1\" content=\"Escrito por\" \/>\n\t<meta name=\"twitter:data1\" content=\"Reda\u00e7\u00e3o\" \/>\n<script type=\"application\/ld+json\" class=\"yoast-schema-graph\">{\"@context\":\"https:\/\/schema.org\",\"@graph\":[{\"@type\":\"Article\",\"@id\":\"https:\/\/brasilnoticias.org\/site\/governo-do-estado-autoriza-convenio-para-obras-na-via-de-acesso-ao-centro-industrial-de-conceicao-do-almeida\/#article\",\"isPartOf\":{\"@id\":\"https:\/\/brasilnoticias.org\/site\/governo-do-estado-autoriza-convenio-para-obras-na-via-de-acesso-ao-centro-industrial-de-conceicao-do-almeida\/\"},\"author\":{\"name\":\"Reda\u00e7\u00e3o\",\"@id\":\"https:\/\/brasilnoticias.org\/site\/#\/schema\/person\/03bbbfe6c7634ad18c26444ea39049fa\"},\"headline\":\"GOVERNO DO ESTADO AUTORIZA CONV\u00caNIO PARA OBRAS NA VIA DE ACESSO AO CENTRO INDUSTRIAL DE CONCEI\u00c7\u00c3O DO ALMEIDA\",\"datePublished\":\"2023-08-02T15:00:44+00:00\",\"mainEntityOfPage\":{\"@id\":\"https:\/\/brasilnoticias.org\/site\/governo-do-estado-autoriza-convenio-para-obras-na-via-de-acesso-ao-centro-industrial-de-conceicao-do-almeida\/\"},\"wordCount\":343,\"commentCount\":0,\"publisher\":{\"@id\":\"https:\/\/brasilnoticias.org\/site\/#organization\"},\"image\":{\"@id\":\"https:\/\/brasilnoticias.org\/site\/governo-do-estado-autoriza-convenio-para-obras-na-via-de-acesso-ao-centro-industrial-de-conceicao-do-almeida\/#primaryimage\"},\"thumbnailUrl\":\"https:\/\/brasilnoticias.org\/site\/wp-content\/uploads\/2023\/08\/d533f643-3690-402f-b7b7-47269455b440-696x500-1.webp\",\"articleSection\":[\"Not\u00edcias\",\"\u00daltimas\"],\"inLanguage\":\"pt-PT\",\"potentialAction\":[{\"@type\":\"CommentAction\",\"name\":\"Comment\",\"target\":[\"https:\/\/brasilnoticias.org\/site\/governo-do-estado-autoriza-convenio-para-obras-na-via-de-acesso-ao-centro-industrial-de-conceicao-do-almeida\/#respond\"]}]},{\"@type\":\"WebPage\",\"@id\":\"https:\/\/brasilnoticias.org\/site\/governo-do-estado-autoriza-convenio-para-obras-na-via-de-acesso-ao-centro-industrial-de-conceicao-do-almeida\/\",\"url\":\"https:\/\/brasilnoticias.org\/site\/governo-do-estado-autoriza-convenio-para-obras-na-via-de-acesso-ao-centro-industrial-de-conceicao-do-almeida\/\",\"name\":\"GOVERNO DO ESTADO AUTORIZA CONV\u00caNIO PARA OBRAS NA VIA DE ACESSO AO CENTRO INDUSTRIAL DE CONCEI\u00c7\u00c3O DO ALMEIDA - Brasil not\u00edcias\",\"isPartOf\":{\"@id\":\"https:\/\/brasilnoticias.org\/site\/#website\"},\"primaryImageOfPage\":{\"@id\":\"https:\/\/brasilnoticias.org\/site\/governo-do-estado-autoriza-convenio-para-obras-na-via-de-acesso-ao-centro-industrial-de-conceicao-do-almeida\/#primaryimage\"},\"image\":{\"@id\":\"https:\/\/brasilnoticias.org\/site\/governo-do-estado-autoriza-convenio-para-obras-na-via-de-acesso-ao-centro-industrial-de-conceicao-do-almeida\/#primaryimage\"},\"thumbnailUrl\":\"https:\/\/brasilnoticias.org\/site\/wp-content\/uploads\/2023\/08\/d533f643-3690-402f-b7b7-47269455b440-696x500-1.webp\",\"datePublished\":\"2023-08-02T15:00:44+00:00\",\"breadcrumb\":{\"@id\":\"https:\/\/brasilnoticias.org\/site\/governo-do-estado-autoriza-convenio-para-obras-na-via-de-acesso-ao-centro-industrial-de-conceicao-do-almeida\/#breadcrumb\"},\"inLanguage\":\"pt-PT\",\"potentialAction\":[{\"@type\":\"ReadAction\",\"target\":[\"https:\/\/brasilnoticias.org\/site\/governo-do-estado-autoriza-convenio-para-obras-na-via-de-acesso-ao-centro-industrial-de-conceicao-do-almeida\/\"]}]},{\"@type\":\"ImageObject\",\"inLanguage\":\"pt-PT\",\"@id\":\"https:\/\/brasilnoticias.org\/site\/governo-do-estado-autoriza-convenio-para-obras-na-via-de-acesso-ao-centro-industrial-de-conceicao-do-almeida\/#primaryimage\",\"url\":\"https:\/\/brasilnoticias.org\/site\/wp-content\/uploads\/2023\/08\/d533f643-3690-402f-b7b7-47269455b440-696x500-1.webp\",\"contentUrl\":\"https:\/\/brasilnoticias.org\/site\/wp-content\/uploads\/2023\/08\/d533f643-3690-402f-b7b7-47269455b440-696x500-1.webp\",\"width\":696,\"height\":500},{\"@type\":\"BreadcrumbList\",\"@id\":\"https:\/\/brasilnoticias.org\/site\/governo-do-estado-autoriza-convenio-para-obras-na-via-de-acesso-ao-centro-industrial-de-conceicao-do-almeida\/#breadcrumb\",\"itemListElement\":[{\"@type\":\"ListItem\",\"position\":1,\"name\":\"In\u00edcio\",\"item\":\"https:\/\/brasilnoticias.org\/site\/\"},{\"@type\":\"ListItem\",\"position\":2,\"name\":\"GOVERNO DO ESTADO AUTORIZA CONV\u00caNIO PARA OBRAS NA VIA DE ACESSO AO CENTRO INDUSTRIAL DE CONCEI\u00c7\u00c3O DO ALMEIDA\"}]},{\"@type\":\"WebSite\",\"@id\":\"https:\/\/brasilnoticias.org\/site\/#website\",\"url\":\"https:\/\/brasilnoticias.org\/site\/\",\"name\":\"Brasil not\u00edcias\",\"description\":\"Brasil not\u00edcias\",\"publisher\":{\"@id\":\"https:\/\/brasilnoticias.org\/site\/#organization\"},\"potentialAction\":[{\"@type\":\"SearchAction\",\"target\":{\"@type\":\"EntryPoint\",\"urlTemplate\":\"https:\/\/brasilnoticias.org\/site\/?s={search_term_string}\"},\"query-input\":{\"@type\":\"PropertyValueSpecification\",\"valueRequired\":true,\"valueName\":\"search_term_string\"}}],\"inLanguage\":\"pt-PT\"},{\"@type\":\"Organization\",\"@id\":\"https:\/\/brasilnoticias.org\/site\/#organization\",\"name\":\"Brasil not\u00edcias\",\"url\":\"https:\/\/brasilnoticias.org\/site\/\",\"logo\":{\"@type\":\"ImageObject\",\"inLanguage\":\"pt-PT\",\"@id\":\"https:\/\/brasilnoticias.org\/site\/#\/schema\/logo\/image\/\",\"url\":\"https:\/\/brasilnoticias.org\/site\/wp-content\/uploads\/2022\/05\/cropped-brasilnoticias-mini.jpg\",\"contentUrl\":\"https:\/\/brasilnoticias.org\/site\/wp-content\/uploads\/2022\/05\/cropped-brasilnoticias-mini.jpg\",\"width\":314,\"height\":86,\"caption\":\"Brasil not\u00edcias\"},\"image\":{\"@id\":\"https:\/\/brasilnoticias.org\/site\/#\/schema\/logo\/image\/\"}},{\"@type\":\"Person\",\"@id\":\"https:\/\/brasilnoticias.org\/site\/#\/schema\/person\/03bbbfe6c7634ad18c26444ea39049fa\",\"name\":\"Reda\u00e7\u00e3o\",\"image\":{\"@type\":\"ImageObject\",\"inLanguage\":\"pt-PT\",\"@id\":\"https:\/\/brasilnoticias.org\/site\/#\/schema\/person\/image\/\",\"url\":\"https:\/\/secure.gravatar.com\/avatar\/9ecaf7327a696cb23ad926fedded5f1f04d7049de9e445375d55b48c001a6e42?s=96&d=mm&r=g\",\"contentUrl\":\"https:\/\/secure.gravatar.com\/avatar\/9ecaf7327a696cb23ad926fedded5f1f04d7049de9e445375d55b48c001a6e42?s=96&d=mm&r=g\",\"caption\":\"Reda\u00e7\u00e3o\"},\"url\":\"https:\/\/brasilnoticias.org\/site\/author\/henrique\/\"}]}<\/script>\n<!-- \/ Yoast SEO plugin. -->","yoast_head_json":{"title":"GOVERNO DO ESTADO AUTORIZA CONV\u00caNIO PARA OBRAS NA VIA DE ACESSO AO CENTRO INDUSTRIAL DE CONCEI\u00c7\u00c3O DO ALMEIDA - Brasil not\u00edcias","robots":{"index":"index","follow":"follow","max-snippet":"max-snippet:-1","max-image-preview":"max-image-preview:large","max-video-preview":"max-video-preview:-1"},"canonical":"https:\/\/brasilnoticias.org\/site\/governo-do-estado-autoriza-convenio-para-obras-na-via-de-acesso-ao-centro-industrial-de-conceicao-do-almeida\/","og_locale":"pt_PT","og_type":"article","og_title":"GOVERNO DO ESTADO AUTORIZA CONV\u00caNIO PARA OBRAS NA VIA DE ACESSO AO CENTRO INDUSTRIAL DE CONCEI\u00c7\u00c3O DO ALMEIDA - Brasil not\u00edcias","og_description":"O governador Jer\u00f4nimo Rodrigues autorizou a celebra\u00e7\u00e3o de conv\u00eanio entre a Secretaria de Desenvolvimento Urbano do Estado (Sedur) e a","og_url":"https:\/\/brasilnoticias.org\/site\/governo-do-estado-autoriza-convenio-para-obras-na-via-de-acesso-ao-centro-industrial-de-conceicao-do-almeida\/","og_site_name":"Brasil not\u00edcias","article_published_time":"2023-08-02T15:00:44+00:00","og_image":[{"width":696,"height":500,"url":"https:\/\/brasilnoticias.org\/site\/wp-content\/uploads\/2023\/08\/d533f643-3690-402f-b7b7-47269455b440-696x500-1.webp","type":"image\/webp"}],"author":"Reda\u00e7\u00e3o","twitter_card":"summary_large_image","twitter_misc":{"Escrito por":"Reda\u00e7\u00e3o"},"schema":{"@context":"https:\/\/schema.org","@graph":[{"@type":"Article","@id":"https:\/\/brasilnoticias.org\/site\/governo-do-estado-autoriza-convenio-para-obras-na-via-de-acesso-ao-centro-industrial-de-conceicao-do-almeida\/#article","isPartOf":{"@id":"https:\/\/brasilnoticias.org\/site\/governo-do-estado-autoriza-convenio-para-obras-na-via-de-acesso-ao-centro-industrial-de-conceicao-do-almeida\/"},"author":{"name":"Reda\u00e7\u00e3o","@id":"https:\/\/brasilnoticias.org\/site\/#\/schema\/person\/03bbbfe6c7634ad18c26444ea39049fa"},"headline":"GOVERNO DO ESTADO AUTORIZA CONV\u00caNIO PARA OBRAS NA VIA DE ACESSO AO CENTRO INDUSTRIAL DE CONCEI\u00c7\u00c3O DO ALMEIDA","datePublished":"2023-08-02T15:00:44+00:00","mainEntityOfPage":{"@id":"https:\/\/brasilnoticias.org\/site\/governo-do-estado-autoriza-convenio-para-obras-na-via-de-acesso-ao-centro-industrial-de-conceicao-do-almeida\/"},"wordCount":343,"commentCount":0,"publisher":{"@id":"https:\/\/brasilnoticias.org\/site\/#organization"},"image":{"@id":"https:\/\/brasilnoticias.org\/site\/governo-do-estado-autoriza-convenio-para-obras-na-via-de-acesso-ao-centro-industrial-de-conceicao-do-almeida\/#primaryimage"},"thumbnailUrl":"https:\/\/brasilnoticias.org\/site\/wp-content\/uploads\/2023\/08\/d533f643-3690-402f-b7b7-47269455b440-696x500-1.webp","articleSection":["Not\u00edcias","\u00daltimas"],"inLanguage":"pt-PT","potentialAction":[{"@type":"CommentAction","name":"Comment","target":["https:\/\/brasilnoticias.org\/site\/governo-do-estado-autoriza-convenio-para-obras-na-via-de-acesso-ao-centro-industrial-de-conceicao-do-almeida\/#respond"]}]},{"@type":"WebPage","@id":"https:\/\/brasilnoticias.org\/site\/governo-do-estado-autoriza-convenio-para-obras-na-via-de-acesso-ao-centro-industrial-de-conceicao-do-almeida\/","url":"https:\/\/brasilnoticias.org\/site\/governo-do-estado-autoriza-convenio-para-obras-na-via-de-acesso-ao-centro-industrial-de-conceicao-do-almeida\/","name":"GOVERNO DO ESTADO AUTORIZA CONV\u00caNIO PARA OBRAS NA VIA DE ACESSO AO CENTRO INDUSTRIAL DE CONCEI\u00c7\u00c3O DO ALMEIDA - Brasil not\u00edcias","isPartOf":{"@id":"https:\/\/brasilnoticias.org\/site\/#website"},"primaryImageOfPage":{"@id":"https:\/\/brasilnoticias.org\/site\/governo-do-estado-autoriza-convenio-para-obras-na-via-de-acesso-ao-centro-industrial-de-conceicao-do-almeida\/#primaryimage"},"image":{"@id":"https:\/\/brasilnoticias.org\/site\/governo-do-estado-autoriza-convenio-para-obras-na-via-de-acesso-ao-centro-industrial-de-conceicao-do-almeida\/#primaryimage"},"thumbnailUrl":"https:\/\/brasilnoticias.org\/site\/wp-content\/uploads\/2023\/08\/d533f643-3690-402f-b7b7-47269455b440-696x500-1.webp","datePublished":"2023-08-02T15:00:44+00:00","breadcrumb":{"@id":"https:\/\/brasilnoticias.org\/site\/governo-do-estado-autoriza-convenio-para-obras-na-via-de-acesso-ao-centro-industrial-de-conceicao-do-almeida\/#breadcrumb"},"inLanguage":"pt-PT","potentialAction":[{"@type":"ReadAction","target":["https:\/\/brasilnoticias.org\/site\/governo-do-estado-autoriza-convenio-para-obras-na-via-de-acesso-ao-centro-industrial-de-conceicao-do-almeida\/"]}]},{"@type":"ImageObject","inLanguage":"pt-PT","@id":"https:\/\/brasilnoticias.org\/site\/governo-do-estado-autoriza-convenio-para-obras-na-via-de-acesso-ao-centro-industrial-de-conceicao-do-almeida\/#primaryimage","url":"https:\/\/brasilnoticias.org\/site\/wp-content\/uploads\/2023\/08\/d533f643-3690-402f-b7b7-47269455b440-696x500-1.webp","contentUrl":"https:\/\/brasilnoticias.org\/site\/wp-content\/uploads\/2023\/08\/d533f643-3690-402f-b7b7-47269455b440-696x500-1.webp","width":696,"height":500},{"@type":"BreadcrumbList","@id":"https:\/\/brasilnoticias.org\/site\/governo-do-estado-autoriza-convenio-para-obras-na-via-de-acesso-ao-centro-industrial-de-conceicao-do-almeida\/#breadcrumb","itemListElement":[{"@type":"ListItem","position":1,"name":"In\u00edcio","item":"https:\/\/brasilnoticias.org\/site\/"},{"@type":"ListItem","position":2,"name":"GOVERNO DO ESTADO AUTORIZA CONV\u00caNIO PARA OBRAS NA VIA DE ACESSO AO CENTRO INDUSTRIAL DE CONCEI\u00c7\u00c3O DO ALMEIDA"}]},{"@type":"WebSite","@id":"https:\/\/brasilnoticias.org\/site\/#website","url":"https:\/\/brasilnoticias.org\/site\/","name":"Brasil not\u00edcias","description":"Brasil not\u00edcias","publisher":{"@id":"https:\/\/brasilnoticias.org\/site\/#organization"},"potentialAction":[{"@type":"SearchAction","target":{"@type":"EntryPoint","urlTemplate":"https:\/\/brasilnoticias.org\/site\/?s={search_term_string}"},"query-input":{"@type":"PropertyValueSpecification","valueRequired":true,"valueName":"search_term_string"}}],"inLanguage":"pt-PT"},{"@type":"Organization","@id":"https:\/\/brasilnoticias.org\/site\/#organization","name":"Brasil not\u00edcias","url":"https:\/\/brasilnoticias.org\/site\/","logo":{"@type":"ImageObject","inLanguage":"pt-PT","@id":"https:\/\/brasilnoticias.org\/site\/#\/schema\/logo\/image\/","url":"https:\/\/brasilnoticias.org\/site\/wp-content\/uploads\/2022\/05\/cropped-brasilnoticias-mini.jpg","contentUrl":"https:\/\/brasilnoticias.org\/site\/wp-content\/uploads\/2022\/05\/cropped-brasilnoticias-mini.jpg","width":314,"height":86,"caption":"Brasil not\u00edcias"},"image":{"@id":"https:\/\/brasilnoticias.org\/site\/#\/schema\/logo\/image\/"}},{"@type":"Person","@id":"https:\/\/brasilnoticias.org\/site\/#\/schema\/person\/03bbbfe6c7634ad18c26444ea39049fa","name":"Reda\u00e7\u00e3o","image":{"@type":"ImageObject","inLanguage":"pt-PT","@id":"https:\/\/brasilnoticias.org\/site\/#\/schema\/person\/image\/","url":"https:\/\/secure.gravatar.com\/avatar\/9ecaf7327a696cb23ad926fedded5f1f04d7049de9e445375d55b48c001a6e42?s=96&d=mm&r=g","contentUrl":"https:\/\/secure.gravatar.com\/avatar\/9ecaf7327a696cb23ad926fedded5f1f04d7049de9e445375d55b48c001a6e42?s=96&d=mm&r=g","caption":"Reda\u00e7\u00e3o"},"url":"https:\/\/brasilnoticias.org\/site\/author\/henrique\/"}]}},"_links":{"self":[{"href":"https:\/\/brasilnoticias.org\/site\/wp-json\/wp\/v2\/posts\/7818","targetHints":{"allow":["GET"]}}],"collection":[{"href":"https:\/\/brasilnoticias.org\/site\/wp-json\/wp\/v2\/posts"}],"about":[{"href":"https:\/\/brasilnoticias.org\/site\/wp-json\/wp\/v2\/types\/post"}],"author":[{"embeddable":true,"href":"https:\/\/brasilnoticias.org\/site\/wp-json\/wp\/v2\/users\/4"}],"replies":[{"embeddable":true,"href":"https:\/\/brasilnoticias.org\/site\/wp-json\/wp\/v2\/comments?post=7818"}],"version-history":[{"count":1,"href":"https:\/\/brasilnoticias.org\/site\/wp-json\/wp\/v2\/posts\/7818\/revisions"}],"predecessor-version":[{"id":7820,"href":"https:\/\/brasilnoticias.org\/site\/wp-json\/wp\/v2\/posts\/7818\/revisions\/7820"}],"wp:featuredmedia":[{"embeddable":true,"href":"https:\/\/brasilnoticias.org\/site\/wp-json\/wp\/v2\/media\/7819"}],"wp:attachment":[{"href":"https:\/\/brasilnoticias.org\/site\/wp-json\/wp\/v2\/media?parent=7818"}],"wp:term":[{"taxonomy":"category","embeddable":true,"href":"https:\/\/brasilnoticias.org\/site\/wp-json\/wp\/v2\/categories?post=7818"},{"taxonomy":"post_tag","embeddable":true,"href":"https:\/\/brasilnoticias.org\/site\/wp-json\/wp\/v2\/tags?post=7818"}],"curies":[{"name":"wp","href":"https:\/\/api.w.org\/{rel}","templated":true}]}}