{"id":7822,"date":"2023-08-02T13:00:51","date_gmt":"2023-08-02T16:00:51","guid":{"rendered":"https:\/\/brasilnoticias.org\/site\/?p=7822"},"modified":"2023-08-01T20:48:42","modified_gmt":"2023-08-01T23:48:42","slug":"novo-pgr-sera-alguem-que-nao-faca-denuncia-falsa-avisa-lula","status":"publish","type":"post","link":"https:\/\/brasilnoticias.org\/site\/novo-pgr-sera-alguem-que-nao-faca-denuncia-falsa-avisa-lula\/","title":{"rendered":"Novo PGR ser\u00e1 algu\u00e9m que \u201cn\u00e3o fa\u00e7a den\u00fancia falsa\u201d, avisa Lula"},"content":{"rendered":"<p>O presidente Luiz In\u00e1cio Lula da Silva (PT) disse, nesta ter\u00e7a-feira (1\u00ba), que o novo procurador-geral da Rep\u00fablica (PGR) ser\u00e1 algu\u00e9m que &#8220;n\u00e3o fa\u00e7a den\u00fancia falsa&#8221;. O mandato do atual PGR, o baiano Augusto Aras, termina em setembro deste ano.<\/p>\n<p>\u201cN\u00e3o quero escolher algu\u00e9m que seja amigo do Lula. Eu quero escolher algu\u00e9m que seja amigo desse pa\u00eds, algu\u00e9m que goste do Brasil, algu\u00e9m que n\u00e3o fa\u00e7a den\u00fancia falsa\u201d, disse na live semanal &#8220;Conversa com o Presidente&#8221;. Lula disse que escolher\u00e1 no &#8220;momento certo&#8221; o novo PGR, e afirmou que esse \u00e9 um problema do presidente da Rep\u00fablica.<\/p>\n<p>\u201cEu vou conversar com muita gente, vou ouvir muita gente, vou atr\u00e1s de informa\u00e7\u00f5es, de pessoas que eu penso, vou discutir se \u00e9 homem, se \u00e9 mulher, se \u00e9 negro, se \u00e9 branco. Tudo isso \u00e9 problema meu\u201d, declarou. \u201cQuando eu tiver um nome, eu indico. \u00c9 simples assim, sem ficar aquela coisa de vai escolher amanh\u00e3, \u00e9 fulano, \u00e9 beltrano. Ningu\u00e9m tem que ficar tentando adivinhar. Eu vou escolher a pessoa que eu achar que \u00e9 melhor para o interesse do Brasil. Se der errado, paci\u00eancia\u201d, acrescentou.<\/p>\n<p>Foto: Ricardo Stuckert\/PR<br \/>\nFonte: Mentro1<\/p>\n","protected":false},"excerpt":{"rendered":"<p>O presidente Luiz In\u00e1cio Lula da Silva (PT) disse, nesta ter\u00e7a-feira (1\u00ba), que o novo procurador-geral da Rep\u00fablica (PGR) ser\u00e1<\/p>\n","protected":false},"author":4,"featured_media":7823,"comment_status":"open","ping_status":"open","sticky":false,"template":"","format":"standard","meta":{"colormag_page_container_layout":"default_layout","colormag_page_sidebar_layout":"default_layout","_FSMCFIC_featured_image_caption":"","_FSMCFIC_featured_image_nocaption":"","_FSMCFIC_featured_image_hide":"","footnotes":""},"categories":[5,1],"tags":[],"class_list":["post-7822","post","type-post","status-publish","format-standard","has-post-thumbnail","hentry","category-politica","category-ultimas"],"yoast_head":"<!-- This site is optimized with the Yoast SEO plugin v27.1.1 - https:\/\/yoast.com\/product\/yoast-seo-wordpress\/ -->\n<title>Novo PGR ser\u00e1 algu\u00e9m que \u201cn\u00e3o fa\u00e7a den\u00fancia falsa\u201d, avisa Lula - Brasil not\u00edcias<\/title>\n<meta name=\"robots\" content=\"index, follow, max-snippet:-1, max-image-preview:large, max-video-preview:-1\" \/>\n<link rel=\"canonical\" href=\"https:\/\/brasilnoticias.org\/site\/novo-pgr-sera-alguem-que-nao-faca-denuncia-falsa-avisa-lula\/\" \/>\n<meta property=\"og:locale\" content=\"pt_PT\" \/>\n<meta property=\"og:type\" content=\"article\" \/>\n<meta property=\"og:title\" content=\"Novo PGR ser\u00e1 algu\u00e9m que \u201cn\u00e3o fa\u00e7a den\u00fancia falsa\u201d, avisa Lula - Brasil not\u00edcias\" \/>\n<meta property=\"og:description\" content=\"O presidente Luiz In\u00e1cio Lula da Silva (PT) disse, nesta ter\u00e7a-feira (1\u00ba), que o novo procurador-geral da Rep\u00fablica (PGR) ser\u00e1\" \/>\n<meta property=\"og:url\" content=\"https:\/\/brasilnoticias.org\/site\/novo-pgr-sera-alguem-que-nao-faca-denuncia-falsa-avisa-lula\/\" \/>\n<meta property=\"og:site_name\" content=\"Brasil not\u00edcias\" \/>\n<meta property=\"article:published_time\" content=\"2023-08-02T16:00:51+00:00\" \/>\n<meta property=\"og:image\" content=\"https:\/\/brasilnoticias.org\/site\/wp-content\/uploads\/2023\/08\/139345novo-pgr-sera-alguem-que-nao-faca-denuncia-falsa-avisa-lula-3.jpg\" \/>\n\t<meta property=\"og:image:width\" content=\"1600\" \/>\n\t<meta property=\"og:image:height\" content=\"752\" \/>\n\t<meta property=\"og:image:type\" content=\"image\/jpeg\" \/>\n<meta name=\"author\" content=\"Reda\u00e7\u00e3o\" \/>\n<meta name=\"twitter:card\" content=\"summary_large_image\" \/>\n<meta name=\"twitter:label1\" content=\"Escrito por\" \/>\n\t<meta name=\"twitter:data1\" content=\"Reda\u00e7\u00e3o\" \/>\n<script type=\"application\/ld+json\" class=\"yoast-schema-graph\">{\"@context\":\"https:\/\/schema.org\",\"@graph\":[{\"@type\":\"Article\",\"@id\":\"https:\/\/brasilnoticias.org\/site\/novo-pgr-sera-alguem-que-nao-faca-denuncia-falsa-avisa-lula\/#article\",\"isPartOf\":{\"@id\":\"https:\/\/brasilnoticias.org\/site\/novo-pgr-sera-alguem-que-nao-faca-denuncia-falsa-avisa-lula\/\"},\"author\":{\"name\":\"Reda\u00e7\u00e3o\",\"@id\":\"https:\/\/brasilnoticias.org\/site\/#\/schema\/person\/03bbbfe6c7634ad18c26444ea39049fa\"},\"headline\":\"Novo PGR ser\u00e1 algu\u00e9m que \u201cn\u00e3o fa\u00e7a den\u00fancia falsa\u201d, avisa Lula\",\"datePublished\":\"2023-08-02T16:00:51+00:00\",\"mainEntityOfPage\":{\"@id\":\"https:\/\/brasilnoticias.org\/site\/novo-pgr-sera-alguem-que-nao-faca-denuncia-falsa-avisa-lula\/\"},\"wordCount\":217,\"commentCount\":0,\"publisher\":{\"@id\":\"https:\/\/brasilnoticias.org\/site\/#organization\"},\"image\":{\"@id\":\"https:\/\/brasilnoticias.org\/site\/novo-pgr-sera-alguem-que-nao-faca-denuncia-falsa-avisa-lula\/#primaryimage\"},\"thumbnailUrl\":\"https:\/\/brasilnoticias.org\/site\/wp-content\/uploads\/2023\/08\/139345novo-pgr-sera-alguem-que-nao-faca-denuncia-falsa-avisa-lula-3.jpg\",\"articleSection\":[\"Pol\u00edtica\",\"\u00daltimas\"],\"inLanguage\":\"pt-PT\",\"potentialAction\":[{\"@type\":\"CommentAction\",\"name\":\"Comment\",\"target\":[\"https:\/\/brasilnoticias.org\/site\/novo-pgr-sera-alguem-que-nao-faca-denuncia-falsa-avisa-lula\/#respond\"]}]},{\"@type\":\"WebPage\",\"@id\":\"https:\/\/brasilnoticias.org\/site\/novo-pgr-sera-alguem-que-nao-faca-denuncia-falsa-avisa-lula\/\",\"url\":\"https:\/\/brasilnoticias.org\/site\/novo-pgr-sera-alguem-que-nao-faca-denuncia-falsa-avisa-lula\/\",\"name\":\"Novo PGR ser\u00e1 algu\u00e9m que \u201cn\u00e3o fa\u00e7a den\u00fancia falsa\u201d, avisa Lula - Brasil not\u00edcias\",\"isPartOf\":{\"@id\":\"https:\/\/brasilnoticias.org\/site\/#website\"},\"primaryImageOfPage\":{\"@id\":\"https:\/\/brasilnoticias.org\/site\/novo-pgr-sera-alguem-que-nao-faca-denuncia-falsa-avisa-lula\/#primaryimage\"},\"image\":{\"@id\":\"https:\/\/brasilnoticias.org\/site\/novo-pgr-sera-alguem-que-nao-faca-denuncia-falsa-avisa-lula\/#primaryimage\"},\"thumbnailUrl\":\"https:\/\/brasilnoticias.org\/site\/wp-content\/uploads\/2023\/08\/139345novo-pgr-sera-alguem-que-nao-faca-denuncia-falsa-avisa-lula-3.jpg\",\"datePublished\":\"2023-08-02T16:00:51+00:00\",\"breadcrumb\":{\"@id\":\"https:\/\/brasilnoticias.org\/site\/novo-pgr-sera-alguem-que-nao-faca-denuncia-falsa-avisa-lula\/#breadcrumb\"},\"inLanguage\":\"pt-PT\",\"potentialAction\":[{\"@type\":\"ReadAction\",\"target\":[\"https:\/\/brasilnoticias.org\/site\/novo-pgr-sera-alguem-que-nao-faca-denuncia-falsa-avisa-lula\/\"]}]},{\"@type\":\"ImageObject\",\"inLanguage\":\"pt-PT\",\"@id\":\"https:\/\/brasilnoticias.org\/site\/novo-pgr-sera-alguem-que-nao-faca-denuncia-falsa-avisa-lula\/#primaryimage\",\"url\":\"https:\/\/brasilnoticias.org\/site\/wp-content\/uploads\/2023\/08\/139345novo-pgr-sera-alguem-que-nao-faca-denuncia-falsa-avisa-lula-3.jpg\",\"contentUrl\":\"https:\/\/brasilnoticias.org\/site\/wp-content\/uploads\/2023\/08\/139345novo-pgr-sera-alguem-que-nao-faca-denuncia-falsa-avisa-lula-3.jpg\",\"width\":1600,\"height\":752},{\"@type\":\"BreadcrumbList\",\"@id\":\"https:\/\/brasilnoticias.org\/site\/novo-pgr-sera-alguem-que-nao-faca-denuncia-falsa-avisa-lula\/#breadcrumb\",\"itemListElement\":[{\"@type\":\"ListItem\",\"position\":1,\"name\":\"In\u00edcio\",\"item\":\"https:\/\/brasilnoticias.org\/site\/\"},{\"@type\":\"ListItem\",\"position\":2,\"name\":\"Novo PGR ser\u00e1 algu\u00e9m que \u201cn\u00e3o fa\u00e7a den\u00fancia falsa\u201d, avisa Lula\"}]},{\"@type\":\"WebSite\",\"@id\":\"https:\/\/brasilnoticias.org\/site\/#website\",\"url\":\"https:\/\/brasilnoticias.org\/site\/\",\"name\":\"Brasil not\u00edcias\",\"description\":\"Brasil not\u00edcias\",\"publisher\":{\"@id\":\"https:\/\/brasilnoticias.org\/site\/#organization\"},\"potentialAction\":[{\"@type\":\"SearchAction\",\"target\":{\"@type\":\"EntryPoint\",\"urlTemplate\":\"https:\/\/brasilnoticias.org\/site\/?s={search_term_string}\"},\"query-input\":{\"@type\":\"PropertyValueSpecification\",\"valueRequired\":true,\"valueName\":\"search_term_string\"}}],\"inLanguage\":\"pt-PT\"},{\"@type\":\"Organization\",\"@id\":\"https:\/\/brasilnoticias.org\/site\/#organization\",\"name\":\"Brasil not\u00edcias\",\"url\":\"https:\/\/brasilnoticias.org\/site\/\",\"logo\":{\"@type\":\"ImageObject\",\"inLanguage\":\"pt-PT\",\"@id\":\"https:\/\/brasilnoticias.org\/site\/#\/schema\/logo\/image\/\",\"url\":\"https:\/\/brasilnoticias.org\/site\/wp-content\/uploads\/2022\/05\/cropped-brasilnoticias-mini.jpg\",\"contentUrl\":\"https:\/\/brasilnoticias.org\/site\/wp-content\/uploads\/2022\/05\/cropped-brasilnoticias-mini.jpg\",\"width\":314,\"height\":86,\"caption\":\"Brasil not\u00edcias\"},\"image\":{\"@id\":\"https:\/\/brasilnoticias.org\/site\/#\/schema\/logo\/image\/\"}},{\"@type\":\"Person\",\"@id\":\"https:\/\/brasilnoticias.org\/site\/#\/schema\/person\/03bbbfe6c7634ad18c26444ea39049fa\",\"name\":\"Reda\u00e7\u00e3o\",\"image\":{\"@type\":\"ImageObject\",\"inLanguage\":\"pt-PT\",\"@id\":\"https:\/\/brasilnoticias.org\/site\/#\/schema\/person\/image\/\",\"url\":\"https:\/\/secure.gravatar.com\/avatar\/9ecaf7327a696cb23ad926fedded5f1f04d7049de9e445375d55b48c001a6e42?s=96&d=mm&r=g\",\"contentUrl\":\"https:\/\/secure.gravatar.com\/avatar\/9ecaf7327a696cb23ad926fedded5f1f04d7049de9e445375d55b48c001a6e42?s=96&d=mm&r=g\",\"caption\":\"Reda\u00e7\u00e3o\"},\"url\":\"https:\/\/brasilnoticias.org\/site\/author\/henrique\/\"}]}<\/script>\n<!-- \/ Yoast SEO plugin. -->","yoast_head_json":{"title":"Novo PGR ser\u00e1 algu\u00e9m que \u201cn\u00e3o fa\u00e7a den\u00fancia falsa\u201d, avisa Lula - Brasil not\u00edcias","robots":{"index":"index","follow":"follow","max-snippet":"max-snippet:-1","max-image-preview":"max-image-preview:large","max-video-preview":"max-video-preview:-1"},"canonical":"https:\/\/brasilnoticias.org\/site\/novo-pgr-sera-alguem-que-nao-faca-denuncia-falsa-avisa-lula\/","og_locale":"pt_PT","og_type":"article","og_title":"Novo PGR ser\u00e1 algu\u00e9m que \u201cn\u00e3o fa\u00e7a den\u00fancia falsa\u201d, avisa Lula - Brasil not\u00edcias","og_description":"O presidente Luiz In\u00e1cio Lula da Silva (PT) disse, nesta ter\u00e7a-feira (1\u00ba), que o novo procurador-geral da Rep\u00fablica (PGR) ser\u00e1","og_url":"https:\/\/brasilnoticias.org\/site\/novo-pgr-sera-alguem-que-nao-faca-denuncia-falsa-avisa-lula\/","og_site_name":"Brasil not\u00edcias","article_published_time":"2023-08-02T16:00:51+00:00","og_image":[{"width":1600,"height":752,"url":"https:\/\/brasilnoticias.org\/site\/wp-content\/uploads\/2023\/08\/139345novo-pgr-sera-alguem-que-nao-faca-denuncia-falsa-avisa-lula-3.jpg","type":"image\/jpeg"}],"author":"Reda\u00e7\u00e3o","twitter_card":"summary_large_image","twitter_misc":{"Escrito por":"Reda\u00e7\u00e3o"},"schema":{"@context":"https:\/\/schema.org","@graph":[{"@type":"Article","@id":"https:\/\/brasilnoticias.org\/site\/novo-pgr-sera-alguem-que-nao-faca-denuncia-falsa-avisa-lula\/#article","isPartOf":{"@id":"https:\/\/brasilnoticias.org\/site\/novo-pgr-sera-alguem-que-nao-faca-denuncia-falsa-avisa-lula\/"},"author":{"name":"Reda\u00e7\u00e3o","@id":"https:\/\/brasilnoticias.org\/site\/#\/schema\/person\/03bbbfe6c7634ad18c26444ea39049fa"},"headline":"Novo PGR ser\u00e1 algu\u00e9m que \u201cn\u00e3o fa\u00e7a den\u00fancia falsa\u201d, avisa Lula","datePublished":"2023-08-02T16:00:51+00:00","mainEntityOfPage":{"@id":"https:\/\/brasilnoticias.org\/site\/novo-pgr-sera-alguem-que-nao-faca-denuncia-falsa-avisa-lula\/"},"wordCount":217,"commentCount":0,"publisher":{"@id":"https:\/\/brasilnoticias.org\/site\/#organization"},"image":{"@id":"https:\/\/brasilnoticias.org\/site\/novo-pgr-sera-alguem-que-nao-faca-denuncia-falsa-avisa-lula\/#primaryimage"},"thumbnailUrl":"https:\/\/brasilnoticias.org\/site\/wp-content\/uploads\/2023\/08\/139345novo-pgr-sera-alguem-que-nao-faca-denuncia-falsa-avisa-lula-3.jpg","articleSection":["Pol\u00edtica","\u00daltimas"],"inLanguage":"pt-PT","potentialAction":[{"@type":"CommentAction","name":"Comment","target":["https:\/\/brasilnoticias.org\/site\/novo-pgr-sera-alguem-que-nao-faca-denuncia-falsa-avisa-lula\/#respond"]}]},{"@type":"WebPage","@id":"https:\/\/brasilnoticias.org\/site\/novo-pgr-sera-alguem-que-nao-faca-denuncia-falsa-avisa-lula\/","url":"https:\/\/brasilnoticias.org\/site\/novo-pgr-sera-alguem-que-nao-faca-denuncia-falsa-avisa-lula\/","name":"Novo PGR ser\u00e1 algu\u00e9m que \u201cn\u00e3o fa\u00e7a den\u00fancia falsa\u201d, avisa Lula - Brasil not\u00edcias","isPartOf":{"@id":"https:\/\/brasilnoticias.org\/site\/#website"},"primaryImageOfPage":{"@id":"https:\/\/brasilnoticias.org\/site\/novo-pgr-sera-alguem-que-nao-faca-denuncia-falsa-avisa-lula\/#primaryimage"},"image":{"@id":"https:\/\/brasilnoticias.org\/site\/novo-pgr-sera-alguem-que-nao-faca-denuncia-falsa-avisa-lula\/#primaryimage"},"thumbnailUrl":"https:\/\/brasilnoticias.org\/site\/wp-content\/uploads\/2023\/08\/139345novo-pgr-sera-alguem-que-nao-faca-denuncia-falsa-avisa-lula-3.jpg","datePublished":"2023-08-02T16:00:51+00:00","breadcrumb":{"@id":"https:\/\/brasilnoticias.org\/site\/novo-pgr-sera-alguem-que-nao-faca-denuncia-falsa-avisa-lula\/#breadcrumb"},"inLanguage":"pt-PT","potentialAction":[{"@type":"ReadAction","target":["https:\/\/brasilnoticias.org\/site\/novo-pgr-sera-alguem-que-nao-faca-denuncia-falsa-avisa-lula\/"]}]},{"@type":"ImageObject","inLanguage":"pt-PT","@id":"https:\/\/brasilnoticias.org\/site\/novo-pgr-sera-alguem-que-nao-faca-denuncia-falsa-avisa-lula\/#primaryimage","url":"https:\/\/brasilnoticias.org\/site\/wp-content\/uploads\/2023\/08\/139345novo-pgr-sera-alguem-que-nao-faca-denuncia-falsa-avisa-lula-3.jpg","contentUrl":"https:\/\/brasilnoticias.org\/site\/wp-content\/uploads\/2023\/08\/139345novo-pgr-sera-alguem-que-nao-faca-denuncia-falsa-avisa-lula-3.jpg","width":1600,"height":752},{"@type":"BreadcrumbList","@id":"https:\/\/brasilnoticias.org\/site\/novo-pgr-sera-alguem-que-nao-faca-denuncia-falsa-avisa-lula\/#breadcrumb","itemListElement":[{"@type":"ListItem","position":1,"name":"In\u00edcio","item":"https:\/\/brasilnoticias.org\/site\/"},{"@type":"ListItem","position":2,"name":"Novo PGR ser\u00e1 algu\u00e9m que \u201cn\u00e3o fa\u00e7a den\u00fancia falsa\u201d, avisa Lula"}]},{"@type":"WebSite","@id":"https:\/\/brasilnoticias.org\/site\/#website","url":"https:\/\/brasilnoticias.org\/site\/","name":"Brasil not\u00edcias","description":"Brasil not\u00edcias","publisher":{"@id":"https:\/\/brasilnoticias.org\/site\/#organization"},"potentialAction":[{"@type":"SearchAction","target":{"@type":"EntryPoint","urlTemplate":"https:\/\/brasilnoticias.org\/site\/?s={search_term_string}"},"query-input":{"@type":"PropertyValueSpecification","valueRequired":true,"valueName":"search_term_string"}}],"inLanguage":"pt-PT"},{"@type":"Organization","@id":"https:\/\/brasilnoticias.org\/site\/#organization","name":"Brasil not\u00edcias","url":"https:\/\/brasilnoticias.org\/site\/","logo":{"@type":"ImageObject","inLanguage":"pt-PT","@id":"https:\/\/brasilnoticias.org\/site\/#\/schema\/logo\/image\/","url":"https:\/\/brasilnoticias.org\/site\/wp-content\/uploads\/2022\/05\/cropped-brasilnoticias-mini.jpg","contentUrl":"https:\/\/brasilnoticias.org\/site\/wp-content\/uploads\/2022\/05\/cropped-brasilnoticias-mini.jpg","width":314,"height":86,"caption":"Brasil not\u00edcias"},"image":{"@id":"https:\/\/brasilnoticias.org\/site\/#\/schema\/logo\/image\/"}},{"@type":"Person","@id":"https:\/\/brasilnoticias.org\/site\/#\/schema\/person\/03bbbfe6c7634ad18c26444ea39049fa","name":"Reda\u00e7\u00e3o","image":{"@type":"ImageObject","inLanguage":"pt-PT","@id":"https:\/\/brasilnoticias.org\/site\/#\/schema\/person\/image\/","url":"https:\/\/secure.gravatar.com\/avatar\/9ecaf7327a696cb23ad926fedded5f1f04d7049de9e445375d55b48c001a6e42?s=96&d=mm&r=g","contentUrl":"https:\/\/secure.gravatar.com\/avatar\/9ecaf7327a696cb23ad926fedded5f1f04d7049de9e445375d55b48c001a6e42?s=96&d=mm&r=g","caption":"Reda\u00e7\u00e3o"},"url":"https:\/\/brasilnoticias.org\/site\/author\/henrique\/"}]}},"_links":{"self":[{"href":"https:\/\/brasilnoticias.org\/site\/wp-json\/wp\/v2\/posts\/7822","targetHints":{"allow":["GET"]}}],"collection":[{"href":"https:\/\/brasilnoticias.org\/site\/wp-json\/wp\/v2\/posts"}],"about":[{"href":"https:\/\/brasilnoticias.org\/site\/wp-json\/wp\/v2\/types\/post"}],"author":[{"embeddable":true,"href":"https:\/\/brasilnoticias.org\/site\/wp-json\/wp\/v2\/users\/4"}],"replies":[{"embeddable":true,"href":"https:\/\/brasilnoticias.org\/site\/wp-json\/wp\/v2\/comments?post=7822"}],"version-history":[{"count":1,"href":"https:\/\/brasilnoticias.org\/site\/wp-json\/wp\/v2\/posts\/7822\/revisions"}],"predecessor-version":[{"id":7824,"href":"https:\/\/brasilnoticias.org\/site\/wp-json\/wp\/v2\/posts\/7822\/revisions\/7824"}],"wp:featuredmedia":[{"embeddable":true,"href":"https:\/\/brasilnoticias.org\/site\/wp-json\/wp\/v2\/media\/7823"}],"wp:attachment":[{"href":"https:\/\/brasilnoticias.org\/site\/wp-json\/wp\/v2\/media?parent=7822"}],"wp:term":[{"taxonomy":"category","embeddable":true,"href":"https:\/\/brasilnoticias.org\/site\/wp-json\/wp\/v2\/categories?post=7822"},{"taxonomy":"post_tag","embeddable":true,"href":"https:\/\/brasilnoticias.org\/site\/wp-json\/wp\/v2\/tags?post=7822"}],"curies":[{"name":"wp","href":"https:\/\/api.w.org\/{rel}","templated":true}]}}