{"id":7841,"date":"2023-08-03T06:00:47","date_gmt":"2023-08-03T09:00:47","guid":{"rendered":"https:\/\/brasilnoticias.org\/site\/?p=7841"},"modified":"2023-08-02T18:12:40","modified_gmt":"2023-08-02T21:12:40","slug":"taxistas-de-salvador-anunciam-paralisacao-nesta-quinta-feira","status":"publish","type":"post","link":"https:\/\/brasilnoticias.org\/site\/taxistas-de-salvador-anunciam-paralisacao-nesta-quinta-feira\/","title":{"rendered":"Taxistas de Salvador anunciam paralisa\u00e7\u00e3o nesta quinta-feira"},"content":{"rendered":"<p>Os taxistas de Salvador anunciaram que ir\u00e3o realizar uma paralisa\u00e7\u00e3o dos servi\u00e7os nesta quinta-feira (3) para reivindicar as condi\u00e7\u00f5es de trabalho e acordos com a Prefeitura. Uma mobiliza\u00e7\u00e3o ser\u00e1 feita, a partir das 07h30, por membros da categoria na sede da Coordena\u00e7\u00e3o de Transportes Especiais (Cotae), na Avenida Vale dos Barris, no Campo Grande. <\/p>\n<p>Entre as pautas de reivindica\u00e7\u00e3o, est\u00e3o as dificuldade nos agendamentos, para emiss\u00e3o de crach\u00e1 e alvar\u00e1s, os excessos de burocracias para documenta\u00e7\u00e3o, as multas abusivas, exames exigidos para o exerc\u00edcio da profiss\u00e3o e a lentid\u00e3o no processo de invent\u00e1rio. <\/p>\n<p>O presidente da AGT, Denis Paim, detalhou que o di\u00e1logo com a Secretaria Mobilidade (Semob), gestora da COTAE, \u00e9 muito dif\u00edcil, o que acaba, segundo ele, impossibilitando nos avan\u00e7os para a categoria. \u201cS\u00e3o pessoas que querem trabalhar, mas acabam desistindo ou convivendo com a insatisfa\u00e7\u00e3o por tantos entraves. Al\u00e9m de n\u00e3o ouvir as pautas de uma categoria importante para a cidade, ainda h\u00e1 a falta de respeito quando pedimos orienta\u00e7\u00e3o para poder manter nossas atividades\u201d, lamenta. <\/p>\n<p>Paim lembrou que a legisla\u00e7\u00e3o municipal da capital baiana exige taxas anuais no valor de R$ 330,00 e a cada dois anos os custos com emiss\u00e3o de 21 certid\u00f5es para serem renovadas. \u201cA gente paga para trabalhar, vende o almo\u00e7o para comprar a janta. S\u00e3o condi\u00e7\u00f5es que n\u00e3o suportamos mais e \u00e9 desleal com o atual cen\u00e1rio de clientes que utilizam o servi\u00e7o de t\u00e1xi na cidade. \u00c9 preciso mais sensibilidade com o pai e m\u00e3e de fam\u00edlia.\u201d<\/p>\n<p>Foto: Divulga\u00e7\u00e3o<br \/>\nFonte: Bahianoticias<\/p>\n","protected":false},"excerpt":{"rendered":"<p>Os taxistas de Salvador anunciaram que ir\u00e3o realizar uma paralisa\u00e7\u00e3o dos servi\u00e7os nesta quinta-feira (3) para reivindicar as condi\u00e7\u00f5es de<\/p>\n","protected":false},"author":4,"featured_media":7843,"comment_status":"open","ping_status":"open","sticky":false,"template":"","format":"standard","meta":{"colormag_page_container_layout":"default_layout","colormag_page_sidebar_layout":"default_layout","_FSMCFIC_featured_image_caption":"","_FSMCFIC_featured_image_nocaption":"","_FSMCFIC_featured_image_hide":"","footnotes":""},"categories":[2,1],"tags":[],"class_list":["post-7841","post","type-post","status-publish","format-standard","has-post-thumbnail","hentry","category-noticias","category-ultimas"],"yoast_head":"<!-- This site is optimized with the Yoast SEO plugin v27.1.1 - https:\/\/yoast.com\/product\/yoast-seo-wordpress\/ -->\n<title>Taxistas de Salvador anunciam paralisa\u00e7\u00e3o nesta quinta-feira - Brasil not\u00edcias<\/title>\n<meta name=\"robots\" content=\"index, follow, max-snippet:-1, max-image-preview:large, max-video-preview:-1\" \/>\n<link rel=\"canonical\" href=\"https:\/\/brasilnoticias.org\/site\/taxistas-de-salvador-anunciam-paralisacao-nesta-quinta-feira\/\" \/>\n<meta property=\"og:locale\" content=\"pt_PT\" \/>\n<meta property=\"og:type\" content=\"article\" \/>\n<meta property=\"og:title\" content=\"Taxistas de Salvador anunciam paralisa\u00e7\u00e3o nesta quinta-feira - Brasil not\u00edcias\" \/>\n<meta property=\"og:description\" content=\"Os taxistas de Salvador anunciaram que ir\u00e3o realizar uma paralisa\u00e7\u00e3o dos servi\u00e7os nesta quinta-feira (3) para reivindicar as condi\u00e7\u00f5es de\" \/>\n<meta property=\"og:url\" content=\"https:\/\/brasilnoticias.org\/site\/taxistas-de-salvador-anunciam-paralisacao-nesta-quinta-feira\/\" \/>\n<meta property=\"og:site_name\" content=\"Brasil not\u00edcias\" \/>\n<meta property=\"article:published_time\" content=\"2023-08-03T09:00:47+00:00\" \/>\n<meta property=\"og:image\" content=\"https:\/\/brasilnoticias.org\/site\/wp-content\/uploads\/2023\/08\/IMAGEM_NOTICIA_5.webp\" \/>\n\t<meta property=\"og:image:width\" content=\"597\" \/>\n\t<meta property=\"og:image:height\" content=\"380\" \/>\n\t<meta property=\"og:image:type\" content=\"image\/webp\" \/>\n<meta name=\"author\" content=\"Reda\u00e7\u00e3o\" \/>\n<meta name=\"twitter:card\" content=\"summary_large_image\" \/>\n<meta name=\"twitter:label1\" content=\"Escrito por\" \/>\n\t<meta name=\"twitter:data1\" content=\"Reda\u00e7\u00e3o\" \/>\n\t<meta name=\"twitter:label2\" content=\"Tempo estimado de leitura\" \/>\n\t<meta name=\"twitter:data2\" content=\"2 minutos\" \/>\n<script type=\"application\/ld+json\" class=\"yoast-schema-graph\">{\"@context\":\"https:\/\/schema.org\",\"@graph\":[{\"@type\":\"Article\",\"@id\":\"https:\/\/brasilnoticias.org\/site\/taxistas-de-salvador-anunciam-paralisacao-nesta-quinta-feira\/#article\",\"isPartOf\":{\"@id\":\"https:\/\/brasilnoticias.org\/site\/taxistas-de-salvador-anunciam-paralisacao-nesta-quinta-feira\/\"},\"author\":{\"name\":\"Reda\u00e7\u00e3o\",\"@id\":\"https:\/\/brasilnoticias.org\/site\/#\/schema\/person\/03bbbfe6c7634ad18c26444ea39049fa\"},\"headline\":\"Taxistas de Salvador anunciam paralisa\u00e7\u00e3o nesta quinta-feira\",\"datePublished\":\"2023-08-03T09:00:47+00:00\",\"mainEntityOfPage\":{\"@id\":\"https:\/\/brasilnoticias.org\/site\/taxistas-de-salvador-anunciam-paralisacao-nesta-quinta-feira\/\"},\"wordCount\":289,\"commentCount\":0,\"publisher\":{\"@id\":\"https:\/\/brasilnoticias.org\/site\/#organization\"},\"image\":{\"@id\":\"https:\/\/brasilnoticias.org\/site\/taxistas-de-salvador-anunciam-paralisacao-nesta-quinta-feira\/#primaryimage\"},\"thumbnailUrl\":\"https:\/\/brasilnoticias.org\/site\/wp-content\/uploads\/2023\/08\/IMAGEM_NOTICIA_5.webp\",\"articleSection\":[\"Not\u00edcias\",\"\u00daltimas\"],\"inLanguage\":\"pt-PT\",\"potentialAction\":[{\"@type\":\"CommentAction\",\"name\":\"Comment\",\"target\":[\"https:\/\/brasilnoticias.org\/site\/taxistas-de-salvador-anunciam-paralisacao-nesta-quinta-feira\/#respond\"]}]},{\"@type\":\"WebPage\",\"@id\":\"https:\/\/brasilnoticias.org\/site\/taxistas-de-salvador-anunciam-paralisacao-nesta-quinta-feira\/\",\"url\":\"https:\/\/brasilnoticias.org\/site\/taxistas-de-salvador-anunciam-paralisacao-nesta-quinta-feira\/\",\"name\":\"Taxistas de Salvador anunciam paralisa\u00e7\u00e3o nesta quinta-feira - Brasil not\u00edcias\",\"isPartOf\":{\"@id\":\"https:\/\/brasilnoticias.org\/site\/#website\"},\"primaryImageOfPage\":{\"@id\":\"https:\/\/brasilnoticias.org\/site\/taxistas-de-salvador-anunciam-paralisacao-nesta-quinta-feira\/#primaryimage\"},\"image\":{\"@id\":\"https:\/\/brasilnoticias.org\/site\/taxistas-de-salvador-anunciam-paralisacao-nesta-quinta-feira\/#primaryimage\"},\"thumbnailUrl\":\"https:\/\/brasilnoticias.org\/site\/wp-content\/uploads\/2023\/08\/IMAGEM_NOTICIA_5.webp\",\"datePublished\":\"2023-08-03T09:00:47+00:00\",\"breadcrumb\":{\"@id\":\"https:\/\/brasilnoticias.org\/site\/taxistas-de-salvador-anunciam-paralisacao-nesta-quinta-feira\/#breadcrumb\"},\"inLanguage\":\"pt-PT\",\"potentialAction\":[{\"@type\":\"ReadAction\",\"target\":[\"https:\/\/brasilnoticias.org\/site\/taxistas-de-salvador-anunciam-paralisacao-nesta-quinta-feira\/\"]}]},{\"@type\":\"ImageObject\",\"inLanguage\":\"pt-PT\",\"@id\":\"https:\/\/brasilnoticias.org\/site\/taxistas-de-salvador-anunciam-paralisacao-nesta-quinta-feira\/#primaryimage\",\"url\":\"https:\/\/brasilnoticias.org\/site\/wp-content\/uploads\/2023\/08\/IMAGEM_NOTICIA_5.webp\",\"contentUrl\":\"https:\/\/brasilnoticias.org\/site\/wp-content\/uploads\/2023\/08\/IMAGEM_NOTICIA_5.webp\",\"width\":597,\"height\":380},{\"@type\":\"BreadcrumbList\",\"@id\":\"https:\/\/brasilnoticias.org\/site\/taxistas-de-salvador-anunciam-paralisacao-nesta-quinta-feira\/#breadcrumb\",\"itemListElement\":[{\"@type\":\"ListItem\",\"position\":1,\"name\":\"In\u00edcio\",\"item\":\"https:\/\/brasilnoticias.org\/site\/\"},{\"@type\":\"ListItem\",\"position\":2,\"name\":\"Taxistas de Salvador anunciam paralisa\u00e7\u00e3o nesta quinta-feira\"}]},{\"@type\":\"WebSite\",\"@id\":\"https:\/\/brasilnoticias.org\/site\/#website\",\"url\":\"https:\/\/brasilnoticias.org\/site\/\",\"name\":\"Brasil not\u00edcias\",\"description\":\"Brasil not\u00edcias\",\"publisher\":{\"@id\":\"https:\/\/brasilnoticias.org\/site\/#organization\"},\"potentialAction\":[{\"@type\":\"SearchAction\",\"target\":{\"@type\":\"EntryPoint\",\"urlTemplate\":\"https:\/\/brasilnoticias.org\/site\/?s={search_term_string}\"},\"query-input\":{\"@type\":\"PropertyValueSpecification\",\"valueRequired\":true,\"valueName\":\"search_term_string\"}}],\"inLanguage\":\"pt-PT\"},{\"@type\":\"Organization\",\"@id\":\"https:\/\/brasilnoticias.org\/site\/#organization\",\"name\":\"Brasil not\u00edcias\",\"url\":\"https:\/\/brasilnoticias.org\/site\/\",\"logo\":{\"@type\":\"ImageObject\",\"inLanguage\":\"pt-PT\",\"@id\":\"https:\/\/brasilnoticias.org\/site\/#\/schema\/logo\/image\/\",\"url\":\"https:\/\/brasilnoticias.org\/site\/wp-content\/uploads\/2022\/05\/cropped-brasilnoticias-mini.jpg\",\"contentUrl\":\"https:\/\/brasilnoticias.org\/site\/wp-content\/uploads\/2022\/05\/cropped-brasilnoticias-mini.jpg\",\"width\":314,\"height\":86,\"caption\":\"Brasil not\u00edcias\"},\"image\":{\"@id\":\"https:\/\/brasilnoticias.org\/site\/#\/schema\/logo\/image\/\"}},{\"@type\":\"Person\",\"@id\":\"https:\/\/brasilnoticias.org\/site\/#\/schema\/person\/03bbbfe6c7634ad18c26444ea39049fa\",\"name\":\"Reda\u00e7\u00e3o\",\"image\":{\"@type\":\"ImageObject\",\"inLanguage\":\"pt-PT\",\"@id\":\"https:\/\/brasilnoticias.org\/site\/#\/schema\/person\/image\/\",\"url\":\"https:\/\/secure.gravatar.com\/avatar\/9ecaf7327a696cb23ad926fedded5f1f04d7049de9e445375d55b48c001a6e42?s=96&d=mm&r=g\",\"contentUrl\":\"https:\/\/secure.gravatar.com\/avatar\/9ecaf7327a696cb23ad926fedded5f1f04d7049de9e445375d55b48c001a6e42?s=96&d=mm&r=g\",\"caption\":\"Reda\u00e7\u00e3o\"},\"url\":\"https:\/\/brasilnoticias.org\/site\/author\/henrique\/\"}]}<\/script>\n<!-- \/ Yoast SEO plugin. -->","yoast_head_json":{"title":"Taxistas de Salvador anunciam paralisa\u00e7\u00e3o nesta quinta-feira - Brasil not\u00edcias","robots":{"index":"index","follow":"follow","max-snippet":"max-snippet:-1","max-image-preview":"max-image-preview:large","max-video-preview":"max-video-preview:-1"},"canonical":"https:\/\/brasilnoticias.org\/site\/taxistas-de-salvador-anunciam-paralisacao-nesta-quinta-feira\/","og_locale":"pt_PT","og_type":"article","og_title":"Taxistas de Salvador anunciam paralisa\u00e7\u00e3o nesta quinta-feira - Brasil not\u00edcias","og_description":"Os taxistas de Salvador anunciaram que ir\u00e3o realizar uma paralisa\u00e7\u00e3o dos servi\u00e7os nesta quinta-feira (3) para reivindicar as condi\u00e7\u00f5es de","og_url":"https:\/\/brasilnoticias.org\/site\/taxistas-de-salvador-anunciam-paralisacao-nesta-quinta-feira\/","og_site_name":"Brasil not\u00edcias","article_published_time":"2023-08-03T09:00:47+00:00","og_image":[{"width":597,"height":380,"url":"https:\/\/brasilnoticias.org\/site\/wp-content\/uploads\/2023\/08\/IMAGEM_NOTICIA_5.webp","type":"image\/webp"}],"author":"Reda\u00e7\u00e3o","twitter_card":"summary_large_image","twitter_misc":{"Escrito por":"Reda\u00e7\u00e3o","Tempo estimado de leitura":"2 minutos"},"schema":{"@context":"https:\/\/schema.org","@graph":[{"@type":"Article","@id":"https:\/\/brasilnoticias.org\/site\/taxistas-de-salvador-anunciam-paralisacao-nesta-quinta-feira\/#article","isPartOf":{"@id":"https:\/\/brasilnoticias.org\/site\/taxistas-de-salvador-anunciam-paralisacao-nesta-quinta-feira\/"},"author":{"name":"Reda\u00e7\u00e3o","@id":"https:\/\/brasilnoticias.org\/site\/#\/schema\/person\/03bbbfe6c7634ad18c26444ea39049fa"},"headline":"Taxistas de Salvador anunciam paralisa\u00e7\u00e3o nesta quinta-feira","datePublished":"2023-08-03T09:00:47+00:00","mainEntityOfPage":{"@id":"https:\/\/brasilnoticias.org\/site\/taxistas-de-salvador-anunciam-paralisacao-nesta-quinta-feira\/"},"wordCount":289,"commentCount":0,"publisher":{"@id":"https:\/\/brasilnoticias.org\/site\/#organization"},"image":{"@id":"https:\/\/brasilnoticias.org\/site\/taxistas-de-salvador-anunciam-paralisacao-nesta-quinta-feira\/#primaryimage"},"thumbnailUrl":"https:\/\/brasilnoticias.org\/site\/wp-content\/uploads\/2023\/08\/IMAGEM_NOTICIA_5.webp","articleSection":["Not\u00edcias","\u00daltimas"],"inLanguage":"pt-PT","potentialAction":[{"@type":"CommentAction","name":"Comment","target":["https:\/\/brasilnoticias.org\/site\/taxistas-de-salvador-anunciam-paralisacao-nesta-quinta-feira\/#respond"]}]},{"@type":"WebPage","@id":"https:\/\/brasilnoticias.org\/site\/taxistas-de-salvador-anunciam-paralisacao-nesta-quinta-feira\/","url":"https:\/\/brasilnoticias.org\/site\/taxistas-de-salvador-anunciam-paralisacao-nesta-quinta-feira\/","name":"Taxistas de Salvador anunciam paralisa\u00e7\u00e3o nesta quinta-feira - Brasil not\u00edcias","isPartOf":{"@id":"https:\/\/brasilnoticias.org\/site\/#website"},"primaryImageOfPage":{"@id":"https:\/\/brasilnoticias.org\/site\/taxistas-de-salvador-anunciam-paralisacao-nesta-quinta-feira\/#primaryimage"},"image":{"@id":"https:\/\/brasilnoticias.org\/site\/taxistas-de-salvador-anunciam-paralisacao-nesta-quinta-feira\/#primaryimage"},"thumbnailUrl":"https:\/\/brasilnoticias.org\/site\/wp-content\/uploads\/2023\/08\/IMAGEM_NOTICIA_5.webp","datePublished":"2023-08-03T09:00:47+00:00","breadcrumb":{"@id":"https:\/\/brasilnoticias.org\/site\/taxistas-de-salvador-anunciam-paralisacao-nesta-quinta-feira\/#breadcrumb"},"inLanguage":"pt-PT","potentialAction":[{"@type":"ReadAction","target":["https:\/\/brasilnoticias.org\/site\/taxistas-de-salvador-anunciam-paralisacao-nesta-quinta-feira\/"]}]},{"@type":"ImageObject","inLanguage":"pt-PT","@id":"https:\/\/brasilnoticias.org\/site\/taxistas-de-salvador-anunciam-paralisacao-nesta-quinta-feira\/#primaryimage","url":"https:\/\/brasilnoticias.org\/site\/wp-content\/uploads\/2023\/08\/IMAGEM_NOTICIA_5.webp","contentUrl":"https:\/\/brasilnoticias.org\/site\/wp-content\/uploads\/2023\/08\/IMAGEM_NOTICIA_5.webp","width":597,"height":380},{"@type":"BreadcrumbList","@id":"https:\/\/brasilnoticias.org\/site\/taxistas-de-salvador-anunciam-paralisacao-nesta-quinta-feira\/#breadcrumb","itemListElement":[{"@type":"ListItem","position":1,"name":"In\u00edcio","item":"https:\/\/brasilnoticias.org\/site\/"},{"@type":"ListItem","position":2,"name":"Taxistas de Salvador anunciam paralisa\u00e7\u00e3o nesta quinta-feira"}]},{"@type":"WebSite","@id":"https:\/\/brasilnoticias.org\/site\/#website","url":"https:\/\/brasilnoticias.org\/site\/","name":"Brasil not\u00edcias","description":"Brasil not\u00edcias","publisher":{"@id":"https:\/\/brasilnoticias.org\/site\/#organization"},"potentialAction":[{"@type":"SearchAction","target":{"@type":"EntryPoint","urlTemplate":"https:\/\/brasilnoticias.org\/site\/?s={search_term_string}"},"query-input":{"@type":"PropertyValueSpecification","valueRequired":true,"valueName":"search_term_string"}}],"inLanguage":"pt-PT"},{"@type":"Organization","@id":"https:\/\/brasilnoticias.org\/site\/#organization","name":"Brasil not\u00edcias","url":"https:\/\/brasilnoticias.org\/site\/","logo":{"@type":"ImageObject","inLanguage":"pt-PT","@id":"https:\/\/brasilnoticias.org\/site\/#\/schema\/logo\/image\/","url":"https:\/\/brasilnoticias.org\/site\/wp-content\/uploads\/2022\/05\/cropped-brasilnoticias-mini.jpg","contentUrl":"https:\/\/brasilnoticias.org\/site\/wp-content\/uploads\/2022\/05\/cropped-brasilnoticias-mini.jpg","width":314,"height":86,"caption":"Brasil not\u00edcias"},"image":{"@id":"https:\/\/brasilnoticias.org\/site\/#\/schema\/logo\/image\/"}},{"@type":"Person","@id":"https:\/\/brasilnoticias.org\/site\/#\/schema\/person\/03bbbfe6c7634ad18c26444ea39049fa","name":"Reda\u00e7\u00e3o","image":{"@type":"ImageObject","inLanguage":"pt-PT","@id":"https:\/\/brasilnoticias.org\/site\/#\/schema\/person\/image\/","url":"https:\/\/secure.gravatar.com\/avatar\/9ecaf7327a696cb23ad926fedded5f1f04d7049de9e445375d55b48c001a6e42?s=96&d=mm&r=g","contentUrl":"https:\/\/secure.gravatar.com\/avatar\/9ecaf7327a696cb23ad926fedded5f1f04d7049de9e445375d55b48c001a6e42?s=96&d=mm&r=g","caption":"Reda\u00e7\u00e3o"},"url":"https:\/\/brasilnoticias.org\/site\/author\/henrique\/"}]}},"_links":{"self":[{"href":"https:\/\/brasilnoticias.org\/site\/wp-json\/wp\/v2\/posts\/7841","targetHints":{"allow":["GET"]}}],"collection":[{"href":"https:\/\/brasilnoticias.org\/site\/wp-json\/wp\/v2\/posts"}],"about":[{"href":"https:\/\/brasilnoticias.org\/site\/wp-json\/wp\/v2\/types\/post"}],"author":[{"embeddable":true,"href":"https:\/\/brasilnoticias.org\/site\/wp-json\/wp\/v2\/users\/4"}],"replies":[{"embeddable":true,"href":"https:\/\/brasilnoticias.org\/site\/wp-json\/wp\/v2\/comments?post=7841"}],"version-history":[{"count":1,"href":"https:\/\/brasilnoticias.org\/site\/wp-json\/wp\/v2\/posts\/7841\/revisions"}],"predecessor-version":[{"id":7842,"href":"https:\/\/brasilnoticias.org\/site\/wp-json\/wp\/v2\/posts\/7841\/revisions\/7842"}],"wp:featuredmedia":[{"embeddable":true,"href":"https:\/\/brasilnoticias.org\/site\/wp-json\/wp\/v2\/media\/7843"}],"wp:attachment":[{"href":"https:\/\/brasilnoticias.org\/site\/wp-json\/wp\/v2\/media?parent=7841"}],"wp:term":[{"taxonomy":"category","embeddable":true,"href":"https:\/\/brasilnoticias.org\/site\/wp-json\/wp\/v2\/categories?post=7841"},{"taxonomy":"post_tag","embeddable":true,"href":"https:\/\/brasilnoticias.org\/site\/wp-json\/wp\/v2\/tags?post=7841"}],"curies":[{"name":"wp","href":"https:\/\/api.w.org\/{rel}","templated":true}]}}