{"id":7850,"date":"2023-08-03T08:16:57","date_gmt":"2023-08-03T11:16:57","guid":{"rendered":"https:\/\/brasilnoticias.org\/site\/?p=7850"},"modified":"2023-08-02T18:18:54","modified_gmt":"2023-08-02T21:18:54","slug":"filme-axe-canto-do-povo-de-um-lugar-ficara-no-catalogo-da-netflix-ate-11-de-agosto","status":"publish","type":"post","link":"https:\/\/brasilnoticias.org\/site\/filme-axe-canto-do-povo-de-um-lugar-ficara-no-catalogo-da-netflix-ate-11-de-agosto\/","title":{"rendered":"Filme &#8216;Ax\u00e9 &#8211; Canto do Povo de Um Lugar&#8217; ficar\u00e1 no cat\u00e1logo da Netflix at\u00e9 11 de agosto"},"content":{"rendered":"<p>Document\u00e1rio venceu em 2017 a oitava edi\u00e7\u00e3o do Festival de Filme Independente da \u00c1ustria<\/p>\n<p>O filme &#8220;Ax\u00e9 &#8211; Canto do Povo de Um Lugar&#8221; (2016), do diretor Chico Kert\u00e9sz, ficar\u00e1 no cat\u00e1logo da Netflix at\u00e9 o dia 11 de agosto. Ax\u00e9 que venceu em 2017 a oitava edi\u00e7\u00e3o do Festival de Filme Independente da \u00c1ustria, na categoria Melhor Document\u00e1rio, entrou na plataforma em agosto de 2020. <\/p>\n<p>O document\u00e1rio tem imagens raras de arquivo e depoimentos de nomes como Daniela Mercury, Wesley Rangel, Caetano Veloso, Bell Marques, Max Pierre, Ivete Sangalo, Saulo e outros. O filme document\u00e1rio reconstr\u00f3i passo-a-passo a hist\u00f3ria da m\u00fasica carnavalesca baiana ap\u00f3s o sucesso de vendas do \u00e1lbum &#8220;Magia&#8221; (1985), de Luiz Caldas, tomado como marco zero da cena, e embalado pelo hit &#8220;Fricote&#8221; (Luiz e Paulinho Camafeu).<\/p>\n<p>Sucesso de p\u00fablico nos cinemas, o document\u00e1rio foi lan\u00e7ado em DVD e exibido ao vivo no YouTube em duas ocasi\u00f5es durante a pandemia, nos dias 2 e 3 de abril.<\/p>\n<p>Foto: Divulga\u00e7\u00e3o<br \/>\nfonte: Metro1<\/p>\n","protected":false},"excerpt":{"rendered":"<p>Document\u00e1rio venceu em 2017 a oitava edi\u00e7\u00e3o do Festival de Filme Independente da \u00c1ustria O filme &#8220;Ax\u00e9 &#8211; Canto do<\/p>\n","protected":false},"author":4,"featured_media":7851,"comment_status":"open","ping_status":"open","sticky":false,"template":"","format":"standard","meta":{"colormag_page_container_layout":"default_layout","colormag_page_sidebar_layout":"default_layout","_FSMCFIC_featured_image_caption":"","_FSMCFIC_featured_image_nocaption":"","_FSMCFIC_featured_image_hide":"","footnotes":""},"categories":[8,1],"tags":[],"class_list":["post-7850","post","type-post","status-publish","format-standard","has-post-thumbnail","hentry","category-entretenimento","category-ultimas"],"yoast_head":"<!-- This site is optimized with the Yoast SEO plugin v27.1.1 - https:\/\/yoast.com\/product\/yoast-seo-wordpress\/ -->\n<title>Filme &#039;Ax\u00e9 - Canto do Povo de Um Lugar&#039; ficar\u00e1 no cat\u00e1logo da Netflix at\u00e9 11 de agosto - Brasil not\u00edcias<\/title>\n<meta name=\"robots\" content=\"index, follow, max-snippet:-1, max-image-preview:large, max-video-preview:-1\" \/>\n<link rel=\"canonical\" href=\"https:\/\/brasilnoticias.org\/site\/filme-axe-canto-do-povo-de-um-lugar-ficara-no-catalogo-da-netflix-ate-11-de-agosto\/\" \/>\n<meta property=\"og:locale\" content=\"pt_PT\" \/>\n<meta property=\"og:type\" content=\"article\" \/>\n<meta property=\"og:title\" content=\"Filme &#039;Ax\u00e9 - Canto do Povo de Um Lugar&#039; ficar\u00e1 no cat\u00e1logo da Netflix at\u00e9 11 de agosto - Brasil not\u00edcias\" \/>\n<meta property=\"og:description\" content=\"Document\u00e1rio venceu em 2017 a oitava edi\u00e7\u00e3o do Festival de Filme Independente da \u00c1ustria O filme &#8220;Ax\u00e9 &#8211; Canto do\" \/>\n<meta property=\"og:url\" content=\"https:\/\/brasilnoticias.org\/site\/filme-axe-canto-do-povo-de-um-lugar-ficara-no-catalogo-da-netflix-ate-11-de-agosto\/\" \/>\n<meta property=\"og:site_name\" content=\"Brasil not\u00edcias\" \/>\n<meta property=\"article:published_time\" content=\"2023-08-03T11:16:57+00:00\" \/>\n<meta property=\"og:image\" content=\"https:\/\/brasilnoticias.org\/site\/wp-content\/uploads\/2023\/08\/139399filme-axe-canto-do-povo-de-um-lugar-ficara-no-catalogo-da-netflix-ate-11-de-agosto-3.jpg\" \/>\n\t<meta property=\"og:image:width\" content=\"1600\" \/>\n\t<meta property=\"og:image:height\" content=\"752\" \/>\n\t<meta property=\"og:image:type\" content=\"image\/jpeg\" \/>\n<meta name=\"author\" content=\"Reda\u00e7\u00e3o\" \/>\n<meta name=\"twitter:card\" content=\"summary_large_image\" \/>\n<meta name=\"twitter:label1\" content=\"Escrito por\" \/>\n\t<meta name=\"twitter:data1\" content=\"Reda\u00e7\u00e3o\" \/>\n<script type=\"application\/ld+json\" class=\"yoast-schema-graph\">{\"@context\":\"https:\/\/schema.org\",\"@graph\":[{\"@type\":\"Article\",\"@id\":\"https:\/\/brasilnoticias.org\/site\/filme-axe-canto-do-povo-de-um-lugar-ficara-no-catalogo-da-netflix-ate-11-de-agosto\/#article\",\"isPartOf\":{\"@id\":\"https:\/\/brasilnoticias.org\/site\/filme-axe-canto-do-povo-de-um-lugar-ficara-no-catalogo-da-netflix-ate-11-de-agosto\/\"},\"author\":{\"name\":\"Reda\u00e7\u00e3o\",\"@id\":\"https:\/\/brasilnoticias.org\/site\/#\/schema\/person\/03bbbfe6c7634ad18c26444ea39049fa\"},\"headline\":\"Filme &#8216;Ax\u00e9 &#8211; Canto do Povo de Um Lugar&#8217; ficar\u00e1 no cat\u00e1logo da Netflix at\u00e9 11 de agosto\",\"datePublished\":\"2023-08-03T11:16:57+00:00\",\"mainEntityOfPage\":{\"@id\":\"https:\/\/brasilnoticias.org\/site\/filme-axe-canto-do-povo-de-um-lugar-ficara-no-catalogo-da-netflix-ate-11-de-agosto\/\"},\"wordCount\":192,\"commentCount\":0,\"publisher\":{\"@id\":\"https:\/\/brasilnoticias.org\/site\/#organization\"},\"image\":{\"@id\":\"https:\/\/brasilnoticias.org\/site\/filme-axe-canto-do-povo-de-um-lugar-ficara-no-catalogo-da-netflix-ate-11-de-agosto\/#primaryimage\"},\"thumbnailUrl\":\"https:\/\/brasilnoticias.org\/site\/wp-content\/uploads\/2023\/08\/139399filme-axe-canto-do-povo-de-um-lugar-ficara-no-catalogo-da-netflix-ate-11-de-agosto-3.jpg\",\"articleSection\":[\"Entretenimento\",\"\u00daltimas\"],\"inLanguage\":\"pt-PT\",\"potentialAction\":[{\"@type\":\"CommentAction\",\"name\":\"Comment\",\"target\":[\"https:\/\/brasilnoticias.org\/site\/filme-axe-canto-do-povo-de-um-lugar-ficara-no-catalogo-da-netflix-ate-11-de-agosto\/#respond\"]}]},{\"@type\":\"WebPage\",\"@id\":\"https:\/\/brasilnoticias.org\/site\/filme-axe-canto-do-povo-de-um-lugar-ficara-no-catalogo-da-netflix-ate-11-de-agosto\/\",\"url\":\"https:\/\/brasilnoticias.org\/site\/filme-axe-canto-do-povo-de-um-lugar-ficara-no-catalogo-da-netflix-ate-11-de-agosto\/\",\"name\":\"Filme 'Ax\u00e9 - Canto do Povo de Um Lugar' ficar\u00e1 no cat\u00e1logo da Netflix at\u00e9 11 de agosto - Brasil not\u00edcias\",\"isPartOf\":{\"@id\":\"https:\/\/brasilnoticias.org\/site\/#website\"},\"primaryImageOfPage\":{\"@id\":\"https:\/\/brasilnoticias.org\/site\/filme-axe-canto-do-povo-de-um-lugar-ficara-no-catalogo-da-netflix-ate-11-de-agosto\/#primaryimage\"},\"image\":{\"@id\":\"https:\/\/brasilnoticias.org\/site\/filme-axe-canto-do-povo-de-um-lugar-ficara-no-catalogo-da-netflix-ate-11-de-agosto\/#primaryimage\"},\"thumbnailUrl\":\"https:\/\/brasilnoticias.org\/site\/wp-content\/uploads\/2023\/08\/139399filme-axe-canto-do-povo-de-um-lugar-ficara-no-catalogo-da-netflix-ate-11-de-agosto-3.jpg\",\"datePublished\":\"2023-08-03T11:16:57+00:00\",\"breadcrumb\":{\"@id\":\"https:\/\/brasilnoticias.org\/site\/filme-axe-canto-do-povo-de-um-lugar-ficara-no-catalogo-da-netflix-ate-11-de-agosto\/#breadcrumb\"},\"inLanguage\":\"pt-PT\",\"potentialAction\":[{\"@type\":\"ReadAction\",\"target\":[\"https:\/\/brasilnoticias.org\/site\/filme-axe-canto-do-povo-de-um-lugar-ficara-no-catalogo-da-netflix-ate-11-de-agosto\/\"]}]},{\"@type\":\"ImageObject\",\"inLanguage\":\"pt-PT\",\"@id\":\"https:\/\/brasilnoticias.org\/site\/filme-axe-canto-do-povo-de-um-lugar-ficara-no-catalogo-da-netflix-ate-11-de-agosto\/#primaryimage\",\"url\":\"https:\/\/brasilnoticias.org\/site\/wp-content\/uploads\/2023\/08\/139399filme-axe-canto-do-povo-de-um-lugar-ficara-no-catalogo-da-netflix-ate-11-de-agosto-3.jpg\",\"contentUrl\":\"https:\/\/brasilnoticias.org\/site\/wp-content\/uploads\/2023\/08\/139399filme-axe-canto-do-povo-de-um-lugar-ficara-no-catalogo-da-netflix-ate-11-de-agosto-3.jpg\",\"width\":1600,\"height\":752},{\"@type\":\"BreadcrumbList\",\"@id\":\"https:\/\/brasilnoticias.org\/site\/filme-axe-canto-do-povo-de-um-lugar-ficara-no-catalogo-da-netflix-ate-11-de-agosto\/#breadcrumb\",\"itemListElement\":[{\"@type\":\"ListItem\",\"position\":1,\"name\":\"In\u00edcio\",\"item\":\"https:\/\/brasilnoticias.org\/site\/\"},{\"@type\":\"ListItem\",\"position\":2,\"name\":\"Filme &#8216;Ax\u00e9 &#8211; Canto do Povo de Um Lugar&#8217; ficar\u00e1 no cat\u00e1logo da Netflix at\u00e9 11 de agosto\"}]},{\"@type\":\"WebSite\",\"@id\":\"https:\/\/brasilnoticias.org\/site\/#website\",\"url\":\"https:\/\/brasilnoticias.org\/site\/\",\"name\":\"Brasil not\u00edcias\",\"description\":\"Brasil not\u00edcias\",\"publisher\":{\"@id\":\"https:\/\/brasilnoticias.org\/site\/#organization\"},\"potentialAction\":[{\"@type\":\"SearchAction\",\"target\":{\"@type\":\"EntryPoint\",\"urlTemplate\":\"https:\/\/brasilnoticias.org\/site\/?s={search_term_string}\"},\"query-input\":{\"@type\":\"PropertyValueSpecification\",\"valueRequired\":true,\"valueName\":\"search_term_string\"}}],\"inLanguage\":\"pt-PT\"},{\"@type\":\"Organization\",\"@id\":\"https:\/\/brasilnoticias.org\/site\/#organization\",\"name\":\"Brasil not\u00edcias\",\"url\":\"https:\/\/brasilnoticias.org\/site\/\",\"logo\":{\"@type\":\"ImageObject\",\"inLanguage\":\"pt-PT\",\"@id\":\"https:\/\/brasilnoticias.org\/site\/#\/schema\/logo\/image\/\",\"url\":\"https:\/\/brasilnoticias.org\/site\/wp-content\/uploads\/2022\/05\/cropped-brasilnoticias-mini.jpg\",\"contentUrl\":\"https:\/\/brasilnoticias.org\/site\/wp-content\/uploads\/2022\/05\/cropped-brasilnoticias-mini.jpg\",\"width\":314,\"height\":86,\"caption\":\"Brasil not\u00edcias\"},\"image\":{\"@id\":\"https:\/\/brasilnoticias.org\/site\/#\/schema\/logo\/image\/\"}},{\"@type\":\"Person\",\"@id\":\"https:\/\/brasilnoticias.org\/site\/#\/schema\/person\/03bbbfe6c7634ad18c26444ea39049fa\",\"name\":\"Reda\u00e7\u00e3o\",\"image\":{\"@type\":\"ImageObject\",\"inLanguage\":\"pt-PT\",\"@id\":\"https:\/\/brasilnoticias.org\/site\/#\/schema\/person\/image\/\",\"url\":\"https:\/\/secure.gravatar.com\/avatar\/9ecaf7327a696cb23ad926fedded5f1f04d7049de9e445375d55b48c001a6e42?s=96&d=mm&r=g\",\"contentUrl\":\"https:\/\/secure.gravatar.com\/avatar\/9ecaf7327a696cb23ad926fedded5f1f04d7049de9e445375d55b48c001a6e42?s=96&d=mm&r=g\",\"caption\":\"Reda\u00e7\u00e3o\"},\"url\":\"https:\/\/brasilnoticias.org\/site\/author\/henrique\/\"}]}<\/script>\n<!-- \/ Yoast SEO plugin. -->","yoast_head_json":{"title":"Filme 'Ax\u00e9 - Canto do Povo de Um Lugar' ficar\u00e1 no cat\u00e1logo da Netflix at\u00e9 11 de agosto - Brasil not\u00edcias","robots":{"index":"index","follow":"follow","max-snippet":"max-snippet:-1","max-image-preview":"max-image-preview:large","max-video-preview":"max-video-preview:-1"},"canonical":"https:\/\/brasilnoticias.org\/site\/filme-axe-canto-do-povo-de-um-lugar-ficara-no-catalogo-da-netflix-ate-11-de-agosto\/","og_locale":"pt_PT","og_type":"article","og_title":"Filme 'Ax\u00e9 - Canto do Povo de Um Lugar' ficar\u00e1 no cat\u00e1logo da Netflix at\u00e9 11 de agosto - Brasil not\u00edcias","og_description":"Document\u00e1rio venceu em 2017 a oitava edi\u00e7\u00e3o do Festival de Filme Independente da \u00c1ustria O filme &#8220;Ax\u00e9 &#8211; Canto do","og_url":"https:\/\/brasilnoticias.org\/site\/filme-axe-canto-do-povo-de-um-lugar-ficara-no-catalogo-da-netflix-ate-11-de-agosto\/","og_site_name":"Brasil not\u00edcias","article_published_time":"2023-08-03T11:16:57+00:00","og_image":[{"width":1600,"height":752,"url":"https:\/\/brasilnoticias.org\/site\/wp-content\/uploads\/2023\/08\/139399filme-axe-canto-do-povo-de-um-lugar-ficara-no-catalogo-da-netflix-ate-11-de-agosto-3.jpg","type":"image\/jpeg"}],"author":"Reda\u00e7\u00e3o","twitter_card":"summary_large_image","twitter_misc":{"Escrito por":"Reda\u00e7\u00e3o"},"schema":{"@context":"https:\/\/schema.org","@graph":[{"@type":"Article","@id":"https:\/\/brasilnoticias.org\/site\/filme-axe-canto-do-povo-de-um-lugar-ficara-no-catalogo-da-netflix-ate-11-de-agosto\/#article","isPartOf":{"@id":"https:\/\/brasilnoticias.org\/site\/filme-axe-canto-do-povo-de-um-lugar-ficara-no-catalogo-da-netflix-ate-11-de-agosto\/"},"author":{"name":"Reda\u00e7\u00e3o","@id":"https:\/\/brasilnoticias.org\/site\/#\/schema\/person\/03bbbfe6c7634ad18c26444ea39049fa"},"headline":"Filme &#8216;Ax\u00e9 &#8211; Canto do Povo de Um Lugar&#8217; ficar\u00e1 no cat\u00e1logo da Netflix at\u00e9 11 de agosto","datePublished":"2023-08-03T11:16:57+00:00","mainEntityOfPage":{"@id":"https:\/\/brasilnoticias.org\/site\/filme-axe-canto-do-povo-de-um-lugar-ficara-no-catalogo-da-netflix-ate-11-de-agosto\/"},"wordCount":192,"commentCount":0,"publisher":{"@id":"https:\/\/brasilnoticias.org\/site\/#organization"},"image":{"@id":"https:\/\/brasilnoticias.org\/site\/filme-axe-canto-do-povo-de-um-lugar-ficara-no-catalogo-da-netflix-ate-11-de-agosto\/#primaryimage"},"thumbnailUrl":"https:\/\/brasilnoticias.org\/site\/wp-content\/uploads\/2023\/08\/139399filme-axe-canto-do-povo-de-um-lugar-ficara-no-catalogo-da-netflix-ate-11-de-agosto-3.jpg","articleSection":["Entretenimento","\u00daltimas"],"inLanguage":"pt-PT","potentialAction":[{"@type":"CommentAction","name":"Comment","target":["https:\/\/brasilnoticias.org\/site\/filme-axe-canto-do-povo-de-um-lugar-ficara-no-catalogo-da-netflix-ate-11-de-agosto\/#respond"]}]},{"@type":"WebPage","@id":"https:\/\/brasilnoticias.org\/site\/filme-axe-canto-do-povo-de-um-lugar-ficara-no-catalogo-da-netflix-ate-11-de-agosto\/","url":"https:\/\/brasilnoticias.org\/site\/filme-axe-canto-do-povo-de-um-lugar-ficara-no-catalogo-da-netflix-ate-11-de-agosto\/","name":"Filme 'Ax\u00e9 - Canto do Povo de Um Lugar' ficar\u00e1 no cat\u00e1logo da Netflix at\u00e9 11 de agosto - Brasil not\u00edcias","isPartOf":{"@id":"https:\/\/brasilnoticias.org\/site\/#website"},"primaryImageOfPage":{"@id":"https:\/\/brasilnoticias.org\/site\/filme-axe-canto-do-povo-de-um-lugar-ficara-no-catalogo-da-netflix-ate-11-de-agosto\/#primaryimage"},"image":{"@id":"https:\/\/brasilnoticias.org\/site\/filme-axe-canto-do-povo-de-um-lugar-ficara-no-catalogo-da-netflix-ate-11-de-agosto\/#primaryimage"},"thumbnailUrl":"https:\/\/brasilnoticias.org\/site\/wp-content\/uploads\/2023\/08\/139399filme-axe-canto-do-povo-de-um-lugar-ficara-no-catalogo-da-netflix-ate-11-de-agosto-3.jpg","datePublished":"2023-08-03T11:16:57+00:00","breadcrumb":{"@id":"https:\/\/brasilnoticias.org\/site\/filme-axe-canto-do-povo-de-um-lugar-ficara-no-catalogo-da-netflix-ate-11-de-agosto\/#breadcrumb"},"inLanguage":"pt-PT","potentialAction":[{"@type":"ReadAction","target":["https:\/\/brasilnoticias.org\/site\/filme-axe-canto-do-povo-de-um-lugar-ficara-no-catalogo-da-netflix-ate-11-de-agosto\/"]}]},{"@type":"ImageObject","inLanguage":"pt-PT","@id":"https:\/\/brasilnoticias.org\/site\/filme-axe-canto-do-povo-de-um-lugar-ficara-no-catalogo-da-netflix-ate-11-de-agosto\/#primaryimage","url":"https:\/\/brasilnoticias.org\/site\/wp-content\/uploads\/2023\/08\/139399filme-axe-canto-do-povo-de-um-lugar-ficara-no-catalogo-da-netflix-ate-11-de-agosto-3.jpg","contentUrl":"https:\/\/brasilnoticias.org\/site\/wp-content\/uploads\/2023\/08\/139399filme-axe-canto-do-povo-de-um-lugar-ficara-no-catalogo-da-netflix-ate-11-de-agosto-3.jpg","width":1600,"height":752},{"@type":"BreadcrumbList","@id":"https:\/\/brasilnoticias.org\/site\/filme-axe-canto-do-povo-de-um-lugar-ficara-no-catalogo-da-netflix-ate-11-de-agosto\/#breadcrumb","itemListElement":[{"@type":"ListItem","position":1,"name":"In\u00edcio","item":"https:\/\/brasilnoticias.org\/site\/"},{"@type":"ListItem","position":2,"name":"Filme &#8216;Ax\u00e9 &#8211; Canto do Povo de Um Lugar&#8217; ficar\u00e1 no cat\u00e1logo da Netflix at\u00e9 11 de agosto"}]},{"@type":"WebSite","@id":"https:\/\/brasilnoticias.org\/site\/#website","url":"https:\/\/brasilnoticias.org\/site\/","name":"Brasil not\u00edcias","description":"Brasil not\u00edcias","publisher":{"@id":"https:\/\/brasilnoticias.org\/site\/#organization"},"potentialAction":[{"@type":"SearchAction","target":{"@type":"EntryPoint","urlTemplate":"https:\/\/brasilnoticias.org\/site\/?s={search_term_string}"},"query-input":{"@type":"PropertyValueSpecification","valueRequired":true,"valueName":"search_term_string"}}],"inLanguage":"pt-PT"},{"@type":"Organization","@id":"https:\/\/brasilnoticias.org\/site\/#organization","name":"Brasil not\u00edcias","url":"https:\/\/brasilnoticias.org\/site\/","logo":{"@type":"ImageObject","inLanguage":"pt-PT","@id":"https:\/\/brasilnoticias.org\/site\/#\/schema\/logo\/image\/","url":"https:\/\/brasilnoticias.org\/site\/wp-content\/uploads\/2022\/05\/cropped-brasilnoticias-mini.jpg","contentUrl":"https:\/\/brasilnoticias.org\/site\/wp-content\/uploads\/2022\/05\/cropped-brasilnoticias-mini.jpg","width":314,"height":86,"caption":"Brasil not\u00edcias"},"image":{"@id":"https:\/\/brasilnoticias.org\/site\/#\/schema\/logo\/image\/"}},{"@type":"Person","@id":"https:\/\/brasilnoticias.org\/site\/#\/schema\/person\/03bbbfe6c7634ad18c26444ea39049fa","name":"Reda\u00e7\u00e3o","image":{"@type":"ImageObject","inLanguage":"pt-PT","@id":"https:\/\/brasilnoticias.org\/site\/#\/schema\/person\/image\/","url":"https:\/\/secure.gravatar.com\/avatar\/9ecaf7327a696cb23ad926fedded5f1f04d7049de9e445375d55b48c001a6e42?s=96&d=mm&r=g","contentUrl":"https:\/\/secure.gravatar.com\/avatar\/9ecaf7327a696cb23ad926fedded5f1f04d7049de9e445375d55b48c001a6e42?s=96&d=mm&r=g","caption":"Reda\u00e7\u00e3o"},"url":"https:\/\/brasilnoticias.org\/site\/author\/henrique\/"}]}},"_links":{"self":[{"href":"https:\/\/brasilnoticias.org\/site\/wp-json\/wp\/v2\/posts\/7850","targetHints":{"allow":["GET"]}}],"collection":[{"href":"https:\/\/brasilnoticias.org\/site\/wp-json\/wp\/v2\/posts"}],"about":[{"href":"https:\/\/brasilnoticias.org\/site\/wp-json\/wp\/v2\/types\/post"}],"author":[{"embeddable":true,"href":"https:\/\/brasilnoticias.org\/site\/wp-json\/wp\/v2\/users\/4"}],"replies":[{"embeddable":true,"href":"https:\/\/brasilnoticias.org\/site\/wp-json\/wp\/v2\/comments?post=7850"}],"version-history":[{"count":1,"href":"https:\/\/brasilnoticias.org\/site\/wp-json\/wp\/v2\/posts\/7850\/revisions"}],"predecessor-version":[{"id":7852,"href":"https:\/\/brasilnoticias.org\/site\/wp-json\/wp\/v2\/posts\/7850\/revisions\/7852"}],"wp:featuredmedia":[{"embeddable":true,"href":"https:\/\/brasilnoticias.org\/site\/wp-json\/wp\/v2\/media\/7851"}],"wp:attachment":[{"href":"https:\/\/brasilnoticias.org\/site\/wp-json\/wp\/v2\/media?parent=7850"}],"wp:term":[{"taxonomy":"category","embeddable":true,"href":"https:\/\/brasilnoticias.org\/site\/wp-json\/wp\/v2\/categories?post=7850"},{"taxonomy":"post_tag","embeddable":true,"href":"https:\/\/brasilnoticias.org\/site\/wp-json\/wp\/v2\/tags?post=7850"}],"curies":[{"name":"wp","href":"https:\/\/api.w.org\/{rel}","templated":true}]}}