{"id":7872,"date":"2023-08-03T14:30:08","date_gmt":"2023-08-03T17:30:08","guid":{"rendered":"https:\/\/brasilnoticias.org\/site\/?p=7872"},"modified":"2023-08-03T14:30:08","modified_gmt":"2023-08-03T17:30:08","slug":"vitoria-faz-dois-gols-nos-acrescimos-vence-abc-e-assume-a-lideranca-da-serie-b","status":"publish","type":"post","link":"https:\/\/brasilnoticias.org\/site\/vitoria-faz-dois-gols-nos-acrescimos-vence-abc-e-assume-a-lideranca-da-serie-b\/","title":{"rendered":"Vit\u00f3ria faz dois gols nos acr\u00e9scimos, vence ABC e assume a lideran\u00e7a da S\u00e9rie B"},"content":{"rendered":"<p>Com o resultado, o Vit\u00f3ria assumiu a lideran\u00e7a e tem 41 pontos, j\u00e1 o ABC segue na lanterna da S\u00e9rie B e est\u00e1 h\u00e1 cinco jogos sem vencer<\/p>\n<p>Vit\u00f3ria derrotou o lanterninha do Campeonato Brasileiro S\u00e9rie B nesta quarta-feira (2), pela 21\u00aa rodada. Os gols sa\u00edram nos acr\u00e9scimos da segunda etapa, marcados por Giovanni Augusto e Jos\u00e9 Hugo, que garantiram a primeira coloca\u00e7\u00e3o para o clube, vencendo a partida no Barrad\u00e3o.<\/p>\n<p>Com o resultado, o Vit\u00f3ria assumiu a lideran\u00e7a e tem 41 pontos, os mesmos do Sport, que tamb\u00e9m venceu na rodada, mas figura na vice-lideran\u00e7a. O ABC segue na lanterna, e mantem os 13 pontos e cinco derrotas seguidas nos \u00faltimos cinco jogos.<\/p>\n<p>O JOGO<\/p>\n<p>O primeiro tempo foi sem grandes chances claras de jogo e mais concentrado no meio de campo. O Vit\u00f3ria usou mais as jogadas de longa dist\u00e2ncia e bola parada, com Wagner Leonardo, mas n\u00e3o conseguiu balan\u00e7ar as redes. O ABC buscou espa\u00e7os pelas laterais, mas pouco amea\u00e7ou o goleiro Lucas Arcanjo, s\u00f3 levou perigo com o chute de Nathan.<\/p>\n<p>No segundo tempo, as coisas come\u00e7aram do mesmo jeito. Com pouco cria\u00e7\u00e3o de ambos os clubes e desperd\u00edcio de chances. O gols s\u00f3 sa\u00edram nos acr\u00e9scimos da etapa final. Aos 44, Jos\u00e9 Hugo inicia a jogada, passada Matheus, que cruza na cabe\u00e7a de Hugo, que s\u00f3 faz mandar pra dentro do gol, abrindo o placar para o Vit\u00f3ria. O segundo veio aos 53, Giovanni Augusto aproveitou a sobra dentro da \u00e1rea e ampliou no Barrad\u00e3o, 2\u00d70 Vit\u00f3ria e lideran\u00e7a da S\u00e9rie B.<\/p>\n<p>PR\u00d3XIMOS COMPROMISSOS<\/p>\n<p>Na 22\u00aa rodada da S\u00e9rie B, o ABC visita o Cear\u00e1 no Castel\u00e3o. A bola rola no domingo (6), \u00e0s 18h (de Bras\u00edlia). O Vit\u00f3ria visita o Londrina na segunda, fechando a rodada, a partir das 20h no Est\u00e1dio do Caf\u00e9.<\/p>\n<p>Foto: Divulga\u00e7\u00e3o\/Vit\u00f3ria \/ Esporte News Mundo<br \/>\nFonte: Terra<\/p>\n","protected":false},"excerpt":{"rendered":"<p>Com o resultado, o Vit\u00f3ria assumiu a lideran\u00e7a e tem 41 pontos, j\u00e1 o ABC segue na lanterna da S\u00e9rie<\/p>\n","protected":false},"author":4,"featured_media":7873,"comment_status":"open","ping_status":"open","sticky":false,"template":"","format":"standard","meta":{"colormag_page_container_layout":"default_layout","colormag_page_sidebar_layout":"default_layout","_FSMCFIC_featured_image_caption":"","_FSMCFIC_featured_image_nocaption":"","_FSMCFIC_featured_image_hide":"","footnotes":""},"categories":[4,1],"tags":[],"class_list":["post-7872","post","type-post","status-publish","format-standard","has-post-thumbnail","hentry","category-esporte","category-ultimas"],"yoast_head":"<!-- This site is optimized with the Yoast SEO plugin v27.1.1 - https:\/\/yoast.com\/product\/yoast-seo-wordpress\/ -->\n<title>Vit\u00f3ria faz dois gols nos acr\u00e9scimos, vence ABC e assume a lideran\u00e7a da S\u00e9rie B - Brasil not\u00edcias<\/title>\n<meta name=\"robots\" content=\"index, follow, max-snippet:-1, max-image-preview:large, max-video-preview:-1\" \/>\n<link rel=\"canonical\" href=\"https:\/\/brasilnoticias.org\/site\/vitoria-faz-dois-gols-nos-acrescimos-vence-abc-e-assume-a-lideranca-da-serie-b\/\" \/>\n<meta property=\"og:locale\" content=\"pt_PT\" \/>\n<meta property=\"og:type\" content=\"article\" \/>\n<meta property=\"og:title\" content=\"Vit\u00f3ria faz dois gols nos acr\u00e9scimos, vence ABC e assume a lideran\u00e7a da S\u00e9rie B - Brasil not\u00edcias\" \/>\n<meta property=\"og:description\" content=\"Com o resultado, o Vit\u00f3ria assumiu a lideran\u00e7a e tem 41 pontos, j\u00e1 o ABC segue na lanterna da S\u00e9rie\" \/>\n<meta property=\"og:url\" content=\"https:\/\/brasilnoticias.org\/site\/vitoria-faz-dois-gols-nos-acrescimos-vence-abc-e-assume-a-lideranca-da-serie-b\/\" \/>\n<meta property=\"og:site_name\" content=\"Brasil not\u00edcias\" \/>\n<meta property=\"article:published_time\" content=\"2023-08-03T17:30:08+00:00\" \/>\n<meta property=\"og:image\" content=\"https:\/\/brasilnoticias.org\/site\/wp-content\/uploads\/2023\/08\/1392466320-f2ky9gfxwae9lzo.webp\" \/>\n\t<meta property=\"og:image:width\" content=\"774\" \/>\n\t<meta property=\"og:image:height\" content=\"581\" \/>\n\t<meta property=\"og:image:type\" content=\"image\/webp\" \/>\n<meta name=\"author\" content=\"Reda\u00e7\u00e3o\" \/>\n<meta name=\"twitter:card\" content=\"summary_large_image\" \/>\n<meta name=\"twitter:label1\" content=\"Escrito por\" \/>\n\t<meta name=\"twitter:data1\" content=\"Reda\u00e7\u00e3o\" \/>\n<script type=\"application\/ld+json\" class=\"yoast-schema-graph\">{\"@context\":\"https:\/\/schema.org\",\"@graph\":[{\"@type\":\"Article\",\"@id\":\"https:\/\/brasilnoticias.org\/site\/vitoria-faz-dois-gols-nos-acrescimos-vence-abc-e-assume-a-lideranca-da-serie-b\/#article\",\"isPartOf\":{\"@id\":\"https:\/\/brasilnoticias.org\/site\/vitoria-faz-dois-gols-nos-acrescimos-vence-abc-e-assume-a-lideranca-da-serie-b\/\"},\"author\":{\"name\":\"Reda\u00e7\u00e3o\",\"@id\":\"https:\/\/brasilnoticias.org\/site\/#\/schema\/person\/03bbbfe6c7634ad18c26444ea39049fa\"},\"headline\":\"Vit\u00f3ria faz dois gols nos acr\u00e9scimos, vence ABC e assume a lideran\u00e7a da S\u00e9rie B\",\"datePublished\":\"2023-08-03T17:30:08+00:00\",\"mainEntityOfPage\":{\"@id\":\"https:\/\/brasilnoticias.org\/site\/vitoria-faz-dois-gols-nos-acrescimos-vence-abc-e-assume-a-lideranca-da-serie-b\/\"},\"wordCount\":355,\"commentCount\":0,\"publisher\":{\"@id\":\"https:\/\/brasilnoticias.org\/site\/#organization\"},\"image\":{\"@id\":\"https:\/\/brasilnoticias.org\/site\/vitoria-faz-dois-gols-nos-acrescimos-vence-abc-e-assume-a-lideranca-da-serie-b\/#primaryimage\"},\"thumbnailUrl\":\"https:\/\/brasilnoticias.org\/site\/wp-content\/uploads\/2023\/08\/1392466320-f2ky9gfxwae9lzo.webp\",\"articleSection\":[\"Esporte\",\"\u00daltimas\"],\"inLanguage\":\"pt-PT\",\"potentialAction\":[{\"@type\":\"CommentAction\",\"name\":\"Comment\",\"target\":[\"https:\/\/brasilnoticias.org\/site\/vitoria-faz-dois-gols-nos-acrescimos-vence-abc-e-assume-a-lideranca-da-serie-b\/#respond\"]}]},{\"@type\":\"WebPage\",\"@id\":\"https:\/\/brasilnoticias.org\/site\/vitoria-faz-dois-gols-nos-acrescimos-vence-abc-e-assume-a-lideranca-da-serie-b\/\",\"url\":\"https:\/\/brasilnoticias.org\/site\/vitoria-faz-dois-gols-nos-acrescimos-vence-abc-e-assume-a-lideranca-da-serie-b\/\",\"name\":\"Vit\u00f3ria faz dois gols nos acr\u00e9scimos, vence ABC e assume a lideran\u00e7a da S\u00e9rie B - Brasil not\u00edcias\",\"isPartOf\":{\"@id\":\"https:\/\/brasilnoticias.org\/site\/#website\"},\"primaryImageOfPage\":{\"@id\":\"https:\/\/brasilnoticias.org\/site\/vitoria-faz-dois-gols-nos-acrescimos-vence-abc-e-assume-a-lideranca-da-serie-b\/#primaryimage\"},\"image\":{\"@id\":\"https:\/\/brasilnoticias.org\/site\/vitoria-faz-dois-gols-nos-acrescimos-vence-abc-e-assume-a-lideranca-da-serie-b\/#primaryimage\"},\"thumbnailUrl\":\"https:\/\/brasilnoticias.org\/site\/wp-content\/uploads\/2023\/08\/1392466320-f2ky9gfxwae9lzo.webp\",\"datePublished\":\"2023-08-03T17:30:08+00:00\",\"breadcrumb\":{\"@id\":\"https:\/\/brasilnoticias.org\/site\/vitoria-faz-dois-gols-nos-acrescimos-vence-abc-e-assume-a-lideranca-da-serie-b\/#breadcrumb\"},\"inLanguage\":\"pt-PT\",\"potentialAction\":[{\"@type\":\"ReadAction\",\"target\":[\"https:\/\/brasilnoticias.org\/site\/vitoria-faz-dois-gols-nos-acrescimos-vence-abc-e-assume-a-lideranca-da-serie-b\/\"]}]},{\"@type\":\"ImageObject\",\"inLanguage\":\"pt-PT\",\"@id\":\"https:\/\/brasilnoticias.org\/site\/vitoria-faz-dois-gols-nos-acrescimos-vence-abc-e-assume-a-lideranca-da-serie-b\/#primaryimage\",\"url\":\"https:\/\/brasilnoticias.org\/site\/wp-content\/uploads\/2023\/08\/1392466320-f2ky9gfxwae9lzo.webp\",\"contentUrl\":\"https:\/\/brasilnoticias.org\/site\/wp-content\/uploads\/2023\/08\/1392466320-f2ky9gfxwae9lzo.webp\",\"width\":774,\"height\":581},{\"@type\":\"BreadcrumbList\",\"@id\":\"https:\/\/brasilnoticias.org\/site\/vitoria-faz-dois-gols-nos-acrescimos-vence-abc-e-assume-a-lideranca-da-serie-b\/#breadcrumb\",\"itemListElement\":[{\"@type\":\"ListItem\",\"position\":1,\"name\":\"In\u00edcio\",\"item\":\"https:\/\/brasilnoticias.org\/site\/\"},{\"@type\":\"ListItem\",\"position\":2,\"name\":\"Vit\u00f3ria faz dois gols nos acr\u00e9scimos, vence ABC e assume a lideran\u00e7a da S\u00e9rie B\"}]},{\"@type\":\"WebSite\",\"@id\":\"https:\/\/brasilnoticias.org\/site\/#website\",\"url\":\"https:\/\/brasilnoticias.org\/site\/\",\"name\":\"Brasil not\u00edcias\",\"description\":\"Brasil not\u00edcias\",\"publisher\":{\"@id\":\"https:\/\/brasilnoticias.org\/site\/#organization\"},\"potentialAction\":[{\"@type\":\"SearchAction\",\"target\":{\"@type\":\"EntryPoint\",\"urlTemplate\":\"https:\/\/brasilnoticias.org\/site\/?s={search_term_string}\"},\"query-input\":{\"@type\":\"PropertyValueSpecification\",\"valueRequired\":true,\"valueName\":\"search_term_string\"}}],\"inLanguage\":\"pt-PT\"},{\"@type\":\"Organization\",\"@id\":\"https:\/\/brasilnoticias.org\/site\/#organization\",\"name\":\"Brasil not\u00edcias\",\"url\":\"https:\/\/brasilnoticias.org\/site\/\",\"logo\":{\"@type\":\"ImageObject\",\"inLanguage\":\"pt-PT\",\"@id\":\"https:\/\/brasilnoticias.org\/site\/#\/schema\/logo\/image\/\",\"url\":\"https:\/\/brasilnoticias.org\/site\/wp-content\/uploads\/2022\/05\/cropped-brasilnoticias-mini.jpg\",\"contentUrl\":\"https:\/\/brasilnoticias.org\/site\/wp-content\/uploads\/2022\/05\/cropped-brasilnoticias-mini.jpg\",\"width\":314,\"height\":86,\"caption\":\"Brasil not\u00edcias\"},\"image\":{\"@id\":\"https:\/\/brasilnoticias.org\/site\/#\/schema\/logo\/image\/\"}},{\"@type\":\"Person\",\"@id\":\"https:\/\/brasilnoticias.org\/site\/#\/schema\/person\/03bbbfe6c7634ad18c26444ea39049fa\",\"name\":\"Reda\u00e7\u00e3o\",\"image\":{\"@type\":\"ImageObject\",\"inLanguage\":\"pt-PT\",\"@id\":\"https:\/\/brasilnoticias.org\/site\/#\/schema\/person\/image\/\",\"url\":\"https:\/\/secure.gravatar.com\/avatar\/9ecaf7327a696cb23ad926fedded5f1f04d7049de9e445375d55b48c001a6e42?s=96&d=mm&r=g\",\"contentUrl\":\"https:\/\/secure.gravatar.com\/avatar\/9ecaf7327a696cb23ad926fedded5f1f04d7049de9e445375d55b48c001a6e42?s=96&d=mm&r=g\",\"caption\":\"Reda\u00e7\u00e3o\"},\"url\":\"https:\/\/brasilnoticias.org\/site\/author\/henrique\/\"}]}<\/script>\n<!-- \/ Yoast SEO plugin. -->","yoast_head_json":{"title":"Vit\u00f3ria faz dois gols nos acr\u00e9scimos, vence ABC e assume a lideran\u00e7a da S\u00e9rie B - Brasil not\u00edcias","robots":{"index":"index","follow":"follow","max-snippet":"max-snippet:-1","max-image-preview":"max-image-preview:large","max-video-preview":"max-video-preview:-1"},"canonical":"https:\/\/brasilnoticias.org\/site\/vitoria-faz-dois-gols-nos-acrescimos-vence-abc-e-assume-a-lideranca-da-serie-b\/","og_locale":"pt_PT","og_type":"article","og_title":"Vit\u00f3ria faz dois gols nos acr\u00e9scimos, vence ABC e assume a lideran\u00e7a da S\u00e9rie B - Brasil not\u00edcias","og_description":"Com o resultado, o Vit\u00f3ria assumiu a lideran\u00e7a e tem 41 pontos, j\u00e1 o ABC segue na lanterna da S\u00e9rie","og_url":"https:\/\/brasilnoticias.org\/site\/vitoria-faz-dois-gols-nos-acrescimos-vence-abc-e-assume-a-lideranca-da-serie-b\/","og_site_name":"Brasil not\u00edcias","article_published_time":"2023-08-03T17:30:08+00:00","og_image":[{"width":774,"height":581,"url":"https:\/\/brasilnoticias.org\/site\/wp-content\/uploads\/2023\/08\/1392466320-f2ky9gfxwae9lzo.webp","type":"image\/webp"}],"author":"Reda\u00e7\u00e3o","twitter_card":"summary_large_image","twitter_misc":{"Escrito por":"Reda\u00e7\u00e3o"},"schema":{"@context":"https:\/\/schema.org","@graph":[{"@type":"Article","@id":"https:\/\/brasilnoticias.org\/site\/vitoria-faz-dois-gols-nos-acrescimos-vence-abc-e-assume-a-lideranca-da-serie-b\/#article","isPartOf":{"@id":"https:\/\/brasilnoticias.org\/site\/vitoria-faz-dois-gols-nos-acrescimos-vence-abc-e-assume-a-lideranca-da-serie-b\/"},"author":{"name":"Reda\u00e7\u00e3o","@id":"https:\/\/brasilnoticias.org\/site\/#\/schema\/person\/03bbbfe6c7634ad18c26444ea39049fa"},"headline":"Vit\u00f3ria faz dois gols nos acr\u00e9scimos, vence ABC e assume a lideran\u00e7a da S\u00e9rie B","datePublished":"2023-08-03T17:30:08+00:00","mainEntityOfPage":{"@id":"https:\/\/brasilnoticias.org\/site\/vitoria-faz-dois-gols-nos-acrescimos-vence-abc-e-assume-a-lideranca-da-serie-b\/"},"wordCount":355,"commentCount":0,"publisher":{"@id":"https:\/\/brasilnoticias.org\/site\/#organization"},"image":{"@id":"https:\/\/brasilnoticias.org\/site\/vitoria-faz-dois-gols-nos-acrescimos-vence-abc-e-assume-a-lideranca-da-serie-b\/#primaryimage"},"thumbnailUrl":"https:\/\/brasilnoticias.org\/site\/wp-content\/uploads\/2023\/08\/1392466320-f2ky9gfxwae9lzo.webp","articleSection":["Esporte","\u00daltimas"],"inLanguage":"pt-PT","potentialAction":[{"@type":"CommentAction","name":"Comment","target":["https:\/\/brasilnoticias.org\/site\/vitoria-faz-dois-gols-nos-acrescimos-vence-abc-e-assume-a-lideranca-da-serie-b\/#respond"]}]},{"@type":"WebPage","@id":"https:\/\/brasilnoticias.org\/site\/vitoria-faz-dois-gols-nos-acrescimos-vence-abc-e-assume-a-lideranca-da-serie-b\/","url":"https:\/\/brasilnoticias.org\/site\/vitoria-faz-dois-gols-nos-acrescimos-vence-abc-e-assume-a-lideranca-da-serie-b\/","name":"Vit\u00f3ria faz dois gols nos acr\u00e9scimos, vence ABC e assume a lideran\u00e7a da S\u00e9rie B - Brasil not\u00edcias","isPartOf":{"@id":"https:\/\/brasilnoticias.org\/site\/#website"},"primaryImageOfPage":{"@id":"https:\/\/brasilnoticias.org\/site\/vitoria-faz-dois-gols-nos-acrescimos-vence-abc-e-assume-a-lideranca-da-serie-b\/#primaryimage"},"image":{"@id":"https:\/\/brasilnoticias.org\/site\/vitoria-faz-dois-gols-nos-acrescimos-vence-abc-e-assume-a-lideranca-da-serie-b\/#primaryimage"},"thumbnailUrl":"https:\/\/brasilnoticias.org\/site\/wp-content\/uploads\/2023\/08\/1392466320-f2ky9gfxwae9lzo.webp","datePublished":"2023-08-03T17:30:08+00:00","breadcrumb":{"@id":"https:\/\/brasilnoticias.org\/site\/vitoria-faz-dois-gols-nos-acrescimos-vence-abc-e-assume-a-lideranca-da-serie-b\/#breadcrumb"},"inLanguage":"pt-PT","potentialAction":[{"@type":"ReadAction","target":["https:\/\/brasilnoticias.org\/site\/vitoria-faz-dois-gols-nos-acrescimos-vence-abc-e-assume-a-lideranca-da-serie-b\/"]}]},{"@type":"ImageObject","inLanguage":"pt-PT","@id":"https:\/\/brasilnoticias.org\/site\/vitoria-faz-dois-gols-nos-acrescimos-vence-abc-e-assume-a-lideranca-da-serie-b\/#primaryimage","url":"https:\/\/brasilnoticias.org\/site\/wp-content\/uploads\/2023\/08\/1392466320-f2ky9gfxwae9lzo.webp","contentUrl":"https:\/\/brasilnoticias.org\/site\/wp-content\/uploads\/2023\/08\/1392466320-f2ky9gfxwae9lzo.webp","width":774,"height":581},{"@type":"BreadcrumbList","@id":"https:\/\/brasilnoticias.org\/site\/vitoria-faz-dois-gols-nos-acrescimos-vence-abc-e-assume-a-lideranca-da-serie-b\/#breadcrumb","itemListElement":[{"@type":"ListItem","position":1,"name":"In\u00edcio","item":"https:\/\/brasilnoticias.org\/site\/"},{"@type":"ListItem","position":2,"name":"Vit\u00f3ria faz dois gols nos acr\u00e9scimos, vence ABC e assume a lideran\u00e7a da S\u00e9rie B"}]},{"@type":"WebSite","@id":"https:\/\/brasilnoticias.org\/site\/#website","url":"https:\/\/brasilnoticias.org\/site\/","name":"Brasil not\u00edcias","description":"Brasil not\u00edcias","publisher":{"@id":"https:\/\/brasilnoticias.org\/site\/#organization"},"potentialAction":[{"@type":"SearchAction","target":{"@type":"EntryPoint","urlTemplate":"https:\/\/brasilnoticias.org\/site\/?s={search_term_string}"},"query-input":{"@type":"PropertyValueSpecification","valueRequired":true,"valueName":"search_term_string"}}],"inLanguage":"pt-PT"},{"@type":"Organization","@id":"https:\/\/brasilnoticias.org\/site\/#organization","name":"Brasil not\u00edcias","url":"https:\/\/brasilnoticias.org\/site\/","logo":{"@type":"ImageObject","inLanguage":"pt-PT","@id":"https:\/\/brasilnoticias.org\/site\/#\/schema\/logo\/image\/","url":"https:\/\/brasilnoticias.org\/site\/wp-content\/uploads\/2022\/05\/cropped-brasilnoticias-mini.jpg","contentUrl":"https:\/\/brasilnoticias.org\/site\/wp-content\/uploads\/2022\/05\/cropped-brasilnoticias-mini.jpg","width":314,"height":86,"caption":"Brasil not\u00edcias"},"image":{"@id":"https:\/\/brasilnoticias.org\/site\/#\/schema\/logo\/image\/"}},{"@type":"Person","@id":"https:\/\/brasilnoticias.org\/site\/#\/schema\/person\/03bbbfe6c7634ad18c26444ea39049fa","name":"Reda\u00e7\u00e3o","image":{"@type":"ImageObject","inLanguage":"pt-PT","@id":"https:\/\/brasilnoticias.org\/site\/#\/schema\/person\/image\/","url":"https:\/\/secure.gravatar.com\/avatar\/9ecaf7327a696cb23ad926fedded5f1f04d7049de9e445375d55b48c001a6e42?s=96&d=mm&r=g","contentUrl":"https:\/\/secure.gravatar.com\/avatar\/9ecaf7327a696cb23ad926fedded5f1f04d7049de9e445375d55b48c001a6e42?s=96&d=mm&r=g","caption":"Reda\u00e7\u00e3o"},"url":"https:\/\/brasilnoticias.org\/site\/author\/henrique\/"}]}},"_links":{"self":[{"href":"https:\/\/brasilnoticias.org\/site\/wp-json\/wp\/v2\/posts\/7872","targetHints":{"allow":["GET"]}}],"collection":[{"href":"https:\/\/brasilnoticias.org\/site\/wp-json\/wp\/v2\/posts"}],"about":[{"href":"https:\/\/brasilnoticias.org\/site\/wp-json\/wp\/v2\/types\/post"}],"author":[{"embeddable":true,"href":"https:\/\/brasilnoticias.org\/site\/wp-json\/wp\/v2\/users\/4"}],"replies":[{"embeddable":true,"href":"https:\/\/brasilnoticias.org\/site\/wp-json\/wp\/v2\/comments?post=7872"}],"version-history":[{"count":1,"href":"https:\/\/brasilnoticias.org\/site\/wp-json\/wp\/v2\/posts\/7872\/revisions"}],"predecessor-version":[{"id":7874,"href":"https:\/\/brasilnoticias.org\/site\/wp-json\/wp\/v2\/posts\/7872\/revisions\/7874"}],"wp:featuredmedia":[{"embeddable":true,"href":"https:\/\/brasilnoticias.org\/site\/wp-json\/wp\/v2\/media\/7873"}],"wp:attachment":[{"href":"https:\/\/brasilnoticias.org\/site\/wp-json\/wp\/v2\/media?parent=7872"}],"wp:term":[{"taxonomy":"category","embeddable":true,"href":"https:\/\/brasilnoticias.org\/site\/wp-json\/wp\/v2\/categories?post=7872"},{"taxonomy":"post_tag","embeddable":true,"href":"https:\/\/brasilnoticias.org\/site\/wp-json\/wp\/v2\/tags?post=7872"}],"curies":[{"name":"wp","href":"https:\/\/api.w.org\/{rel}","templated":true}]}}