{"id":7878,"date":"2023-08-03T14:35:20","date_gmt":"2023-08-03T17:35:20","guid":{"rendered":"https:\/\/brasilnoticias.org\/site\/?p=7878"},"modified":"2023-08-03T14:35:20","modified_gmt":"2023-08-03T17:35:20","slug":"apontado-como-maior-devastador-da-amazonia-e-preso-em-operacao-da-pf","status":"publish","type":"post","link":"https:\/\/brasilnoticias.org\/site\/apontado-como-maior-devastador-da-amazonia-e-preso-em-operacao-da-pf\/","title":{"rendered":"Apontado como &#8216;maior devastador da Amaz\u00f4nia&#8217; \u00e9 preso em opera\u00e7\u00e3o da PF"},"content":{"rendered":"<p>PF do Par\u00e1 fez opera\u00e7\u00e3o contra o que pode ser o maior desmatador da Amaz\u00f4nia<\/p>\n<p>A Pol\u00edcia Federal prendeu nesta quinta-feira (3) o empres\u00e1rio Bruno Heller, apontado pelos investigadores como o &#8220;maior devastador&#8221; da Amaz\u00f4nia j\u00e1 identificado.<\/p>\n<p>O que aconteceu<br \/>\nO empres\u00e1rio foi capturado em Novo Progresso, no Par\u00e1, em meio \u00e0 Opera\u00e7\u00e3o Retomada, que mira um esquema de invas\u00e3o de terras da Uni\u00e3o e desmatamento para cria\u00e7\u00e3o de gado na floresta amaz\u00f4nica. Tamb\u00e9m foram cumpridos tr\u00eas mandados de busca e apreens\u00e3o em Novo Progresso (PA) e Sinop (MT).<\/p>\n<p>A Justi\u00e7a autorizou o bloqueio de R$ 116 milh\u00f5es, al\u00e9m do sequestro de ve\u00edculos, 16 fazendas, im\u00f3veis e a indisponibilidade de 10 mil cabe\u00e7as de gado. O valor, segundo a PF, \u00e9 o m\u00ednimo para o restauro ambiental das \u00e1reas afetadas.<\/p>\n<p>Heller teria desmatado 6,5 mil hectares de floresta e se apossado ilegalmente de 21 mil hectares de terra da Uni\u00e3o, diz a PF. A \u00e1rea destru\u00edda equivale a quase quatro ilhas de Fernando de Noronha, destacou a corpora\u00e7\u00e3o.<\/p>\n<p>PF diz que o empres\u00e1rio j\u00e1 havia sido autuado 11 vezes e recebido seis embargos do Ibama por irregularidades. Uma per\u00edcia identificou danos do grupo do grileiro \u00e0 Terra Ind\u00edgena Ba\u00fa.<\/p>\n<p>Desmatamento ocorria para liberar \u00e1rea para pastagem, assim como esquema de grilagem de terras, incluindo em terras ind\u00edgenas. O pecuarista (que n\u00e3o foi identificado) e sua fam\u00edlia realizavam cadastros falsos no Cadastro Ambiental Rural em nome de terceiros para, depois, destinar a \u00e1rea \u00e0 cria\u00e7\u00e3o de gado.<\/p>\n<p>[O grupo desmataria] tais \u00e1reas e as destinariam para cria\u00e7\u00e3o de gado. Assim, os verdadeiros respons\u00e1veis pela explora\u00e7\u00e3o das atividades se sentiriam protegidos contra eventuais processos criminais ou administrativos, os quais seriam direcionados aos participantes sem patrim\u00f4nio<br \/>\nPol\u00edcia Federal<\/p>\n<p>O UOL tenta contato com a defesa de Bruno Heller. Se houver resposta, o texto ser\u00e1 atualizado.<\/p>\n<p>Foto: Divulga\u00e7\u00e3o\/PF-PA<br \/>\nFonte: UOL<\/p>\n","protected":false},"excerpt":{"rendered":"<p>PF do Par\u00e1 fez opera\u00e7\u00e3o contra o que pode ser o maior desmatador da Amaz\u00f4nia A Pol\u00edcia Federal prendeu nesta<\/p>\n","protected":false},"author":4,"featured_media":7879,"comment_status":"open","ping_status":"open","sticky":false,"template":"","format":"standard","meta":{"colormag_page_container_layout":"default_layout","colormag_page_sidebar_layout":"default_layout","_FSMCFIC_featured_image_caption":"","_FSMCFIC_featured_image_nocaption":"","_FSMCFIC_featured_image_hide":"","footnotes":""},"categories":[3,1],"tags":[],"class_list":["post-7878","post","type-post","status-publish","format-standard","has-post-thumbnail","hentry","category-policia","category-ultimas"],"yoast_head":"<!-- This site is optimized with the Yoast SEO plugin v27.1.1 - https:\/\/yoast.com\/product\/yoast-seo-wordpress\/ -->\n<title>Apontado como &#039;maior devastador da Amaz\u00f4nia&#039; \u00e9 preso em opera\u00e7\u00e3o da PF - Brasil not\u00edcias<\/title>\n<meta name=\"robots\" content=\"index, follow, max-snippet:-1, max-image-preview:large, max-video-preview:-1\" \/>\n<link rel=\"canonical\" href=\"https:\/\/brasilnoticias.org\/site\/apontado-como-maior-devastador-da-amazonia-e-preso-em-operacao-da-pf\/\" \/>\n<meta property=\"og:locale\" content=\"pt_PT\" \/>\n<meta property=\"og:type\" content=\"article\" \/>\n<meta property=\"og:title\" content=\"Apontado como &#039;maior devastador da Amaz\u00f4nia&#039; \u00e9 preso em opera\u00e7\u00e3o da PF - Brasil not\u00edcias\" \/>\n<meta property=\"og:description\" content=\"PF do Par\u00e1 fez opera\u00e7\u00e3o contra o que pode ser o maior desmatador da Amaz\u00f4nia A Pol\u00edcia Federal prendeu nesta\" \/>\n<meta property=\"og:url\" content=\"https:\/\/brasilnoticias.org\/site\/apontado-como-maior-devastador-da-amazonia-e-preso-em-operacao-da-pf\/\" \/>\n<meta property=\"og:site_name\" content=\"Brasil not\u00edcias\" \/>\n<meta property=\"article:published_time\" content=\"2023-08-03T17:35:20+00:00\" \/>\n<meta property=\"og:image\" content=\"https:\/\/brasilnoticias.org\/site\/wp-content\/uploads\/2023\/08\/pf-do-para-fez-operacao-contra-o-que-pode-ser-o-maior-desmatador-da-amazonia-1691065812519_v2_900x506.jpg.webp\" \/>\n\t<meta property=\"og:image:width\" content=\"900\" \/>\n\t<meta property=\"og:image:height\" content=\"506\" \/>\n\t<meta property=\"og:image:type\" content=\"image\/webp\" \/>\n<meta name=\"author\" content=\"Reda\u00e7\u00e3o\" \/>\n<meta name=\"twitter:card\" content=\"summary_large_image\" \/>\n<meta name=\"twitter:label1\" content=\"Escrito por\" \/>\n\t<meta name=\"twitter:data1\" content=\"Reda\u00e7\u00e3o\" \/>\n<script type=\"application\/ld+json\" class=\"yoast-schema-graph\">{\"@context\":\"https:\/\/schema.org\",\"@graph\":[{\"@type\":\"Article\",\"@id\":\"https:\/\/brasilnoticias.org\/site\/apontado-como-maior-devastador-da-amazonia-e-preso-em-operacao-da-pf\/#article\",\"isPartOf\":{\"@id\":\"https:\/\/brasilnoticias.org\/site\/apontado-como-maior-devastador-da-amazonia-e-preso-em-operacao-da-pf\/\"},\"author\":{\"name\":\"Reda\u00e7\u00e3o\",\"@id\":\"https:\/\/brasilnoticias.org\/site\/#\/schema\/person\/03bbbfe6c7634ad18c26444ea39049fa\"},\"headline\":\"Apontado como &#8216;maior devastador da Amaz\u00f4nia&#8217; \u00e9 preso em opera\u00e7\u00e3o da PF\",\"datePublished\":\"2023-08-03T17:35:20+00:00\",\"mainEntityOfPage\":{\"@id\":\"https:\/\/brasilnoticias.org\/site\/apontado-como-maior-devastador-da-amazonia-e-preso-em-operacao-da-pf\/\"},\"wordCount\":346,\"commentCount\":0,\"publisher\":{\"@id\":\"https:\/\/brasilnoticias.org\/site\/#organization\"},\"image\":{\"@id\":\"https:\/\/brasilnoticias.org\/site\/apontado-como-maior-devastador-da-amazonia-e-preso-em-operacao-da-pf\/#primaryimage\"},\"thumbnailUrl\":\"https:\/\/brasilnoticias.org\/site\/wp-content\/uploads\/2023\/08\/pf-do-para-fez-operacao-contra-o-que-pode-ser-o-maior-desmatador-da-amazonia-1691065812519_v2_900x506.jpg.webp\",\"articleSection\":[\"Pol\u00edcia\",\"\u00daltimas\"],\"inLanguage\":\"pt-PT\",\"potentialAction\":[{\"@type\":\"CommentAction\",\"name\":\"Comment\",\"target\":[\"https:\/\/brasilnoticias.org\/site\/apontado-como-maior-devastador-da-amazonia-e-preso-em-operacao-da-pf\/#respond\"]}]},{\"@type\":\"WebPage\",\"@id\":\"https:\/\/brasilnoticias.org\/site\/apontado-como-maior-devastador-da-amazonia-e-preso-em-operacao-da-pf\/\",\"url\":\"https:\/\/brasilnoticias.org\/site\/apontado-como-maior-devastador-da-amazonia-e-preso-em-operacao-da-pf\/\",\"name\":\"Apontado como 'maior devastador da Amaz\u00f4nia' \u00e9 preso em opera\u00e7\u00e3o da PF - Brasil not\u00edcias\",\"isPartOf\":{\"@id\":\"https:\/\/brasilnoticias.org\/site\/#website\"},\"primaryImageOfPage\":{\"@id\":\"https:\/\/brasilnoticias.org\/site\/apontado-como-maior-devastador-da-amazonia-e-preso-em-operacao-da-pf\/#primaryimage\"},\"image\":{\"@id\":\"https:\/\/brasilnoticias.org\/site\/apontado-como-maior-devastador-da-amazonia-e-preso-em-operacao-da-pf\/#primaryimage\"},\"thumbnailUrl\":\"https:\/\/brasilnoticias.org\/site\/wp-content\/uploads\/2023\/08\/pf-do-para-fez-operacao-contra-o-que-pode-ser-o-maior-desmatador-da-amazonia-1691065812519_v2_900x506.jpg.webp\",\"datePublished\":\"2023-08-03T17:35:20+00:00\",\"breadcrumb\":{\"@id\":\"https:\/\/brasilnoticias.org\/site\/apontado-como-maior-devastador-da-amazonia-e-preso-em-operacao-da-pf\/#breadcrumb\"},\"inLanguage\":\"pt-PT\",\"potentialAction\":[{\"@type\":\"ReadAction\",\"target\":[\"https:\/\/brasilnoticias.org\/site\/apontado-como-maior-devastador-da-amazonia-e-preso-em-operacao-da-pf\/\"]}]},{\"@type\":\"ImageObject\",\"inLanguage\":\"pt-PT\",\"@id\":\"https:\/\/brasilnoticias.org\/site\/apontado-como-maior-devastador-da-amazonia-e-preso-em-operacao-da-pf\/#primaryimage\",\"url\":\"https:\/\/brasilnoticias.org\/site\/wp-content\/uploads\/2023\/08\/pf-do-para-fez-operacao-contra-o-que-pode-ser-o-maior-desmatador-da-amazonia-1691065812519_v2_900x506.jpg.webp\",\"contentUrl\":\"https:\/\/brasilnoticias.org\/site\/wp-content\/uploads\/2023\/08\/pf-do-para-fez-operacao-contra-o-que-pode-ser-o-maior-desmatador-da-amazonia-1691065812519_v2_900x506.jpg.webp\",\"width\":900,\"height\":506},{\"@type\":\"BreadcrumbList\",\"@id\":\"https:\/\/brasilnoticias.org\/site\/apontado-como-maior-devastador-da-amazonia-e-preso-em-operacao-da-pf\/#breadcrumb\",\"itemListElement\":[{\"@type\":\"ListItem\",\"position\":1,\"name\":\"In\u00edcio\",\"item\":\"https:\/\/brasilnoticias.org\/site\/\"},{\"@type\":\"ListItem\",\"position\":2,\"name\":\"Apontado como &#8216;maior devastador da Amaz\u00f4nia&#8217; \u00e9 preso em opera\u00e7\u00e3o da PF\"}]},{\"@type\":\"WebSite\",\"@id\":\"https:\/\/brasilnoticias.org\/site\/#website\",\"url\":\"https:\/\/brasilnoticias.org\/site\/\",\"name\":\"Brasil not\u00edcias\",\"description\":\"Brasil not\u00edcias\",\"publisher\":{\"@id\":\"https:\/\/brasilnoticias.org\/site\/#organization\"},\"potentialAction\":[{\"@type\":\"SearchAction\",\"target\":{\"@type\":\"EntryPoint\",\"urlTemplate\":\"https:\/\/brasilnoticias.org\/site\/?s={search_term_string}\"},\"query-input\":{\"@type\":\"PropertyValueSpecification\",\"valueRequired\":true,\"valueName\":\"search_term_string\"}}],\"inLanguage\":\"pt-PT\"},{\"@type\":\"Organization\",\"@id\":\"https:\/\/brasilnoticias.org\/site\/#organization\",\"name\":\"Brasil not\u00edcias\",\"url\":\"https:\/\/brasilnoticias.org\/site\/\",\"logo\":{\"@type\":\"ImageObject\",\"inLanguage\":\"pt-PT\",\"@id\":\"https:\/\/brasilnoticias.org\/site\/#\/schema\/logo\/image\/\",\"url\":\"https:\/\/brasilnoticias.org\/site\/wp-content\/uploads\/2022\/05\/cropped-brasilnoticias-mini.jpg\",\"contentUrl\":\"https:\/\/brasilnoticias.org\/site\/wp-content\/uploads\/2022\/05\/cropped-brasilnoticias-mini.jpg\",\"width\":314,\"height\":86,\"caption\":\"Brasil not\u00edcias\"},\"image\":{\"@id\":\"https:\/\/brasilnoticias.org\/site\/#\/schema\/logo\/image\/\"}},{\"@type\":\"Person\",\"@id\":\"https:\/\/brasilnoticias.org\/site\/#\/schema\/person\/03bbbfe6c7634ad18c26444ea39049fa\",\"name\":\"Reda\u00e7\u00e3o\",\"image\":{\"@type\":\"ImageObject\",\"inLanguage\":\"pt-PT\",\"@id\":\"https:\/\/brasilnoticias.org\/site\/#\/schema\/person\/image\/\",\"url\":\"https:\/\/secure.gravatar.com\/avatar\/9ecaf7327a696cb23ad926fedded5f1f04d7049de9e445375d55b48c001a6e42?s=96&d=mm&r=g\",\"contentUrl\":\"https:\/\/secure.gravatar.com\/avatar\/9ecaf7327a696cb23ad926fedded5f1f04d7049de9e445375d55b48c001a6e42?s=96&d=mm&r=g\",\"caption\":\"Reda\u00e7\u00e3o\"},\"url\":\"https:\/\/brasilnoticias.org\/site\/author\/henrique\/\"}]}<\/script>\n<!-- \/ Yoast SEO plugin. -->","yoast_head_json":{"title":"Apontado como 'maior devastador da Amaz\u00f4nia' \u00e9 preso em opera\u00e7\u00e3o da PF - Brasil not\u00edcias","robots":{"index":"index","follow":"follow","max-snippet":"max-snippet:-1","max-image-preview":"max-image-preview:large","max-video-preview":"max-video-preview:-1"},"canonical":"https:\/\/brasilnoticias.org\/site\/apontado-como-maior-devastador-da-amazonia-e-preso-em-operacao-da-pf\/","og_locale":"pt_PT","og_type":"article","og_title":"Apontado como 'maior devastador da Amaz\u00f4nia' \u00e9 preso em opera\u00e7\u00e3o da PF - Brasil not\u00edcias","og_description":"PF do Par\u00e1 fez opera\u00e7\u00e3o contra o que pode ser o maior desmatador da Amaz\u00f4nia A Pol\u00edcia Federal prendeu nesta","og_url":"https:\/\/brasilnoticias.org\/site\/apontado-como-maior-devastador-da-amazonia-e-preso-em-operacao-da-pf\/","og_site_name":"Brasil not\u00edcias","article_published_time":"2023-08-03T17:35:20+00:00","og_image":[{"width":900,"height":506,"url":"https:\/\/brasilnoticias.org\/site\/wp-content\/uploads\/2023\/08\/pf-do-para-fez-operacao-contra-o-que-pode-ser-o-maior-desmatador-da-amazonia-1691065812519_v2_900x506.jpg.webp","type":"image\/webp"}],"author":"Reda\u00e7\u00e3o","twitter_card":"summary_large_image","twitter_misc":{"Escrito por":"Reda\u00e7\u00e3o"},"schema":{"@context":"https:\/\/schema.org","@graph":[{"@type":"Article","@id":"https:\/\/brasilnoticias.org\/site\/apontado-como-maior-devastador-da-amazonia-e-preso-em-operacao-da-pf\/#article","isPartOf":{"@id":"https:\/\/brasilnoticias.org\/site\/apontado-como-maior-devastador-da-amazonia-e-preso-em-operacao-da-pf\/"},"author":{"name":"Reda\u00e7\u00e3o","@id":"https:\/\/brasilnoticias.org\/site\/#\/schema\/person\/03bbbfe6c7634ad18c26444ea39049fa"},"headline":"Apontado como &#8216;maior devastador da Amaz\u00f4nia&#8217; \u00e9 preso em opera\u00e7\u00e3o da PF","datePublished":"2023-08-03T17:35:20+00:00","mainEntityOfPage":{"@id":"https:\/\/brasilnoticias.org\/site\/apontado-como-maior-devastador-da-amazonia-e-preso-em-operacao-da-pf\/"},"wordCount":346,"commentCount":0,"publisher":{"@id":"https:\/\/brasilnoticias.org\/site\/#organization"},"image":{"@id":"https:\/\/brasilnoticias.org\/site\/apontado-como-maior-devastador-da-amazonia-e-preso-em-operacao-da-pf\/#primaryimage"},"thumbnailUrl":"https:\/\/brasilnoticias.org\/site\/wp-content\/uploads\/2023\/08\/pf-do-para-fez-operacao-contra-o-que-pode-ser-o-maior-desmatador-da-amazonia-1691065812519_v2_900x506.jpg.webp","articleSection":["Pol\u00edcia","\u00daltimas"],"inLanguage":"pt-PT","potentialAction":[{"@type":"CommentAction","name":"Comment","target":["https:\/\/brasilnoticias.org\/site\/apontado-como-maior-devastador-da-amazonia-e-preso-em-operacao-da-pf\/#respond"]}]},{"@type":"WebPage","@id":"https:\/\/brasilnoticias.org\/site\/apontado-como-maior-devastador-da-amazonia-e-preso-em-operacao-da-pf\/","url":"https:\/\/brasilnoticias.org\/site\/apontado-como-maior-devastador-da-amazonia-e-preso-em-operacao-da-pf\/","name":"Apontado como 'maior devastador da Amaz\u00f4nia' \u00e9 preso em opera\u00e7\u00e3o da PF - Brasil not\u00edcias","isPartOf":{"@id":"https:\/\/brasilnoticias.org\/site\/#website"},"primaryImageOfPage":{"@id":"https:\/\/brasilnoticias.org\/site\/apontado-como-maior-devastador-da-amazonia-e-preso-em-operacao-da-pf\/#primaryimage"},"image":{"@id":"https:\/\/brasilnoticias.org\/site\/apontado-como-maior-devastador-da-amazonia-e-preso-em-operacao-da-pf\/#primaryimage"},"thumbnailUrl":"https:\/\/brasilnoticias.org\/site\/wp-content\/uploads\/2023\/08\/pf-do-para-fez-operacao-contra-o-que-pode-ser-o-maior-desmatador-da-amazonia-1691065812519_v2_900x506.jpg.webp","datePublished":"2023-08-03T17:35:20+00:00","breadcrumb":{"@id":"https:\/\/brasilnoticias.org\/site\/apontado-como-maior-devastador-da-amazonia-e-preso-em-operacao-da-pf\/#breadcrumb"},"inLanguage":"pt-PT","potentialAction":[{"@type":"ReadAction","target":["https:\/\/brasilnoticias.org\/site\/apontado-como-maior-devastador-da-amazonia-e-preso-em-operacao-da-pf\/"]}]},{"@type":"ImageObject","inLanguage":"pt-PT","@id":"https:\/\/brasilnoticias.org\/site\/apontado-como-maior-devastador-da-amazonia-e-preso-em-operacao-da-pf\/#primaryimage","url":"https:\/\/brasilnoticias.org\/site\/wp-content\/uploads\/2023\/08\/pf-do-para-fez-operacao-contra-o-que-pode-ser-o-maior-desmatador-da-amazonia-1691065812519_v2_900x506.jpg.webp","contentUrl":"https:\/\/brasilnoticias.org\/site\/wp-content\/uploads\/2023\/08\/pf-do-para-fez-operacao-contra-o-que-pode-ser-o-maior-desmatador-da-amazonia-1691065812519_v2_900x506.jpg.webp","width":900,"height":506},{"@type":"BreadcrumbList","@id":"https:\/\/brasilnoticias.org\/site\/apontado-como-maior-devastador-da-amazonia-e-preso-em-operacao-da-pf\/#breadcrumb","itemListElement":[{"@type":"ListItem","position":1,"name":"In\u00edcio","item":"https:\/\/brasilnoticias.org\/site\/"},{"@type":"ListItem","position":2,"name":"Apontado como &#8216;maior devastador da Amaz\u00f4nia&#8217; \u00e9 preso em opera\u00e7\u00e3o da PF"}]},{"@type":"WebSite","@id":"https:\/\/brasilnoticias.org\/site\/#website","url":"https:\/\/brasilnoticias.org\/site\/","name":"Brasil not\u00edcias","description":"Brasil not\u00edcias","publisher":{"@id":"https:\/\/brasilnoticias.org\/site\/#organization"},"potentialAction":[{"@type":"SearchAction","target":{"@type":"EntryPoint","urlTemplate":"https:\/\/brasilnoticias.org\/site\/?s={search_term_string}"},"query-input":{"@type":"PropertyValueSpecification","valueRequired":true,"valueName":"search_term_string"}}],"inLanguage":"pt-PT"},{"@type":"Organization","@id":"https:\/\/brasilnoticias.org\/site\/#organization","name":"Brasil not\u00edcias","url":"https:\/\/brasilnoticias.org\/site\/","logo":{"@type":"ImageObject","inLanguage":"pt-PT","@id":"https:\/\/brasilnoticias.org\/site\/#\/schema\/logo\/image\/","url":"https:\/\/brasilnoticias.org\/site\/wp-content\/uploads\/2022\/05\/cropped-brasilnoticias-mini.jpg","contentUrl":"https:\/\/brasilnoticias.org\/site\/wp-content\/uploads\/2022\/05\/cropped-brasilnoticias-mini.jpg","width":314,"height":86,"caption":"Brasil not\u00edcias"},"image":{"@id":"https:\/\/brasilnoticias.org\/site\/#\/schema\/logo\/image\/"}},{"@type":"Person","@id":"https:\/\/brasilnoticias.org\/site\/#\/schema\/person\/03bbbfe6c7634ad18c26444ea39049fa","name":"Reda\u00e7\u00e3o","image":{"@type":"ImageObject","inLanguage":"pt-PT","@id":"https:\/\/brasilnoticias.org\/site\/#\/schema\/person\/image\/","url":"https:\/\/secure.gravatar.com\/avatar\/9ecaf7327a696cb23ad926fedded5f1f04d7049de9e445375d55b48c001a6e42?s=96&d=mm&r=g","contentUrl":"https:\/\/secure.gravatar.com\/avatar\/9ecaf7327a696cb23ad926fedded5f1f04d7049de9e445375d55b48c001a6e42?s=96&d=mm&r=g","caption":"Reda\u00e7\u00e3o"},"url":"https:\/\/brasilnoticias.org\/site\/author\/henrique\/"}]}},"_links":{"self":[{"href":"https:\/\/brasilnoticias.org\/site\/wp-json\/wp\/v2\/posts\/7878","targetHints":{"allow":["GET"]}}],"collection":[{"href":"https:\/\/brasilnoticias.org\/site\/wp-json\/wp\/v2\/posts"}],"about":[{"href":"https:\/\/brasilnoticias.org\/site\/wp-json\/wp\/v2\/types\/post"}],"author":[{"embeddable":true,"href":"https:\/\/brasilnoticias.org\/site\/wp-json\/wp\/v2\/users\/4"}],"replies":[{"embeddable":true,"href":"https:\/\/brasilnoticias.org\/site\/wp-json\/wp\/v2\/comments?post=7878"}],"version-history":[{"count":1,"href":"https:\/\/brasilnoticias.org\/site\/wp-json\/wp\/v2\/posts\/7878\/revisions"}],"predecessor-version":[{"id":7880,"href":"https:\/\/brasilnoticias.org\/site\/wp-json\/wp\/v2\/posts\/7878\/revisions\/7880"}],"wp:featuredmedia":[{"embeddable":true,"href":"https:\/\/brasilnoticias.org\/site\/wp-json\/wp\/v2\/media\/7879"}],"wp:attachment":[{"href":"https:\/\/brasilnoticias.org\/site\/wp-json\/wp\/v2\/media?parent=7878"}],"wp:term":[{"taxonomy":"category","embeddable":true,"href":"https:\/\/brasilnoticias.org\/site\/wp-json\/wp\/v2\/categories?post=7878"},{"taxonomy":"post_tag","embeddable":true,"href":"https:\/\/brasilnoticias.org\/site\/wp-json\/wp\/v2\/tags?post=7878"}],"curies":[{"name":"wp","href":"https:\/\/api.w.org\/{rel}","templated":true}]}}