{"id":7882,"date":"2023-08-03T14:46:02","date_gmt":"2023-08-03T17:46:02","guid":{"rendered":"https:\/\/brasilnoticias.org\/site\/?p=7882"},"modified":"2023-08-03T14:46:02","modified_gmt":"2023-08-03T17:46:02","slug":"em-lisboa-papa-francisco-critica-falta-de-rotas-corajosas-para-paz-na-ucrania","status":"publish","type":"post","link":"https:\/\/brasilnoticias.org\/site\/em-lisboa-papa-francisco-critica-falta-de-rotas-corajosas-para-paz-na-ucrania\/","title":{"rendered":"Em Lisboa, Papa Francisco critica falta de rotas corajosas para paz na Ucr\u00e2nia"},"content":{"rendered":"<p>O papa Francisco desembarcou nesta quarta-feira, 2, em Lisboa, Portugal, para a Jornada Mundial da Juventude (JMJ). Espera-se que cerca de um milh\u00e3o de peregrinos de todo o mundo participem. Cerca de 16 mil profissionais de seguran\u00e7a, prote\u00e7\u00e3o civil e emerg\u00eancia m\u00e9dica foram mobilizados para o evento. O pont\u00edfice chegou por volta das 9h45 (5h45 em Bras\u00edlia) no aeroporto militar de Lisboa. Durante o voo, Jorge Bergoglio afirmou, em resposta aos jornalistas que o relembraram de sua passagem pelo Rio de Janeiro em 2013, que vai \u201ccontinuar fazendo bagun\u00e7a\u201d. \u201cDez anos se passaram desde aquele \u2018Fa\u00e7am bagun\u00e7a\u2019\u201d, recordou um jornalista durante o voo, ao que o pont\u00edfice respondeu: \u201cE continuaremos fazendo bagun\u00e7a\u201d. Ao som de seus tambores e entoando can\u00e7\u00f5es como \u201cEsta \u00e9 a juventude do papa\u201d, centenas de peregrinos esperavam desde o in\u00edcio da manh\u00e3 para receber um pont\u00edfice muito popular entre os jovens fi\u00e9is. Antes de seu primeiro encontro com os jovens, na quinta-feira,3, a agenda de Francisco est\u00e1 dedicada \u00e0s autoridades e ao clero do pa\u00eds. Em Portugal, cerca de 80% dos 10 milh\u00f5es de habitantes se definem como cat\u00f3licos. Durante seu primeiro discurso \u00e0s autoridades e corpo diplom\u00e1tico no centro cultural de Bel\u00e9m, Francisco falou sobre a guerra na Ucr\u00e2nia e lamentou a falta de \u2018rotas corajosas\u2019 para p\u00f4r fim ao conflito que se encaminha para o segundo ano.<\/p>\n<p>\u201cOlhando com grande afeto para a Europa, no esp\u00edrito de di\u00e1logo que a carateriza, apetece perguntar-lhe: para onde navegas, se n\u00e3o ofereces percursos de paz, vias inovadoras para acabar com a guerra na Ucr\u00e2nia e com tantos conflitos que ensanguentam o mundo?\u201d, questionou. \u201cNo oceano da hist\u00f3ria, estamos a navegar num momento tempestuoso e sente-se a falta de rotas corajosas de paz\u201d, lamentou o jesu\u00edta argentino, que pediu repetidamente pela paz na Ucr\u00e2nia desde o in\u00edcio da invas\u00e3o russa em fevereiro de 2022.<\/p>\n<p>Aos 86 anos, Francisco, que contou com ajuda de uma bengala durante o voo e saiu do avi\u00e3o em uma cadeira de rodas, estava bem disposto e quis, como \u00e9 tradi\u00e7\u00e3o, cumprimentar um a um os cerca de 80 rep\u00f3rteres de todo o mundo que o acompanharam no percurso de Roma para Lisboa. O papa declarou que, apesar do calend\u00e1rio apertado e intenso, regressar\u00e1 \u201crejuvenescido\u201d deste evento, o maior organizado pela Igreja Cat\u00f3lica e que acontece de tr\u00eas em tr\u00eas anos, mas que teve de ser adiado por um ano devido \u00e0 pandemia. Apesar de ter sido operado de uma h\u00e9rnia abdominal h\u00e1 dois meses, Francisco n\u00e3o quis faltar ao encontro, que ser\u00e1 a quarta JMJ da qual participar\u00e1, depois das do Brasil, Pol\u00f4nia e Panam\u00e1. Segundo explicou aos jornalistas, embora os organizadores tenham falado que cerca de um milh\u00e3o de jovens v\u00e3o participar na JMJ de Lisboa, existe a expectativa de que esse n\u00famero seja ultrapassado. \u201cEles me disseram que haver\u00e1 mais de um milh\u00e3o\u201d, disse Francisco, que aproveitou tamb\u00e9m para agradecer aos jornalistas pelo trabalho dos \u00faltimos dias.<\/p>\n<p>Em Lisboa, onde foram constru\u00eddos ritos fundamentais para o caminho da comunidade europeia, Francisco recordou \u201co sonho europeu de um multilateralismo mais amplo do que o mero contexto ocidental\u201d, capaz de \u201ccaptar o mais d\u00e9bil sinal de distens\u00e3o e de o ler por entre as linhas mais tortas da realidade\u201d. \u201cO mundo tem necessidade da Europa, da Europa verdadeira: precisa do seu papel de construtora de pontes e de pacificadora no Leste europeu, no Mediterr\u00e2neo, na \u00c1frica e no M\u00e9dio Oriente\u201d, destacou. Fiel aos temas principais de seu pontificado iniciado em 2013, o papa criticou os flagelos que enfraquecem, segundo ele, o Ocidente, como as pol\u00edticas de imigra\u00e7\u00e3o, a crise demogr\u00e1fica, a eutan\u00e1sia e o com\u00e9rcio de armas. Portugal aprovou em maio uma lei que regula \u201ca morte assistida\u201d, unindo-se ao grupo de pa\u00edses europeus que legalizaram a eutan\u00e1sia e o suic\u00eddio assistido, como os da Benelux e a vizinha Espanha.<\/p>\n<p>Francisco \u00e9 o quarto papa a visitar Portugal, onde j\u00e1 esteve em 2017. Ele pode aproveitar a JMJ para abordar a delicada quest\u00e3o dos abusos sexuais de menores de idade na Igreja, seis meses ap\u00f3s a publica\u00e7\u00e3o de um relat\u00f3rio impactante de uma comiss\u00e3o de especialistas independentes. De acordo com a Confer\u00eancia Episcopal e a dire\u00e7\u00e3o do comit\u00ea organizador local da JMJ, o papa deve se reunir em car\u00e1ter privado com v\u00edtimas dos abusos, mas o encontro n\u00e3o aparece em sua agenda oficial. Considerada a maior reuni\u00e3o internacional de cat\u00f3licos, a JMJ foi criada em 1986 por iniciativa do papa Jo\u00e3o Paulo II.<\/p>\n<p>Manifesta\u00e7\u00f5es contra os abusos de menores<\/p>\n<p>Se por um lado milh\u00f5es de pessoas s\u00e3o esperadas para a JMJ, tamb\u00e9m h\u00e1 aqueles que est\u00e3o se manifestando contra os casos de abusos contra menores cometidos na Igreja Cat\u00f3lica portuguesa. Estima-se que existam ao menos 4.800 v\u00edtimas, segundo uma investiga\u00e7\u00e3o independente. Nesta quarta, Lisboa amanheceu com grandes cartazes espalhados por tr\u00eas bairros: Loures, Alg\u00e9s e Alameda. Eles s\u00e3o resultado de uma campanha de angaria\u00e7\u00e3o de fundos no \u00e2mbito do projeto batizado como \u201cThis is our memorial\u201d (\u201cEste \u00e9 o nosso memorial\u201d). O site do projeto denuncia o \u201csil\u00eancio ensurdecedor\u201d da Igreja e resgata o relat\u00f3rio publicado no \u00faltimo m\u00eas de fevereiro.<\/p>\n<p>O grupo, cujo nome \u00e9 uma cr\u00edtica direta \u00e0 proposta da Igreja de criar um \u201cmemorial\u201d em homenagem \u00e0s v\u00edtimas, se identifica como um grupo de cidad\u00e3os de \u201cdiversos credos\u201d que \u201cn\u00e3o querem que os abusos sejam esquecidos\u201d. Em seu site, eles destacam que \u201cnada pode corrigir ou reparar a vida destas mais de 4.800 v\u00edtimas\u201d. \u201cO que podemos e devemos fazer \u00e9 lembrar deles. Dar-lhes voz. Para que o que aconteceu n\u00e3o volte a acontecer.\u201d Nos \u00faltimos dias, pequenos cartazes espalhados pela cidade denunciaram a viol\u00eancia sexual dentro da Igreja e questionaram a celebra\u00e7\u00e3o da JMJ em Lisboa. As v\u00edtimas de abusos em Portugal denunciaram que o assunto n\u00e3o est\u00e1 no programa oficial da visita do papa.<\/p>\n<p>Foto:REUTERS\/Guglielmo Mangiapane<br \/>\nFonte: Nota do Dia<\/p>\n","protected":false},"excerpt":{"rendered":"<p>O papa Francisco desembarcou nesta quarta-feira, 2, em Lisboa, Portugal, para a Jornada Mundial da Juventude (JMJ). Espera-se que cerca<\/p>\n","protected":false},"author":4,"featured_media":7883,"comment_status":"open","ping_status":"open","sticky":false,"template":"","format":"standard","meta":{"colormag_page_container_layout":"default_layout","colormag_page_sidebar_layout":"default_layout","_FSMCFIC_featured_image_caption":"","_FSMCFIC_featured_image_nocaption":"","_FSMCFIC_featured_image_hide":"","footnotes":""},"categories":[6,1],"tags":[],"class_list":["post-7882","post","type-post","status-publish","format-standard","has-post-thumbnail","hentry","category-mundo","category-ultimas"],"yoast_head":"<!-- This site is optimized with the Yoast SEO plugin v27.1.1 - https:\/\/yoast.com\/product\/yoast-seo-wordpress\/ -->\n<title>Em Lisboa, Papa Francisco critica falta de rotas corajosas para paz na Ucr\u00e2nia - Brasil not\u00edcias<\/title>\n<meta name=\"robots\" content=\"index, follow, max-snippet:-1, max-image-preview:large, max-video-preview:-1\" \/>\n<link rel=\"canonical\" href=\"https:\/\/brasilnoticias.org\/site\/em-lisboa-papa-francisco-critica-falta-de-rotas-corajosas-para-paz-na-ucrania\/\" \/>\n<meta property=\"og:locale\" content=\"pt_PT\" \/>\n<meta property=\"og:type\" content=\"article\" \/>\n<meta property=\"og:title\" content=\"Em Lisboa, Papa Francisco critica falta de rotas corajosas para paz na Ucr\u00e2nia - Brasil not\u00edcias\" \/>\n<meta property=\"og:description\" content=\"O papa Francisco desembarcou nesta quarta-feira, 2, em Lisboa, Portugal, para a Jornada Mundial da Juventude (JMJ). Espera-se que cerca\" \/>\n<meta property=\"og:url\" content=\"https:\/\/brasilnoticias.org\/site\/em-lisboa-papa-francisco-critica-falta-de-rotas-corajosas-para-paz-na-ucrania\/\" \/>\n<meta property=\"og:site_name\" content=\"Brasil not\u00edcias\" \/>\n<meta property=\"article:published_time\" content=\"2023-08-03T17:46:02+00:00\" \/>\n<meta property=\"og:image\" content=\"https:\/\/brasilnoticias.org\/site\/wp-content\/uploads\/2023\/08\/papa-francisco-primeiro-discurso-jmj-lisboa-2023-centro-cultural-belem-_-foto-REUTERS-Guglielmo-Mangiapane-1536x864-1.png\" \/>\n\t<meta property=\"og:image:width\" content=\"1536\" \/>\n\t<meta property=\"og:image:height\" content=\"864\" \/>\n\t<meta property=\"og:image:type\" content=\"image\/png\" \/>\n<meta name=\"author\" content=\"Reda\u00e7\u00e3o\" \/>\n<meta name=\"twitter:card\" content=\"summary_large_image\" \/>\n<meta name=\"twitter:label1\" content=\"Escrito por\" \/>\n\t<meta name=\"twitter:data1\" content=\"Reda\u00e7\u00e3o\" \/>\n<script type=\"application\/ld+json\" class=\"yoast-schema-graph\">{\"@context\":\"https:\/\/schema.org\",\"@graph\":[{\"@type\":\"Article\",\"@id\":\"https:\/\/brasilnoticias.org\/site\/em-lisboa-papa-francisco-critica-falta-de-rotas-corajosas-para-paz-na-ucrania\/#article\",\"isPartOf\":{\"@id\":\"https:\/\/brasilnoticias.org\/site\/em-lisboa-papa-francisco-critica-falta-de-rotas-corajosas-para-paz-na-ucrania\/\"},\"author\":{\"name\":\"Reda\u00e7\u00e3o\",\"@id\":\"https:\/\/brasilnoticias.org\/site\/#\/schema\/person\/03bbbfe6c7634ad18c26444ea39049fa\"},\"headline\":\"Em Lisboa, Papa Francisco critica falta de rotas corajosas para paz na Ucr\u00e2nia\",\"datePublished\":\"2023-08-03T17:46:02+00:00\",\"mainEntityOfPage\":{\"@id\":\"https:\/\/brasilnoticias.org\/site\/em-lisboa-papa-francisco-critica-falta-de-rotas-corajosas-para-paz-na-ucrania\/\"},\"wordCount\":1065,\"commentCount\":0,\"publisher\":{\"@id\":\"https:\/\/brasilnoticias.org\/site\/#organization\"},\"image\":{\"@id\":\"https:\/\/brasilnoticias.org\/site\/em-lisboa-papa-francisco-critica-falta-de-rotas-corajosas-para-paz-na-ucrania\/#primaryimage\"},\"thumbnailUrl\":\"https:\/\/brasilnoticias.org\/site\/wp-content\/uploads\/2023\/08\/papa-francisco-primeiro-discurso-jmj-lisboa-2023-centro-cultural-belem-_-foto-REUTERS-Guglielmo-Mangiapane-1536x864-1.png\",\"articleSection\":[\"Mundo\",\"\u00daltimas\"],\"inLanguage\":\"pt-PT\",\"potentialAction\":[{\"@type\":\"CommentAction\",\"name\":\"Comment\",\"target\":[\"https:\/\/brasilnoticias.org\/site\/em-lisboa-papa-francisco-critica-falta-de-rotas-corajosas-para-paz-na-ucrania\/#respond\"]}]},{\"@type\":\"WebPage\",\"@id\":\"https:\/\/brasilnoticias.org\/site\/em-lisboa-papa-francisco-critica-falta-de-rotas-corajosas-para-paz-na-ucrania\/\",\"url\":\"https:\/\/brasilnoticias.org\/site\/em-lisboa-papa-francisco-critica-falta-de-rotas-corajosas-para-paz-na-ucrania\/\",\"name\":\"Em Lisboa, Papa Francisco critica falta de rotas corajosas para paz na Ucr\u00e2nia - Brasil not\u00edcias\",\"isPartOf\":{\"@id\":\"https:\/\/brasilnoticias.org\/site\/#website\"},\"primaryImageOfPage\":{\"@id\":\"https:\/\/brasilnoticias.org\/site\/em-lisboa-papa-francisco-critica-falta-de-rotas-corajosas-para-paz-na-ucrania\/#primaryimage\"},\"image\":{\"@id\":\"https:\/\/brasilnoticias.org\/site\/em-lisboa-papa-francisco-critica-falta-de-rotas-corajosas-para-paz-na-ucrania\/#primaryimage\"},\"thumbnailUrl\":\"https:\/\/brasilnoticias.org\/site\/wp-content\/uploads\/2023\/08\/papa-francisco-primeiro-discurso-jmj-lisboa-2023-centro-cultural-belem-_-foto-REUTERS-Guglielmo-Mangiapane-1536x864-1.png\",\"datePublished\":\"2023-08-03T17:46:02+00:00\",\"breadcrumb\":{\"@id\":\"https:\/\/brasilnoticias.org\/site\/em-lisboa-papa-francisco-critica-falta-de-rotas-corajosas-para-paz-na-ucrania\/#breadcrumb\"},\"inLanguage\":\"pt-PT\",\"potentialAction\":[{\"@type\":\"ReadAction\",\"target\":[\"https:\/\/brasilnoticias.org\/site\/em-lisboa-papa-francisco-critica-falta-de-rotas-corajosas-para-paz-na-ucrania\/\"]}]},{\"@type\":\"ImageObject\",\"inLanguage\":\"pt-PT\",\"@id\":\"https:\/\/brasilnoticias.org\/site\/em-lisboa-papa-francisco-critica-falta-de-rotas-corajosas-para-paz-na-ucrania\/#primaryimage\",\"url\":\"https:\/\/brasilnoticias.org\/site\/wp-content\/uploads\/2023\/08\/papa-francisco-primeiro-discurso-jmj-lisboa-2023-centro-cultural-belem-_-foto-REUTERS-Guglielmo-Mangiapane-1536x864-1.png\",\"contentUrl\":\"https:\/\/brasilnoticias.org\/site\/wp-content\/uploads\/2023\/08\/papa-francisco-primeiro-discurso-jmj-lisboa-2023-centro-cultural-belem-_-foto-REUTERS-Guglielmo-Mangiapane-1536x864-1.png\",\"width\":1536,\"height\":864},{\"@type\":\"BreadcrumbList\",\"@id\":\"https:\/\/brasilnoticias.org\/site\/em-lisboa-papa-francisco-critica-falta-de-rotas-corajosas-para-paz-na-ucrania\/#breadcrumb\",\"itemListElement\":[{\"@type\":\"ListItem\",\"position\":1,\"name\":\"In\u00edcio\",\"item\":\"https:\/\/brasilnoticias.org\/site\/\"},{\"@type\":\"ListItem\",\"position\":2,\"name\":\"Em Lisboa, Papa Francisco critica falta de rotas corajosas para paz na Ucr\u00e2nia\"}]},{\"@type\":\"WebSite\",\"@id\":\"https:\/\/brasilnoticias.org\/site\/#website\",\"url\":\"https:\/\/brasilnoticias.org\/site\/\",\"name\":\"Brasil not\u00edcias\",\"description\":\"Brasil not\u00edcias\",\"publisher\":{\"@id\":\"https:\/\/brasilnoticias.org\/site\/#organization\"},\"potentialAction\":[{\"@type\":\"SearchAction\",\"target\":{\"@type\":\"EntryPoint\",\"urlTemplate\":\"https:\/\/brasilnoticias.org\/site\/?s={search_term_string}\"},\"query-input\":{\"@type\":\"PropertyValueSpecification\",\"valueRequired\":true,\"valueName\":\"search_term_string\"}}],\"inLanguage\":\"pt-PT\"},{\"@type\":\"Organization\",\"@id\":\"https:\/\/brasilnoticias.org\/site\/#organization\",\"name\":\"Brasil not\u00edcias\",\"url\":\"https:\/\/brasilnoticias.org\/site\/\",\"logo\":{\"@type\":\"ImageObject\",\"inLanguage\":\"pt-PT\",\"@id\":\"https:\/\/brasilnoticias.org\/site\/#\/schema\/logo\/image\/\",\"url\":\"https:\/\/brasilnoticias.org\/site\/wp-content\/uploads\/2022\/05\/cropped-brasilnoticias-mini.jpg\",\"contentUrl\":\"https:\/\/brasilnoticias.org\/site\/wp-content\/uploads\/2022\/05\/cropped-brasilnoticias-mini.jpg\",\"width\":314,\"height\":86,\"caption\":\"Brasil not\u00edcias\"},\"image\":{\"@id\":\"https:\/\/brasilnoticias.org\/site\/#\/schema\/logo\/image\/\"}},{\"@type\":\"Person\",\"@id\":\"https:\/\/brasilnoticias.org\/site\/#\/schema\/person\/03bbbfe6c7634ad18c26444ea39049fa\",\"name\":\"Reda\u00e7\u00e3o\",\"image\":{\"@type\":\"ImageObject\",\"inLanguage\":\"pt-PT\",\"@id\":\"https:\/\/brasilnoticias.org\/site\/#\/schema\/person\/image\/\",\"url\":\"https:\/\/secure.gravatar.com\/avatar\/9ecaf7327a696cb23ad926fedded5f1f04d7049de9e445375d55b48c001a6e42?s=96&d=mm&r=g\",\"contentUrl\":\"https:\/\/secure.gravatar.com\/avatar\/9ecaf7327a696cb23ad926fedded5f1f04d7049de9e445375d55b48c001a6e42?s=96&d=mm&r=g\",\"caption\":\"Reda\u00e7\u00e3o\"},\"url\":\"https:\/\/brasilnoticias.org\/site\/author\/henrique\/\"}]}<\/script>\n<!-- \/ Yoast SEO plugin. -->","yoast_head_json":{"title":"Em Lisboa, Papa Francisco critica falta de rotas corajosas para paz na Ucr\u00e2nia - Brasil not\u00edcias","robots":{"index":"index","follow":"follow","max-snippet":"max-snippet:-1","max-image-preview":"max-image-preview:large","max-video-preview":"max-video-preview:-1"},"canonical":"https:\/\/brasilnoticias.org\/site\/em-lisboa-papa-francisco-critica-falta-de-rotas-corajosas-para-paz-na-ucrania\/","og_locale":"pt_PT","og_type":"article","og_title":"Em Lisboa, Papa Francisco critica falta de rotas corajosas para paz na Ucr\u00e2nia - Brasil not\u00edcias","og_description":"O papa Francisco desembarcou nesta quarta-feira, 2, em Lisboa, Portugal, para a Jornada Mundial da Juventude (JMJ). Espera-se que cerca","og_url":"https:\/\/brasilnoticias.org\/site\/em-lisboa-papa-francisco-critica-falta-de-rotas-corajosas-para-paz-na-ucrania\/","og_site_name":"Brasil not\u00edcias","article_published_time":"2023-08-03T17:46:02+00:00","og_image":[{"width":1536,"height":864,"url":"https:\/\/brasilnoticias.org\/site\/wp-content\/uploads\/2023\/08\/papa-francisco-primeiro-discurso-jmj-lisboa-2023-centro-cultural-belem-_-foto-REUTERS-Guglielmo-Mangiapane-1536x864-1.png","type":"image\/png"}],"author":"Reda\u00e7\u00e3o","twitter_card":"summary_large_image","twitter_misc":{"Escrito por":"Reda\u00e7\u00e3o"},"schema":{"@context":"https:\/\/schema.org","@graph":[{"@type":"Article","@id":"https:\/\/brasilnoticias.org\/site\/em-lisboa-papa-francisco-critica-falta-de-rotas-corajosas-para-paz-na-ucrania\/#article","isPartOf":{"@id":"https:\/\/brasilnoticias.org\/site\/em-lisboa-papa-francisco-critica-falta-de-rotas-corajosas-para-paz-na-ucrania\/"},"author":{"name":"Reda\u00e7\u00e3o","@id":"https:\/\/brasilnoticias.org\/site\/#\/schema\/person\/03bbbfe6c7634ad18c26444ea39049fa"},"headline":"Em Lisboa, Papa Francisco critica falta de rotas corajosas para paz na Ucr\u00e2nia","datePublished":"2023-08-03T17:46:02+00:00","mainEntityOfPage":{"@id":"https:\/\/brasilnoticias.org\/site\/em-lisboa-papa-francisco-critica-falta-de-rotas-corajosas-para-paz-na-ucrania\/"},"wordCount":1065,"commentCount":0,"publisher":{"@id":"https:\/\/brasilnoticias.org\/site\/#organization"},"image":{"@id":"https:\/\/brasilnoticias.org\/site\/em-lisboa-papa-francisco-critica-falta-de-rotas-corajosas-para-paz-na-ucrania\/#primaryimage"},"thumbnailUrl":"https:\/\/brasilnoticias.org\/site\/wp-content\/uploads\/2023\/08\/papa-francisco-primeiro-discurso-jmj-lisboa-2023-centro-cultural-belem-_-foto-REUTERS-Guglielmo-Mangiapane-1536x864-1.png","articleSection":["Mundo","\u00daltimas"],"inLanguage":"pt-PT","potentialAction":[{"@type":"CommentAction","name":"Comment","target":["https:\/\/brasilnoticias.org\/site\/em-lisboa-papa-francisco-critica-falta-de-rotas-corajosas-para-paz-na-ucrania\/#respond"]}]},{"@type":"WebPage","@id":"https:\/\/brasilnoticias.org\/site\/em-lisboa-papa-francisco-critica-falta-de-rotas-corajosas-para-paz-na-ucrania\/","url":"https:\/\/brasilnoticias.org\/site\/em-lisboa-papa-francisco-critica-falta-de-rotas-corajosas-para-paz-na-ucrania\/","name":"Em Lisboa, Papa Francisco critica falta de rotas corajosas para paz na Ucr\u00e2nia - Brasil not\u00edcias","isPartOf":{"@id":"https:\/\/brasilnoticias.org\/site\/#website"},"primaryImageOfPage":{"@id":"https:\/\/brasilnoticias.org\/site\/em-lisboa-papa-francisco-critica-falta-de-rotas-corajosas-para-paz-na-ucrania\/#primaryimage"},"image":{"@id":"https:\/\/brasilnoticias.org\/site\/em-lisboa-papa-francisco-critica-falta-de-rotas-corajosas-para-paz-na-ucrania\/#primaryimage"},"thumbnailUrl":"https:\/\/brasilnoticias.org\/site\/wp-content\/uploads\/2023\/08\/papa-francisco-primeiro-discurso-jmj-lisboa-2023-centro-cultural-belem-_-foto-REUTERS-Guglielmo-Mangiapane-1536x864-1.png","datePublished":"2023-08-03T17:46:02+00:00","breadcrumb":{"@id":"https:\/\/brasilnoticias.org\/site\/em-lisboa-papa-francisco-critica-falta-de-rotas-corajosas-para-paz-na-ucrania\/#breadcrumb"},"inLanguage":"pt-PT","potentialAction":[{"@type":"ReadAction","target":["https:\/\/brasilnoticias.org\/site\/em-lisboa-papa-francisco-critica-falta-de-rotas-corajosas-para-paz-na-ucrania\/"]}]},{"@type":"ImageObject","inLanguage":"pt-PT","@id":"https:\/\/brasilnoticias.org\/site\/em-lisboa-papa-francisco-critica-falta-de-rotas-corajosas-para-paz-na-ucrania\/#primaryimage","url":"https:\/\/brasilnoticias.org\/site\/wp-content\/uploads\/2023\/08\/papa-francisco-primeiro-discurso-jmj-lisboa-2023-centro-cultural-belem-_-foto-REUTERS-Guglielmo-Mangiapane-1536x864-1.png","contentUrl":"https:\/\/brasilnoticias.org\/site\/wp-content\/uploads\/2023\/08\/papa-francisco-primeiro-discurso-jmj-lisboa-2023-centro-cultural-belem-_-foto-REUTERS-Guglielmo-Mangiapane-1536x864-1.png","width":1536,"height":864},{"@type":"BreadcrumbList","@id":"https:\/\/brasilnoticias.org\/site\/em-lisboa-papa-francisco-critica-falta-de-rotas-corajosas-para-paz-na-ucrania\/#breadcrumb","itemListElement":[{"@type":"ListItem","position":1,"name":"In\u00edcio","item":"https:\/\/brasilnoticias.org\/site\/"},{"@type":"ListItem","position":2,"name":"Em Lisboa, Papa Francisco critica falta de rotas corajosas para paz na Ucr\u00e2nia"}]},{"@type":"WebSite","@id":"https:\/\/brasilnoticias.org\/site\/#website","url":"https:\/\/brasilnoticias.org\/site\/","name":"Brasil not\u00edcias","description":"Brasil not\u00edcias","publisher":{"@id":"https:\/\/brasilnoticias.org\/site\/#organization"},"potentialAction":[{"@type":"SearchAction","target":{"@type":"EntryPoint","urlTemplate":"https:\/\/brasilnoticias.org\/site\/?s={search_term_string}"},"query-input":{"@type":"PropertyValueSpecification","valueRequired":true,"valueName":"search_term_string"}}],"inLanguage":"pt-PT"},{"@type":"Organization","@id":"https:\/\/brasilnoticias.org\/site\/#organization","name":"Brasil not\u00edcias","url":"https:\/\/brasilnoticias.org\/site\/","logo":{"@type":"ImageObject","inLanguage":"pt-PT","@id":"https:\/\/brasilnoticias.org\/site\/#\/schema\/logo\/image\/","url":"https:\/\/brasilnoticias.org\/site\/wp-content\/uploads\/2022\/05\/cropped-brasilnoticias-mini.jpg","contentUrl":"https:\/\/brasilnoticias.org\/site\/wp-content\/uploads\/2022\/05\/cropped-brasilnoticias-mini.jpg","width":314,"height":86,"caption":"Brasil not\u00edcias"},"image":{"@id":"https:\/\/brasilnoticias.org\/site\/#\/schema\/logo\/image\/"}},{"@type":"Person","@id":"https:\/\/brasilnoticias.org\/site\/#\/schema\/person\/03bbbfe6c7634ad18c26444ea39049fa","name":"Reda\u00e7\u00e3o","image":{"@type":"ImageObject","inLanguage":"pt-PT","@id":"https:\/\/brasilnoticias.org\/site\/#\/schema\/person\/image\/","url":"https:\/\/secure.gravatar.com\/avatar\/9ecaf7327a696cb23ad926fedded5f1f04d7049de9e445375d55b48c001a6e42?s=96&d=mm&r=g","contentUrl":"https:\/\/secure.gravatar.com\/avatar\/9ecaf7327a696cb23ad926fedded5f1f04d7049de9e445375d55b48c001a6e42?s=96&d=mm&r=g","caption":"Reda\u00e7\u00e3o"},"url":"https:\/\/brasilnoticias.org\/site\/author\/henrique\/"}]}},"_links":{"self":[{"href":"https:\/\/brasilnoticias.org\/site\/wp-json\/wp\/v2\/posts\/7882","targetHints":{"allow":["GET"]}}],"collection":[{"href":"https:\/\/brasilnoticias.org\/site\/wp-json\/wp\/v2\/posts"}],"about":[{"href":"https:\/\/brasilnoticias.org\/site\/wp-json\/wp\/v2\/types\/post"}],"author":[{"embeddable":true,"href":"https:\/\/brasilnoticias.org\/site\/wp-json\/wp\/v2\/users\/4"}],"replies":[{"embeddable":true,"href":"https:\/\/brasilnoticias.org\/site\/wp-json\/wp\/v2\/comments?post=7882"}],"version-history":[{"count":1,"href":"https:\/\/brasilnoticias.org\/site\/wp-json\/wp\/v2\/posts\/7882\/revisions"}],"predecessor-version":[{"id":7884,"href":"https:\/\/brasilnoticias.org\/site\/wp-json\/wp\/v2\/posts\/7882\/revisions\/7884"}],"wp:featuredmedia":[{"embeddable":true,"href":"https:\/\/brasilnoticias.org\/site\/wp-json\/wp\/v2\/media\/7883"}],"wp:attachment":[{"href":"https:\/\/brasilnoticias.org\/site\/wp-json\/wp\/v2\/media?parent=7882"}],"wp:term":[{"taxonomy":"category","embeddable":true,"href":"https:\/\/brasilnoticias.org\/site\/wp-json\/wp\/v2\/categories?post=7882"},{"taxonomy":"post_tag","embeddable":true,"href":"https:\/\/brasilnoticias.org\/site\/wp-json\/wp\/v2\/tags?post=7882"}],"curies":[{"name":"wp","href":"https:\/\/api.w.org\/{rel}","templated":true}]}}