{"id":7885,"date":"2023-08-03T17:36:14","date_gmt":"2023-08-03T20:36:14","guid":{"rendered":"https:\/\/brasilnoticias.org\/site\/?p=7885"},"modified":"2023-08-03T17:44:41","modified_gmt":"2023-08-03T20:44:41","slug":"terceiro-dia-da-cpi-do-mst-e-marcado-por-capitao-alden-desmascarando-ze-rainha","status":"publish","type":"post","link":"https:\/\/brasilnoticias.org\/site\/terceiro-dia-da-cpi-do-mst-e-marcado-por-capitao-alden-desmascarando-ze-rainha\/","title":{"rendered":"Terceiro dia da CPI do MST \u00e9 marcado por Capit\u00e3o Alden desmascarando Z\u00e9 Rainha"},"content":{"rendered":"<p>Deputado refor\u00e7ou que a FNL \u00e9 Comunista e faz doutrina\u00e7\u00e3o<\/p>\n<p>O terceiro dia dos trabalhos da Comiss\u00e3o Parlamentar de Inqu\u00e9rito sobre o Movimento dos Trabalhadores Sem Terra (CPI do MST) foi marcado pela presen\u00e7a de Jos\u00e9 Rainha J\u00fanior, tamb\u00e9m conhecido por \u201cZ\u00e9 Rainha\u201d, L\u00edder da Frente Nacional de Luta Campo e Cidade (FNL). Nesta quinta-feira (3), o deputado federal Capit\u00e3o Alden (PL-BA), que \u00e9 membro titular da CPI do MST, apresentou informa\u00e7\u00f5es sobre as provas identificadas de doutrina\u00e7\u00e3o marxista em \u00e1rea invadida pela FNL no interior de S\u00e3o Paulo. Al\u00e9m disso, o parlamentar fez questionamentos ao l\u00edder do movimento que apresentou contradi\u00e7\u00f5es em suas respostas.  <\/p>\n<p>De acordo com o pol\u00edtico baiano, o \u201cZ\u00e9 Rainha\u201d foi em uma linha similar a outro convocado pela CPI do MST anteriormente, o General G Dias, em dizer que n\u00e3o sabia ou n\u00e3o se lembrava dos pontos questionados, o que para Capit\u00e3o Alden isso refor\u00e7a uma estrat\u00e9gia elaborada pela Esquerda para tentar blindar os ouvidos na Comiss\u00e3o.   <\/p>\n<p>Segundo o parlamentar, ap\u00f3s apresentar que Lula \u00e9 Comunista, o militar baiano questionou se o l\u00edder da Frente Nacional de Luta Campo e Cidade tem orgulho de ser Comunista, mas Z\u00e9 Rainha respondeu que n\u00e3o \u00e9 Comunista. Em sua pergunta seguinte, o deputado federal quis saber como surgiu a ideia do nome do movimento e o l\u00edder da FNL disse que foi ap\u00f3s uma reuni\u00e3o dos membros. <\/p>\n<p>\u201cA escolha do nome FNL e seu s\u00edmbolo se assemelha a uma s\u00e9rie de movimentos nefastos internacionais. O Z\u00e9 Rainha diz n\u00e3o ser Comunista, mas n\u00e3o \u00e9 isso que se encontra nos ditos assentamentos. As imagens de Che Guevara &#8211; assassinato sanguin\u00e1rio &#8211; de Stalin e tantas outros figuras Comunistas v\u00e3o de encontro a afirma\u00e7\u00e3o do l\u00edder da FNL\u201d, comenta Alden.<\/p>\n<p>Foto: divulga\u00e7\u00e3o<br \/>\nFonte:Brado Jornal<\/p>\n","protected":false},"excerpt":{"rendered":"<p>Deputado refor\u00e7ou que a FNL \u00e9 Comunista e faz doutrina\u00e7\u00e3o O terceiro dia dos trabalhos da Comiss\u00e3o Parlamentar de Inqu\u00e9rito<\/p>\n","protected":false},"author":4,"featured_media":7886,"comment_status":"open","ping_status":"open","sticky":false,"template":"","format":"standard","meta":{"colormag_page_container_layout":"default_layout","colormag_page_sidebar_layout":"default_layout","_FSMCFIC_featured_image_caption":"","_FSMCFIC_featured_image_nocaption":"","_FSMCFIC_featured_image_hide":"","footnotes":""},"categories":[5,1],"tags":[],"class_list":["post-7885","post","type-post","status-publish","format-standard","has-post-thumbnail","hentry","category-politica","category-ultimas"],"yoast_head":"<!-- This site is optimized with the Yoast SEO plugin v27.1.1 - https:\/\/yoast.com\/product\/yoast-seo-wordpress\/ -->\n<title>Terceiro dia da CPI do MST \u00e9 marcado por Capit\u00e3o Alden desmascarando Z\u00e9 Rainha - Brasil not\u00edcias<\/title>\n<meta name=\"robots\" content=\"index, follow, max-snippet:-1, max-image-preview:large, max-video-preview:-1\" \/>\n<link rel=\"canonical\" href=\"https:\/\/brasilnoticias.org\/site\/terceiro-dia-da-cpi-do-mst-e-marcado-por-capitao-alden-desmascarando-ze-rainha\/\" \/>\n<meta property=\"og:locale\" content=\"pt_PT\" \/>\n<meta property=\"og:type\" content=\"article\" \/>\n<meta property=\"og:title\" content=\"Terceiro dia da CPI do MST \u00e9 marcado por Capit\u00e3o Alden desmascarando Z\u00e9 Rainha - Brasil not\u00edcias\" \/>\n<meta property=\"og:description\" content=\"Deputado refor\u00e7ou que a FNL \u00e9 Comunista e faz doutrina\u00e7\u00e3o O terceiro dia dos trabalhos da Comiss\u00e3o Parlamentar de Inqu\u00e9rito\" \/>\n<meta property=\"og:url\" content=\"https:\/\/brasilnoticias.org\/site\/terceiro-dia-da-cpi-do-mst-e-marcado-por-capitao-alden-desmascarando-ze-rainha\/\" \/>\n<meta property=\"og:site_name\" content=\"Brasil not\u00edcias\" \/>\n<meta property=\"article:published_time\" content=\"2023-08-03T20:36:14+00:00\" \/>\n<meta property=\"article:modified_time\" content=\"2023-08-03T20:44:41+00:00\" \/>\n<meta property=\"og:image\" content=\"https:\/\/brasilnoticias.org\/site\/wp-content\/uploads\/2023\/08\/WhatsApp-Image-2023-08-03-at-17.34.21.jpeg\" \/>\n\t<meta property=\"og:image:width\" content=\"1024\" \/>\n\t<meta property=\"og:image:height\" content=\"683\" \/>\n\t<meta property=\"og:image:type\" content=\"image\/jpeg\" \/>\n<meta name=\"author\" content=\"Reda\u00e7\u00e3o\" \/>\n<meta name=\"twitter:card\" content=\"summary_large_image\" \/>\n<meta name=\"twitter:label1\" content=\"Escrito por\" \/>\n\t<meta name=\"twitter:data1\" content=\"Reda\u00e7\u00e3o\" \/>\n\t<meta name=\"twitter:label2\" content=\"Tempo estimado de leitura\" \/>\n\t<meta name=\"twitter:data2\" content=\"2 minutos\" \/>\n<script type=\"application\/ld+json\" class=\"yoast-schema-graph\">{\"@context\":\"https:\/\/schema.org\",\"@graph\":[{\"@type\":\"Article\",\"@id\":\"https:\/\/brasilnoticias.org\/site\/terceiro-dia-da-cpi-do-mst-e-marcado-por-capitao-alden-desmascarando-ze-rainha\/#article\",\"isPartOf\":{\"@id\":\"https:\/\/brasilnoticias.org\/site\/terceiro-dia-da-cpi-do-mst-e-marcado-por-capitao-alden-desmascarando-ze-rainha\/\"},\"author\":{\"name\":\"Reda\u00e7\u00e3o\",\"@id\":\"https:\/\/brasilnoticias.org\/site\/#\/schema\/person\/03bbbfe6c7634ad18c26444ea39049fa\"},\"headline\":\"Terceiro dia da CPI do MST \u00e9 marcado por Capit\u00e3o Alden desmascarando Z\u00e9 Rainha\",\"datePublished\":\"2023-08-03T20:36:14+00:00\",\"dateModified\":\"2023-08-03T20:44:41+00:00\",\"mainEntityOfPage\":{\"@id\":\"https:\/\/brasilnoticias.org\/site\/terceiro-dia-da-cpi-do-mst-e-marcado-por-capitao-alden-desmascarando-ze-rainha\/\"},\"wordCount\":340,\"commentCount\":0,\"publisher\":{\"@id\":\"https:\/\/brasilnoticias.org\/site\/#organization\"},\"image\":{\"@id\":\"https:\/\/brasilnoticias.org\/site\/terceiro-dia-da-cpi-do-mst-e-marcado-por-capitao-alden-desmascarando-ze-rainha\/#primaryimage\"},\"thumbnailUrl\":\"https:\/\/brasilnoticias.org\/site\/wp-content\/uploads\/2023\/08\/WhatsApp-Image-2023-08-03-at-17.34.21.jpeg\",\"articleSection\":[\"Pol\u00edtica\",\"\u00daltimas\"],\"inLanguage\":\"pt-PT\",\"potentialAction\":[{\"@type\":\"CommentAction\",\"name\":\"Comment\",\"target\":[\"https:\/\/brasilnoticias.org\/site\/terceiro-dia-da-cpi-do-mst-e-marcado-por-capitao-alden-desmascarando-ze-rainha\/#respond\"]}]},{\"@type\":\"WebPage\",\"@id\":\"https:\/\/brasilnoticias.org\/site\/terceiro-dia-da-cpi-do-mst-e-marcado-por-capitao-alden-desmascarando-ze-rainha\/\",\"url\":\"https:\/\/brasilnoticias.org\/site\/terceiro-dia-da-cpi-do-mst-e-marcado-por-capitao-alden-desmascarando-ze-rainha\/\",\"name\":\"Terceiro dia da CPI do MST \u00e9 marcado por Capit\u00e3o Alden desmascarando Z\u00e9 Rainha - Brasil not\u00edcias\",\"isPartOf\":{\"@id\":\"https:\/\/brasilnoticias.org\/site\/#website\"},\"primaryImageOfPage\":{\"@id\":\"https:\/\/brasilnoticias.org\/site\/terceiro-dia-da-cpi-do-mst-e-marcado-por-capitao-alden-desmascarando-ze-rainha\/#primaryimage\"},\"image\":{\"@id\":\"https:\/\/brasilnoticias.org\/site\/terceiro-dia-da-cpi-do-mst-e-marcado-por-capitao-alden-desmascarando-ze-rainha\/#primaryimage\"},\"thumbnailUrl\":\"https:\/\/brasilnoticias.org\/site\/wp-content\/uploads\/2023\/08\/WhatsApp-Image-2023-08-03-at-17.34.21.jpeg\",\"datePublished\":\"2023-08-03T20:36:14+00:00\",\"dateModified\":\"2023-08-03T20:44:41+00:00\",\"breadcrumb\":{\"@id\":\"https:\/\/brasilnoticias.org\/site\/terceiro-dia-da-cpi-do-mst-e-marcado-por-capitao-alden-desmascarando-ze-rainha\/#breadcrumb\"},\"inLanguage\":\"pt-PT\",\"potentialAction\":[{\"@type\":\"ReadAction\",\"target\":[\"https:\/\/brasilnoticias.org\/site\/terceiro-dia-da-cpi-do-mst-e-marcado-por-capitao-alden-desmascarando-ze-rainha\/\"]}]},{\"@type\":\"ImageObject\",\"inLanguage\":\"pt-PT\",\"@id\":\"https:\/\/brasilnoticias.org\/site\/terceiro-dia-da-cpi-do-mst-e-marcado-por-capitao-alden-desmascarando-ze-rainha\/#primaryimage\",\"url\":\"https:\/\/brasilnoticias.org\/site\/wp-content\/uploads\/2023\/08\/WhatsApp-Image-2023-08-03-at-17.34.21.jpeg\",\"contentUrl\":\"https:\/\/brasilnoticias.org\/site\/wp-content\/uploads\/2023\/08\/WhatsApp-Image-2023-08-03-at-17.34.21.jpeg\",\"width\":1024,\"height\":683},{\"@type\":\"BreadcrumbList\",\"@id\":\"https:\/\/brasilnoticias.org\/site\/terceiro-dia-da-cpi-do-mst-e-marcado-por-capitao-alden-desmascarando-ze-rainha\/#breadcrumb\",\"itemListElement\":[{\"@type\":\"ListItem\",\"position\":1,\"name\":\"In\u00edcio\",\"item\":\"https:\/\/brasilnoticias.org\/site\/\"},{\"@type\":\"ListItem\",\"position\":2,\"name\":\"Terceiro dia da CPI do MST \u00e9 marcado por Capit\u00e3o Alden desmascarando Z\u00e9 Rainha\"}]},{\"@type\":\"WebSite\",\"@id\":\"https:\/\/brasilnoticias.org\/site\/#website\",\"url\":\"https:\/\/brasilnoticias.org\/site\/\",\"name\":\"Brasil not\u00edcias\",\"description\":\"Brasil not\u00edcias\",\"publisher\":{\"@id\":\"https:\/\/brasilnoticias.org\/site\/#organization\"},\"potentialAction\":[{\"@type\":\"SearchAction\",\"target\":{\"@type\":\"EntryPoint\",\"urlTemplate\":\"https:\/\/brasilnoticias.org\/site\/?s={search_term_string}\"},\"query-input\":{\"@type\":\"PropertyValueSpecification\",\"valueRequired\":true,\"valueName\":\"search_term_string\"}}],\"inLanguage\":\"pt-PT\"},{\"@type\":\"Organization\",\"@id\":\"https:\/\/brasilnoticias.org\/site\/#organization\",\"name\":\"Brasil not\u00edcias\",\"url\":\"https:\/\/brasilnoticias.org\/site\/\",\"logo\":{\"@type\":\"ImageObject\",\"inLanguage\":\"pt-PT\",\"@id\":\"https:\/\/brasilnoticias.org\/site\/#\/schema\/logo\/image\/\",\"url\":\"https:\/\/brasilnoticias.org\/site\/wp-content\/uploads\/2022\/05\/cropped-brasilnoticias-mini.jpg\",\"contentUrl\":\"https:\/\/brasilnoticias.org\/site\/wp-content\/uploads\/2022\/05\/cropped-brasilnoticias-mini.jpg\",\"width\":314,\"height\":86,\"caption\":\"Brasil not\u00edcias\"},\"image\":{\"@id\":\"https:\/\/brasilnoticias.org\/site\/#\/schema\/logo\/image\/\"}},{\"@type\":\"Person\",\"@id\":\"https:\/\/brasilnoticias.org\/site\/#\/schema\/person\/03bbbfe6c7634ad18c26444ea39049fa\",\"name\":\"Reda\u00e7\u00e3o\",\"image\":{\"@type\":\"ImageObject\",\"inLanguage\":\"pt-PT\",\"@id\":\"https:\/\/brasilnoticias.org\/site\/#\/schema\/person\/image\/\",\"url\":\"https:\/\/secure.gravatar.com\/avatar\/9ecaf7327a696cb23ad926fedded5f1f04d7049de9e445375d55b48c001a6e42?s=96&d=mm&r=g\",\"contentUrl\":\"https:\/\/secure.gravatar.com\/avatar\/9ecaf7327a696cb23ad926fedded5f1f04d7049de9e445375d55b48c001a6e42?s=96&d=mm&r=g\",\"caption\":\"Reda\u00e7\u00e3o\"},\"url\":\"https:\/\/brasilnoticias.org\/site\/author\/henrique\/\"}]}<\/script>\n<!-- \/ Yoast SEO plugin. -->","yoast_head_json":{"title":"Terceiro dia da CPI do MST \u00e9 marcado por Capit\u00e3o Alden desmascarando Z\u00e9 Rainha - Brasil not\u00edcias","robots":{"index":"index","follow":"follow","max-snippet":"max-snippet:-1","max-image-preview":"max-image-preview:large","max-video-preview":"max-video-preview:-1"},"canonical":"https:\/\/brasilnoticias.org\/site\/terceiro-dia-da-cpi-do-mst-e-marcado-por-capitao-alden-desmascarando-ze-rainha\/","og_locale":"pt_PT","og_type":"article","og_title":"Terceiro dia da CPI do MST \u00e9 marcado por Capit\u00e3o Alden desmascarando Z\u00e9 Rainha - Brasil not\u00edcias","og_description":"Deputado refor\u00e7ou que a FNL \u00e9 Comunista e faz doutrina\u00e7\u00e3o O terceiro dia dos trabalhos da Comiss\u00e3o Parlamentar de Inqu\u00e9rito","og_url":"https:\/\/brasilnoticias.org\/site\/terceiro-dia-da-cpi-do-mst-e-marcado-por-capitao-alden-desmascarando-ze-rainha\/","og_site_name":"Brasil not\u00edcias","article_published_time":"2023-08-03T20:36:14+00:00","article_modified_time":"2023-08-03T20:44:41+00:00","og_image":[{"width":1024,"height":683,"url":"https:\/\/brasilnoticias.org\/site\/wp-content\/uploads\/2023\/08\/WhatsApp-Image-2023-08-03-at-17.34.21.jpeg","type":"image\/jpeg"}],"author":"Reda\u00e7\u00e3o","twitter_card":"summary_large_image","twitter_misc":{"Escrito por":"Reda\u00e7\u00e3o","Tempo estimado de leitura":"2 minutos"},"schema":{"@context":"https:\/\/schema.org","@graph":[{"@type":"Article","@id":"https:\/\/brasilnoticias.org\/site\/terceiro-dia-da-cpi-do-mst-e-marcado-por-capitao-alden-desmascarando-ze-rainha\/#article","isPartOf":{"@id":"https:\/\/brasilnoticias.org\/site\/terceiro-dia-da-cpi-do-mst-e-marcado-por-capitao-alden-desmascarando-ze-rainha\/"},"author":{"name":"Reda\u00e7\u00e3o","@id":"https:\/\/brasilnoticias.org\/site\/#\/schema\/person\/03bbbfe6c7634ad18c26444ea39049fa"},"headline":"Terceiro dia da CPI do MST \u00e9 marcado por Capit\u00e3o Alden desmascarando Z\u00e9 Rainha","datePublished":"2023-08-03T20:36:14+00:00","dateModified":"2023-08-03T20:44:41+00:00","mainEntityOfPage":{"@id":"https:\/\/brasilnoticias.org\/site\/terceiro-dia-da-cpi-do-mst-e-marcado-por-capitao-alden-desmascarando-ze-rainha\/"},"wordCount":340,"commentCount":0,"publisher":{"@id":"https:\/\/brasilnoticias.org\/site\/#organization"},"image":{"@id":"https:\/\/brasilnoticias.org\/site\/terceiro-dia-da-cpi-do-mst-e-marcado-por-capitao-alden-desmascarando-ze-rainha\/#primaryimage"},"thumbnailUrl":"https:\/\/brasilnoticias.org\/site\/wp-content\/uploads\/2023\/08\/WhatsApp-Image-2023-08-03-at-17.34.21.jpeg","articleSection":["Pol\u00edtica","\u00daltimas"],"inLanguage":"pt-PT","potentialAction":[{"@type":"CommentAction","name":"Comment","target":["https:\/\/brasilnoticias.org\/site\/terceiro-dia-da-cpi-do-mst-e-marcado-por-capitao-alden-desmascarando-ze-rainha\/#respond"]}]},{"@type":"WebPage","@id":"https:\/\/brasilnoticias.org\/site\/terceiro-dia-da-cpi-do-mst-e-marcado-por-capitao-alden-desmascarando-ze-rainha\/","url":"https:\/\/brasilnoticias.org\/site\/terceiro-dia-da-cpi-do-mst-e-marcado-por-capitao-alden-desmascarando-ze-rainha\/","name":"Terceiro dia da CPI do MST \u00e9 marcado por Capit\u00e3o Alden desmascarando Z\u00e9 Rainha - Brasil not\u00edcias","isPartOf":{"@id":"https:\/\/brasilnoticias.org\/site\/#website"},"primaryImageOfPage":{"@id":"https:\/\/brasilnoticias.org\/site\/terceiro-dia-da-cpi-do-mst-e-marcado-por-capitao-alden-desmascarando-ze-rainha\/#primaryimage"},"image":{"@id":"https:\/\/brasilnoticias.org\/site\/terceiro-dia-da-cpi-do-mst-e-marcado-por-capitao-alden-desmascarando-ze-rainha\/#primaryimage"},"thumbnailUrl":"https:\/\/brasilnoticias.org\/site\/wp-content\/uploads\/2023\/08\/WhatsApp-Image-2023-08-03-at-17.34.21.jpeg","datePublished":"2023-08-03T20:36:14+00:00","dateModified":"2023-08-03T20:44:41+00:00","breadcrumb":{"@id":"https:\/\/brasilnoticias.org\/site\/terceiro-dia-da-cpi-do-mst-e-marcado-por-capitao-alden-desmascarando-ze-rainha\/#breadcrumb"},"inLanguage":"pt-PT","potentialAction":[{"@type":"ReadAction","target":["https:\/\/brasilnoticias.org\/site\/terceiro-dia-da-cpi-do-mst-e-marcado-por-capitao-alden-desmascarando-ze-rainha\/"]}]},{"@type":"ImageObject","inLanguage":"pt-PT","@id":"https:\/\/brasilnoticias.org\/site\/terceiro-dia-da-cpi-do-mst-e-marcado-por-capitao-alden-desmascarando-ze-rainha\/#primaryimage","url":"https:\/\/brasilnoticias.org\/site\/wp-content\/uploads\/2023\/08\/WhatsApp-Image-2023-08-03-at-17.34.21.jpeg","contentUrl":"https:\/\/brasilnoticias.org\/site\/wp-content\/uploads\/2023\/08\/WhatsApp-Image-2023-08-03-at-17.34.21.jpeg","width":1024,"height":683},{"@type":"BreadcrumbList","@id":"https:\/\/brasilnoticias.org\/site\/terceiro-dia-da-cpi-do-mst-e-marcado-por-capitao-alden-desmascarando-ze-rainha\/#breadcrumb","itemListElement":[{"@type":"ListItem","position":1,"name":"In\u00edcio","item":"https:\/\/brasilnoticias.org\/site\/"},{"@type":"ListItem","position":2,"name":"Terceiro dia da CPI do MST \u00e9 marcado por Capit\u00e3o Alden desmascarando Z\u00e9 Rainha"}]},{"@type":"WebSite","@id":"https:\/\/brasilnoticias.org\/site\/#website","url":"https:\/\/brasilnoticias.org\/site\/","name":"Brasil not\u00edcias","description":"Brasil not\u00edcias","publisher":{"@id":"https:\/\/brasilnoticias.org\/site\/#organization"},"potentialAction":[{"@type":"SearchAction","target":{"@type":"EntryPoint","urlTemplate":"https:\/\/brasilnoticias.org\/site\/?s={search_term_string}"},"query-input":{"@type":"PropertyValueSpecification","valueRequired":true,"valueName":"search_term_string"}}],"inLanguage":"pt-PT"},{"@type":"Organization","@id":"https:\/\/brasilnoticias.org\/site\/#organization","name":"Brasil not\u00edcias","url":"https:\/\/brasilnoticias.org\/site\/","logo":{"@type":"ImageObject","inLanguage":"pt-PT","@id":"https:\/\/brasilnoticias.org\/site\/#\/schema\/logo\/image\/","url":"https:\/\/brasilnoticias.org\/site\/wp-content\/uploads\/2022\/05\/cropped-brasilnoticias-mini.jpg","contentUrl":"https:\/\/brasilnoticias.org\/site\/wp-content\/uploads\/2022\/05\/cropped-brasilnoticias-mini.jpg","width":314,"height":86,"caption":"Brasil not\u00edcias"},"image":{"@id":"https:\/\/brasilnoticias.org\/site\/#\/schema\/logo\/image\/"}},{"@type":"Person","@id":"https:\/\/brasilnoticias.org\/site\/#\/schema\/person\/03bbbfe6c7634ad18c26444ea39049fa","name":"Reda\u00e7\u00e3o","image":{"@type":"ImageObject","inLanguage":"pt-PT","@id":"https:\/\/brasilnoticias.org\/site\/#\/schema\/person\/image\/","url":"https:\/\/secure.gravatar.com\/avatar\/9ecaf7327a696cb23ad926fedded5f1f04d7049de9e445375d55b48c001a6e42?s=96&d=mm&r=g","contentUrl":"https:\/\/secure.gravatar.com\/avatar\/9ecaf7327a696cb23ad926fedded5f1f04d7049de9e445375d55b48c001a6e42?s=96&d=mm&r=g","caption":"Reda\u00e7\u00e3o"},"url":"https:\/\/brasilnoticias.org\/site\/author\/henrique\/"}]}},"_links":{"self":[{"href":"https:\/\/brasilnoticias.org\/site\/wp-json\/wp\/v2\/posts\/7885","targetHints":{"allow":["GET"]}}],"collection":[{"href":"https:\/\/brasilnoticias.org\/site\/wp-json\/wp\/v2\/posts"}],"about":[{"href":"https:\/\/brasilnoticias.org\/site\/wp-json\/wp\/v2\/types\/post"}],"author":[{"embeddable":true,"href":"https:\/\/brasilnoticias.org\/site\/wp-json\/wp\/v2\/users\/4"}],"replies":[{"embeddable":true,"href":"https:\/\/brasilnoticias.org\/site\/wp-json\/wp\/v2\/comments?post=7885"}],"version-history":[{"count":2,"href":"https:\/\/brasilnoticias.org\/site\/wp-json\/wp\/v2\/posts\/7885\/revisions"}],"predecessor-version":[{"id":7888,"href":"https:\/\/brasilnoticias.org\/site\/wp-json\/wp\/v2\/posts\/7885\/revisions\/7888"}],"wp:featuredmedia":[{"embeddable":true,"href":"https:\/\/brasilnoticias.org\/site\/wp-json\/wp\/v2\/media\/7886"}],"wp:attachment":[{"href":"https:\/\/brasilnoticias.org\/site\/wp-json\/wp\/v2\/media?parent=7885"}],"wp:term":[{"taxonomy":"category","embeddable":true,"href":"https:\/\/brasilnoticias.org\/site\/wp-json\/wp\/v2\/categories?post=7885"},{"taxonomy":"post_tag","embeddable":true,"href":"https:\/\/brasilnoticias.org\/site\/wp-json\/wp\/v2\/tags?post=7885"}],"curies":[{"name":"wp","href":"https:\/\/api.w.org\/{rel}","templated":true}]}}