{"id":7910,"date":"2023-08-04T13:18:46","date_gmt":"2023-08-04T16:18:46","guid":{"rendered":"https:\/\/brasilnoticias.org\/site\/?p=7910"},"modified":"2023-08-04T13:18:46","modified_gmt":"2023-08-04T16:18:46","slug":"apos-janela-sao-paulo-inter-e-botafogo-tem-os-elencos-com-mais-atletas-nascidos-fora-do-pais","status":"publish","type":"post","link":"https:\/\/brasilnoticias.org\/site\/apos-janela-sao-paulo-inter-e-botafogo-tem-os-elencos-com-mais-atletas-nascidos-fora-do-pais\/","title":{"rendered":"Ap\u00f3s janela, S\u00e3o Paulo, Inter e Botafogo t\u00eam os elencos com mais atletas nascidos fora do pa\u00eds"},"content":{"rendered":"<p>Levantamento do Espi\u00e3o Estat\u00edstico mostra as nacionalidades e a lista de jogadores por clube, ap\u00f3s per\u00edodo de contrata\u00e7\u00f5es; confira rankings<\/p>\n<p>O Campeonato Brasileiro vive um processo de globaliza\u00e7\u00e3o cada vez mais evidente e alcan\u00e7ou a marca de 110 atletas nascidos fora do pa\u00eds registrados, com o t\u00e9rmino da janela de transfer\u00eancias na \u00faltima quarta-feira. O Espi\u00e3o Estat\u00edstico preparou um levantamento com todos os elencos dos times da S\u00e9rie A para mostrar as nacionalidades e a quantidade de jogadores em cada equipe.<\/p>\n<p>Internacional, S\u00e3o Paulo e Botafogo contam com os elencos mais globalizados do Brasileir\u00e3o, com nove atletas nascidos fora do Brasil em cada clube. O colombiano James Rodr\u00edguez foi o \u00faltimo a se juntar \u00e0 lista do Tricolor Paulista, que tamb\u00e9m tem: Arboleda e Jhegson M\u00e9ndez (Equador); Gabi Neves e Michel Ara\u00fajo (Uruguai); Calleri, Galoppo e Alan Franco (Argentina); e Ferraresi (Venezuela).<\/p>\n<p>O Colorado, por sua vez, trouxe o equatoriano Enner Valencia e o uruguaio Sergio Rochet nesta janela e tamb\u00e9m conta com Mercado e Bustos (Argentina); De Pena (Uruguai), Nicol\u00e1s Hern\u00e1ndez (Col\u00f4mbia), Ar\u00e1nguiz (Chile) &#8211; al\u00e9m de Johnny (Estados Unidos) e Wanderson (B\u00e9lgica), que tamb\u00e9m nasceram fora do pa\u00eds, mas que possuem a cidadania brasileira.<\/p>\n<p>O time ga\u00facho, inclusive, bateu recorde de gringos utilizados em um jogo do Brasileir\u00e3o, ao entrar com sete jogadores estrangeiros no time titular, no empate em 0 a 0 com o Bragantino, pela 16\u00aa rodada. Por conta da dupla-nacionalidade, Johnny e Wanderson, tamb\u00e9m titulares, n\u00e3o fizeram o Colorado ultrapassar o limite de gringos. Da escala\u00e7\u00e3o inicial, apenas Ren\u00ea e Alan Patrick nasceram em solo brasileiro.<\/p>\n<p>Aos 45 do segundo tempo, o Botafogo contratou mais dois uruguaios para o elenco: Mateo Ponte e, por \u00faltimo, Valent\u00edn Adamo. O elenco alvinegro tamb\u00e9m tem: Gatito Fern\u00e1ndez e Mat\u00edas Segovia (Paraguai); V\u00edctor Cuesta e Di Placido (Argentina), Luis Segovia (Equador); Diego Hern\u00e1ndez (Uruguai) e Jacob Montes (Estados Unidos).<\/p>\n<p>Vasco e Gr\u00eamio tamb\u00e9m aparecem em destaque, com oito estrangeiros cada. Os \u00faltimos que desembarcaram no Brasil foram os argentinos Pablo Vegetti e Lucas Besozzi, que acertaram com Cruzmaltino e o Tricolor Ga\u00facho, respectivamente.<\/p>\n<p>Foto: S\u00e3o Paulo FC<br \/>\nGE<\/p>\n","protected":false},"excerpt":{"rendered":"<p>Levantamento do Espi\u00e3o Estat\u00edstico mostra as nacionalidades e a lista de jogadores por clube, ap\u00f3s per\u00edodo de contrata\u00e7\u00f5es; confira rankings<\/p>\n","protected":false},"author":4,"featured_media":7911,"comment_status":"open","ping_status":"open","sticky":false,"template":"","format":"standard","meta":{"colormag_page_container_layout":"default_layout","colormag_page_sidebar_layout":"default_layout","_FSMCFIC_featured_image_caption":"","_FSMCFIC_featured_image_nocaption":"","_FSMCFIC_featured_image_hide":"","footnotes":""},"categories":[4,1],"tags":[],"class_list":["post-7910","post","type-post","status-publish","format-standard","has-post-thumbnail","hentry","category-esporte","category-ultimas"],"yoast_head":"<!-- This site is optimized with the Yoast SEO plugin v27.1.1 - https:\/\/yoast.com\/product\/yoast-seo-wordpress\/ -->\n<title>Ap\u00f3s janela, S\u00e3o Paulo, Inter e Botafogo t\u00eam os elencos com mais atletas nascidos fora do pa\u00eds - Brasil not\u00edcias<\/title>\n<meta name=\"robots\" content=\"index, follow, max-snippet:-1, max-image-preview:large, max-video-preview:-1\" \/>\n<link rel=\"canonical\" href=\"https:\/\/brasilnoticias.org\/site\/apos-janela-sao-paulo-inter-e-botafogo-tem-os-elencos-com-mais-atletas-nascidos-fora-do-pais\/\" \/>\n<meta property=\"og:locale\" content=\"pt_PT\" \/>\n<meta property=\"og:type\" content=\"article\" \/>\n<meta property=\"og:title\" content=\"Ap\u00f3s janela, S\u00e3o Paulo, Inter e Botafogo t\u00eam os elencos com mais atletas nascidos fora do pa\u00eds - Brasil not\u00edcias\" \/>\n<meta property=\"og:description\" content=\"Levantamento do Espi\u00e3o Estat\u00edstico mostra as nacionalidades e a lista de jogadores por clube, ap\u00f3s per\u00edodo de contrata\u00e7\u00f5es; confira rankings\" \/>\n<meta property=\"og:url\" content=\"https:\/\/brasilnoticias.org\/site\/apos-janela-sao-paulo-inter-e-botafogo-tem-os-elencos-com-mais-atletas-nascidos-fora-do-pais\/\" \/>\n<meta property=\"og:site_name\" content=\"Brasil not\u00edcias\" \/>\n<meta property=\"article:published_time\" content=\"2023-08-04T16:18:46+00:00\" \/>\n<meta property=\"og:image\" content=\"https:\/\/brasilnoticias.org\/site\/wp-content\/uploads\/2023\/08\/james-.webp\" \/>\n\t<meta property=\"og:image:width\" content=\"984\" \/>\n\t<meta property=\"og:image:height\" content=\"1164\" \/>\n\t<meta property=\"og:image:type\" content=\"image\/webp\" \/>\n<meta name=\"author\" content=\"Reda\u00e7\u00e3o\" \/>\n<meta name=\"twitter:card\" content=\"summary_large_image\" \/>\n<meta name=\"twitter:label1\" content=\"Escrito por\" \/>\n\t<meta name=\"twitter:data1\" content=\"Reda\u00e7\u00e3o\" \/>\n<script type=\"application\/ld+json\" class=\"yoast-schema-graph\">{\"@context\":\"https:\/\/schema.org\",\"@graph\":[{\"@type\":\"Article\",\"@id\":\"https:\/\/brasilnoticias.org\/site\/apos-janela-sao-paulo-inter-e-botafogo-tem-os-elencos-com-mais-atletas-nascidos-fora-do-pais\/#article\",\"isPartOf\":{\"@id\":\"https:\/\/brasilnoticias.org\/site\/apos-janela-sao-paulo-inter-e-botafogo-tem-os-elencos-com-mais-atletas-nascidos-fora-do-pais\/\"},\"author\":{\"name\":\"Reda\u00e7\u00e3o\",\"@id\":\"https:\/\/brasilnoticias.org\/site\/#\/schema\/person\/03bbbfe6c7634ad18c26444ea39049fa\"},\"headline\":\"Ap\u00f3s janela, S\u00e3o Paulo, Inter e Botafogo t\u00eam os elencos com mais atletas nascidos fora do pa\u00eds\",\"datePublished\":\"2023-08-04T16:18:46+00:00\",\"mainEntityOfPage\":{\"@id\":\"https:\/\/brasilnoticias.org\/site\/apos-janela-sao-paulo-inter-e-botafogo-tem-os-elencos-com-mais-atletas-nascidos-fora-do-pais\/\"},\"wordCount\":407,\"commentCount\":0,\"publisher\":{\"@id\":\"https:\/\/brasilnoticias.org\/site\/#organization\"},\"image\":{\"@id\":\"https:\/\/brasilnoticias.org\/site\/apos-janela-sao-paulo-inter-e-botafogo-tem-os-elencos-com-mais-atletas-nascidos-fora-do-pais\/#primaryimage\"},\"thumbnailUrl\":\"https:\/\/brasilnoticias.org\/site\/wp-content\/uploads\/2023\/08\/james-.webp\",\"articleSection\":[\"Esporte\",\"\u00daltimas\"],\"inLanguage\":\"pt-PT\",\"potentialAction\":[{\"@type\":\"CommentAction\",\"name\":\"Comment\",\"target\":[\"https:\/\/brasilnoticias.org\/site\/apos-janela-sao-paulo-inter-e-botafogo-tem-os-elencos-com-mais-atletas-nascidos-fora-do-pais\/#respond\"]}]},{\"@type\":\"WebPage\",\"@id\":\"https:\/\/brasilnoticias.org\/site\/apos-janela-sao-paulo-inter-e-botafogo-tem-os-elencos-com-mais-atletas-nascidos-fora-do-pais\/\",\"url\":\"https:\/\/brasilnoticias.org\/site\/apos-janela-sao-paulo-inter-e-botafogo-tem-os-elencos-com-mais-atletas-nascidos-fora-do-pais\/\",\"name\":\"Ap\u00f3s janela, S\u00e3o Paulo, Inter e Botafogo t\u00eam os elencos com mais atletas nascidos fora do pa\u00eds - Brasil not\u00edcias\",\"isPartOf\":{\"@id\":\"https:\/\/brasilnoticias.org\/site\/#website\"},\"primaryImageOfPage\":{\"@id\":\"https:\/\/brasilnoticias.org\/site\/apos-janela-sao-paulo-inter-e-botafogo-tem-os-elencos-com-mais-atletas-nascidos-fora-do-pais\/#primaryimage\"},\"image\":{\"@id\":\"https:\/\/brasilnoticias.org\/site\/apos-janela-sao-paulo-inter-e-botafogo-tem-os-elencos-com-mais-atletas-nascidos-fora-do-pais\/#primaryimage\"},\"thumbnailUrl\":\"https:\/\/brasilnoticias.org\/site\/wp-content\/uploads\/2023\/08\/james-.webp\",\"datePublished\":\"2023-08-04T16:18:46+00:00\",\"breadcrumb\":{\"@id\":\"https:\/\/brasilnoticias.org\/site\/apos-janela-sao-paulo-inter-e-botafogo-tem-os-elencos-com-mais-atletas-nascidos-fora-do-pais\/#breadcrumb\"},\"inLanguage\":\"pt-PT\",\"potentialAction\":[{\"@type\":\"ReadAction\",\"target\":[\"https:\/\/brasilnoticias.org\/site\/apos-janela-sao-paulo-inter-e-botafogo-tem-os-elencos-com-mais-atletas-nascidos-fora-do-pais\/\"]}]},{\"@type\":\"ImageObject\",\"inLanguage\":\"pt-PT\",\"@id\":\"https:\/\/brasilnoticias.org\/site\/apos-janela-sao-paulo-inter-e-botafogo-tem-os-elencos-com-mais-atletas-nascidos-fora-do-pais\/#primaryimage\",\"url\":\"https:\/\/brasilnoticias.org\/site\/wp-content\/uploads\/2023\/08\/james-.webp\",\"contentUrl\":\"https:\/\/brasilnoticias.org\/site\/wp-content\/uploads\/2023\/08\/james-.webp\",\"width\":984,\"height\":1164},{\"@type\":\"BreadcrumbList\",\"@id\":\"https:\/\/brasilnoticias.org\/site\/apos-janela-sao-paulo-inter-e-botafogo-tem-os-elencos-com-mais-atletas-nascidos-fora-do-pais\/#breadcrumb\",\"itemListElement\":[{\"@type\":\"ListItem\",\"position\":1,\"name\":\"In\u00edcio\",\"item\":\"https:\/\/brasilnoticias.org\/site\/\"},{\"@type\":\"ListItem\",\"position\":2,\"name\":\"Ap\u00f3s janela, S\u00e3o Paulo, Inter e Botafogo t\u00eam os elencos com mais atletas nascidos fora do pa\u00eds\"}]},{\"@type\":\"WebSite\",\"@id\":\"https:\/\/brasilnoticias.org\/site\/#website\",\"url\":\"https:\/\/brasilnoticias.org\/site\/\",\"name\":\"Brasil not\u00edcias\",\"description\":\"Brasil not\u00edcias\",\"publisher\":{\"@id\":\"https:\/\/brasilnoticias.org\/site\/#organization\"},\"potentialAction\":[{\"@type\":\"SearchAction\",\"target\":{\"@type\":\"EntryPoint\",\"urlTemplate\":\"https:\/\/brasilnoticias.org\/site\/?s={search_term_string}\"},\"query-input\":{\"@type\":\"PropertyValueSpecification\",\"valueRequired\":true,\"valueName\":\"search_term_string\"}}],\"inLanguage\":\"pt-PT\"},{\"@type\":\"Organization\",\"@id\":\"https:\/\/brasilnoticias.org\/site\/#organization\",\"name\":\"Brasil not\u00edcias\",\"url\":\"https:\/\/brasilnoticias.org\/site\/\",\"logo\":{\"@type\":\"ImageObject\",\"inLanguage\":\"pt-PT\",\"@id\":\"https:\/\/brasilnoticias.org\/site\/#\/schema\/logo\/image\/\",\"url\":\"https:\/\/brasilnoticias.org\/site\/wp-content\/uploads\/2022\/05\/cropped-brasilnoticias-mini.jpg\",\"contentUrl\":\"https:\/\/brasilnoticias.org\/site\/wp-content\/uploads\/2022\/05\/cropped-brasilnoticias-mini.jpg\",\"width\":314,\"height\":86,\"caption\":\"Brasil not\u00edcias\"},\"image\":{\"@id\":\"https:\/\/brasilnoticias.org\/site\/#\/schema\/logo\/image\/\"}},{\"@type\":\"Person\",\"@id\":\"https:\/\/brasilnoticias.org\/site\/#\/schema\/person\/03bbbfe6c7634ad18c26444ea39049fa\",\"name\":\"Reda\u00e7\u00e3o\",\"image\":{\"@type\":\"ImageObject\",\"inLanguage\":\"pt-PT\",\"@id\":\"https:\/\/brasilnoticias.org\/site\/#\/schema\/person\/image\/\",\"url\":\"https:\/\/secure.gravatar.com\/avatar\/9ecaf7327a696cb23ad926fedded5f1f04d7049de9e445375d55b48c001a6e42?s=96&d=mm&r=g\",\"contentUrl\":\"https:\/\/secure.gravatar.com\/avatar\/9ecaf7327a696cb23ad926fedded5f1f04d7049de9e445375d55b48c001a6e42?s=96&d=mm&r=g\",\"caption\":\"Reda\u00e7\u00e3o\"},\"url\":\"https:\/\/brasilnoticias.org\/site\/author\/henrique\/\"}]}<\/script>\n<!-- \/ Yoast SEO plugin. -->","yoast_head_json":{"title":"Ap\u00f3s janela, S\u00e3o Paulo, Inter e Botafogo t\u00eam os elencos com mais atletas nascidos fora do pa\u00eds - Brasil not\u00edcias","robots":{"index":"index","follow":"follow","max-snippet":"max-snippet:-1","max-image-preview":"max-image-preview:large","max-video-preview":"max-video-preview:-1"},"canonical":"https:\/\/brasilnoticias.org\/site\/apos-janela-sao-paulo-inter-e-botafogo-tem-os-elencos-com-mais-atletas-nascidos-fora-do-pais\/","og_locale":"pt_PT","og_type":"article","og_title":"Ap\u00f3s janela, S\u00e3o Paulo, Inter e Botafogo t\u00eam os elencos com mais atletas nascidos fora do pa\u00eds - Brasil not\u00edcias","og_description":"Levantamento do Espi\u00e3o Estat\u00edstico mostra as nacionalidades e a lista de jogadores por clube, ap\u00f3s per\u00edodo de contrata\u00e7\u00f5es; confira rankings","og_url":"https:\/\/brasilnoticias.org\/site\/apos-janela-sao-paulo-inter-e-botafogo-tem-os-elencos-com-mais-atletas-nascidos-fora-do-pais\/","og_site_name":"Brasil not\u00edcias","article_published_time":"2023-08-04T16:18:46+00:00","og_image":[{"width":984,"height":1164,"url":"https:\/\/brasilnoticias.org\/site\/wp-content\/uploads\/2023\/08\/james-.webp","type":"image\/webp"}],"author":"Reda\u00e7\u00e3o","twitter_card":"summary_large_image","twitter_misc":{"Escrito por":"Reda\u00e7\u00e3o"},"schema":{"@context":"https:\/\/schema.org","@graph":[{"@type":"Article","@id":"https:\/\/brasilnoticias.org\/site\/apos-janela-sao-paulo-inter-e-botafogo-tem-os-elencos-com-mais-atletas-nascidos-fora-do-pais\/#article","isPartOf":{"@id":"https:\/\/brasilnoticias.org\/site\/apos-janela-sao-paulo-inter-e-botafogo-tem-os-elencos-com-mais-atletas-nascidos-fora-do-pais\/"},"author":{"name":"Reda\u00e7\u00e3o","@id":"https:\/\/brasilnoticias.org\/site\/#\/schema\/person\/03bbbfe6c7634ad18c26444ea39049fa"},"headline":"Ap\u00f3s janela, S\u00e3o Paulo, Inter e Botafogo t\u00eam os elencos com mais atletas nascidos fora do pa\u00eds","datePublished":"2023-08-04T16:18:46+00:00","mainEntityOfPage":{"@id":"https:\/\/brasilnoticias.org\/site\/apos-janela-sao-paulo-inter-e-botafogo-tem-os-elencos-com-mais-atletas-nascidos-fora-do-pais\/"},"wordCount":407,"commentCount":0,"publisher":{"@id":"https:\/\/brasilnoticias.org\/site\/#organization"},"image":{"@id":"https:\/\/brasilnoticias.org\/site\/apos-janela-sao-paulo-inter-e-botafogo-tem-os-elencos-com-mais-atletas-nascidos-fora-do-pais\/#primaryimage"},"thumbnailUrl":"https:\/\/brasilnoticias.org\/site\/wp-content\/uploads\/2023\/08\/james-.webp","articleSection":["Esporte","\u00daltimas"],"inLanguage":"pt-PT","potentialAction":[{"@type":"CommentAction","name":"Comment","target":["https:\/\/brasilnoticias.org\/site\/apos-janela-sao-paulo-inter-e-botafogo-tem-os-elencos-com-mais-atletas-nascidos-fora-do-pais\/#respond"]}]},{"@type":"WebPage","@id":"https:\/\/brasilnoticias.org\/site\/apos-janela-sao-paulo-inter-e-botafogo-tem-os-elencos-com-mais-atletas-nascidos-fora-do-pais\/","url":"https:\/\/brasilnoticias.org\/site\/apos-janela-sao-paulo-inter-e-botafogo-tem-os-elencos-com-mais-atletas-nascidos-fora-do-pais\/","name":"Ap\u00f3s janela, S\u00e3o Paulo, Inter e Botafogo t\u00eam os elencos com mais atletas nascidos fora do pa\u00eds - Brasil not\u00edcias","isPartOf":{"@id":"https:\/\/brasilnoticias.org\/site\/#website"},"primaryImageOfPage":{"@id":"https:\/\/brasilnoticias.org\/site\/apos-janela-sao-paulo-inter-e-botafogo-tem-os-elencos-com-mais-atletas-nascidos-fora-do-pais\/#primaryimage"},"image":{"@id":"https:\/\/brasilnoticias.org\/site\/apos-janela-sao-paulo-inter-e-botafogo-tem-os-elencos-com-mais-atletas-nascidos-fora-do-pais\/#primaryimage"},"thumbnailUrl":"https:\/\/brasilnoticias.org\/site\/wp-content\/uploads\/2023\/08\/james-.webp","datePublished":"2023-08-04T16:18:46+00:00","breadcrumb":{"@id":"https:\/\/brasilnoticias.org\/site\/apos-janela-sao-paulo-inter-e-botafogo-tem-os-elencos-com-mais-atletas-nascidos-fora-do-pais\/#breadcrumb"},"inLanguage":"pt-PT","potentialAction":[{"@type":"ReadAction","target":["https:\/\/brasilnoticias.org\/site\/apos-janela-sao-paulo-inter-e-botafogo-tem-os-elencos-com-mais-atletas-nascidos-fora-do-pais\/"]}]},{"@type":"ImageObject","inLanguage":"pt-PT","@id":"https:\/\/brasilnoticias.org\/site\/apos-janela-sao-paulo-inter-e-botafogo-tem-os-elencos-com-mais-atletas-nascidos-fora-do-pais\/#primaryimage","url":"https:\/\/brasilnoticias.org\/site\/wp-content\/uploads\/2023\/08\/james-.webp","contentUrl":"https:\/\/brasilnoticias.org\/site\/wp-content\/uploads\/2023\/08\/james-.webp","width":984,"height":1164},{"@type":"BreadcrumbList","@id":"https:\/\/brasilnoticias.org\/site\/apos-janela-sao-paulo-inter-e-botafogo-tem-os-elencos-com-mais-atletas-nascidos-fora-do-pais\/#breadcrumb","itemListElement":[{"@type":"ListItem","position":1,"name":"In\u00edcio","item":"https:\/\/brasilnoticias.org\/site\/"},{"@type":"ListItem","position":2,"name":"Ap\u00f3s janela, S\u00e3o Paulo, Inter e Botafogo t\u00eam os elencos com mais atletas nascidos fora do pa\u00eds"}]},{"@type":"WebSite","@id":"https:\/\/brasilnoticias.org\/site\/#website","url":"https:\/\/brasilnoticias.org\/site\/","name":"Brasil not\u00edcias","description":"Brasil not\u00edcias","publisher":{"@id":"https:\/\/brasilnoticias.org\/site\/#organization"},"potentialAction":[{"@type":"SearchAction","target":{"@type":"EntryPoint","urlTemplate":"https:\/\/brasilnoticias.org\/site\/?s={search_term_string}"},"query-input":{"@type":"PropertyValueSpecification","valueRequired":true,"valueName":"search_term_string"}}],"inLanguage":"pt-PT"},{"@type":"Organization","@id":"https:\/\/brasilnoticias.org\/site\/#organization","name":"Brasil not\u00edcias","url":"https:\/\/brasilnoticias.org\/site\/","logo":{"@type":"ImageObject","inLanguage":"pt-PT","@id":"https:\/\/brasilnoticias.org\/site\/#\/schema\/logo\/image\/","url":"https:\/\/brasilnoticias.org\/site\/wp-content\/uploads\/2022\/05\/cropped-brasilnoticias-mini.jpg","contentUrl":"https:\/\/brasilnoticias.org\/site\/wp-content\/uploads\/2022\/05\/cropped-brasilnoticias-mini.jpg","width":314,"height":86,"caption":"Brasil not\u00edcias"},"image":{"@id":"https:\/\/brasilnoticias.org\/site\/#\/schema\/logo\/image\/"}},{"@type":"Person","@id":"https:\/\/brasilnoticias.org\/site\/#\/schema\/person\/03bbbfe6c7634ad18c26444ea39049fa","name":"Reda\u00e7\u00e3o","image":{"@type":"ImageObject","inLanguage":"pt-PT","@id":"https:\/\/brasilnoticias.org\/site\/#\/schema\/person\/image\/","url":"https:\/\/secure.gravatar.com\/avatar\/9ecaf7327a696cb23ad926fedded5f1f04d7049de9e445375d55b48c001a6e42?s=96&d=mm&r=g","contentUrl":"https:\/\/secure.gravatar.com\/avatar\/9ecaf7327a696cb23ad926fedded5f1f04d7049de9e445375d55b48c001a6e42?s=96&d=mm&r=g","caption":"Reda\u00e7\u00e3o"},"url":"https:\/\/brasilnoticias.org\/site\/author\/henrique\/"}]}},"_links":{"self":[{"href":"https:\/\/brasilnoticias.org\/site\/wp-json\/wp\/v2\/posts\/7910","targetHints":{"allow":["GET"]}}],"collection":[{"href":"https:\/\/brasilnoticias.org\/site\/wp-json\/wp\/v2\/posts"}],"about":[{"href":"https:\/\/brasilnoticias.org\/site\/wp-json\/wp\/v2\/types\/post"}],"author":[{"embeddable":true,"href":"https:\/\/brasilnoticias.org\/site\/wp-json\/wp\/v2\/users\/4"}],"replies":[{"embeddable":true,"href":"https:\/\/brasilnoticias.org\/site\/wp-json\/wp\/v2\/comments?post=7910"}],"version-history":[{"count":1,"href":"https:\/\/brasilnoticias.org\/site\/wp-json\/wp\/v2\/posts\/7910\/revisions"}],"predecessor-version":[{"id":7912,"href":"https:\/\/brasilnoticias.org\/site\/wp-json\/wp\/v2\/posts\/7910\/revisions\/7912"}],"wp:featuredmedia":[{"embeddable":true,"href":"https:\/\/brasilnoticias.org\/site\/wp-json\/wp\/v2\/media\/7911"}],"wp:attachment":[{"href":"https:\/\/brasilnoticias.org\/site\/wp-json\/wp\/v2\/media?parent=7910"}],"wp:term":[{"taxonomy":"category","embeddable":true,"href":"https:\/\/brasilnoticias.org\/site\/wp-json\/wp\/v2\/categories?post=7910"},{"taxonomy":"post_tag","embeddable":true,"href":"https:\/\/brasilnoticias.org\/site\/wp-json\/wp\/v2\/tags?post=7910"}],"curies":[{"name":"wp","href":"https:\/\/api.w.org\/{rel}","templated":true}]}}