{"id":792,"date":"2022-06-07T17:22:20","date_gmt":"2022-06-07T20:22:20","guid":{"rendered":"https:\/\/brasilnoticias.org\/site\/?p=792"},"modified":"2022-06-07T17:22:20","modified_gmt":"2022-06-07T20:22:20","slug":"homem-leva-tiro-na-testa-cai-de-moto-e-vai-para-casa-dormir","status":"publish","type":"post","link":"https:\/\/brasilnoticias.org\/site\/homem-leva-tiro-na-testa-cai-de-moto-e-vai-para-casa-dormir\/","title":{"rendered":"Homem leva tiro na testa, cai de moto e vai para casa dormir"},"content":{"rendered":"<p>Cena de filme, montagem? N\u00e3o! A hist\u00f3ria de um homem de 25 anos que\u00a0<a href=\"https:\/\/www.bnews.com.br\/noticias\/policia\/homem-e-baleado-na-baixa-de-quintas.html\" target=\"_blank\" rel=\"noopener\">levou um tiro<\/a>\u00a0enquanto conduzia uma moto, caiu do ve\u00edculo e foi para casa dormir \u00e9 real e surpreendeu moradores de Aragua\u00edna, no norte do Tocantins. Isso porque<a href=\"https:\/\/www.bnews.com.br\/noticias\/policia\/homem-e-baleado-na-baixa-de-quintas.html\" target=\"_blank\" rel=\"noopener\">\u00a0a bala atingiu<\/a>\u00a0a testa da v\u00edtima. A bala amassada foi encontrada na rua em que o jovem foi ferido.<\/p>\n<p>E o caso n\u00e3o deixa de surpreender. Depois do disparo o homem n\u00e3o procurou ajuda m\u00e9dica. Segundo a PM, ele tinha um ferimento na testa, de onde escorria algo que, segundo os agentes, parecia ser massa encef\u00e1lica. Apesar disso o homem estava consciente e l\u00facido.<\/p>\n<p data-track-category=\"Link no Texto\" data-track-links=\"\">O caso aconteceu no \u00faltimo s\u00e1bado (4) enquanto andava de moto por um bairro de Aragua\u00edna, na Rua Cambori\u00fa, no residencial Itaip\u00fa. A PM foi chamada pela m\u00e3e da v\u00edtima, que acordou e viu manchas de sangue nas roupas do filho.<\/p>\n<p data-track-category=\"Link no Texto\" data-track-links=\"\">A pol\u00edcia informou que ao chegar na casa da fam\u00edlia encontrou o jovem, que tem passagem pela pol\u00edcia por envolvimento com entorpecente, sentado em uma cadeira com um ferimento na testa. O homem, l\u00facido, contou aos policiais quem havia feito o disparo. A PM fez buscas na regi\u00e3o, mas n\u00e3o conseguiu localizar o suspeito.<\/p>\n<p>A Secretaria de Estado da Seguran\u00e7a P\u00fablica informou que at\u00e9 a manh\u00e3 desta ter\u00e7a-feira (7) a Pol\u00edcia Civil n\u00e3o havia sido procurada pela v\u00edtima ou familiar para registrar a ocorr\u00eancia.<\/p>\n<p data-track-category=\"Link no Texto\" data-track-links=\"\">O Servi\u00e7o de Atendimento M\u00f3vel de Urg\u00eancia (SAMU) foi chamado e levou a v\u00edtima para o Hospital Regional de Aragua\u00edna, que n\u00e3o deu detalhes sobre o estado de sa\u00fade dele nem informou sobre sua alta.<\/p>\n<p data-track-category=\"Link no Texto\" data-track-links=\"\">A moto que a v\u00edtima conduzia foi encontrada na rua Santa In\u00eas, no setor Raizal. Ao lado do ve\u00edculo, havia vest\u00edgios de sangue e<a href=\"https:\/\/www.bnews.com.br\/noticias\/policia\/tiroteio-em-bairro-de-salvador-assusta-moradores-do-local.html\" target=\"_blank\" rel=\"noopener\">\u00a0o proj\u00e9til que atingiu o jovem.<\/a>\u00a0A motocicleta, ent\u00e3o, foi entregue ao pai da v\u00edtima.<\/p>\n<p data-track-category=\"Link no Texto\" data-track-links=\"\">\n<p data-track-category=\"Link no Texto\" data-track-links=\"\">\n<p data-track-category=\"Link no Texto\" data-track-links=\"\">Bnews<\/p>\n","protected":false},"excerpt":{"rendered":"<p>Cena de filme, montagem? N\u00e3o! A hist\u00f3ria de um homem de 25 anos que\u00a0levou um tiro\u00a0enquanto conduzia uma moto, caiu<\/p>\n","protected":false},"author":2,"featured_media":793,"comment_status":"open","ping_status":"open","sticky":false,"template":"","format":"standard","meta":{"colormag_page_container_layout":"default_layout","colormag_page_sidebar_layout":"default_layout","_FSMCFIC_featured_image_caption":"","_FSMCFIC_featured_image_nocaption":"","_FSMCFIC_featured_image_hide":"","footnotes":""},"categories":[3,1],"tags":[],"class_list":["post-792","post","type-post","status-publish","format-standard","has-post-thumbnail","hentry","category-policia","category-ultimas"],"yoast_head":"<!-- This site is optimized with the Yoast SEO plugin v27.1.1 - https:\/\/yoast.com\/product\/yoast-seo-wordpress\/ -->\n<title>Homem leva tiro na testa, cai de moto e vai para casa dormir - Brasil not\u00edcias<\/title>\n<meta name=\"robots\" content=\"index, follow, max-snippet:-1, max-image-preview:large, max-video-preview:-1\" \/>\n<link rel=\"canonical\" href=\"https:\/\/brasilnoticias.org\/site\/homem-leva-tiro-na-testa-cai-de-moto-e-vai-para-casa-dormir\/\" \/>\n<meta property=\"og:locale\" content=\"pt_PT\" \/>\n<meta property=\"og:type\" content=\"article\" \/>\n<meta property=\"og:title\" content=\"Homem leva tiro na testa, cai de moto e vai para casa dormir - Brasil not\u00edcias\" \/>\n<meta property=\"og:description\" content=\"Cena de filme, montagem? N\u00e3o! A hist\u00f3ria de um homem de 25 anos que\u00a0levou um tiro\u00a0enquanto conduzia uma moto, caiu\" \/>\n<meta property=\"og:url\" content=\"https:\/\/brasilnoticias.org\/site\/homem-leva-tiro-na-testa-cai-de-moto-e-vai-para-casa-dormir\/\" \/>\n<meta property=\"og:site_name\" content=\"Brasil not\u00edcias\" \/>\n<meta property=\"article:published_time\" content=\"2022-06-07T20:22:20+00:00\" \/>\n<meta property=\"og:image\" content=\"https:\/\/brasilnoticias.org\/site\/wp-content\/uploads\/2022\/06\/tiro_na_testa_widelg.jpg\" \/>\n\t<meta property=\"og:image:width\" content=\"624\" \/>\n\t<meta property=\"og:image:height\" content=\"351\" \/>\n\t<meta property=\"og:image:type\" content=\"image\/jpeg\" \/>\n<meta name=\"author\" content=\"Reda\u00e7\u00e3o\" \/>\n<meta name=\"twitter:card\" content=\"summary_large_image\" \/>\n<meta name=\"twitter:label1\" content=\"Escrito por\" \/>\n\t<meta name=\"twitter:data1\" content=\"Reda\u00e7\u00e3o\" \/>\n\t<meta name=\"twitter:label2\" content=\"Tempo estimado de leitura\" \/>\n\t<meta name=\"twitter:data2\" content=\"2 minutos\" \/>\n<script type=\"application\/ld+json\" class=\"yoast-schema-graph\">{\"@context\":\"https:\/\/schema.org\",\"@graph\":[{\"@type\":\"Article\",\"@id\":\"https:\/\/brasilnoticias.org\/site\/homem-leva-tiro-na-testa-cai-de-moto-e-vai-para-casa-dormir\/#article\",\"isPartOf\":{\"@id\":\"https:\/\/brasilnoticias.org\/site\/homem-leva-tiro-na-testa-cai-de-moto-e-vai-para-casa-dormir\/\"},\"author\":{\"name\":\"Reda\u00e7\u00e3o\",\"@id\":\"https:\/\/brasilnoticias.org\/site\/#\/schema\/person\/f609fa847b5314f1c8b983342f34c798\"},\"headline\":\"Homem leva tiro na testa, cai de moto e vai para casa dormir\",\"datePublished\":\"2022-06-07T20:22:20+00:00\",\"mainEntityOfPage\":{\"@id\":\"https:\/\/brasilnoticias.org\/site\/homem-leva-tiro-na-testa-cai-de-moto-e-vai-para-casa-dormir\/\"},\"wordCount\":357,\"commentCount\":0,\"publisher\":{\"@id\":\"https:\/\/brasilnoticias.org\/site\/#organization\"},\"image\":{\"@id\":\"https:\/\/brasilnoticias.org\/site\/homem-leva-tiro-na-testa-cai-de-moto-e-vai-para-casa-dormir\/#primaryimage\"},\"thumbnailUrl\":\"https:\/\/brasilnoticias.org\/site\/wp-content\/uploads\/2022\/06\/tiro_na_testa_widelg.jpg\",\"articleSection\":[\"Pol\u00edcia\",\"\u00daltimas\"],\"inLanguage\":\"pt-PT\",\"potentialAction\":[{\"@type\":\"CommentAction\",\"name\":\"Comment\",\"target\":[\"https:\/\/brasilnoticias.org\/site\/homem-leva-tiro-na-testa-cai-de-moto-e-vai-para-casa-dormir\/#respond\"]}]},{\"@type\":\"WebPage\",\"@id\":\"https:\/\/brasilnoticias.org\/site\/homem-leva-tiro-na-testa-cai-de-moto-e-vai-para-casa-dormir\/\",\"url\":\"https:\/\/brasilnoticias.org\/site\/homem-leva-tiro-na-testa-cai-de-moto-e-vai-para-casa-dormir\/\",\"name\":\"Homem leva tiro na testa, cai de moto e vai para casa dormir - Brasil not\u00edcias\",\"isPartOf\":{\"@id\":\"https:\/\/brasilnoticias.org\/site\/#website\"},\"primaryImageOfPage\":{\"@id\":\"https:\/\/brasilnoticias.org\/site\/homem-leva-tiro-na-testa-cai-de-moto-e-vai-para-casa-dormir\/#primaryimage\"},\"image\":{\"@id\":\"https:\/\/brasilnoticias.org\/site\/homem-leva-tiro-na-testa-cai-de-moto-e-vai-para-casa-dormir\/#primaryimage\"},\"thumbnailUrl\":\"https:\/\/brasilnoticias.org\/site\/wp-content\/uploads\/2022\/06\/tiro_na_testa_widelg.jpg\",\"datePublished\":\"2022-06-07T20:22:20+00:00\",\"breadcrumb\":{\"@id\":\"https:\/\/brasilnoticias.org\/site\/homem-leva-tiro-na-testa-cai-de-moto-e-vai-para-casa-dormir\/#breadcrumb\"},\"inLanguage\":\"pt-PT\",\"potentialAction\":[{\"@type\":\"ReadAction\",\"target\":[\"https:\/\/brasilnoticias.org\/site\/homem-leva-tiro-na-testa-cai-de-moto-e-vai-para-casa-dormir\/\"]}]},{\"@type\":\"ImageObject\",\"inLanguage\":\"pt-PT\",\"@id\":\"https:\/\/brasilnoticias.org\/site\/homem-leva-tiro-na-testa-cai-de-moto-e-vai-para-casa-dormir\/#primaryimage\",\"url\":\"https:\/\/brasilnoticias.org\/site\/wp-content\/uploads\/2022\/06\/tiro_na_testa_widelg.jpg\",\"contentUrl\":\"https:\/\/brasilnoticias.org\/site\/wp-content\/uploads\/2022\/06\/tiro_na_testa_widelg.jpg\",\"width\":624,\"height\":351},{\"@type\":\"BreadcrumbList\",\"@id\":\"https:\/\/brasilnoticias.org\/site\/homem-leva-tiro-na-testa-cai-de-moto-e-vai-para-casa-dormir\/#breadcrumb\",\"itemListElement\":[{\"@type\":\"ListItem\",\"position\":1,\"name\":\"In\u00edcio\",\"item\":\"https:\/\/brasilnoticias.org\/site\/\"},{\"@type\":\"ListItem\",\"position\":2,\"name\":\"Homem leva tiro na testa, cai de moto e vai para casa dormir\"}]},{\"@type\":\"WebSite\",\"@id\":\"https:\/\/brasilnoticias.org\/site\/#website\",\"url\":\"https:\/\/brasilnoticias.org\/site\/\",\"name\":\"Brasil not\u00edcias\",\"description\":\"Brasil not\u00edcias\",\"publisher\":{\"@id\":\"https:\/\/brasilnoticias.org\/site\/#organization\"},\"potentialAction\":[{\"@type\":\"SearchAction\",\"target\":{\"@type\":\"EntryPoint\",\"urlTemplate\":\"https:\/\/brasilnoticias.org\/site\/?s={search_term_string}\"},\"query-input\":{\"@type\":\"PropertyValueSpecification\",\"valueRequired\":true,\"valueName\":\"search_term_string\"}}],\"inLanguage\":\"pt-PT\"},{\"@type\":\"Organization\",\"@id\":\"https:\/\/brasilnoticias.org\/site\/#organization\",\"name\":\"Brasil not\u00edcias\",\"url\":\"https:\/\/brasilnoticias.org\/site\/\",\"logo\":{\"@type\":\"ImageObject\",\"inLanguage\":\"pt-PT\",\"@id\":\"https:\/\/brasilnoticias.org\/site\/#\/schema\/logo\/image\/\",\"url\":\"https:\/\/brasilnoticias.org\/site\/wp-content\/uploads\/2022\/05\/cropped-brasilnoticias-mini.jpg\",\"contentUrl\":\"https:\/\/brasilnoticias.org\/site\/wp-content\/uploads\/2022\/05\/cropped-brasilnoticias-mini.jpg\",\"width\":314,\"height\":86,\"caption\":\"Brasil not\u00edcias\"},\"image\":{\"@id\":\"https:\/\/brasilnoticias.org\/site\/#\/schema\/logo\/image\/\"}},{\"@type\":\"Person\",\"@id\":\"https:\/\/brasilnoticias.org\/site\/#\/schema\/person\/f609fa847b5314f1c8b983342f34c798\",\"name\":\"Reda\u00e7\u00e3o\",\"image\":{\"@type\":\"ImageObject\",\"inLanguage\":\"pt-PT\",\"@id\":\"https:\/\/brasilnoticias.org\/site\/#\/schema\/person\/image\/\",\"url\":\"https:\/\/secure.gravatar.com\/avatar\/447284c06c1ad8b46465a36de9cd0d8326b73387a22799b8b1ffb1fbcff2ed0c?s=96&d=mm&r=g\",\"contentUrl\":\"https:\/\/secure.gravatar.com\/avatar\/447284c06c1ad8b46465a36de9cd0d8326b73387a22799b8b1ffb1fbcff2ed0c?s=96&d=mm&r=g\",\"caption\":\"Reda\u00e7\u00e3o\"},\"url\":\"https:\/\/brasilnoticias.org\/site\/author\/redacao\/\"}]}<\/script>\n<!-- \/ Yoast SEO plugin. -->","yoast_head_json":{"title":"Homem leva tiro na testa, cai de moto e vai para casa dormir - Brasil not\u00edcias","robots":{"index":"index","follow":"follow","max-snippet":"max-snippet:-1","max-image-preview":"max-image-preview:large","max-video-preview":"max-video-preview:-1"},"canonical":"https:\/\/brasilnoticias.org\/site\/homem-leva-tiro-na-testa-cai-de-moto-e-vai-para-casa-dormir\/","og_locale":"pt_PT","og_type":"article","og_title":"Homem leva tiro na testa, cai de moto e vai para casa dormir - Brasil not\u00edcias","og_description":"Cena de filme, montagem? N\u00e3o! A hist\u00f3ria de um homem de 25 anos que\u00a0levou um tiro\u00a0enquanto conduzia uma moto, caiu","og_url":"https:\/\/brasilnoticias.org\/site\/homem-leva-tiro-na-testa-cai-de-moto-e-vai-para-casa-dormir\/","og_site_name":"Brasil not\u00edcias","article_published_time":"2022-06-07T20:22:20+00:00","og_image":[{"width":624,"height":351,"url":"https:\/\/brasilnoticias.org\/site\/wp-content\/uploads\/2022\/06\/tiro_na_testa_widelg.jpg","type":"image\/jpeg"}],"author":"Reda\u00e7\u00e3o","twitter_card":"summary_large_image","twitter_misc":{"Escrito por":"Reda\u00e7\u00e3o","Tempo estimado de leitura":"2 minutos"},"schema":{"@context":"https:\/\/schema.org","@graph":[{"@type":"Article","@id":"https:\/\/brasilnoticias.org\/site\/homem-leva-tiro-na-testa-cai-de-moto-e-vai-para-casa-dormir\/#article","isPartOf":{"@id":"https:\/\/brasilnoticias.org\/site\/homem-leva-tiro-na-testa-cai-de-moto-e-vai-para-casa-dormir\/"},"author":{"name":"Reda\u00e7\u00e3o","@id":"https:\/\/brasilnoticias.org\/site\/#\/schema\/person\/f609fa847b5314f1c8b983342f34c798"},"headline":"Homem leva tiro na testa, cai de moto e vai para casa dormir","datePublished":"2022-06-07T20:22:20+00:00","mainEntityOfPage":{"@id":"https:\/\/brasilnoticias.org\/site\/homem-leva-tiro-na-testa-cai-de-moto-e-vai-para-casa-dormir\/"},"wordCount":357,"commentCount":0,"publisher":{"@id":"https:\/\/brasilnoticias.org\/site\/#organization"},"image":{"@id":"https:\/\/brasilnoticias.org\/site\/homem-leva-tiro-na-testa-cai-de-moto-e-vai-para-casa-dormir\/#primaryimage"},"thumbnailUrl":"https:\/\/brasilnoticias.org\/site\/wp-content\/uploads\/2022\/06\/tiro_na_testa_widelg.jpg","articleSection":["Pol\u00edcia","\u00daltimas"],"inLanguage":"pt-PT","potentialAction":[{"@type":"CommentAction","name":"Comment","target":["https:\/\/brasilnoticias.org\/site\/homem-leva-tiro-na-testa-cai-de-moto-e-vai-para-casa-dormir\/#respond"]}]},{"@type":"WebPage","@id":"https:\/\/brasilnoticias.org\/site\/homem-leva-tiro-na-testa-cai-de-moto-e-vai-para-casa-dormir\/","url":"https:\/\/brasilnoticias.org\/site\/homem-leva-tiro-na-testa-cai-de-moto-e-vai-para-casa-dormir\/","name":"Homem leva tiro na testa, cai de moto e vai para casa dormir - Brasil not\u00edcias","isPartOf":{"@id":"https:\/\/brasilnoticias.org\/site\/#website"},"primaryImageOfPage":{"@id":"https:\/\/brasilnoticias.org\/site\/homem-leva-tiro-na-testa-cai-de-moto-e-vai-para-casa-dormir\/#primaryimage"},"image":{"@id":"https:\/\/brasilnoticias.org\/site\/homem-leva-tiro-na-testa-cai-de-moto-e-vai-para-casa-dormir\/#primaryimage"},"thumbnailUrl":"https:\/\/brasilnoticias.org\/site\/wp-content\/uploads\/2022\/06\/tiro_na_testa_widelg.jpg","datePublished":"2022-06-07T20:22:20+00:00","breadcrumb":{"@id":"https:\/\/brasilnoticias.org\/site\/homem-leva-tiro-na-testa-cai-de-moto-e-vai-para-casa-dormir\/#breadcrumb"},"inLanguage":"pt-PT","potentialAction":[{"@type":"ReadAction","target":["https:\/\/brasilnoticias.org\/site\/homem-leva-tiro-na-testa-cai-de-moto-e-vai-para-casa-dormir\/"]}]},{"@type":"ImageObject","inLanguage":"pt-PT","@id":"https:\/\/brasilnoticias.org\/site\/homem-leva-tiro-na-testa-cai-de-moto-e-vai-para-casa-dormir\/#primaryimage","url":"https:\/\/brasilnoticias.org\/site\/wp-content\/uploads\/2022\/06\/tiro_na_testa_widelg.jpg","contentUrl":"https:\/\/brasilnoticias.org\/site\/wp-content\/uploads\/2022\/06\/tiro_na_testa_widelg.jpg","width":624,"height":351},{"@type":"BreadcrumbList","@id":"https:\/\/brasilnoticias.org\/site\/homem-leva-tiro-na-testa-cai-de-moto-e-vai-para-casa-dormir\/#breadcrumb","itemListElement":[{"@type":"ListItem","position":1,"name":"In\u00edcio","item":"https:\/\/brasilnoticias.org\/site\/"},{"@type":"ListItem","position":2,"name":"Homem leva tiro na testa, cai de moto e vai para casa dormir"}]},{"@type":"WebSite","@id":"https:\/\/brasilnoticias.org\/site\/#website","url":"https:\/\/brasilnoticias.org\/site\/","name":"Brasil not\u00edcias","description":"Brasil not\u00edcias","publisher":{"@id":"https:\/\/brasilnoticias.org\/site\/#organization"},"potentialAction":[{"@type":"SearchAction","target":{"@type":"EntryPoint","urlTemplate":"https:\/\/brasilnoticias.org\/site\/?s={search_term_string}"},"query-input":{"@type":"PropertyValueSpecification","valueRequired":true,"valueName":"search_term_string"}}],"inLanguage":"pt-PT"},{"@type":"Organization","@id":"https:\/\/brasilnoticias.org\/site\/#organization","name":"Brasil not\u00edcias","url":"https:\/\/brasilnoticias.org\/site\/","logo":{"@type":"ImageObject","inLanguage":"pt-PT","@id":"https:\/\/brasilnoticias.org\/site\/#\/schema\/logo\/image\/","url":"https:\/\/brasilnoticias.org\/site\/wp-content\/uploads\/2022\/05\/cropped-brasilnoticias-mini.jpg","contentUrl":"https:\/\/brasilnoticias.org\/site\/wp-content\/uploads\/2022\/05\/cropped-brasilnoticias-mini.jpg","width":314,"height":86,"caption":"Brasil not\u00edcias"},"image":{"@id":"https:\/\/brasilnoticias.org\/site\/#\/schema\/logo\/image\/"}},{"@type":"Person","@id":"https:\/\/brasilnoticias.org\/site\/#\/schema\/person\/f609fa847b5314f1c8b983342f34c798","name":"Reda\u00e7\u00e3o","image":{"@type":"ImageObject","inLanguage":"pt-PT","@id":"https:\/\/brasilnoticias.org\/site\/#\/schema\/person\/image\/","url":"https:\/\/secure.gravatar.com\/avatar\/447284c06c1ad8b46465a36de9cd0d8326b73387a22799b8b1ffb1fbcff2ed0c?s=96&d=mm&r=g","contentUrl":"https:\/\/secure.gravatar.com\/avatar\/447284c06c1ad8b46465a36de9cd0d8326b73387a22799b8b1ffb1fbcff2ed0c?s=96&d=mm&r=g","caption":"Reda\u00e7\u00e3o"},"url":"https:\/\/brasilnoticias.org\/site\/author\/redacao\/"}]}},"_links":{"self":[{"href":"https:\/\/brasilnoticias.org\/site\/wp-json\/wp\/v2\/posts\/792","targetHints":{"allow":["GET"]}}],"collection":[{"href":"https:\/\/brasilnoticias.org\/site\/wp-json\/wp\/v2\/posts"}],"about":[{"href":"https:\/\/brasilnoticias.org\/site\/wp-json\/wp\/v2\/types\/post"}],"author":[{"embeddable":true,"href":"https:\/\/brasilnoticias.org\/site\/wp-json\/wp\/v2\/users\/2"}],"replies":[{"embeddable":true,"href":"https:\/\/brasilnoticias.org\/site\/wp-json\/wp\/v2\/comments?post=792"}],"version-history":[{"count":1,"href":"https:\/\/brasilnoticias.org\/site\/wp-json\/wp\/v2\/posts\/792\/revisions"}],"predecessor-version":[{"id":794,"href":"https:\/\/brasilnoticias.org\/site\/wp-json\/wp\/v2\/posts\/792\/revisions\/794"}],"wp:featuredmedia":[{"embeddable":true,"href":"https:\/\/brasilnoticias.org\/site\/wp-json\/wp\/v2\/media\/793"}],"wp:attachment":[{"href":"https:\/\/brasilnoticias.org\/site\/wp-json\/wp\/v2\/media?parent=792"}],"wp:term":[{"taxonomy":"category","embeddable":true,"href":"https:\/\/brasilnoticias.org\/site\/wp-json\/wp\/v2\/categories?post=792"},{"taxonomy":"post_tag","embeddable":true,"href":"https:\/\/brasilnoticias.org\/site\/wp-json\/wp\/v2\/tags?post=792"}],"curies":[{"name":"wp","href":"https:\/\/api.w.org\/{rel}","templated":true}]}}