{"id":7920,"date":"2023-08-04T16:21:38","date_gmt":"2023-08-04T19:21:38","guid":{"rendered":"https:\/\/brasilnoticias.org\/site\/?p=7920"},"modified":"2023-08-04T16:21:38","modified_gmt":"2023-08-04T19:21:38","slug":"morre-candidato-de-25-anos-que-passou-mal-em-prova-fisica-da-pm","status":"publish","type":"post","link":"https:\/\/brasilnoticias.org\/site\/morre-candidato-de-25-anos-que-passou-mal-em-prova-fisica-da-pm\/","title":{"rendered":"morre candidato de 25 anos que passou mal em prova f\u00edsica da PM"},"content":{"rendered":"<p>Dois candidatos passaram mal durante a prova da Pol\u00edcia Militar, nessa quinta-feira (3\/8), em Campo Grande. Um deles morreu nesta sexta<\/p>\n<p>Um candidato de 25 anos que passou mal durante prova do concurso para a Pol\u00edcia Militar morreu no hospital, nesta sexta-feira (4\/8). Arthur Matheus Martins Rosa participou do TAF (Teste de Aptid\u00e3o F\u00edsica), em Campo Grande (MS).<\/p>\n<p>Testemunhas apontaram para a exposi\u00e7\u00e3o ao sol quente e ao tempo seco. Conforme imagens enviadas ao TopM\u00eddiaNews, uma das provas \u00e9 uma corrida de 12 minutos, sendo que um desses testes ocorreu no Centro Ol\u00edmpico Rui Jorge da Cunha, conhecido como Centro Ol\u00edmpico Vila Nasser.<\/p>\n<p>Segundo o v\u00eddeo, um dos corredores cai. Supostamente por exaust\u00e3o. Ele se levanta, tenta dar alguns passos, mas cai novamente.<\/p>\n<blockquote class=\"twitter-tweet\">\n<p lang=\"pt\" dir=\"ltr\">calor e seca fazem corredores desabarem em teste da PM; um \u00e9 socorrido <a href=\"https:\/\/t.co\/A8oRu9a28U\">pic.twitter.com\/A8oRu9a28U<\/a><\/p>\n<p>&mdash; TopM\u00eddia News (@topmidianews) <a href=\"https:\/\/twitter.com\/topmidianews\/status\/1687208383970168836?ref_src=twsrc%5Etfw\">August 3, 2023<\/a><\/p><\/blockquote>\n<p> <script async src=\"https:\/\/platform.twitter.com\/widgets.js\" charset=\"utf-8\"><\/script><\/p>\n<p>Foto: Rep\u00f3rter Top<br \/>\nMetropoles<\/p>\n","protected":false},"excerpt":{"rendered":"<p>Dois candidatos passaram mal durante a prova da Pol\u00edcia Militar, nessa quinta-feira (3\/8), em Campo Grande. Um deles morreu nesta<\/p>\n","protected":false},"author":4,"featured_media":7921,"comment_status":"open","ping_status":"open","sticky":false,"template":"","format":"standard","meta":{"colormag_page_container_layout":"default_layout","colormag_page_sidebar_layout":"default_layout","_FSMCFIC_featured_image_caption":"","_FSMCFIC_featured_image_nocaption":"","_FSMCFIC_featured_image_hide":"","footnotes":""},"categories":[2,1],"tags":[],"class_list":["post-7920","post","type-post","status-publish","format-standard","has-post-thumbnail","hentry","category-noticias","category-ultimas"],"yoast_head":"<!-- This site is optimized with the Yoast SEO plugin v27.1.1 - https:\/\/yoast.com\/product\/yoast-seo-wordpress\/ -->\n<title>morre candidato de 25 anos que passou mal em prova f\u00edsica da PM - Brasil not\u00edcias<\/title>\n<meta name=\"robots\" content=\"index, follow, max-snippet:-1, max-image-preview:large, max-video-preview:-1\" \/>\n<link rel=\"canonical\" href=\"https:\/\/brasilnoticias.org\/site\/morre-candidato-de-25-anos-que-passou-mal-em-prova-fisica-da-pm\/\" \/>\n<meta property=\"og:locale\" content=\"pt_PT\" \/>\n<meta property=\"og:type\" content=\"article\" \/>\n<meta property=\"og:title\" content=\"morre candidato de 25 anos que passou mal em prova f\u00edsica da PM - Brasil not\u00edcias\" \/>\n<meta property=\"og:description\" content=\"Dois candidatos passaram mal durante a prova da Pol\u00edcia Militar, nessa quinta-feira (3\/8), em Campo Grande. Um deles morreu nesta\" \/>\n<meta property=\"og:url\" content=\"https:\/\/brasilnoticias.org\/site\/morre-candidato-de-25-anos-que-passou-mal-em-prova-fisica-da-pm\/\" \/>\n<meta property=\"og:site_name\" content=\"Brasil not\u00edcias\" \/>\n<meta property=\"article:published_time\" content=\"2023-08-04T19:21:38+00:00\" \/>\n<meta property=\"og:image\" content=\"https:\/\/brasilnoticias.org\/site\/wp-content\/uploads\/2023\/08\/prova-pm-candidatos-reporter-top.jpg\" \/>\n\t<meta property=\"og:image:width\" content=\"620\" \/>\n\t<meta property=\"og:image:height\" content=\"348\" \/>\n\t<meta property=\"og:image:type\" content=\"image\/jpeg\" \/>\n<meta name=\"author\" content=\"Reda\u00e7\u00e3o\" \/>\n<meta name=\"twitter:card\" content=\"summary_large_image\" \/>\n<meta name=\"twitter:label1\" content=\"Escrito por\" \/>\n\t<meta name=\"twitter:data1\" content=\"Reda\u00e7\u00e3o\" \/>\n<script type=\"application\/ld+json\" class=\"yoast-schema-graph\">{\"@context\":\"https:\/\/schema.org\",\"@graph\":[{\"@type\":\"Article\",\"@id\":\"https:\/\/brasilnoticias.org\/site\/morre-candidato-de-25-anos-que-passou-mal-em-prova-fisica-da-pm\/#article\",\"isPartOf\":{\"@id\":\"https:\/\/brasilnoticias.org\/site\/morre-candidato-de-25-anos-que-passou-mal-em-prova-fisica-da-pm\/\"},\"author\":{\"name\":\"Reda\u00e7\u00e3o\",\"@id\":\"https:\/\/brasilnoticias.org\/site\/#\/schema\/person\/03bbbfe6c7634ad18c26444ea39049fa\"},\"headline\":\"morre candidato de 25 anos que passou mal em prova f\u00edsica da PM\",\"datePublished\":\"2023-08-04T19:21:38+00:00\",\"mainEntityOfPage\":{\"@id\":\"https:\/\/brasilnoticias.org\/site\/morre-candidato-de-25-anos-que-passou-mal-em-prova-fisica-da-pm\/\"},\"wordCount\":171,\"commentCount\":0,\"publisher\":{\"@id\":\"https:\/\/brasilnoticias.org\/site\/#organization\"},\"image\":{\"@id\":\"https:\/\/brasilnoticias.org\/site\/morre-candidato-de-25-anos-que-passou-mal-em-prova-fisica-da-pm\/#primaryimage\"},\"thumbnailUrl\":\"https:\/\/brasilnoticias.org\/site\/wp-content\/uploads\/2023\/08\/prova-pm-candidatos-reporter-top.jpg\",\"articleSection\":[\"Not\u00edcias\",\"\u00daltimas\"],\"inLanguage\":\"pt-PT\",\"potentialAction\":[{\"@type\":\"CommentAction\",\"name\":\"Comment\",\"target\":[\"https:\/\/brasilnoticias.org\/site\/morre-candidato-de-25-anos-que-passou-mal-em-prova-fisica-da-pm\/#respond\"]}]},{\"@type\":\"WebPage\",\"@id\":\"https:\/\/brasilnoticias.org\/site\/morre-candidato-de-25-anos-que-passou-mal-em-prova-fisica-da-pm\/\",\"url\":\"https:\/\/brasilnoticias.org\/site\/morre-candidato-de-25-anos-que-passou-mal-em-prova-fisica-da-pm\/\",\"name\":\"morre candidato de 25 anos que passou mal em prova f\u00edsica da PM - Brasil not\u00edcias\",\"isPartOf\":{\"@id\":\"https:\/\/brasilnoticias.org\/site\/#website\"},\"primaryImageOfPage\":{\"@id\":\"https:\/\/brasilnoticias.org\/site\/morre-candidato-de-25-anos-que-passou-mal-em-prova-fisica-da-pm\/#primaryimage\"},\"image\":{\"@id\":\"https:\/\/brasilnoticias.org\/site\/morre-candidato-de-25-anos-que-passou-mal-em-prova-fisica-da-pm\/#primaryimage\"},\"thumbnailUrl\":\"https:\/\/brasilnoticias.org\/site\/wp-content\/uploads\/2023\/08\/prova-pm-candidatos-reporter-top.jpg\",\"datePublished\":\"2023-08-04T19:21:38+00:00\",\"breadcrumb\":{\"@id\":\"https:\/\/brasilnoticias.org\/site\/morre-candidato-de-25-anos-que-passou-mal-em-prova-fisica-da-pm\/#breadcrumb\"},\"inLanguage\":\"pt-PT\",\"potentialAction\":[{\"@type\":\"ReadAction\",\"target\":[\"https:\/\/brasilnoticias.org\/site\/morre-candidato-de-25-anos-que-passou-mal-em-prova-fisica-da-pm\/\"]}]},{\"@type\":\"ImageObject\",\"inLanguage\":\"pt-PT\",\"@id\":\"https:\/\/brasilnoticias.org\/site\/morre-candidato-de-25-anos-que-passou-mal-em-prova-fisica-da-pm\/#primaryimage\",\"url\":\"https:\/\/brasilnoticias.org\/site\/wp-content\/uploads\/2023\/08\/prova-pm-candidatos-reporter-top.jpg\",\"contentUrl\":\"https:\/\/brasilnoticias.org\/site\/wp-content\/uploads\/2023\/08\/prova-pm-candidatos-reporter-top.jpg\",\"width\":620,\"height\":348},{\"@type\":\"BreadcrumbList\",\"@id\":\"https:\/\/brasilnoticias.org\/site\/morre-candidato-de-25-anos-que-passou-mal-em-prova-fisica-da-pm\/#breadcrumb\",\"itemListElement\":[{\"@type\":\"ListItem\",\"position\":1,\"name\":\"In\u00edcio\",\"item\":\"https:\/\/brasilnoticias.org\/site\/\"},{\"@type\":\"ListItem\",\"position\":2,\"name\":\"morre candidato de 25 anos que passou mal em prova f\u00edsica da PM\"}]},{\"@type\":\"WebSite\",\"@id\":\"https:\/\/brasilnoticias.org\/site\/#website\",\"url\":\"https:\/\/brasilnoticias.org\/site\/\",\"name\":\"Brasil not\u00edcias\",\"description\":\"Brasil not\u00edcias\",\"publisher\":{\"@id\":\"https:\/\/brasilnoticias.org\/site\/#organization\"},\"potentialAction\":[{\"@type\":\"SearchAction\",\"target\":{\"@type\":\"EntryPoint\",\"urlTemplate\":\"https:\/\/brasilnoticias.org\/site\/?s={search_term_string}\"},\"query-input\":{\"@type\":\"PropertyValueSpecification\",\"valueRequired\":true,\"valueName\":\"search_term_string\"}}],\"inLanguage\":\"pt-PT\"},{\"@type\":\"Organization\",\"@id\":\"https:\/\/brasilnoticias.org\/site\/#organization\",\"name\":\"Brasil not\u00edcias\",\"url\":\"https:\/\/brasilnoticias.org\/site\/\",\"logo\":{\"@type\":\"ImageObject\",\"inLanguage\":\"pt-PT\",\"@id\":\"https:\/\/brasilnoticias.org\/site\/#\/schema\/logo\/image\/\",\"url\":\"https:\/\/brasilnoticias.org\/site\/wp-content\/uploads\/2022\/05\/cropped-brasilnoticias-mini.jpg\",\"contentUrl\":\"https:\/\/brasilnoticias.org\/site\/wp-content\/uploads\/2022\/05\/cropped-brasilnoticias-mini.jpg\",\"width\":314,\"height\":86,\"caption\":\"Brasil not\u00edcias\"},\"image\":{\"@id\":\"https:\/\/brasilnoticias.org\/site\/#\/schema\/logo\/image\/\"}},{\"@type\":\"Person\",\"@id\":\"https:\/\/brasilnoticias.org\/site\/#\/schema\/person\/03bbbfe6c7634ad18c26444ea39049fa\",\"name\":\"Reda\u00e7\u00e3o\",\"image\":{\"@type\":\"ImageObject\",\"inLanguage\":\"pt-PT\",\"@id\":\"https:\/\/brasilnoticias.org\/site\/#\/schema\/person\/image\/\",\"url\":\"https:\/\/secure.gravatar.com\/avatar\/9ecaf7327a696cb23ad926fedded5f1f04d7049de9e445375d55b48c001a6e42?s=96&d=mm&r=g\",\"contentUrl\":\"https:\/\/secure.gravatar.com\/avatar\/9ecaf7327a696cb23ad926fedded5f1f04d7049de9e445375d55b48c001a6e42?s=96&d=mm&r=g\",\"caption\":\"Reda\u00e7\u00e3o\"},\"url\":\"https:\/\/brasilnoticias.org\/site\/author\/henrique\/\"}]}<\/script>\n<!-- \/ Yoast SEO plugin. -->","yoast_head_json":{"title":"morre candidato de 25 anos que passou mal em prova f\u00edsica da PM - Brasil not\u00edcias","robots":{"index":"index","follow":"follow","max-snippet":"max-snippet:-1","max-image-preview":"max-image-preview:large","max-video-preview":"max-video-preview:-1"},"canonical":"https:\/\/brasilnoticias.org\/site\/morre-candidato-de-25-anos-que-passou-mal-em-prova-fisica-da-pm\/","og_locale":"pt_PT","og_type":"article","og_title":"morre candidato de 25 anos que passou mal em prova f\u00edsica da PM - Brasil not\u00edcias","og_description":"Dois candidatos passaram mal durante a prova da Pol\u00edcia Militar, nessa quinta-feira (3\/8), em Campo Grande. Um deles morreu nesta","og_url":"https:\/\/brasilnoticias.org\/site\/morre-candidato-de-25-anos-que-passou-mal-em-prova-fisica-da-pm\/","og_site_name":"Brasil not\u00edcias","article_published_time":"2023-08-04T19:21:38+00:00","og_image":[{"width":620,"height":348,"url":"https:\/\/brasilnoticias.org\/site\/wp-content\/uploads\/2023\/08\/prova-pm-candidatos-reporter-top.jpg","type":"image\/jpeg"}],"author":"Reda\u00e7\u00e3o","twitter_card":"summary_large_image","twitter_misc":{"Escrito por":"Reda\u00e7\u00e3o"},"schema":{"@context":"https:\/\/schema.org","@graph":[{"@type":"Article","@id":"https:\/\/brasilnoticias.org\/site\/morre-candidato-de-25-anos-que-passou-mal-em-prova-fisica-da-pm\/#article","isPartOf":{"@id":"https:\/\/brasilnoticias.org\/site\/morre-candidato-de-25-anos-que-passou-mal-em-prova-fisica-da-pm\/"},"author":{"name":"Reda\u00e7\u00e3o","@id":"https:\/\/brasilnoticias.org\/site\/#\/schema\/person\/03bbbfe6c7634ad18c26444ea39049fa"},"headline":"morre candidato de 25 anos que passou mal em prova f\u00edsica da PM","datePublished":"2023-08-04T19:21:38+00:00","mainEntityOfPage":{"@id":"https:\/\/brasilnoticias.org\/site\/morre-candidato-de-25-anos-que-passou-mal-em-prova-fisica-da-pm\/"},"wordCount":171,"commentCount":0,"publisher":{"@id":"https:\/\/brasilnoticias.org\/site\/#organization"},"image":{"@id":"https:\/\/brasilnoticias.org\/site\/morre-candidato-de-25-anos-que-passou-mal-em-prova-fisica-da-pm\/#primaryimage"},"thumbnailUrl":"https:\/\/brasilnoticias.org\/site\/wp-content\/uploads\/2023\/08\/prova-pm-candidatos-reporter-top.jpg","articleSection":["Not\u00edcias","\u00daltimas"],"inLanguage":"pt-PT","potentialAction":[{"@type":"CommentAction","name":"Comment","target":["https:\/\/brasilnoticias.org\/site\/morre-candidato-de-25-anos-que-passou-mal-em-prova-fisica-da-pm\/#respond"]}]},{"@type":"WebPage","@id":"https:\/\/brasilnoticias.org\/site\/morre-candidato-de-25-anos-que-passou-mal-em-prova-fisica-da-pm\/","url":"https:\/\/brasilnoticias.org\/site\/morre-candidato-de-25-anos-que-passou-mal-em-prova-fisica-da-pm\/","name":"morre candidato de 25 anos que passou mal em prova f\u00edsica da PM - Brasil not\u00edcias","isPartOf":{"@id":"https:\/\/brasilnoticias.org\/site\/#website"},"primaryImageOfPage":{"@id":"https:\/\/brasilnoticias.org\/site\/morre-candidato-de-25-anos-que-passou-mal-em-prova-fisica-da-pm\/#primaryimage"},"image":{"@id":"https:\/\/brasilnoticias.org\/site\/morre-candidato-de-25-anos-que-passou-mal-em-prova-fisica-da-pm\/#primaryimage"},"thumbnailUrl":"https:\/\/brasilnoticias.org\/site\/wp-content\/uploads\/2023\/08\/prova-pm-candidatos-reporter-top.jpg","datePublished":"2023-08-04T19:21:38+00:00","breadcrumb":{"@id":"https:\/\/brasilnoticias.org\/site\/morre-candidato-de-25-anos-que-passou-mal-em-prova-fisica-da-pm\/#breadcrumb"},"inLanguage":"pt-PT","potentialAction":[{"@type":"ReadAction","target":["https:\/\/brasilnoticias.org\/site\/morre-candidato-de-25-anos-que-passou-mal-em-prova-fisica-da-pm\/"]}]},{"@type":"ImageObject","inLanguage":"pt-PT","@id":"https:\/\/brasilnoticias.org\/site\/morre-candidato-de-25-anos-que-passou-mal-em-prova-fisica-da-pm\/#primaryimage","url":"https:\/\/brasilnoticias.org\/site\/wp-content\/uploads\/2023\/08\/prova-pm-candidatos-reporter-top.jpg","contentUrl":"https:\/\/brasilnoticias.org\/site\/wp-content\/uploads\/2023\/08\/prova-pm-candidatos-reporter-top.jpg","width":620,"height":348},{"@type":"BreadcrumbList","@id":"https:\/\/brasilnoticias.org\/site\/morre-candidato-de-25-anos-que-passou-mal-em-prova-fisica-da-pm\/#breadcrumb","itemListElement":[{"@type":"ListItem","position":1,"name":"In\u00edcio","item":"https:\/\/brasilnoticias.org\/site\/"},{"@type":"ListItem","position":2,"name":"morre candidato de 25 anos que passou mal em prova f\u00edsica da PM"}]},{"@type":"WebSite","@id":"https:\/\/brasilnoticias.org\/site\/#website","url":"https:\/\/brasilnoticias.org\/site\/","name":"Brasil not\u00edcias","description":"Brasil not\u00edcias","publisher":{"@id":"https:\/\/brasilnoticias.org\/site\/#organization"},"potentialAction":[{"@type":"SearchAction","target":{"@type":"EntryPoint","urlTemplate":"https:\/\/brasilnoticias.org\/site\/?s={search_term_string}"},"query-input":{"@type":"PropertyValueSpecification","valueRequired":true,"valueName":"search_term_string"}}],"inLanguage":"pt-PT"},{"@type":"Organization","@id":"https:\/\/brasilnoticias.org\/site\/#organization","name":"Brasil not\u00edcias","url":"https:\/\/brasilnoticias.org\/site\/","logo":{"@type":"ImageObject","inLanguage":"pt-PT","@id":"https:\/\/brasilnoticias.org\/site\/#\/schema\/logo\/image\/","url":"https:\/\/brasilnoticias.org\/site\/wp-content\/uploads\/2022\/05\/cropped-brasilnoticias-mini.jpg","contentUrl":"https:\/\/brasilnoticias.org\/site\/wp-content\/uploads\/2022\/05\/cropped-brasilnoticias-mini.jpg","width":314,"height":86,"caption":"Brasil not\u00edcias"},"image":{"@id":"https:\/\/brasilnoticias.org\/site\/#\/schema\/logo\/image\/"}},{"@type":"Person","@id":"https:\/\/brasilnoticias.org\/site\/#\/schema\/person\/03bbbfe6c7634ad18c26444ea39049fa","name":"Reda\u00e7\u00e3o","image":{"@type":"ImageObject","inLanguage":"pt-PT","@id":"https:\/\/brasilnoticias.org\/site\/#\/schema\/person\/image\/","url":"https:\/\/secure.gravatar.com\/avatar\/9ecaf7327a696cb23ad926fedded5f1f04d7049de9e445375d55b48c001a6e42?s=96&d=mm&r=g","contentUrl":"https:\/\/secure.gravatar.com\/avatar\/9ecaf7327a696cb23ad926fedded5f1f04d7049de9e445375d55b48c001a6e42?s=96&d=mm&r=g","caption":"Reda\u00e7\u00e3o"},"url":"https:\/\/brasilnoticias.org\/site\/author\/henrique\/"}]}},"_links":{"self":[{"href":"https:\/\/brasilnoticias.org\/site\/wp-json\/wp\/v2\/posts\/7920","targetHints":{"allow":["GET"]}}],"collection":[{"href":"https:\/\/brasilnoticias.org\/site\/wp-json\/wp\/v2\/posts"}],"about":[{"href":"https:\/\/brasilnoticias.org\/site\/wp-json\/wp\/v2\/types\/post"}],"author":[{"embeddable":true,"href":"https:\/\/brasilnoticias.org\/site\/wp-json\/wp\/v2\/users\/4"}],"replies":[{"embeddable":true,"href":"https:\/\/brasilnoticias.org\/site\/wp-json\/wp\/v2\/comments?post=7920"}],"version-history":[{"count":1,"href":"https:\/\/brasilnoticias.org\/site\/wp-json\/wp\/v2\/posts\/7920\/revisions"}],"predecessor-version":[{"id":7922,"href":"https:\/\/brasilnoticias.org\/site\/wp-json\/wp\/v2\/posts\/7920\/revisions\/7922"}],"wp:featuredmedia":[{"embeddable":true,"href":"https:\/\/brasilnoticias.org\/site\/wp-json\/wp\/v2\/media\/7921"}],"wp:attachment":[{"href":"https:\/\/brasilnoticias.org\/site\/wp-json\/wp\/v2\/media?parent=7920"}],"wp:term":[{"taxonomy":"category","embeddable":true,"href":"https:\/\/brasilnoticias.org\/site\/wp-json\/wp\/v2\/categories?post=7920"},{"taxonomy":"post_tag","embeddable":true,"href":"https:\/\/brasilnoticias.org\/site\/wp-json\/wp\/v2\/tags?post=7920"}],"curies":[{"name":"wp","href":"https:\/\/api.w.org\/{rel}","templated":true}]}}