{"id":7930,"date":"2023-08-05T07:07:28","date_gmt":"2023-08-05T10:07:28","guid":{"rendered":"https:\/\/brasilnoticias.org\/site\/?p=7930"},"modified":"2023-08-05T00:09:37","modified_gmt":"2023-08-05T03:09:37","slug":"arthur-do-val-e-agredido-apos-provocar-manifestantes","status":"publish","type":"post","link":"https:\/\/brasilnoticias.org\/site\/arthur-do-val-e-agredido-apos-provocar-manifestantes\/","title":{"rendered":"Arthur do Val \u00e9 agredido ap\u00f3s provocar manifestantes"},"content":{"rendered":"<p>A coordenadora do MBL filmava as provoca\u00e7\u00f5es que \u201cMam\u00e3e Falei\u201d, como \u00e9 conhecido nas redes sociais, fazia aos integrantes do ato<\/p>\n<p>O ex-deputado federal Arthur do Val foi agredido com um soco no rosto, ap\u00f3s tentar provocar manifestantes. A situa\u00e7\u00e3o aconteceu nesta quinta-feira (3), durante o protesto contra a opera\u00e7\u00e3o policial que vem ocorrendo no Guaruj\u00e1, que j\u00e1 vitimou 16 pessoas.<\/p>\n<p>O &#8220;Mam\u00e3e Falei&#8221;, como \u00e9 conhecido nas redes sociais, estava com Amanda Vettorazzo, coordenadora do Movimento Brasil Livre (MBL) que filmava a intera\u00e7\u00e3o de do Val.<\/p>\n<p> A t\u00e1tica, realizada no Largo S\u00e3o Francisco, no centro da capital paulista, \u00e9 comum no MBL mas at\u00e9 ent\u00e3o n\u00e3o tinha gerado nenhuma rea\u00e7\u00e3o violenta. Agentes da Pol\u00edcia Militar precisaram intervir na situa\u00e7\u00e3o e retiraram o manifestante do local.<\/p>\n<p>Foto: Alesp<br \/>\nMetro1<\/p>\n","protected":false},"excerpt":{"rendered":"<p>A coordenadora do MBL filmava as provoca\u00e7\u00f5es que \u201cMam\u00e3e Falei\u201d, como \u00e9 conhecido nas redes sociais, fazia aos integrantes do<\/p>\n","protected":false},"author":4,"featured_media":7932,"comment_status":"open","ping_status":"open","sticky":false,"template":"","format":"standard","meta":{"colormag_page_container_layout":"default_layout","colormag_page_sidebar_layout":"default_layout","_FSMCFIC_featured_image_caption":"","_FSMCFIC_featured_image_nocaption":"","_FSMCFIC_featured_image_hide":"","footnotes":""},"categories":[5,1],"tags":[],"class_list":["post-7930","post","type-post","status-publish","format-standard","has-post-thumbnail","hentry","category-politica","category-ultimas"],"yoast_head":"<!-- This site is optimized with the Yoast SEO plugin v27.1.1 - https:\/\/yoast.com\/product\/yoast-seo-wordpress\/ -->\n<title>Arthur do Val \u00e9 agredido ap\u00f3s provocar manifestantes - Brasil not\u00edcias<\/title>\n<meta name=\"robots\" content=\"index, follow, max-snippet:-1, max-image-preview:large, max-video-preview:-1\" \/>\n<link rel=\"canonical\" href=\"https:\/\/brasilnoticias.org\/site\/arthur-do-val-e-agredido-apos-provocar-manifestantes\/\" \/>\n<meta property=\"og:locale\" content=\"pt_PT\" \/>\n<meta property=\"og:type\" content=\"article\" \/>\n<meta property=\"og:title\" content=\"Arthur do Val \u00e9 agredido ap\u00f3s provocar manifestantes - Brasil not\u00edcias\" \/>\n<meta property=\"og:description\" content=\"A coordenadora do MBL filmava as provoca\u00e7\u00f5es que \u201cMam\u00e3e Falei\u201d, como \u00e9 conhecido nas redes sociais, fazia aos integrantes do\" \/>\n<meta property=\"og:url\" content=\"https:\/\/brasilnoticias.org\/site\/arthur-do-val-e-agredido-apos-provocar-manifestantes\/\" \/>\n<meta property=\"og:site_name\" content=\"Brasil not\u00edcias\" \/>\n<meta property=\"article:published_time\" content=\"2023-08-05T10:07:28+00:00\" \/>\n<meta property=\"og:image\" content=\"https:\/\/brasilnoticias.org\/site\/wp-content\/uploads\/2023\/08\/139481arthur-do-val-e-agredido-apos-provocar-manifestantes-3.jpg\" \/>\n\t<meta property=\"og:image:width\" content=\"1600\" \/>\n\t<meta property=\"og:image:height\" content=\"752\" \/>\n\t<meta property=\"og:image:type\" content=\"image\/jpeg\" \/>\n<meta name=\"author\" content=\"Reda\u00e7\u00e3o\" \/>\n<meta name=\"twitter:card\" content=\"summary_large_image\" \/>\n<meta name=\"twitter:label1\" content=\"Escrito por\" \/>\n\t<meta name=\"twitter:data1\" content=\"Reda\u00e7\u00e3o\" \/>\n<script type=\"application\/ld+json\" class=\"yoast-schema-graph\">{\"@context\":\"https:\/\/schema.org\",\"@graph\":[{\"@type\":\"Article\",\"@id\":\"https:\/\/brasilnoticias.org\/site\/arthur-do-val-e-agredido-apos-provocar-manifestantes\/#article\",\"isPartOf\":{\"@id\":\"https:\/\/brasilnoticias.org\/site\/arthur-do-val-e-agredido-apos-provocar-manifestantes\/\"},\"author\":{\"name\":\"Reda\u00e7\u00e3o\",\"@id\":\"https:\/\/brasilnoticias.org\/site\/#\/schema\/person\/03bbbfe6c7634ad18c26444ea39049fa\"},\"headline\":\"Arthur do Val \u00e9 agredido ap\u00f3s provocar manifestantes\",\"datePublished\":\"2023-08-05T10:07:28+00:00\",\"mainEntityOfPage\":{\"@id\":\"https:\/\/brasilnoticias.org\/site\/arthur-do-val-e-agredido-apos-provocar-manifestantes\/\"},\"wordCount\":146,\"commentCount\":0,\"publisher\":{\"@id\":\"https:\/\/brasilnoticias.org\/site\/#organization\"},\"image\":{\"@id\":\"https:\/\/brasilnoticias.org\/site\/arthur-do-val-e-agredido-apos-provocar-manifestantes\/#primaryimage\"},\"thumbnailUrl\":\"https:\/\/brasilnoticias.org\/site\/wp-content\/uploads\/2023\/08\/139481arthur-do-val-e-agredido-apos-provocar-manifestantes-3.jpg\",\"articleSection\":[\"Pol\u00edtica\",\"\u00daltimas\"],\"inLanguage\":\"pt-PT\",\"potentialAction\":[{\"@type\":\"CommentAction\",\"name\":\"Comment\",\"target\":[\"https:\/\/brasilnoticias.org\/site\/arthur-do-val-e-agredido-apos-provocar-manifestantes\/#respond\"]}]},{\"@type\":\"WebPage\",\"@id\":\"https:\/\/brasilnoticias.org\/site\/arthur-do-val-e-agredido-apos-provocar-manifestantes\/\",\"url\":\"https:\/\/brasilnoticias.org\/site\/arthur-do-val-e-agredido-apos-provocar-manifestantes\/\",\"name\":\"Arthur do Val \u00e9 agredido ap\u00f3s provocar manifestantes - Brasil not\u00edcias\",\"isPartOf\":{\"@id\":\"https:\/\/brasilnoticias.org\/site\/#website\"},\"primaryImageOfPage\":{\"@id\":\"https:\/\/brasilnoticias.org\/site\/arthur-do-val-e-agredido-apos-provocar-manifestantes\/#primaryimage\"},\"image\":{\"@id\":\"https:\/\/brasilnoticias.org\/site\/arthur-do-val-e-agredido-apos-provocar-manifestantes\/#primaryimage\"},\"thumbnailUrl\":\"https:\/\/brasilnoticias.org\/site\/wp-content\/uploads\/2023\/08\/139481arthur-do-val-e-agredido-apos-provocar-manifestantes-3.jpg\",\"datePublished\":\"2023-08-05T10:07:28+00:00\",\"breadcrumb\":{\"@id\":\"https:\/\/brasilnoticias.org\/site\/arthur-do-val-e-agredido-apos-provocar-manifestantes\/#breadcrumb\"},\"inLanguage\":\"pt-PT\",\"potentialAction\":[{\"@type\":\"ReadAction\",\"target\":[\"https:\/\/brasilnoticias.org\/site\/arthur-do-val-e-agredido-apos-provocar-manifestantes\/\"]}]},{\"@type\":\"ImageObject\",\"inLanguage\":\"pt-PT\",\"@id\":\"https:\/\/brasilnoticias.org\/site\/arthur-do-val-e-agredido-apos-provocar-manifestantes\/#primaryimage\",\"url\":\"https:\/\/brasilnoticias.org\/site\/wp-content\/uploads\/2023\/08\/139481arthur-do-val-e-agredido-apos-provocar-manifestantes-3.jpg\",\"contentUrl\":\"https:\/\/brasilnoticias.org\/site\/wp-content\/uploads\/2023\/08\/139481arthur-do-val-e-agredido-apos-provocar-manifestantes-3.jpg\",\"width\":1600,\"height\":752},{\"@type\":\"BreadcrumbList\",\"@id\":\"https:\/\/brasilnoticias.org\/site\/arthur-do-val-e-agredido-apos-provocar-manifestantes\/#breadcrumb\",\"itemListElement\":[{\"@type\":\"ListItem\",\"position\":1,\"name\":\"In\u00edcio\",\"item\":\"https:\/\/brasilnoticias.org\/site\/\"},{\"@type\":\"ListItem\",\"position\":2,\"name\":\"Arthur do Val \u00e9 agredido ap\u00f3s provocar manifestantes\"}]},{\"@type\":\"WebSite\",\"@id\":\"https:\/\/brasilnoticias.org\/site\/#website\",\"url\":\"https:\/\/brasilnoticias.org\/site\/\",\"name\":\"Brasil not\u00edcias\",\"description\":\"Brasil not\u00edcias\",\"publisher\":{\"@id\":\"https:\/\/brasilnoticias.org\/site\/#organization\"},\"potentialAction\":[{\"@type\":\"SearchAction\",\"target\":{\"@type\":\"EntryPoint\",\"urlTemplate\":\"https:\/\/brasilnoticias.org\/site\/?s={search_term_string}\"},\"query-input\":{\"@type\":\"PropertyValueSpecification\",\"valueRequired\":true,\"valueName\":\"search_term_string\"}}],\"inLanguage\":\"pt-PT\"},{\"@type\":\"Organization\",\"@id\":\"https:\/\/brasilnoticias.org\/site\/#organization\",\"name\":\"Brasil not\u00edcias\",\"url\":\"https:\/\/brasilnoticias.org\/site\/\",\"logo\":{\"@type\":\"ImageObject\",\"inLanguage\":\"pt-PT\",\"@id\":\"https:\/\/brasilnoticias.org\/site\/#\/schema\/logo\/image\/\",\"url\":\"https:\/\/brasilnoticias.org\/site\/wp-content\/uploads\/2022\/05\/cropped-brasilnoticias-mini.jpg\",\"contentUrl\":\"https:\/\/brasilnoticias.org\/site\/wp-content\/uploads\/2022\/05\/cropped-brasilnoticias-mini.jpg\",\"width\":314,\"height\":86,\"caption\":\"Brasil not\u00edcias\"},\"image\":{\"@id\":\"https:\/\/brasilnoticias.org\/site\/#\/schema\/logo\/image\/\"}},{\"@type\":\"Person\",\"@id\":\"https:\/\/brasilnoticias.org\/site\/#\/schema\/person\/03bbbfe6c7634ad18c26444ea39049fa\",\"name\":\"Reda\u00e7\u00e3o\",\"image\":{\"@type\":\"ImageObject\",\"inLanguage\":\"pt-PT\",\"@id\":\"https:\/\/brasilnoticias.org\/site\/#\/schema\/person\/image\/\",\"url\":\"https:\/\/secure.gravatar.com\/avatar\/9ecaf7327a696cb23ad926fedded5f1f04d7049de9e445375d55b48c001a6e42?s=96&d=mm&r=g\",\"contentUrl\":\"https:\/\/secure.gravatar.com\/avatar\/9ecaf7327a696cb23ad926fedded5f1f04d7049de9e445375d55b48c001a6e42?s=96&d=mm&r=g\",\"caption\":\"Reda\u00e7\u00e3o\"},\"url\":\"https:\/\/brasilnoticias.org\/site\/author\/henrique\/\"}]}<\/script>\n<!-- \/ Yoast SEO plugin. -->","yoast_head_json":{"title":"Arthur do Val \u00e9 agredido ap\u00f3s provocar manifestantes - Brasil not\u00edcias","robots":{"index":"index","follow":"follow","max-snippet":"max-snippet:-1","max-image-preview":"max-image-preview:large","max-video-preview":"max-video-preview:-1"},"canonical":"https:\/\/brasilnoticias.org\/site\/arthur-do-val-e-agredido-apos-provocar-manifestantes\/","og_locale":"pt_PT","og_type":"article","og_title":"Arthur do Val \u00e9 agredido ap\u00f3s provocar manifestantes - Brasil not\u00edcias","og_description":"A coordenadora do MBL filmava as provoca\u00e7\u00f5es que \u201cMam\u00e3e Falei\u201d, como \u00e9 conhecido nas redes sociais, fazia aos integrantes do","og_url":"https:\/\/brasilnoticias.org\/site\/arthur-do-val-e-agredido-apos-provocar-manifestantes\/","og_site_name":"Brasil not\u00edcias","article_published_time":"2023-08-05T10:07:28+00:00","og_image":[{"width":1600,"height":752,"url":"https:\/\/brasilnoticias.org\/site\/wp-content\/uploads\/2023\/08\/139481arthur-do-val-e-agredido-apos-provocar-manifestantes-3.jpg","type":"image\/jpeg"}],"author":"Reda\u00e7\u00e3o","twitter_card":"summary_large_image","twitter_misc":{"Escrito por":"Reda\u00e7\u00e3o"},"schema":{"@context":"https:\/\/schema.org","@graph":[{"@type":"Article","@id":"https:\/\/brasilnoticias.org\/site\/arthur-do-val-e-agredido-apos-provocar-manifestantes\/#article","isPartOf":{"@id":"https:\/\/brasilnoticias.org\/site\/arthur-do-val-e-agredido-apos-provocar-manifestantes\/"},"author":{"name":"Reda\u00e7\u00e3o","@id":"https:\/\/brasilnoticias.org\/site\/#\/schema\/person\/03bbbfe6c7634ad18c26444ea39049fa"},"headline":"Arthur do Val \u00e9 agredido ap\u00f3s provocar manifestantes","datePublished":"2023-08-05T10:07:28+00:00","mainEntityOfPage":{"@id":"https:\/\/brasilnoticias.org\/site\/arthur-do-val-e-agredido-apos-provocar-manifestantes\/"},"wordCount":146,"commentCount":0,"publisher":{"@id":"https:\/\/brasilnoticias.org\/site\/#organization"},"image":{"@id":"https:\/\/brasilnoticias.org\/site\/arthur-do-val-e-agredido-apos-provocar-manifestantes\/#primaryimage"},"thumbnailUrl":"https:\/\/brasilnoticias.org\/site\/wp-content\/uploads\/2023\/08\/139481arthur-do-val-e-agredido-apos-provocar-manifestantes-3.jpg","articleSection":["Pol\u00edtica","\u00daltimas"],"inLanguage":"pt-PT","potentialAction":[{"@type":"CommentAction","name":"Comment","target":["https:\/\/brasilnoticias.org\/site\/arthur-do-val-e-agredido-apos-provocar-manifestantes\/#respond"]}]},{"@type":"WebPage","@id":"https:\/\/brasilnoticias.org\/site\/arthur-do-val-e-agredido-apos-provocar-manifestantes\/","url":"https:\/\/brasilnoticias.org\/site\/arthur-do-val-e-agredido-apos-provocar-manifestantes\/","name":"Arthur do Val \u00e9 agredido ap\u00f3s provocar manifestantes - Brasil not\u00edcias","isPartOf":{"@id":"https:\/\/brasilnoticias.org\/site\/#website"},"primaryImageOfPage":{"@id":"https:\/\/brasilnoticias.org\/site\/arthur-do-val-e-agredido-apos-provocar-manifestantes\/#primaryimage"},"image":{"@id":"https:\/\/brasilnoticias.org\/site\/arthur-do-val-e-agredido-apos-provocar-manifestantes\/#primaryimage"},"thumbnailUrl":"https:\/\/brasilnoticias.org\/site\/wp-content\/uploads\/2023\/08\/139481arthur-do-val-e-agredido-apos-provocar-manifestantes-3.jpg","datePublished":"2023-08-05T10:07:28+00:00","breadcrumb":{"@id":"https:\/\/brasilnoticias.org\/site\/arthur-do-val-e-agredido-apos-provocar-manifestantes\/#breadcrumb"},"inLanguage":"pt-PT","potentialAction":[{"@type":"ReadAction","target":["https:\/\/brasilnoticias.org\/site\/arthur-do-val-e-agredido-apos-provocar-manifestantes\/"]}]},{"@type":"ImageObject","inLanguage":"pt-PT","@id":"https:\/\/brasilnoticias.org\/site\/arthur-do-val-e-agredido-apos-provocar-manifestantes\/#primaryimage","url":"https:\/\/brasilnoticias.org\/site\/wp-content\/uploads\/2023\/08\/139481arthur-do-val-e-agredido-apos-provocar-manifestantes-3.jpg","contentUrl":"https:\/\/brasilnoticias.org\/site\/wp-content\/uploads\/2023\/08\/139481arthur-do-val-e-agredido-apos-provocar-manifestantes-3.jpg","width":1600,"height":752},{"@type":"BreadcrumbList","@id":"https:\/\/brasilnoticias.org\/site\/arthur-do-val-e-agredido-apos-provocar-manifestantes\/#breadcrumb","itemListElement":[{"@type":"ListItem","position":1,"name":"In\u00edcio","item":"https:\/\/brasilnoticias.org\/site\/"},{"@type":"ListItem","position":2,"name":"Arthur do Val \u00e9 agredido ap\u00f3s provocar manifestantes"}]},{"@type":"WebSite","@id":"https:\/\/brasilnoticias.org\/site\/#website","url":"https:\/\/brasilnoticias.org\/site\/","name":"Brasil not\u00edcias","description":"Brasil not\u00edcias","publisher":{"@id":"https:\/\/brasilnoticias.org\/site\/#organization"},"potentialAction":[{"@type":"SearchAction","target":{"@type":"EntryPoint","urlTemplate":"https:\/\/brasilnoticias.org\/site\/?s={search_term_string}"},"query-input":{"@type":"PropertyValueSpecification","valueRequired":true,"valueName":"search_term_string"}}],"inLanguage":"pt-PT"},{"@type":"Organization","@id":"https:\/\/brasilnoticias.org\/site\/#organization","name":"Brasil not\u00edcias","url":"https:\/\/brasilnoticias.org\/site\/","logo":{"@type":"ImageObject","inLanguage":"pt-PT","@id":"https:\/\/brasilnoticias.org\/site\/#\/schema\/logo\/image\/","url":"https:\/\/brasilnoticias.org\/site\/wp-content\/uploads\/2022\/05\/cropped-brasilnoticias-mini.jpg","contentUrl":"https:\/\/brasilnoticias.org\/site\/wp-content\/uploads\/2022\/05\/cropped-brasilnoticias-mini.jpg","width":314,"height":86,"caption":"Brasil not\u00edcias"},"image":{"@id":"https:\/\/brasilnoticias.org\/site\/#\/schema\/logo\/image\/"}},{"@type":"Person","@id":"https:\/\/brasilnoticias.org\/site\/#\/schema\/person\/03bbbfe6c7634ad18c26444ea39049fa","name":"Reda\u00e7\u00e3o","image":{"@type":"ImageObject","inLanguage":"pt-PT","@id":"https:\/\/brasilnoticias.org\/site\/#\/schema\/person\/image\/","url":"https:\/\/secure.gravatar.com\/avatar\/9ecaf7327a696cb23ad926fedded5f1f04d7049de9e445375d55b48c001a6e42?s=96&d=mm&r=g","contentUrl":"https:\/\/secure.gravatar.com\/avatar\/9ecaf7327a696cb23ad926fedded5f1f04d7049de9e445375d55b48c001a6e42?s=96&d=mm&r=g","caption":"Reda\u00e7\u00e3o"},"url":"https:\/\/brasilnoticias.org\/site\/author\/henrique\/"}]}},"_links":{"self":[{"href":"https:\/\/brasilnoticias.org\/site\/wp-json\/wp\/v2\/posts\/7930","targetHints":{"allow":["GET"]}}],"collection":[{"href":"https:\/\/brasilnoticias.org\/site\/wp-json\/wp\/v2\/posts"}],"about":[{"href":"https:\/\/brasilnoticias.org\/site\/wp-json\/wp\/v2\/types\/post"}],"author":[{"embeddable":true,"href":"https:\/\/brasilnoticias.org\/site\/wp-json\/wp\/v2\/users\/4"}],"replies":[{"embeddable":true,"href":"https:\/\/brasilnoticias.org\/site\/wp-json\/wp\/v2\/comments?post=7930"}],"version-history":[{"count":1,"href":"https:\/\/brasilnoticias.org\/site\/wp-json\/wp\/v2\/posts\/7930\/revisions"}],"predecessor-version":[{"id":7933,"href":"https:\/\/brasilnoticias.org\/site\/wp-json\/wp\/v2\/posts\/7930\/revisions\/7933"}],"wp:featuredmedia":[{"embeddable":true,"href":"https:\/\/brasilnoticias.org\/site\/wp-json\/wp\/v2\/media\/7932"}],"wp:attachment":[{"href":"https:\/\/brasilnoticias.org\/site\/wp-json\/wp\/v2\/media?parent=7930"}],"wp:term":[{"taxonomy":"category","embeddable":true,"href":"https:\/\/brasilnoticias.org\/site\/wp-json\/wp\/v2\/categories?post=7930"},{"taxonomy":"post_tag","embeddable":true,"href":"https:\/\/brasilnoticias.org\/site\/wp-json\/wp\/v2\/tags?post=7930"}],"curies":[{"name":"wp","href":"https:\/\/api.w.org\/{rel}","templated":true}]}}