{"id":7950,"date":"2023-08-05T13:35:03","date_gmt":"2023-08-05T16:35:03","guid":{"rendered":"https:\/\/brasilnoticias.org\/site\/?p=7950"},"modified":"2023-08-05T00:39:51","modified_gmt":"2023-08-05T03:39:51","slug":"lula-ja-decidiu-tornar-ministros-fufuca-e-silvio-costa-filho-diz-padilha","status":"publish","type":"post","link":"https:\/\/brasilnoticias.org\/site\/lula-ja-decidiu-tornar-ministros-fufuca-e-silvio-costa-filho-diz-padilha\/","title":{"rendered":"Lula j\u00e1 decidiu tornar ministros Fufuca e Silvio Costa Filho, diz Padilha"},"content":{"rendered":"<p>Ministro das Rela\u00e7\u00f5es Institucionais n\u00e3o indicou as pastas que ser\u00e3o comandadas pelos deputados Andr\u00e9 Fufuca (PP-MA) e Silvio Costa Filho (Republicanos-PE). Presidente confirmou ajustes na Esplanada para pr\u00f3ximas semanas.<\/p>\n<p>O ministro das Rela\u00e7\u00f5es Institucionais, Alexandre Padilha, afirmou nesta sexta-feira (4) que o presidente Luiz In\u00e1cio Lula da Silva (PT) j\u00e1 decidiu nomear os deputados Andr\u00e9 Fufuca (PP-MA) e Silvio Costa Filho (Republicanos-PE) para o comando de minist\u00e9rios do governo.<\/p>\n<p>Padilha n\u00e3o indicou quais pastas dever\u00e3o ser chefiadas pelos parlamentares. O ministro deu a declara\u00e7\u00e3o em evento do Conselho de Desenvolvimento Econ\u00f4mico e Social Sustent\u00e1vel, o chamado &#8220;Conselh\u00e3o&#8221;, em Bel\u00e9m (PA).<\/p>\n<p>A sinaliza\u00e7\u00e3o de Padilha, respons\u00e1vel pela articula\u00e7\u00e3o pol\u00edtica do governo, confirma os esfor\u00e7os do Planalto para ampliar a base de apoio governista no Congresso, em especial na C\u00e2mara dos Deputados.<\/p>\n<p>A entrada de Fufuca e Costa Filho no governo j\u00e1 era tida como certa por parlamentares do Centr\u00e3o \u2014 um bloco informal na C\u00e2mara que re\u00fane parlamentares de legendas de centro e centro-direita. Juntas, as siglas representam 89 deputados na Casa.<\/p>\n<p>O l\u00edder do PP na C\u00e2mara e o deputado do Republicanos j\u00e1 haviam se reunido com Padilha no \u00faltimo m\u00eas.<\/p>\n<p>Na quinta (3), em entrevista a r\u00e1dios da Amaz\u00f4nia, o petista confirmou as mudan\u00e7as, mas n\u00e3o detalhou quais e quantas ser\u00e3o.<\/p>\n<p>Segundo ele, as decis\u00f5es devem ser tomadas no retorno da C\u00fapula da Amaz\u00f4nia, prevista para a pr\u00f3xima semana.<\/p>\n<p>&#8220;Eu vou fazer ajustes no governo porque n\u00f3s temos interesse em construir maioria, para que at\u00e9 o final de 2026 a gente possa votar as coisas importantes de interesse do povo brasileiro. A troca de ministros n\u00e3o pode ser vista como uma coisa absurda, uma coisa menor. N\u00f3s temos partidos importantes que querem participar do governo, fazer parte da base, ent\u00e3o vamos conversar&#8221;, declarou.<\/p>\n<p>Em julho, como parte dos esfor\u00e7os para atrair apoio no Congresso, Lula oficializou a nomea\u00e7\u00e3o de Celso Sabino (Uni\u00e3o Brasil-PA) ao comando do Minist\u00e9rio do Turismo.<\/p>\n<p>\u00c0 \u00e9poca, Lula afirmou que a mudan\u00e7a se tratava de uma movimenta\u00e7\u00e3o a pedido do Uni\u00e3o Brasil. O presidente tamb\u00e9m projetou que outras acomoda\u00e7\u00f5es poderiam ser negociadas com outras siglas.<\/p>\n<p>Foto: Divulga\u00e7\u00e3o<br \/>\nG1<\/p>\n","protected":false},"excerpt":{"rendered":"<p>Ministro das Rela\u00e7\u00f5es Institucionais n\u00e3o indicou as pastas que ser\u00e3o comandadas pelos deputados Andr\u00e9 Fufuca (PP-MA) e Silvio Costa Filho<\/p>\n","protected":false},"author":4,"featured_media":7953,"comment_status":"open","ping_status":"open","sticky":false,"template":"","format":"standard","meta":{"colormag_page_container_layout":"default_layout","colormag_page_sidebar_layout":"default_layout","_FSMCFIC_featured_image_caption":"","_FSMCFIC_featured_image_nocaption":"","_FSMCFIC_featured_image_hide":"","footnotes":""},"categories":[5,1],"tags":[],"class_list":["post-7950","post","type-post","status-publish","format-standard","has-post-thumbnail","hentry","category-politica","category-ultimas"],"yoast_head":"<!-- This site is optimized with the Yoast SEO plugin v27.1.1 - https:\/\/yoast.com\/product\/yoast-seo-wordpress\/ -->\n<title>Lula j\u00e1 decidiu tornar ministros Fufuca e Silvio Costa Filho, diz Padilha - Brasil not\u00edcias<\/title>\n<meta name=\"robots\" content=\"index, follow, max-snippet:-1, max-image-preview:large, max-video-preview:-1\" \/>\n<link rel=\"canonical\" href=\"https:\/\/brasilnoticias.org\/site\/lula-ja-decidiu-tornar-ministros-fufuca-e-silvio-costa-filho-diz-padilha\/\" \/>\n<meta property=\"og:locale\" content=\"pt_PT\" \/>\n<meta property=\"og:type\" content=\"article\" \/>\n<meta property=\"og:title\" content=\"Lula j\u00e1 decidiu tornar ministros Fufuca e Silvio Costa Filho, diz Padilha - Brasil not\u00edcias\" \/>\n<meta property=\"og:description\" content=\"Ministro das Rela\u00e7\u00f5es Institucionais n\u00e3o indicou as pastas que ser\u00e3o comandadas pelos deputados Andr\u00e9 Fufuca (PP-MA) e Silvio Costa Filho\" \/>\n<meta property=\"og:url\" content=\"https:\/\/brasilnoticias.org\/site\/lula-ja-decidiu-tornar-ministros-fufuca-e-silvio-costa-filho-diz-padilha\/\" \/>\n<meta property=\"og:site_name\" content=\"Brasil not\u00edcias\" \/>\n<meta property=\"article:published_time\" content=\"2023-08-05T16:35:03+00:00\" \/>\n<meta property=\"og:image\" content=\"https:\/\/brasilnoticias.org\/site\/wp-content\/uploads\/2023\/08\/tagreuters.com2023binary_LYNXMPEJ5F0OU-FILEDIMAGE.webp\" \/>\n\t<meta property=\"og:image:width\" content=\"876\" \/>\n\t<meta property=\"og:image:height\" content=\"484\" \/>\n\t<meta property=\"og:image:type\" content=\"image\/webp\" \/>\n<meta name=\"author\" content=\"Reda\u00e7\u00e3o\" \/>\n<meta name=\"twitter:card\" content=\"summary_large_image\" \/>\n<meta name=\"twitter:label1\" content=\"Escrito por\" \/>\n\t<meta name=\"twitter:data1\" content=\"Reda\u00e7\u00e3o\" \/>\n<script type=\"application\/ld+json\" class=\"yoast-schema-graph\">{\"@context\":\"https:\/\/schema.org\",\"@graph\":[{\"@type\":\"Article\",\"@id\":\"https:\/\/brasilnoticias.org\/site\/lula-ja-decidiu-tornar-ministros-fufuca-e-silvio-costa-filho-diz-padilha\/#article\",\"isPartOf\":{\"@id\":\"https:\/\/brasilnoticias.org\/site\/lula-ja-decidiu-tornar-ministros-fufuca-e-silvio-costa-filho-diz-padilha\/\"},\"author\":{\"name\":\"Reda\u00e7\u00e3o\",\"@id\":\"https:\/\/brasilnoticias.org\/site\/#\/schema\/person\/03bbbfe6c7634ad18c26444ea39049fa\"},\"headline\":\"Lula j\u00e1 decidiu tornar ministros Fufuca e Silvio Costa Filho, diz Padilha\",\"datePublished\":\"2023-08-05T16:35:03+00:00\",\"mainEntityOfPage\":{\"@id\":\"https:\/\/brasilnoticias.org\/site\/lula-ja-decidiu-tornar-ministros-fufuca-e-silvio-costa-filho-diz-padilha\/\"},\"wordCount\":408,\"commentCount\":0,\"publisher\":{\"@id\":\"https:\/\/brasilnoticias.org\/site\/#organization\"},\"image\":{\"@id\":\"https:\/\/brasilnoticias.org\/site\/lula-ja-decidiu-tornar-ministros-fufuca-e-silvio-costa-filho-diz-padilha\/#primaryimage\"},\"thumbnailUrl\":\"https:\/\/brasilnoticias.org\/site\/wp-content\/uploads\/2023\/08\/tagreuters.com2023binary_LYNXMPEJ5F0OU-FILEDIMAGE.webp\",\"articleSection\":[\"Pol\u00edtica\",\"\u00daltimas\"],\"inLanguage\":\"pt-PT\",\"potentialAction\":[{\"@type\":\"CommentAction\",\"name\":\"Comment\",\"target\":[\"https:\/\/brasilnoticias.org\/site\/lula-ja-decidiu-tornar-ministros-fufuca-e-silvio-costa-filho-diz-padilha\/#respond\"]}]},{\"@type\":\"WebPage\",\"@id\":\"https:\/\/brasilnoticias.org\/site\/lula-ja-decidiu-tornar-ministros-fufuca-e-silvio-costa-filho-diz-padilha\/\",\"url\":\"https:\/\/brasilnoticias.org\/site\/lula-ja-decidiu-tornar-ministros-fufuca-e-silvio-costa-filho-diz-padilha\/\",\"name\":\"Lula j\u00e1 decidiu tornar ministros Fufuca e Silvio Costa Filho, diz Padilha - Brasil not\u00edcias\",\"isPartOf\":{\"@id\":\"https:\/\/brasilnoticias.org\/site\/#website\"},\"primaryImageOfPage\":{\"@id\":\"https:\/\/brasilnoticias.org\/site\/lula-ja-decidiu-tornar-ministros-fufuca-e-silvio-costa-filho-diz-padilha\/#primaryimage\"},\"image\":{\"@id\":\"https:\/\/brasilnoticias.org\/site\/lula-ja-decidiu-tornar-ministros-fufuca-e-silvio-costa-filho-diz-padilha\/#primaryimage\"},\"thumbnailUrl\":\"https:\/\/brasilnoticias.org\/site\/wp-content\/uploads\/2023\/08\/tagreuters.com2023binary_LYNXMPEJ5F0OU-FILEDIMAGE.webp\",\"datePublished\":\"2023-08-05T16:35:03+00:00\",\"breadcrumb\":{\"@id\":\"https:\/\/brasilnoticias.org\/site\/lula-ja-decidiu-tornar-ministros-fufuca-e-silvio-costa-filho-diz-padilha\/#breadcrumb\"},\"inLanguage\":\"pt-PT\",\"potentialAction\":[{\"@type\":\"ReadAction\",\"target\":[\"https:\/\/brasilnoticias.org\/site\/lula-ja-decidiu-tornar-ministros-fufuca-e-silvio-costa-filho-diz-padilha\/\"]}]},{\"@type\":\"ImageObject\",\"inLanguage\":\"pt-PT\",\"@id\":\"https:\/\/brasilnoticias.org\/site\/lula-ja-decidiu-tornar-ministros-fufuca-e-silvio-costa-filho-diz-padilha\/#primaryimage\",\"url\":\"https:\/\/brasilnoticias.org\/site\/wp-content\/uploads\/2023\/08\/tagreuters.com2023binary_LYNXMPEJ5F0OU-FILEDIMAGE.webp\",\"contentUrl\":\"https:\/\/brasilnoticias.org\/site\/wp-content\/uploads\/2023\/08\/tagreuters.com2023binary_LYNXMPEJ5F0OU-FILEDIMAGE.webp\",\"width\":876,\"height\":484},{\"@type\":\"BreadcrumbList\",\"@id\":\"https:\/\/brasilnoticias.org\/site\/lula-ja-decidiu-tornar-ministros-fufuca-e-silvio-costa-filho-diz-padilha\/#breadcrumb\",\"itemListElement\":[{\"@type\":\"ListItem\",\"position\":1,\"name\":\"In\u00edcio\",\"item\":\"https:\/\/brasilnoticias.org\/site\/\"},{\"@type\":\"ListItem\",\"position\":2,\"name\":\"Lula j\u00e1 decidiu tornar ministros Fufuca e Silvio Costa Filho, diz Padilha\"}]},{\"@type\":\"WebSite\",\"@id\":\"https:\/\/brasilnoticias.org\/site\/#website\",\"url\":\"https:\/\/brasilnoticias.org\/site\/\",\"name\":\"Brasil not\u00edcias\",\"description\":\"Brasil not\u00edcias\",\"publisher\":{\"@id\":\"https:\/\/brasilnoticias.org\/site\/#organization\"},\"potentialAction\":[{\"@type\":\"SearchAction\",\"target\":{\"@type\":\"EntryPoint\",\"urlTemplate\":\"https:\/\/brasilnoticias.org\/site\/?s={search_term_string}\"},\"query-input\":{\"@type\":\"PropertyValueSpecification\",\"valueRequired\":true,\"valueName\":\"search_term_string\"}}],\"inLanguage\":\"pt-PT\"},{\"@type\":\"Organization\",\"@id\":\"https:\/\/brasilnoticias.org\/site\/#organization\",\"name\":\"Brasil not\u00edcias\",\"url\":\"https:\/\/brasilnoticias.org\/site\/\",\"logo\":{\"@type\":\"ImageObject\",\"inLanguage\":\"pt-PT\",\"@id\":\"https:\/\/brasilnoticias.org\/site\/#\/schema\/logo\/image\/\",\"url\":\"https:\/\/brasilnoticias.org\/site\/wp-content\/uploads\/2022\/05\/cropped-brasilnoticias-mini.jpg\",\"contentUrl\":\"https:\/\/brasilnoticias.org\/site\/wp-content\/uploads\/2022\/05\/cropped-brasilnoticias-mini.jpg\",\"width\":314,\"height\":86,\"caption\":\"Brasil not\u00edcias\"},\"image\":{\"@id\":\"https:\/\/brasilnoticias.org\/site\/#\/schema\/logo\/image\/\"}},{\"@type\":\"Person\",\"@id\":\"https:\/\/brasilnoticias.org\/site\/#\/schema\/person\/03bbbfe6c7634ad18c26444ea39049fa\",\"name\":\"Reda\u00e7\u00e3o\",\"image\":{\"@type\":\"ImageObject\",\"inLanguage\":\"pt-PT\",\"@id\":\"https:\/\/brasilnoticias.org\/site\/#\/schema\/person\/image\/\",\"url\":\"https:\/\/secure.gravatar.com\/avatar\/9ecaf7327a696cb23ad926fedded5f1f04d7049de9e445375d55b48c001a6e42?s=96&d=mm&r=g\",\"contentUrl\":\"https:\/\/secure.gravatar.com\/avatar\/9ecaf7327a696cb23ad926fedded5f1f04d7049de9e445375d55b48c001a6e42?s=96&d=mm&r=g\",\"caption\":\"Reda\u00e7\u00e3o\"},\"url\":\"https:\/\/brasilnoticias.org\/site\/author\/henrique\/\"}]}<\/script>\n<!-- \/ Yoast SEO plugin. -->","yoast_head_json":{"title":"Lula j\u00e1 decidiu tornar ministros Fufuca e Silvio Costa Filho, diz Padilha - Brasil not\u00edcias","robots":{"index":"index","follow":"follow","max-snippet":"max-snippet:-1","max-image-preview":"max-image-preview:large","max-video-preview":"max-video-preview:-1"},"canonical":"https:\/\/brasilnoticias.org\/site\/lula-ja-decidiu-tornar-ministros-fufuca-e-silvio-costa-filho-diz-padilha\/","og_locale":"pt_PT","og_type":"article","og_title":"Lula j\u00e1 decidiu tornar ministros Fufuca e Silvio Costa Filho, diz Padilha - Brasil not\u00edcias","og_description":"Ministro das Rela\u00e7\u00f5es Institucionais n\u00e3o indicou as pastas que ser\u00e3o comandadas pelos deputados Andr\u00e9 Fufuca (PP-MA) e Silvio Costa Filho","og_url":"https:\/\/brasilnoticias.org\/site\/lula-ja-decidiu-tornar-ministros-fufuca-e-silvio-costa-filho-diz-padilha\/","og_site_name":"Brasil not\u00edcias","article_published_time":"2023-08-05T16:35:03+00:00","og_image":[{"width":876,"height":484,"url":"https:\/\/brasilnoticias.org\/site\/wp-content\/uploads\/2023\/08\/tagreuters.com2023binary_LYNXMPEJ5F0OU-FILEDIMAGE.webp","type":"image\/webp"}],"author":"Reda\u00e7\u00e3o","twitter_card":"summary_large_image","twitter_misc":{"Escrito por":"Reda\u00e7\u00e3o"},"schema":{"@context":"https:\/\/schema.org","@graph":[{"@type":"Article","@id":"https:\/\/brasilnoticias.org\/site\/lula-ja-decidiu-tornar-ministros-fufuca-e-silvio-costa-filho-diz-padilha\/#article","isPartOf":{"@id":"https:\/\/brasilnoticias.org\/site\/lula-ja-decidiu-tornar-ministros-fufuca-e-silvio-costa-filho-diz-padilha\/"},"author":{"name":"Reda\u00e7\u00e3o","@id":"https:\/\/brasilnoticias.org\/site\/#\/schema\/person\/03bbbfe6c7634ad18c26444ea39049fa"},"headline":"Lula j\u00e1 decidiu tornar ministros Fufuca e Silvio Costa Filho, diz Padilha","datePublished":"2023-08-05T16:35:03+00:00","mainEntityOfPage":{"@id":"https:\/\/brasilnoticias.org\/site\/lula-ja-decidiu-tornar-ministros-fufuca-e-silvio-costa-filho-diz-padilha\/"},"wordCount":408,"commentCount":0,"publisher":{"@id":"https:\/\/brasilnoticias.org\/site\/#organization"},"image":{"@id":"https:\/\/brasilnoticias.org\/site\/lula-ja-decidiu-tornar-ministros-fufuca-e-silvio-costa-filho-diz-padilha\/#primaryimage"},"thumbnailUrl":"https:\/\/brasilnoticias.org\/site\/wp-content\/uploads\/2023\/08\/tagreuters.com2023binary_LYNXMPEJ5F0OU-FILEDIMAGE.webp","articleSection":["Pol\u00edtica","\u00daltimas"],"inLanguage":"pt-PT","potentialAction":[{"@type":"CommentAction","name":"Comment","target":["https:\/\/brasilnoticias.org\/site\/lula-ja-decidiu-tornar-ministros-fufuca-e-silvio-costa-filho-diz-padilha\/#respond"]}]},{"@type":"WebPage","@id":"https:\/\/brasilnoticias.org\/site\/lula-ja-decidiu-tornar-ministros-fufuca-e-silvio-costa-filho-diz-padilha\/","url":"https:\/\/brasilnoticias.org\/site\/lula-ja-decidiu-tornar-ministros-fufuca-e-silvio-costa-filho-diz-padilha\/","name":"Lula j\u00e1 decidiu tornar ministros Fufuca e Silvio Costa Filho, diz Padilha - Brasil not\u00edcias","isPartOf":{"@id":"https:\/\/brasilnoticias.org\/site\/#website"},"primaryImageOfPage":{"@id":"https:\/\/brasilnoticias.org\/site\/lula-ja-decidiu-tornar-ministros-fufuca-e-silvio-costa-filho-diz-padilha\/#primaryimage"},"image":{"@id":"https:\/\/brasilnoticias.org\/site\/lula-ja-decidiu-tornar-ministros-fufuca-e-silvio-costa-filho-diz-padilha\/#primaryimage"},"thumbnailUrl":"https:\/\/brasilnoticias.org\/site\/wp-content\/uploads\/2023\/08\/tagreuters.com2023binary_LYNXMPEJ5F0OU-FILEDIMAGE.webp","datePublished":"2023-08-05T16:35:03+00:00","breadcrumb":{"@id":"https:\/\/brasilnoticias.org\/site\/lula-ja-decidiu-tornar-ministros-fufuca-e-silvio-costa-filho-diz-padilha\/#breadcrumb"},"inLanguage":"pt-PT","potentialAction":[{"@type":"ReadAction","target":["https:\/\/brasilnoticias.org\/site\/lula-ja-decidiu-tornar-ministros-fufuca-e-silvio-costa-filho-diz-padilha\/"]}]},{"@type":"ImageObject","inLanguage":"pt-PT","@id":"https:\/\/brasilnoticias.org\/site\/lula-ja-decidiu-tornar-ministros-fufuca-e-silvio-costa-filho-diz-padilha\/#primaryimage","url":"https:\/\/brasilnoticias.org\/site\/wp-content\/uploads\/2023\/08\/tagreuters.com2023binary_LYNXMPEJ5F0OU-FILEDIMAGE.webp","contentUrl":"https:\/\/brasilnoticias.org\/site\/wp-content\/uploads\/2023\/08\/tagreuters.com2023binary_LYNXMPEJ5F0OU-FILEDIMAGE.webp","width":876,"height":484},{"@type":"BreadcrumbList","@id":"https:\/\/brasilnoticias.org\/site\/lula-ja-decidiu-tornar-ministros-fufuca-e-silvio-costa-filho-diz-padilha\/#breadcrumb","itemListElement":[{"@type":"ListItem","position":1,"name":"In\u00edcio","item":"https:\/\/brasilnoticias.org\/site\/"},{"@type":"ListItem","position":2,"name":"Lula j\u00e1 decidiu tornar ministros Fufuca e Silvio Costa Filho, diz Padilha"}]},{"@type":"WebSite","@id":"https:\/\/brasilnoticias.org\/site\/#website","url":"https:\/\/brasilnoticias.org\/site\/","name":"Brasil not\u00edcias","description":"Brasil not\u00edcias","publisher":{"@id":"https:\/\/brasilnoticias.org\/site\/#organization"},"potentialAction":[{"@type":"SearchAction","target":{"@type":"EntryPoint","urlTemplate":"https:\/\/brasilnoticias.org\/site\/?s={search_term_string}"},"query-input":{"@type":"PropertyValueSpecification","valueRequired":true,"valueName":"search_term_string"}}],"inLanguage":"pt-PT"},{"@type":"Organization","@id":"https:\/\/brasilnoticias.org\/site\/#organization","name":"Brasil not\u00edcias","url":"https:\/\/brasilnoticias.org\/site\/","logo":{"@type":"ImageObject","inLanguage":"pt-PT","@id":"https:\/\/brasilnoticias.org\/site\/#\/schema\/logo\/image\/","url":"https:\/\/brasilnoticias.org\/site\/wp-content\/uploads\/2022\/05\/cropped-brasilnoticias-mini.jpg","contentUrl":"https:\/\/brasilnoticias.org\/site\/wp-content\/uploads\/2022\/05\/cropped-brasilnoticias-mini.jpg","width":314,"height":86,"caption":"Brasil not\u00edcias"},"image":{"@id":"https:\/\/brasilnoticias.org\/site\/#\/schema\/logo\/image\/"}},{"@type":"Person","@id":"https:\/\/brasilnoticias.org\/site\/#\/schema\/person\/03bbbfe6c7634ad18c26444ea39049fa","name":"Reda\u00e7\u00e3o","image":{"@type":"ImageObject","inLanguage":"pt-PT","@id":"https:\/\/brasilnoticias.org\/site\/#\/schema\/person\/image\/","url":"https:\/\/secure.gravatar.com\/avatar\/9ecaf7327a696cb23ad926fedded5f1f04d7049de9e445375d55b48c001a6e42?s=96&d=mm&r=g","contentUrl":"https:\/\/secure.gravatar.com\/avatar\/9ecaf7327a696cb23ad926fedded5f1f04d7049de9e445375d55b48c001a6e42?s=96&d=mm&r=g","caption":"Reda\u00e7\u00e3o"},"url":"https:\/\/brasilnoticias.org\/site\/author\/henrique\/"}]}},"_links":{"self":[{"href":"https:\/\/brasilnoticias.org\/site\/wp-json\/wp\/v2\/posts\/7950","targetHints":{"allow":["GET"]}}],"collection":[{"href":"https:\/\/brasilnoticias.org\/site\/wp-json\/wp\/v2\/posts"}],"about":[{"href":"https:\/\/brasilnoticias.org\/site\/wp-json\/wp\/v2\/types\/post"}],"author":[{"embeddable":true,"href":"https:\/\/brasilnoticias.org\/site\/wp-json\/wp\/v2\/users\/4"}],"replies":[{"embeddable":true,"href":"https:\/\/brasilnoticias.org\/site\/wp-json\/wp\/v2\/comments?post=7950"}],"version-history":[{"count":1,"href":"https:\/\/brasilnoticias.org\/site\/wp-json\/wp\/v2\/posts\/7950\/revisions"}],"predecessor-version":[{"id":7954,"href":"https:\/\/brasilnoticias.org\/site\/wp-json\/wp\/v2\/posts\/7950\/revisions\/7954"}],"wp:featuredmedia":[{"embeddable":true,"href":"https:\/\/brasilnoticias.org\/site\/wp-json\/wp\/v2\/media\/7953"}],"wp:attachment":[{"href":"https:\/\/brasilnoticias.org\/site\/wp-json\/wp\/v2\/media?parent=7950"}],"wp:term":[{"taxonomy":"category","embeddable":true,"href":"https:\/\/brasilnoticias.org\/site\/wp-json\/wp\/v2\/categories?post=7950"},{"taxonomy":"post_tag","embeddable":true,"href":"https:\/\/brasilnoticias.org\/site\/wp-json\/wp\/v2\/tags?post=7950"}],"curies":[{"name":"wp","href":"https:\/\/api.w.org\/{rel}","templated":true}]}}