{"id":7958,"date":"2023-08-05T15:43:07","date_gmt":"2023-08-05T18:43:07","guid":{"rendered":"https:\/\/brasilnoticias.org\/site\/?p=7958"},"modified":"2023-08-05T00:45:44","modified_gmt":"2023-08-05T03:45:44","slug":"justica-volta-a-interditar-lago-artificial-de-neymar-em-mangaratiba","status":"publish","type":"post","link":"https:\/\/brasilnoticias.org\/site\/justica-volta-a-interditar-lago-artificial-de-neymar-em-mangaratiba\/","title":{"rendered":"Justi\u00e7a volta a interditar lago artificial de Neymar em Mangaratiba"},"content":{"rendered":"<p>Decis\u00e3o \u00e9 da Sexta C\u00e2mara de Direito P\u00fablico do RJ, e tem rela\u00e7\u00e3o com uma a\u00e7\u00e3o que tramita na comarca de Mangaratiba. Tamb\u00e9m h\u00e1 um processo administrativo na prefeitura daquele munic\u00edpio, e no qual o jogador recorreu da multa de R$ 16 milh\u00f5es por obra sem autoriza\u00e7\u00e3o.<\/p>\n<p>A Sexta C\u00e2mara de Direito P\u00fablico do Rio de Janeiro atendeu a um pedido do Minist\u00e9rio P\u00fablico de Mangaratiba e voltou a interditar o lago artificial do jogador Neymar naquele munic\u00edpio.<\/p>\n<p>O lago, e toda obra em seu entorno, foi interditado no dia 22 de junho, em vistoria feita pela Secretaria de Meio Ambiente de Mangaratiba e pela Anamma (Associa\u00e7\u00e3o Nacional dos \u00d3rg\u00e3os Municipais de Meio Ambiente). Mas no dia 30 de junho, o pai do jogador conseguiu uma liminar que liberava o espa\u00e7o para uso.<\/p>\n<p>&#8220;Defere-se a tutela de urg\u00eancia recursal, a fim de se determinar a manuten\u00e7\u00e3o da interdi\u00e7\u00e3o das obras somente em rela\u00e7\u00e3o ao lago\/piscina, isto \u00e9, parte da propriedade, n\u00e3o devendo o ato administrativo causar embara\u00e7os e preju\u00edzos \u00e0 frui\u00e7\u00e3o das demais \u00e1reas do im\u00f3vel. Intime-se com urg\u00eancia&#8221;, determinou a desembargadora Lidia Maria Sodr\u00e9 de Moraes.<\/p>\n<p>A decis\u00e3o tem rela\u00e7\u00e3o com uma a\u00e7\u00e3o que tramita na comarca de Mangaratiba. Tamb\u00e9m h\u00e1 um processo administrativo na prefeitura daquele munic\u00edpio.<\/p>\n<p>Nesse processo administrativo, Neymar recorreu das multas ambientais de mais de R$ 16 milh\u00f5es aplicadas por causa da constru\u00e7\u00e3o de um lago artificial no Condom\u00ednio AeroRural, em Mangaratiba, na Costa Verde do Rio de Janeiro.<\/p>\n<p>A Prefeitura de Mangaratiba informou que est\u00e1 analisando o recurso do jogador.<\/p>\n<p>As multas<br \/>\nAo todo, Neymar foi multado em R$ 16.010.000 por:<\/p>\n<p>instala\u00e7\u00e3o de atividades sem o devido instrumento de controle ambiental (art. 66 do Decreto Federal 6.514\/2008) &#8211; multa de R$ 10 milh\u00f5es<br \/>\nmovimenta\u00e7\u00e3o de terra sem a devida autoriza\u00e7\u00e3o &#8220;art. 254 da Lei Municipal n\u00ba 1.209\/2019) &#8211; R$ 5 milh\u00f5es;<br \/>\nsupress\u00e3o de vegeta\u00e7\u00e3o sem autoriza\u00e7\u00e3o (art. 189 da Lei Municipal n\u00ba 1.209\/2019, com as altera\u00e7\u00f5es promovidas pela Lei Municipal n\u00ba 1.209\/2019) &#8211; R$ 10 mil;<br \/>\ndescumprimento deliberado de embargo (por ter entrado no lago depois de interditado\/ art. 79 do Decreto Federal 6.514\/2008) &#8211; R$ 1 milh\u00e3o.<br \/>\nA decis\u00e3o que avaliou os danos e determinou o valor das penalidades foi da procuradora-geral do munic\u00edpio, Juraciara Souza Mendes da Silva, e foi dada a partir do relat\u00f3rio de vistoria da Secretaria Municipal de Meio Ambiente, com 46 p\u00e1ginas.<\/p>\n<p>Foto: Reprodu\u00e7\u00e3o\/Redes sociais<br \/>\nG1<\/p>\n","protected":false},"excerpt":{"rendered":"<p>Decis\u00e3o \u00e9 da Sexta C\u00e2mara de Direito P\u00fablico do RJ, e tem rela\u00e7\u00e3o com uma a\u00e7\u00e3o que tramita na comarca<\/p>\n","protected":false},"author":4,"featured_media":7959,"comment_status":"open","ping_status":"open","sticky":false,"template":"","format":"standard","meta":{"colormag_page_container_layout":"default_layout","colormag_page_sidebar_layout":"default_layout","_FSMCFIC_featured_image_caption":"","_FSMCFIC_featured_image_nocaption":"","_FSMCFIC_featured_image_hide":"","footnotes":""},"categories":[7,1],"tags":[],"class_list":["post-7958","post","type-post","status-publish","format-standard","has-post-thumbnail","hentry","category-justica","category-ultimas"],"yoast_head":"<!-- This site is optimized with the Yoast SEO plugin v27.1.1 - https:\/\/yoast.com\/product\/yoast-seo-wordpress\/ -->\n<title>Justi\u00e7a volta a interditar lago artificial de Neymar em Mangaratiba - Brasil not\u00edcias<\/title>\n<meta name=\"robots\" content=\"index, follow, max-snippet:-1, max-image-preview:large, max-video-preview:-1\" \/>\n<link rel=\"canonical\" href=\"https:\/\/brasilnoticias.org\/site\/justica-volta-a-interditar-lago-artificial-de-neymar-em-mangaratiba\/\" \/>\n<meta property=\"og:locale\" content=\"pt_PT\" \/>\n<meta property=\"og:type\" content=\"article\" \/>\n<meta property=\"og:title\" content=\"Justi\u00e7a volta a interditar lago artificial de Neymar em Mangaratiba - Brasil not\u00edcias\" \/>\n<meta property=\"og:description\" content=\"Decis\u00e3o \u00e9 da Sexta C\u00e2mara de Direito P\u00fablico do RJ, e tem rela\u00e7\u00e3o com uma a\u00e7\u00e3o que tramita na comarca\" \/>\n<meta property=\"og:url\" content=\"https:\/\/brasilnoticias.org\/site\/justica-volta-a-interditar-lago-artificial-de-neymar-em-mangaratiba\/\" \/>\n<meta property=\"og:site_name\" content=\"Brasil not\u00edcias\" \/>\n<meta property=\"article:published_time\" content=\"2023-08-05T18:43:07+00:00\" \/>\n<meta property=\"og:image\" content=\"https:\/\/brasilnoticias.org\/site\/wp-content\/uploads\/2023\/08\/whatsapp-image-2023-06-24-at-12.44.03.jpeg\" \/>\n\t<meta property=\"og:image:width\" content=\"600\" \/>\n\t<meta property=\"og:image:height\" content=\"450\" \/>\n\t<meta property=\"og:image:type\" content=\"image\/jpeg\" \/>\n<meta name=\"author\" content=\"Reda\u00e7\u00e3o\" \/>\n<meta name=\"twitter:card\" content=\"summary_large_image\" \/>\n<meta name=\"twitter:label1\" content=\"Escrito por\" \/>\n\t<meta name=\"twitter:data1\" content=\"Reda\u00e7\u00e3o\" \/>\n<script type=\"application\/ld+json\" class=\"yoast-schema-graph\">{\"@context\":\"https:\/\/schema.org\",\"@graph\":[{\"@type\":\"Article\",\"@id\":\"https:\/\/brasilnoticias.org\/site\/justica-volta-a-interditar-lago-artificial-de-neymar-em-mangaratiba\/#article\",\"isPartOf\":{\"@id\":\"https:\/\/brasilnoticias.org\/site\/justica-volta-a-interditar-lago-artificial-de-neymar-em-mangaratiba\/\"},\"author\":{\"name\":\"Reda\u00e7\u00e3o\",\"@id\":\"https:\/\/brasilnoticias.org\/site\/#\/schema\/person\/03bbbfe6c7634ad18c26444ea39049fa\"},\"headline\":\"Justi\u00e7a volta a interditar lago artificial de Neymar em Mangaratiba\",\"datePublished\":\"2023-08-05T18:43:07+00:00\",\"mainEntityOfPage\":{\"@id\":\"https:\/\/brasilnoticias.org\/site\/justica-volta-a-interditar-lago-artificial-de-neymar-em-mangaratiba\/\"},\"wordCount\":439,\"commentCount\":0,\"publisher\":{\"@id\":\"https:\/\/brasilnoticias.org\/site\/#organization\"},\"image\":{\"@id\":\"https:\/\/brasilnoticias.org\/site\/justica-volta-a-interditar-lago-artificial-de-neymar-em-mangaratiba\/#primaryimage\"},\"thumbnailUrl\":\"https:\/\/brasilnoticias.org\/site\/wp-content\/uploads\/2023\/08\/whatsapp-image-2023-06-24-at-12.44.03.jpeg\",\"articleSection\":[\"Justi\u00e7a\",\"\u00daltimas\"],\"inLanguage\":\"pt-PT\",\"potentialAction\":[{\"@type\":\"CommentAction\",\"name\":\"Comment\",\"target\":[\"https:\/\/brasilnoticias.org\/site\/justica-volta-a-interditar-lago-artificial-de-neymar-em-mangaratiba\/#respond\"]}]},{\"@type\":\"WebPage\",\"@id\":\"https:\/\/brasilnoticias.org\/site\/justica-volta-a-interditar-lago-artificial-de-neymar-em-mangaratiba\/\",\"url\":\"https:\/\/brasilnoticias.org\/site\/justica-volta-a-interditar-lago-artificial-de-neymar-em-mangaratiba\/\",\"name\":\"Justi\u00e7a volta a interditar lago artificial de Neymar em Mangaratiba - Brasil not\u00edcias\",\"isPartOf\":{\"@id\":\"https:\/\/brasilnoticias.org\/site\/#website\"},\"primaryImageOfPage\":{\"@id\":\"https:\/\/brasilnoticias.org\/site\/justica-volta-a-interditar-lago-artificial-de-neymar-em-mangaratiba\/#primaryimage\"},\"image\":{\"@id\":\"https:\/\/brasilnoticias.org\/site\/justica-volta-a-interditar-lago-artificial-de-neymar-em-mangaratiba\/#primaryimage\"},\"thumbnailUrl\":\"https:\/\/brasilnoticias.org\/site\/wp-content\/uploads\/2023\/08\/whatsapp-image-2023-06-24-at-12.44.03.jpeg\",\"datePublished\":\"2023-08-05T18:43:07+00:00\",\"breadcrumb\":{\"@id\":\"https:\/\/brasilnoticias.org\/site\/justica-volta-a-interditar-lago-artificial-de-neymar-em-mangaratiba\/#breadcrumb\"},\"inLanguage\":\"pt-PT\",\"potentialAction\":[{\"@type\":\"ReadAction\",\"target\":[\"https:\/\/brasilnoticias.org\/site\/justica-volta-a-interditar-lago-artificial-de-neymar-em-mangaratiba\/\"]}]},{\"@type\":\"ImageObject\",\"inLanguage\":\"pt-PT\",\"@id\":\"https:\/\/brasilnoticias.org\/site\/justica-volta-a-interditar-lago-artificial-de-neymar-em-mangaratiba\/#primaryimage\",\"url\":\"https:\/\/brasilnoticias.org\/site\/wp-content\/uploads\/2023\/08\/whatsapp-image-2023-06-24-at-12.44.03.jpeg\",\"contentUrl\":\"https:\/\/brasilnoticias.org\/site\/wp-content\/uploads\/2023\/08\/whatsapp-image-2023-06-24-at-12.44.03.jpeg\",\"width\":600,\"height\":450},{\"@type\":\"BreadcrumbList\",\"@id\":\"https:\/\/brasilnoticias.org\/site\/justica-volta-a-interditar-lago-artificial-de-neymar-em-mangaratiba\/#breadcrumb\",\"itemListElement\":[{\"@type\":\"ListItem\",\"position\":1,\"name\":\"In\u00edcio\",\"item\":\"https:\/\/brasilnoticias.org\/site\/\"},{\"@type\":\"ListItem\",\"position\":2,\"name\":\"Justi\u00e7a volta a interditar lago artificial de Neymar em Mangaratiba\"}]},{\"@type\":\"WebSite\",\"@id\":\"https:\/\/brasilnoticias.org\/site\/#website\",\"url\":\"https:\/\/brasilnoticias.org\/site\/\",\"name\":\"Brasil not\u00edcias\",\"description\":\"Brasil not\u00edcias\",\"publisher\":{\"@id\":\"https:\/\/brasilnoticias.org\/site\/#organization\"},\"potentialAction\":[{\"@type\":\"SearchAction\",\"target\":{\"@type\":\"EntryPoint\",\"urlTemplate\":\"https:\/\/brasilnoticias.org\/site\/?s={search_term_string}\"},\"query-input\":{\"@type\":\"PropertyValueSpecification\",\"valueRequired\":true,\"valueName\":\"search_term_string\"}}],\"inLanguage\":\"pt-PT\"},{\"@type\":\"Organization\",\"@id\":\"https:\/\/brasilnoticias.org\/site\/#organization\",\"name\":\"Brasil not\u00edcias\",\"url\":\"https:\/\/brasilnoticias.org\/site\/\",\"logo\":{\"@type\":\"ImageObject\",\"inLanguage\":\"pt-PT\",\"@id\":\"https:\/\/brasilnoticias.org\/site\/#\/schema\/logo\/image\/\",\"url\":\"https:\/\/brasilnoticias.org\/site\/wp-content\/uploads\/2022\/05\/cropped-brasilnoticias-mini.jpg\",\"contentUrl\":\"https:\/\/brasilnoticias.org\/site\/wp-content\/uploads\/2022\/05\/cropped-brasilnoticias-mini.jpg\",\"width\":314,\"height\":86,\"caption\":\"Brasil not\u00edcias\"},\"image\":{\"@id\":\"https:\/\/brasilnoticias.org\/site\/#\/schema\/logo\/image\/\"}},{\"@type\":\"Person\",\"@id\":\"https:\/\/brasilnoticias.org\/site\/#\/schema\/person\/03bbbfe6c7634ad18c26444ea39049fa\",\"name\":\"Reda\u00e7\u00e3o\",\"image\":{\"@type\":\"ImageObject\",\"inLanguage\":\"pt-PT\",\"@id\":\"https:\/\/brasilnoticias.org\/site\/#\/schema\/person\/image\/\",\"url\":\"https:\/\/secure.gravatar.com\/avatar\/9ecaf7327a696cb23ad926fedded5f1f04d7049de9e445375d55b48c001a6e42?s=96&d=mm&r=g\",\"contentUrl\":\"https:\/\/secure.gravatar.com\/avatar\/9ecaf7327a696cb23ad926fedded5f1f04d7049de9e445375d55b48c001a6e42?s=96&d=mm&r=g\",\"caption\":\"Reda\u00e7\u00e3o\"},\"url\":\"https:\/\/brasilnoticias.org\/site\/author\/henrique\/\"}]}<\/script>\n<!-- \/ Yoast SEO plugin. -->","yoast_head_json":{"title":"Justi\u00e7a volta a interditar lago artificial de Neymar em Mangaratiba - Brasil not\u00edcias","robots":{"index":"index","follow":"follow","max-snippet":"max-snippet:-1","max-image-preview":"max-image-preview:large","max-video-preview":"max-video-preview:-1"},"canonical":"https:\/\/brasilnoticias.org\/site\/justica-volta-a-interditar-lago-artificial-de-neymar-em-mangaratiba\/","og_locale":"pt_PT","og_type":"article","og_title":"Justi\u00e7a volta a interditar lago artificial de Neymar em Mangaratiba - Brasil not\u00edcias","og_description":"Decis\u00e3o \u00e9 da Sexta C\u00e2mara de Direito P\u00fablico do RJ, e tem rela\u00e7\u00e3o com uma a\u00e7\u00e3o que tramita na comarca","og_url":"https:\/\/brasilnoticias.org\/site\/justica-volta-a-interditar-lago-artificial-de-neymar-em-mangaratiba\/","og_site_name":"Brasil not\u00edcias","article_published_time":"2023-08-05T18:43:07+00:00","og_image":[{"width":600,"height":450,"url":"https:\/\/brasilnoticias.org\/site\/wp-content\/uploads\/2023\/08\/whatsapp-image-2023-06-24-at-12.44.03.jpeg","type":"image\/jpeg"}],"author":"Reda\u00e7\u00e3o","twitter_card":"summary_large_image","twitter_misc":{"Escrito por":"Reda\u00e7\u00e3o"},"schema":{"@context":"https:\/\/schema.org","@graph":[{"@type":"Article","@id":"https:\/\/brasilnoticias.org\/site\/justica-volta-a-interditar-lago-artificial-de-neymar-em-mangaratiba\/#article","isPartOf":{"@id":"https:\/\/brasilnoticias.org\/site\/justica-volta-a-interditar-lago-artificial-de-neymar-em-mangaratiba\/"},"author":{"name":"Reda\u00e7\u00e3o","@id":"https:\/\/brasilnoticias.org\/site\/#\/schema\/person\/03bbbfe6c7634ad18c26444ea39049fa"},"headline":"Justi\u00e7a volta a interditar lago artificial de Neymar em Mangaratiba","datePublished":"2023-08-05T18:43:07+00:00","mainEntityOfPage":{"@id":"https:\/\/brasilnoticias.org\/site\/justica-volta-a-interditar-lago-artificial-de-neymar-em-mangaratiba\/"},"wordCount":439,"commentCount":0,"publisher":{"@id":"https:\/\/brasilnoticias.org\/site\/#organization"},"image":{"@id":"https:\/\/brasilnoticias.org\/site\/justica-volta-a-interditar-lago-artificial-de-neymar-em-mangaratiba\/#primaryimage"},"thumbnailUrl":"https:\/\/brasilnoticias.org\/site\/wp-content\/uploads\/2023\/08\/whatsapp-image-2023-06-24-at-12.44.03.jpeg","articleSection":["Justi\u00e7a","\u00daltimas"],"inLanguage":"pt-PT","potentialAction":[{"@type":"CommentAction","name":"Comment","target":["https:\/\/brasilnoticias.org\/site\/justica-volta-a-interditar-lago-artificial-de-neymar-em-mangaratiba\/#respond"]}]},{"@type":"WebPage","@id":"https:\/\/brasilnoticias.org\/site\/justica-volta-a-interditar-lago-artificial-de-neymar-em-mangaratiba\/","url":"https:\/\/brasilnoticias.org\/site\/justica-volta-a-interditar-lago-artificial-de-neymar-em-mangaratiba\/","name":"Justi\u00e7a volta a interditar lago artificial de Neymar em Mangaratiba - Brasil not\u00edcias","isPartOf":{"@id":"https:\/\/brasilnoticias.org\/site\/#website"},"primaryImageOfPage":{"@id":"https:\/\/brasilnoticias.org\/site\/justica-volta-a-interditar-lago-artificial-de-neymar-em-mangaratiba\/#primaryimage"},"image":{"@id":"https:\/\/brasilnoticias.org\/site\/justica-volta-a-interditar-lago-artificial-de-neymar-em-mangaratiba\/#primaryimage"},"thumbnailUrl":"https:\/\/brasilnoticias.org\/site\/wp-content\/uploads\/2023\/08\/whatsapp-image-2023-06-24-at-12.44.03.jpeg","datePublished":"2023-08-05T18:43:07+00:00","breadcrumb":{"@id":"https:\/\/brasilnoticias.org\/site\/justica-volta-a-interditar-lago-artificial-de-neymar-em-mangaratiba\/#breadcrumb"},"inLanguage":"pt-PT","potentialAction":[{"@type":"ReadAction","target":["https:\/\/brasilnoticias.org\/site\/justica-volta-a-interditar-lago-artificial-de-neymar-em-mangaratiba\/"]}]},{"@type":"ImageObject","inLanguage":"pt-PT","@id":"https:\/\/brasilnoticias.org\/site\/justica-volta-a-interditar-lago-artificial-de-neymar-em-mangaratiba\/#primaryimage","url":"https:\/\/brasilnoticias.org\/site\/wp-content\/uploads\/2023\/08\/whatsapp-image-2023-06-24-at-12.44.03.jpeg","contentUrl":"https:\/\/brasilnoticias.org\/site\/wp-content\/uploads\/2023\/08\/whatsapp-image-2023-06-24-at-12.44.03.jpeg","width":600,"height":450},{"@type":"BreadcrumbList","@id":"https:\/\/brasilnoticias.org\/site\/justica-volta-a-interditar-lago-artificial-de-neymar-em-mangaratiba\/#breadcrumb","itemListElement":[{"@type":"ListItem","position":1,"name":"In\u00edcio","item":"https:\/\/brasilnoticias.org\/site\/"},{"@type":"ListItem","position":2,"name":"Justi\u00e7a volta a interditar lago artificial de Neymar em Mangaratiba"}]},{"@type":"WebSite","@id":"https:\/\/brasilnoticias.org\/site\/#website","url":"https:\/\/brasilnoticias.org\/site\/","name":"Brasil not\u00edcias","description":"Brasil not\u00edcias","publisher":{"@id":"https:\/\/brasilnoticias.org\/site\/#organization"},"potentialAction":[{"@type":"SearchAction","target":{"@type":"EntryPoint","urlTemplate":"https:\/\/brasilnoticias.org\/site\/?s={search_term_string}"},"query-input":{"@type":"PropertyValueSpecification","valueRequired":true,"valueName":"search_term_string"}}],"inLanguage":"pt-PT"},{"@type":"Organization","@id":"https:\/\/brasilnoticias.org\/site\/#organization","name":"Brasil not\u00edcias","url":"https:\/\/brasilnoticias.org\/site\/","logo":{"@type":"ImageObject","inLanguage":"pt-PT","@id":"https:\/\/brasilnoticias.org\/site\/#\/schema\/logo\/image\/","url":"https:\/\/brasilnoticias.org\/site\/wp-content\/uploads\/2022\/05\/cropped-brasilnoticias-mini.jpg","contentUrl":"https:\/\/brasilnoticias.org\/site\/wp-content\/uploads\/2022\/05\/cropped-brasilnoticias-mini.jpg","width":314,"height":86,"caption":"Brasil not\u00edcias"},"image":{"@id":"https:\/\/brasilnoticias.org\/site\/#\/schema\/logo\/image\/"}},{"@type":"Person","@id":"https:\/\/brasilnoticias.org\/site\/#\/schema\/person\/03bbbfe6c7634ad18c26444ea39049fa","name":"Reda\u00e7\u00e3o","image":{"@type":"ImageObject","inLanguage":"pt-PT","@id":"https:\/\/brasilnoticias.org\/site\/#\/schema\/person\/image\/","url":"https:\/\/secure.gravatar.com\/avatar\/9ecaf7327a696cb23ad926fedded5f1f04d7049de9e445375d55b48c001a6e42?s=96&d=mm&r=g","contentUrl":"https:\/\/secure.gravatar.com\/avatar\/9ecaf7327a696cb23ad926fedded5f1f04d7049de9e445375d55b48c001a6e42?s=96&d=mm&r=g","caption":"Reda\u00e7\u00e3o"},"url":"https:\/\/brasilnoticias.org\/site\/author\/henrique\/"}]}},"_links":{"self":[{"href":"https:\/\/brasilnoticias.org\/site\/wp-json\/wp\/v2\/posts\/7958","targetHints":{"allow":["GET"]}}],"collection":[{"href":"https:\/\/brasilnoticias.org\/site\/wp-json\/wp\/v2\/posts"}],"about":[{"href":"https:\/\/brasilnoticias.org\/site\/wp-json\/wp\/v2\/types\/post"}],"author":[{"embeddable":true,"href":"https:\/\/brasilnoticias.org\/site\/wp-json\/wp\/v2\/users\/4"}],"replies":[{"embeddable":true,"href":"https:\/\/brasilnoticias.org\/site\/wp-json\/wp\/v2\/comments?post=7958"}],"version-history":[{"count":1,"href":"https:\/\/brasilnoticias.org\/site\/wp-json\/wp\/v2\/posts\/7958\/revisions"}],"predecessor-version":[{"id":7960,"href":"https:\/\/brasilnoticias.org\/site\/wp-json\/wp\/v2\/posts\/7958\/revisions\/7960"}],"wp:featuredmedia":[{"embeddable":true,"href":"https:\/\/brasilnoticias.org\/site\/wp-json\/wp\/v2\/media\/7959"}],"wp:attachment":[{"href":"https:\/\/brasilnoticias.org\/site\/wp-json\/wp\/v2\/media?parent=7958"}],"wp:term":[{"taxonomy":"category","embeddable":true,"href":"https:\/\/brasilnoticias.org\/site\/wp-json\/wp\/v2\/categories?post=7958"},{"taxonomy":"post_tag","embeddable":true,"href":"https:\/\/brasilnoticias.org\/site\/wp-json\/wp\/v2\/tags?post=7958"}],"curies":[{"name":"wp","href":"https:\/\/api.w.org\/{rel}","templated":true}]}}