{"id":7967,"date":"2023-08-05T18:21:53","date_gmt":"2023-08-05T21:21:53","guid":{"rendered":"https:\/\/brasilnoticias.org\/site\/?p=7967"},"modified":"2023-08-05T18:21:53","modified_gmt":"2023-08-05T21:21:53","slug":"mais-de-40-bairros-de-salvador-terao-fornecimento-de-agua-suspenso","status":"publish","type":"post","link":"https:\/\/brasilnoticias.org\/site\/mais-de-40-bairros-de-salvador-terao-fornecimento-de-agua-suspenso\/","title":{"rendered":"Mais de 40 bairros de Salvador ter\u00e3o fornecimento de \u00e1gua suspenso"},"content":{"rendered":"<p>A\u00e7\u00e3o ser\u00e1 realizada na ter\u00e7a-feira (8), para servi\u00e7os na rede. Lista inclui Brotas, Imbu\u00ed, Piat\u00e3 e Curuzu<\/p>\n<p>Quarenta e dois bairros de Salvador ter\u00e3o o fornecimento de \u00e1gua suspenso na ter\u00e7a-feira (8) para servi\u00e7os de manuten\u00e7\u00e3o preventiva. A informa\u00e7\u00e3o foi divulgada pela Empresa Baiana de \u00c1guas e Saneamento (Embasa) nesta sexta-feira (4).<\/p>\n<p>De acordo com a concession\u00e1ria, a a\u00e7\u00e3o \u00e9 focada nos equipamentos do sistema de abastecimento da Bolandeira. O fornecimento ser\u00e1 suspenso \u00e0s 5h.<\/p>\n<p>Veja a lista de bairros abaixo:<\/p>\n<p>Acupe<br \/>\nArenoso<br \/>\nArraial do Retiro<br \/>\nBarreiras<br \/>\nBoa Vista de Brotas<br \/>\nBoca do Rio<br \/>\nBrotas<br \/>\nCabula<br \/>\nCabula VI<br \/>\nCaminho das \u00c1rvores<br \/>\nCosme de Farias<br \/>\nCosta Azul<br \/>\nCuruzu<br \/>\nDoron<br \/>\nEng\u00b0 Velho de Brotas<br \/>\nEngomadeira<br \/>\nIAPI<br \/>\nImbu\u00ed<br \/>\nItaigara<br \/>\nJardim Arma\u00e7\u00e3o<br \/>\nJardim Santo In\u00e1cio<br \/>\nLiberdade<br \/>\nLuiz Anselmo<br \/>\nMata Escura<br \/>\nMatatu<br \/>\nNarandiba<br \/>\nNovo Horizonte<br \/>\nPatamares<br \/>\nPernambu\u00e9s<br \/>\nPero Vaz<br \/>\nPiat\u00e3<br \/>\nPitua\u00e7u<br \/>\nPituba<br \/>\nResgate<br \/>\nRetiro<br \/>\nSaboeiro<br \/>\nSanta M\u00f4nica<br \/>\nS\u00e3o Gon\u00e7alo<br \/>\nStiep<br \/>\nSussuarana<br \/>\nTancredo Neves<br \/>\nVila Laura<\/p>\n<p>A previs\u00e3o de conclus\u00e3o dos servi\u00e7os \u00e9 na noite do mesmo dia. Em seguida, o fornecimento de \u00e1gua come\u00e7ar\u00e1 a ser retomado gradativamente nas \u00e1reas afetadas, com regulariza\u00e7\u00e3o nas 48 horas seguintes, conforme informou a Embasa.<\/p>\n<p>Durante o per\u00edodo de interrup\u00e7\u00e3o do fornecimento, a concession\u00e1ria deve executar interven\u00e7\u00f5es em diversos pontos do sistema, totalizando 18 frentes de servi\u00e7o. A empresa informou que, ao todo, ser\u00e3o mobilizados mais de 135 funcion\u00e1rios entre t\u00e9cnicos e equipes executoras para realiza\u00e7\u00e3o das atividades programadas.<\/p>\n<p>At\u00e9 a normaliza\u00e7\u00e3o completa do servi\u00e7o de abastecimento, a Embasa recomenda o uso econ\u00f4mico da \u00e1gua dispon\u00edvel nos reservat\u00f3rios domiciliares.<\/p>\n<p>O abastecimento alternativo por carro-pipa pode ser solicitado pelos canais de atendimento ao cliente da empresa: Ag\u00eancia Virtual (https:\/\/agenciavirtual.embasa.ba.gov.br), APP Embasa e 0800 0555 195. A prioridade de atendimento \u00e9 para unidades de sa\u00fade e de educa\u00e7\u00e3o.<\/p>\n<p>Confira algumas dicas de economia de \u00e1gua:<\/p>\n<p>Tome banhos mais curtos;<br \/>\nDeixe a torneira fechada enquanto escova os dentes;<br \/>\nDeixe para lavar o carro em outra data \u2013 e evite usar a mangueira, prefira um balde com \u00e1gua;<br \/>\nLave a cal\u00e7ada ou o quintal em outro dia e lembre-se de usar uma vassoura e um balde com \u00e1gua, n\u00e3o a mangueira;<br \/>\nD\u00ea prefer\u00eancia para lavar a roupa e a lou\u00e7a em outro dia ou use a lava-roupa e a lava-lou\u00e7a apenas quando elas estiverem na capacidade m\u00e1xima;<br \/>\nAntes de lavar a lou\u00e7a, retire o excesso de comida com a esponja; deixe a torneira fechada ao ensaboar<\/p>\n<p>Foto: Reprodu\u00e7\u00e3o<br \/>\nIBahia<\/p>\n","protected":false},"excerpt":{"rendered":"<p>A\u00e7\u00e3o ser\u00e1 realizada na ter\u00e7a-feira (8), para servi\u00e7os na rede. Lista inclui Brotas, Imbu\u00ed, Piat\u00e3 e Curuzu Quarenta e dois<\/p>\n","protected":false},"author":4,"featured_media":7968,"comment_status":"open","ping_status":"open","sticky":false,"template":"","format":"standard","meta":{"colormag_page_container_layout":"default_layout","colormag_page_sidebar_layout":"default_layout","_FSMCFIC_featured_image_caption":"","_FSMCFIC_featured_image_nocaption":"","_FSMCFIC_featured_image_hide":"","footnotes":""},"categories":[2,1],"tags":[],"class_list":["post-7967","post","type-post","status-publish","format-standard","has-post-thumbnail","hentry","category-noticias","category-ultimas"],"yoast_head":"<!-- This site is optimized with the Yoast SEO plugin v27.1.1 - https:\/\/yoast.com\/product\/yoast-seo-wordpress\/ -->\n<title>Mais de 40 bairros de Salvador ter\u00e3o fornecimento de \u00e1gua suspenso - Brasil not\u00edcias<\/title>\n<meta name=\"robots\" content=\"index, follow, max-snippet:-1, max-image-preview:large, max-video-preview:-1\" \/>\n<link rel=\"canonical\" href=\"https:\/\/brasilnoticias.org\/site\/mais-de-40-bairros-de-salvador-terao-fornecimento-de-agua-suspenso\/\" \/>\n<meta property=\"og:locale\" content=\"pt_PT\" \/>\n<meta property=\"og:type\" content=\"article\" \/>\n<meta property=\"og:title\" content=\"Mais de 40 bairros de Salvador ter\u00e3o fornecimento de \u00e1gua suspenso - Brasil not\u00edcias\" \/>\n<meta property=\"og:description\" content=\"A\u00e7\u00e3o ser\u00e1 realizada na ter\u00e7a-feira (8), para servi\u00e7os na rede. Lista inclui Brotas, Imbu\u00ed, Piat\u00e3 e Curuzu Quarenta e dois\" \/>\n<meta property=\"og:url\" content=\"https:\/\/brasilnoticias.org\/site\/mais-de-40-bairros-de-salvador-terao-fornecimento-de-agua-suspenso\/\" \/>\n<meta property=\"og:site_name\" content=\"Brasil not\u00edcias\" \/>\n<meta property=\"article:published_time\" content=\"2023-08-05T21:21:53+00:00\" \/>\n<meta property=\"og:image\" content=\"https:\/\/brasilnoticias.org\/site\/wp-content\/uploads\/2023\/08\/Mais-de-40-bairros-de-Salvador-terao-fornecimento-0030049500202308041714-6.webp\" \/>\n\t<meta property=\"og:image:width\" content=\"1200\" \/>\n\t<meta property=\"og:image:height\" content=\"720\" \/>\n\t<meta property=\"og:image:type\" content=\"image\/webp\" \/>\n<meta name=\"author\" content=\"Reda\u00e7\u00e3o\" \/>\n<meta name=\"twitter:card\" content=\"summary_large_image\" \/>\n<meta name=\"twitter:label1\" content=\"Escrito por\" \/>\n\t<meta name=\"twitter:data1\" content=\"Reda\u00e7\u00e3o\" \/>\n<script type=\"application\/ld+json\" class=\"yoast-schema-graph\">{\"@context\":\"https:\/\/schema.org\",\"@graph\":[{\"@type\":\"Article\",\"@id\":\"https:\/\/brasilnoticias.org\/site\/mais-de-40-bairros-de-salvador-terao-fornecimento-de-agua-suspenso\/#article\",\"isPartOf\":{\"@id\":\"https:\/\/brasilnoticias.org\/site\/mais-de-40-bairros-de-salvador-terao-fornecimento-de-agua-suspenso\/\"},\"author\":{\"name\":\"Reda\u00e7\u00e3o\",\"@id\":\"https:\/\/brasilnoticias.org\/site\/#\/schema\/person\/03bbbfe6c7634ad18c26444ea39049fa\"},\"headline\":\"Mais de 40 bairros de Salvador ter\u00e3o fornecimento de \u00e1gua suspenso\",\"datePublished\":\"2023-08-05T21:21:53+00:00\",\"mainEntityOfPage\":{\"@id\":\"https:\/\/brasilnoticias.org\/site\/mais-de-40-bairros-de-salvador-terao-fornecimento-de-agua-suspenso\/\"},\"wordCount\":446,\"commentCount\":0,\"publisher\":{\"@id\":\"https:\/\/brasilnoticias.org\/site\/#organization\"},\"image\":{\"@id\":\"https:\/\/brasilnoticias.org\/site\/mais-de-40-bairros-de-salvador-terao-fornecimento-de-agua-suspenso\/#primaryimage\"},\"thumbnailUrl\":\"https:\/\/brasilnoticias.org\/site\/wp-content\/uploads\/2023\/08\/Mais-de-40-bairros-de-Salvador-terao-fornecimento-0030049500202308041714-6.webp\",\"articleSection\":[\"Not\u00edcias\",\"\u00daltimas\"],\"inLanguage\":\"pt-PT\",\"potentialAction\":[{\"@type\":\"CommentAction\",\"name\":\"Comment\",\"target\":[\"https:\/\/brasilnoticias.org\/site\/mais-de-40-bairros-de-salvador-terao-fornecimento-de-agua-suspenso\/#respond\"]}]},{\"@type\":\"WebPage\",\"@id\":\"https:\/\/brasilnoticias.org\/site\/mais-de-40-bairros-de-salvador-terao-fornecimento-de-agua-suspenso\/\",\"url\":\"https:\/\/brasilnoticias.org\/site\/mais-de-40-bairros-de-salvador-terao-fornecimento-de-agua-suspenso\/\",\"name\":\"Mais de 40 bairros de Salvador ter\u00e3o fornecimento de \u00e1gua suspenso - Brasil not\u00edcias\",\"isPartOf\":{\"@id\":\"https:\/\/brasilnoticias.org\/site\/#website\"},\"primaryImageOfPage\":{\"@id\":\"https:\/\/brasilnoticias.org\/site\/mais-de-40-bairros-de-salvador-terao-fornecimento-de-agua-suspenso\/#primaryimage\"},\"image\":{\"@id\":\"https:\/\/brasilnoticias.org\/site\/mais-de-40-bairros-de-salvador-terao-fornecimento-de-agua-suspenso\/#primaryimage\"},\"thumbnailUrl\":\"https:\/\/brasilnoticias.org\/site\/wp-content\/uploads\/2023\/08\/Mais-de-40-bairros-de-Salvador-terao-fornecimento-0030049500202308041714-6.webp\",\"datePublished\":\"2023-08-05T21:21:53+00:00\",\"breadcrumb\":{\"@id\":\"https:\/\/brasilnoticias.org\/site\/mais-de-40-bairros-de-salvador-terao-fornecimento-de-agua-suspenso\/#breadcrumb\"},\"inLanguage\":\"pt-PT\",\"potentialAction\":[{\"@type\":\"ReadAction\",\"target\":[\"https:\/\/brasilnoticias.org\/site\/mais-de-40-bairros-de-salvador-terao-fornecimento-de-agua-suspenso\/\"]}]},{\"@type\":\"ImageObject\",\"inLanguage\":\"pt-PT\",\"@id\":\"https:\/\/brasilnoticias.org\/site\/mais-de-40-bairros-de-salvador-terao-fornecimento-de-agua-suspenso\/#primaryimage\",\"url\":\"https:\/\/brasilnoticias.org\/site\/wp-content\/uploads\/2023\/08\/Mais-de-40-bairros-de-Salvador-terao-fornecimento-0030049500202308041714-6.webp\",\"contentUrl\":\"https:\/\/brasilnoticias.org\/site\/wp-content\/uploads\/2023\/08\/Mais-de-40-bairros-de-Salvador-terao-fornecimento-0030049500202308041714-6.webp\",\"width\":1200,\"height\":720},{\"@type\":\"BreadcrumbList\",\"@id\":\"https:\/\/brasilnoticias.org\/site\/mais-de-40-bairros-de-salvador-terao-fornecimento-de-agua-suspenso\/#breadcrumb\",\"itemListElement\":[{\"@type\":\"ListItem\",\"position\":1,\"name\":\"In\u00edcio\",\"item\":\"https:\/\/brasilnoticias.org\/site\/\"},{\"@type\":\"ListItem\",\"position\":2,\"name\":\"Mais de 40 bairros de Salvador ter\u00e3o fornecimento de \u00e1gua suspenso\"}]},{\"@type\":\"WebSite\",\"@id\":\"https:\/\/brasilnoticias.org\/site\/#website\",\"url\":\"https:\/\/brasilnoticias.org\/site\/\",\"name\":\"Brasil not\u00edcias\",\"description\":\"Brasil not\u00edcias\",\"publisher\":{\"@id\":\"https:\/\/brasilnoticias.org\/site\/#organization\"},\"potentialAction\":[{\"@type\":\"SearchAction\",\"target\":{\"@type\":\"EntryPoint\",\"urlTemplate\":\"https:\/\/brasilnoticias.org\/site\/?s={search_term_string}\"},\"query-input\":{\"@type\":\"PropertyValueSpecification\",\"valueRequired\":true,\"valueName\":\"search_term_string\"}}],\"inLanguage\":\"pt-PT\"},{\"@type\":\"Organization\",\"@id\":\"https:\/\/brasilnoticias.org\/site\/#organization\",\"name\":\"Brasil not\u00edcias\",\"url\":\"https:\/\/brasilnoticias.org\/site\/\",\"logo\":{\"@type\":\"ImageObject\",\"inLanguage\":\"pt-PT\",\"@id\":\"https:\/\/brasilnoticias.org\/site\/#\/schema\/logo\/image\/\",\"url\":\"https:\/\/brasilnoticias.org\/site\/wp-content\/uploads\/2022\/05\/cropped-brasilnoticias-mini.jpg\",\"contentUrl\":\"https:\/\/brasilnoticias.org\/site\/wp-content\/uploads\/2022\/05\/cropped-brasilnoticias-mini.jpg\",\"width\":314,\"height\":86,\"caption\":\"Brasil not\u00edcias\"},\"image\":{\"@id\":\"https:\/\/brasilnoticias.org\/site\/#\/schema\/logo\/image\/\"}},{\"@type\":\"Person\",\"@id\":\"https:\/\/brasilnoticias.org\/site\/#\/schema\/person\/03bbbfe6c7634ad18c26444ea39049fa\",\"name\":\"Reda\u00e7\u00e3o\",\"image\":{\"@type\":\"ImageObject\",\"inLanguage\":\"pt-PT\",\"@id\":\"https:\/\/brasilnoticias.org\/site\/#\/schema\/person\/image\/\",\"url\":\"https:\/\/secure.gravatar.com\/avatar\/9ecaf7327a696cb23ad926fedded5f1f04d7049de9e445375d55b48c001a6e42?s=96&d=mm&r=g\",\"contentUrl\":\"https:\/\/secure.gravatar.com\/avatar\/9ecaf7327a696cb23ad926fedded5f1f04d7049de9e445375d55b48c001a6e42?s=96&d=mm&r=g\",\"caption\":\"Reda\u00e7\u00e3o\"},\"url\":\"https:\/\/brasilnoticias.org\/site\/author\/henrique\/\"}]}<\/script>\n<!-- \/ Yoast SEO plugin. -->","yoast_head_json":{"title":"Mais de 40 bairros de Salvador ter\u00e3o fornecimento de \u00e1gua suspenso - Brasil not\u00edcias","robots":{"index":"index","follow":"follow","max-snippet":"max-snippet:-1","max-image-preview":"max-image-preview:large","max-video-preview":"max-video-preview:-1"},"canonical":"https:\/\/brasilnoticias.org\/site\/mais-de-40-bairros-de-salvador-terao-fornecimento-de-agua-suspenso\/","og_locale":"pt_PT","og_type":"article","og_title":"Mais de 40 bairros de Salvador ter\u00e3o fornecimento de \u00e1gua suspenso - Brasil not\u00edcias","og_description":"A\u00e7\u00e3o ser\u00e1 realizada na ter\u00e7a-feira (8), para servi\u00e7os na rede. Lista inclui Brotas, Imbu\u00ed, Piat\u00e3 e Curuzu Quarenta e dois","og_url":"https:\/\/brasilnoticias.org\/site\/mais-de-40-bairros-de-salvador-terao-fornecimento-de-agua-suspenso\/","og_site_name":"Brasil not\u00edcias","article_published_time":"2023-08-05T21:21:53+00:00","og_image":[{"width":1200,"height":720,"url":"https:\/\/brasilnoticias.org\/site\/wp-content\/uploads\/2023\/08\/Mais-de-40-bairros-de-Salvador-terao-fornecimento-0030049500202308041714-6.webp","type":"image\/webp"}],"author":"Reda\u00e7\u00e3o","twitter_card":"summary_large_image","twitter_misc":{"Escrito por":"Reda\u00e7\u00e3o"},"schema":{"@context":"https:\/\/schema.org","@graph":[{"@type":"Article","@id":"https:\/\/brasilnoticias.org\/site\/mais-de-40-bairros-de-salvador-terao-fornecimento-de-agua-suspenso\/#article","isPartOf":{"@id":"https:\/\/brasilnoticias.org\/site\/mais-de-40-bairros-de-salvador-terao-fornecimento-de-agua-suspenso\/"},"author":{"name":"Reda\u00e7\u00e3o","@id":"https:\/\/brasilnoticias.org\/site\/#\/schema\/person\/03bbbfe6c7634ad18c26444ea39049fa"},"headline":"Mais de 40 bairros de Salvador ter\u00e3o fornecimento de \u00e1gua suspenso","datePublished":"2023-08-05T21:21:53+00:00","mainEntityOfPage":{"@id":"https:\/\/brasilnoticias.org\/site\/mais-de-40-bairros-de-salvador-terao-fornecimento-de-agua-suspenso\/"},"wordCount":446,"commentCount":0,"publisher":{"@id":"https:\/\/brasilnoticias.org\/site\/#organization"},"image":{"@id":"https:\/\/brasilnoticias.org\/site\/mais-de-40-bairros-de-salvador-terao-fornecimento-de-agua-suspenso\/#primaryimage"},"thumbnailUrl":"https:\/\/brasilnoticias.org\/site\/wp-content\/uploads\/2023\/08\/Mais-de-40-bairros-de-Salvador-terao-fornecimento-0030049500202308041714-6.webp","articleSection":["Not\u00edcias","\u00daltimas"],"inLanguage":"pt-PT","potentialAction":[{"@type":"CommentAction","name":"Comment","target":["https:\/\/brasilnoticias.org\/site\/mais-de-40-bairros-de-salvador-terao-fornecimento-de-agua-suspenso\/#respond"]}]},{"@type":"WebPage","@id":"https:\/\/brasilnoticias.org\/site\/mais-de-40-bairros-de-salvador-terao-fornecimento-de-agua-suspenso\/","url":"https:\/\/brasilnoticias.org\/site\/mais-de-40-bairros-de-salvador-terao-fornecimento-de-agua-suspenso\/","name":"Mais de 40 bairros de Salvador ter\u00e3o fornecimento de \u00e1gua suspenso - Brasil not\u00edcias","isPartOf":{"@id":"https:\/\/brasilnoticias.org\/site\/#website"},"primaryImageOfPage":{"@id":"https:\/\/brasilnoticias.org\/site\/mais-de-40-bairros-de-salvador-terao-fornecimento-de-agua-suspenso\/#primaryimage"},"image":{"@id":"https:\/\/brasilnoticias.org\/site\/mais-de-40-bairros-de-salvador-terao-fornecimento-de-agua-suspenso\/#primaryimage"},"thumbnailUrl":"https:\/\/brasilnoticias.org\/site\/wp-content\/uploads\/2023\/08\/Mais-de-40-bairros-de-Salvador-terao-fornecimento-0030049500202308041714-6.webp","datePublished":"2023-08-05T21:21:53+00:00","breadcrumb":{"@id":"https:\/\/brasilnoticias.org\/site\/mais-de-40-bairros-de-salvador-terao-fornecimento-de-agua-suspenso\/#breadcrumb"},"inLanguage":"pt-PT","potentialAction":[{"@type":"ReadAction","target":["https:\/\/brasilnoticias.org\/site\/mais-de-40-bairros-de-salvador-terao-fornecimento-de-agua-suspenso\/"]}]},{"@type":"ImageObject","inLanguage":"pt-PT","@id":"https:\/\/brasilnoticias.org\/site\/mais-de-40-bairros-de-salvador-terao-fornecimento-de-agua-suspenso\/#primaryimage","url":"https:\/\/brasilnoticias.org\/site\/wp-content\/uploads\/2023\/08\/Mais-de-40-bairros-de-Salvador-terao-fornecimento-0030049500202308041714-6.webp","contentUrl":"https:\/\/brasilnoticias.org\/site\/wp-content\/uploads\/2023\/08\/Mais-de-40-bairros-de-Salvador-terao-fornecimento-0030049500202308041714-6.webp","width":1200,"height":720},{"@type":"BreadcrumbList","@id":"https:\/\/brasilnoticias.org\/site\/mais-de-40-bairros-de-salvador-terao-fornecimento-de-agua-suspenso\/#breadcrumb","itemListElement":[{"@type":"ListItem","position":1,"name":"In\u00edcio","item":"https:\/\/brasilnoticias.org\/site\/"},{"@type":"ListItem","position":2,"name":"Mais de 40 bairros de Salvador ter\u00e3o fornecimento de \u00e1gua suspenso"}]},{"@type":"WebSite","@id":"https:\/\/brasilnoticias.org\/site\/#website","url":"https:\/\/brasilnoticias.org\/site\/","name":"Brasil not\u00edcias","description":"Brasil not\u00edcias","publisher":{"@id":"https:\/\/brasilnoticias.org\/site\/#organization"},"potentialAction":[{"@type":"SearchAction","target":{"@type":"EntryPoint","urlTemplate":"https:\/\/brasilnoticias.org\/site\/?s={search_term_string}"},"query-input":{"@type":"PropertyValueSpecification","valueRequired":true,"valueName":"search_term_string"}}],"inLanguage":"pt-PT"},{"@type":"Organization","@id":"https:\/\/brasilnoticias.org\/site\/#organization","name":"Brasil not\u00edcias","url":"https:\/\/brasilnoticias.org\/site\/","logo":{"@type":"ImageObject","inLanguage":"pt-PT","@id":"https:\/\/brasilnoticias.org\/site\/#\/schema\/logo\/image\/","url":"https:\/\/brasilnoticias.org\/site\/wp-content\/uploads\/2022\/05\/cropped-brasilnoticias-mini.jpg","contentUrl":"https:\/\/brasilnoticias.org\/site\/wp-content\/uploads\/2022\/05\/cropped-brasilnoticias-mini.jpg","width":314,"height":86,"caption":"Brasil not\u00edcias"},"image":{"@id":"https:\/\/brasilnoticias.org\/site\/#\/schema\/logo\/image\/"}},{"@type":"Person","@id":"https:\/\/brasilnoticias.org\/site\/#\/schema\/person\/03bbbfe6c7634ad18c26444ea39049fa","name":"Reda\u00e7\u00e3o","image":{"@type":"ImageObject","inLanguage":"pt-PT","@id":"https:\/\/brasilnoticias.org\/site\/#\/schema\/person\/image\/","url":"https:\/\/secure.gravatar.com\/avatar\/9ecaf7327a696cb23ad926fedded5f1f04d7049de9e445375d55b48c001a6e42?s=96&d=mm&r=g","contentUrl":"https:\/\/secure.gravatar.com\/avatar\/9ecaf7327a696cb23ad926fedded5f1f04d7049de9e445375d55b48c001a6e42?s=96&d=mm&r=g","caption":"Reda\u00e7\u00e3o"},"url":"https:\/\/brasilnoticias.org\/site\/author\/henrique\/"}]}},"_links":{"self":[{"href":"https:\/\/brasilnoticias.org\/site\/wp-json\/wp\/v2\/posts\/7967","targetHints":{"allow":["GET"]}}],"collection":[{"href":"https:\/\/brasilnoticias.org\/site\/wp-json\/wp\/v2\/posts"}],"about":[{"href":"https:\/\/brasilnoticias.org\/site\/wp-json\/wp\/v2\/types\/post"}],"author":[{"embeddable":true,"href":"https:\/\/brasilnoticias.org\/site\/wp-json\/wp\/v2\/users\/4"}],"replies":[{"embeddable":true,"href":"https:\/\/brasilnoticias.org\/site\/wp-json\/wp\/v2\/comments?post=7967"}],"version-history":[{"count":1,"href":"https:\/\/brasilnoticias.org\/site\/wp-json\/wp\/v2\/posts\/7967\/revisions"}],"predecessor-version":[{"id":7969,"href":"https:\/\/brasilnoticias.org\/site\/wp-json\/wp\/v2\/posts\/7967\/revisions\/7969"}],"wp:featuredmedia":[{"embeddable":true,"href":"https:\/\/brasilnoticias.org\/site\/wp-json\/wp\/v2\/media\/7968"}],"wp:attachment":[{"href":"https:\/\/brasilnoticias.org\/site\/wp-json\/wp\/v2\/media?parent=7967"}],"wp:term":[{"taxonomy":"category","embeddable":true,"href":"https:\/\/brasilnoticias.org\/site\/wp-json\/wp\/v2\/categories?post=7967"},{"taxonomy":"post_tag","embeddable":true,"href":"https:\/\/brasilnoticias.org\/site\/wp-json\/wp\/v2\/tags?post=7967"}],"curies":[{"name":"wp","href":"https:\/\/api.w.org\/{rel}","templated":true}]}}