{"id":7998,"date":"2023-08-06T14:00:59","date_gmt":"2023-08-06T17:00:59","guid":{"rendered":"https:\/\/brasilnoticias.org\/site\/?p=7998"},"modified":"2023-08-05T18:53:24","modified_gmt":"2023-08-05T21:53:24","slug":"pt-confirma-apoio-a-boulos-como-candidato-a-prefeitura-de-sp-em-2024","status":"publish","type":"post","link":"https:\/\/brasilnoticias.org\/site\/pt-confirma-apoio-a-boulos-como-candidato-a-prefeitura-de-sp-em-2024\/","title":{"rendered":"PT confirma apoio a Boulos como candidato \u00e0 Prefeitura de SP em 2024"},"content":{"rendered":"<p>Evento ocorreu na tarde deste s\u00e1bado (5). Pela primeira vez na hist\u00f3ria, legenda n\u00e3o ter\u00e1 candidato pr\u00f3prio a prefeito da capital paulista. Partido dos Trabalhadores indicar\u00e1 o vice, mas nome ainda n\u00e3o foi definido.<\/p>\n<p>O Partido dos Trabalhadores formalizou na tarde deste s\u00e1bado (5) o apoio da legenda ao deputado federal Guilherme Boulos (PSOL) como candidato a prefeito de S\u00e3o Paulo nas elei\u00e7\u00f5es de 2024.<\/p>\n<p>Pela primeira vez na hist\u00f3ria, o PT n\u00e3o lan\u00e7ar\u00e1 candidato cabe\u00e7a de chapa para a prefeitura da capital paulista.<\/p>\n<p>O evento ocorreu na sede do Sinsa\u00fade, no bairro da Liberdade, e reuniu filiados e militantes para debater a organiza\u00e7\u00e3o partid\u00e1ria e t\u00e1tica eleitoral.<\/p>\n<p>Al\u00e9m de Boulos, participaram do ato pol\u00edtico a presidente do PT, Gleisi Hoffmann, os ministros Fernando Haddad (Fazenda), Alexandre Padilha (Rela\u00e7\u00f5es Institucionais) e Paulo Teixeira (Desenvolvimento Agr\u00e1rio), assim como vereadores e deputados.<\/p>\n<p>Pelo acordo, o PT far\u00e1 a indica\u00e7\u00e3o do candidato a vice na chapa &#8211; nome ainda n\u00e3o definido.<\/p>\n<p>Petistas ouvidos pela GloboNews disseram que a ideia, a partir de agora, \u00e9 trabalhar com um nome que seja \u201ca cara do PT em qualquer lugar da cidade, mas sem pressa&#8221;.<\/p>\n<p>A formaliza\u00e7\u00e3o da pr\u00e9-candidatura de Boulos para a chapa PSOL-PT \u00e9 considerada por integrantes dos dois partidos como o principal marco at\u00e9 o momento da campanha eleitoral de 2024.<\/p>\n<p>Promessa de Lula<br \/>\nO apoio a Boulos foi declarado pelo presidente Luiz In\u00e1cio Lula da Silva (PT) e vinha sendo discutido dentro do partido h\u00e1 meses. Internamente, houve diverg\u00eancia sobre a indica\u00e7\u00e3o do deputado federal do PSOL.<\/p>\n<p>Uma das pessoas contr\u00e1rias foi o deputado federal Jilmar Tatto, secret\u00e1rio de Comunica\u00e7\u00e3o do PT. Em entrevistas, ele havia declarado que o PT perdia com a alian\u00e7a e reclamou da falta de apoio do PSOL \u00e0 pautas importantes no Congresso.<\/p>\n<p>O presidente do Diret\u00f3rio Municipal do partido, La\u00e9rcio Ribeiro, afirma que as \u201carestas j\u00e1 foram aparadas\u201d e que teve uma conversa com Tatto nesta semana.<\/p>\n<p>Para ele, a defini\u00e7\u00e3o de Boulos ainda neste ano \u00e9 importante para consolidar o projeto, mobilizar a milit\u00e2ncia e j\u00e1 discutir planos de a\u00e7\u00e3o para a cidade. \u201cNossa ideia \u00e9 andar com o Boulos nas bases que o PT historicamente j\u00e1 tem relev\u00e2ncia e protagonismo\u201d, afirmou.<\/p>\n<p>Tabuleiro<br \/>\nAl\u00e9m de Guilherme Boulos, outro nome cotado para as elei\u00e7\u00f5es de S\u00e3o Paulo \u00e9 o da deputada Tabata Amaral (PSB).<\/p>\n<p>J\u00e1 o atual prefeito de S\u00e3o Paulo, Ricardo Nunes (MDB), tem se colocado como op\u00e7\u00e3o de Centro e buscado refor\u00e7ar o apoio de legendas com chances de lan\u00e7ar candidatos pr\u00f3prios, como PL e Uni\u00e3o Brasil.<\/p>\n<p>O prefeito tem se aproximado do ex-presidente Jair Bolsonaro (PL) e h\u00e1 articula\u00e7\u00f5es para que ele migre para o PL ou tenha como vice algu\u00e9m da legenda. J\u00e1 o comando do partido na capital paulista tamb\u00e9m j\u00e1 declarou apoio a Nunes e tem cargos na gest\u00e3o do atual prefeito.<\/p>\n<p>Com a desist\u00eancia do deputado federal Ricardo Salles (PL) para concorrer \u00e0 Prefeitura de S\u00e3o Paulo em 2024, as indica\u00e7\u00f5es do senador Marcos Pontes (PL) e do deputado Kim Kataguiri (Uni\u00e3o Brasil) ganharam for\u00e7a como op\u00e7\u00f5es de candidatos de direita para a disputa.<\/p>\n<p>Foto:YURI MURAKAMI\/FOTOARENA\/ESTAD\u00c3O CONTE\u00daDO<br \/>\nG1<\/p>\n","protected":false},"excerpt":{"rendered":"<p>Evento ocorreu na tarde deste s\u00e1bado (5). Pela primeira vez na hist\u00f3ria, legenda n\u00e3o ter\u00e1 candidato pr\u00f3prio a prefeito da<\/p>\n","protected":false},"author":4,"featured_media":7999,"comment_status":"open","ping_status":"open","sticky":false,"template":"","format":"standard","meta":{"colormag_page_container_layout":"default_layout","colormag_page_sidebar_layout":"default_layout","_FSMCFIC_featured_image_caption":"","_FSMCFIC_featured_image_nocaption":"","_FSMCFIC_featured_image_hide":"","footnotes":""},"categories":[5,1],"tags":[],"class_list":["post-7998","post","type-post","status-publish","format-standard","has-post-thumbnail","hentry","category-politica","category-ultimas"],"yoast_head":"<!-- This site is optimized with the Yoast SEO plugin v27.1.1 - https:\/\/yoast.com\/product\/yoast-seo-wordpress\/ -->\n<title>PT confirma apoio a Boulos como candidato \u00e0 Prefeitura de SP em 2024 - Brasil not\u00edcias<\/title>\n<meta name=\"robots\" content=\"index, follow, max-snippet:-1, max-image-preview:large, max-video-preview:-1\" \/>\n<link rel=\"canonical\" href=\"https:\/\/brasilnoticias.org\/site\/pt-confirma-apoio-a-boulos-como-candidato-a-prefeitura-de-sp-em-2024\/\" \/>\n<meta property=\"og:locale\" content=\"pt_PT\" \/>\n<meta property=\"og:type\" content=\"article\" \/>\n<meta property=\"og:title\" content=\"PT confirma apoio a Boulos como candidato \u00e0 Prefeitura de SP em 2024 - Brasil not\u00edcias\" \/>\n<meta property=\"og:description\" content=\"Evento ocorreu na tarde deste s\u00e1bado (5). Pela primeira vez na hist\u00f3ria, legenda n\u00e3o ter\u00e1 candidato pr\u00f3prio a prefeito da\" \/>\n<meta property=\"og:url\" content=\"https:\/\/brasilnoticias.org\/site\/pt-confirma-apoio-a-boulos-como-candidato-a-prefeitura-de-sp-em-2024\/\" \/>\n<meta property=\"og:site_name\" content=\"Brasil not\u00edcias\" \/>\n<meta property=\"article:published_time\" content=\"2023-08-06T17:00:59+00:00\" \/>\n<meta property=\"og:image\" content=\"https:\/\/brasilnoticias.org\/site\/wp-content\/uploads\/2023\/08\/fta20230805030.webp\" \/>\n\t<meta property=\"og:image:width\" content=\"984\" \/>\n\t<meta property=\"og:image:height\" content=\"656\" \/>\n\t<meta property=\"og:image:type\" content=\"image\/webp\" \/>\n<meta name=\"author\" content=\"Reda\u00e7\u00e3o\" \/>\n<meta name=\"twitter:card\" content=\"summary_large_image\" \/>\n<meta name=\"twitter:label1\" content=\"Escrito por\" \/>\n\t<meta name=\"twitter:data1\" content=\"Reda\u00e7\u00e3o\" \/>\n<script type=\"application\/ld+json\" class=\"yoast-schema-graph\">{\"@context\":\"https:\/\/schema.org\",\"@graph\":[{\"@type\":\"Article\",\"@id\":\"https:\/\/brasilnoticias.org\/site\/pt-confirma-apoio-a-boulos-como-candidato-a-prefeitura-de-sp-em-2024\/#article\",\"isPartOf\":{\"@id\":\"https:\/\/brasilnoticias.org\/site\/pt-confirma-apoio-a-boulos-como-candidato-a-prefeitura-de-sp-em-2024\/\"},\"author\":{\"name\":\"Reda\u00e7\u00e3o\",\"@id\":\"https:\/\/brasilnoticias.org\/site\/#\/schema\/person\/03bbbfe6c7634ad18c26444ea39049fa\"},\"headline\":\"PT confirma apoio a Boulos como candidato \u00e0 Prefeitura de SP em 2024\",\"datePublished\":\"2023-08-06T17:00:59+00:00\",\"mainEntityOfPage\":{\"@id\":\"https:\/\/brasilnoticias.org\/site\/pt-confirma-apoio-a-boulos-como-candidato-a-prefeitura-de-sp-em-2024\/\"},\"wordCount\":578,\"commentCount\":0,\"publisher\":{\"@id\":\"https:\/\/brasilnoticias.org\/site\/#organization\"},\"image\":{\"@id\":\"https:\/\/brasilnoticias.org\/site\/pt-confirma-apoio-a-boulos-como-candidato-a-prefeitura-de-sp-em-2024\/#primaryimage\"},\"thumbnailUrl\":\"https:\/\/brasilnoticias.org\/site\/wp-content\/uploads\/2023\/08\/fta20230805030.webp\",\"articleSection\":[\"Pol\u00edtica\",\"\u00daltimas\"],\"inLanguage\":\"pt-PT\",\"potentialAction\":[{\"@type\":\"CommentAction\",\"name\":\"Comment\",\"target\":[\"https:\/\/brasilnoticias.org\/site\/pt-confirma-apoio-a-boulos-como-candidato-a-prefeitura-de-sp-em-2024\/#respond\"]}]},{\"@type\":\"WebPage\",\"@id\":\"https:\/\/brasilnoticias.org\/site\/pt-confirma-apoio-a-boulos-como-candidato-a-prefeitura-de-sp-em-2024\/\",\"url\":\"https:\/\/brasilnoticias.org\/site\/pt-confirma-apoio-a-boulos-como-candidato-a-prefeitura-de-sp-em-2024\/\",\"name\":\"PT confirma apoio a Boulos como candidato \u00e0 Prefeitura de SP em 2024 - Brasil not\u00edcias\",\"isPartOf\":{\"@id\":\"https:\/\/brasilnoticias.org\/site\/#website\"},\"primaryImageOfPage\":{\"@id\":\"https:\/\/brasilnoticias.org\/site\/pt-confirma-apoio-a-boulos-como-candidato-a-prefeitura-de-sp-em-2024\/#primaryimage\"},\"image\":{\"@id\":\"https:\/\/brasilnoticias.org\/site\/pt-confirma-apoio-a-boulos-como-candidato-a-prefeitura-de-sp-em-2024\/#primaryimage\"},\"thumbnailUrl\":\"https:\/\/brasilnoticias.org\/site\/wp-content\/uploads\/2023\/08\/fta20230805030.webp\",\"datePublished\":\"2023-08-06T17:00:59+00:00\",\"breadcrumb\":{\"@id\":\"https:\/\/brasilnoticias.org\/site\/pt-confirma-apoio-a-boulos-como-candidato-a-prefeitura-de-sp-em-2024\/#breadcrumb\"},\"inLanguage\":\"pt-PT\",\"potentialAction\":[{\"@type\":\"ReadAction\",\"target\":[\"https:\/\/brasilnoticias.org\/site\/pt-confirma-apoio-a-boulos-como-candidato-a-prefeitura-de-sp-em-2024\/\"]}]},{\"@type\":\"ImageObject\",\"inLanguage\":\"pt-PT\",\"@id\":\"https:\/\/brasilnoticias.org\/site\/pt-confirma-apoio-a-boulos-como-candidato-a-prefeitura-de-sp-em-2024\/#primaryimage\",\"url\":\"https:\/\/brasilnoticias.org\/site\/wp-content\/uploads\/2023\/08\/fta20230805030.webp\",\"contentUrl\":\"https:\/\/brasilnoticias.org\/site\/wp-content\/uploads\/2023\/08\/fta20230805030.webp\",\"width\":984,\"height\":656},{\"@type\":\"BreadcrumbList\",\"@id\":\"https:\/\/brasilnoticias.org\/site\/pt-confirma-apoio-a-boulos-como-candidato-a-prefeitura-de-sp-em-2024\/#breadcrumb\",\"itemListElement\":[{\"@type\":\"ListItem\",\"position\":1,\"name\":\"In\u00edcio\",\"item\":\"https:\/\/brasilnoticias.org\/site\/\"},{\"@type\":\"ListItem\",\"position\":2,\"name\":\"PT confirma apoio a Boulos como candidato \u00e0 Prefeitura de SP em 2024\"}]},{\"@type\":\"WebSite\",\"@id\":\"https:\/\/brasilnoticias.org\/site\/#website\",\"url\":\"https:\/\/brasilnoticias.org\/site\/\",\"name\":\"Brasil not\u00edcias\",\"description\":\"Brasil not\u00edcias\",\"publisher\":{\"@id\":\"https:\/\/brasilnoticias.org\/site\/#organization\"},\"potentialAction\":[{\"@type\":\"SearchAction\",\"target\":{\"@type\":\"EntryPoint\",\"urlTemplate\":\"https:\/\/brasilnoticias.org\/site\/?s={search_term_string}\"},\"query-input\":{\"@type\":\"PropertyValueSpecification\",\"valueRequired\":true,\"valueName\":\"search_term_string\"}}],\"inLanguage\":\"pt-PT\"},{\"@type\":\"Organization\",\"@id\":\"https:\/\/brasilnoticias.org\/site\/#organization\",\"name\":\"Brasil not\u00edcias\",\"url\":\"https:\/\/brasilnoticias.org\/site\/\",\"logo\":{\"@type\":\"ImageObject\",\"inLanguage\":\"pt-PT\",\"@id\":\"https:\/\/brasilnoticias.org\/site\/#\/schema\/logo\/image\/\",\"url\":\"https:\/\/brasilnoticias.org\/site\/wp-content\/uploads\/2022\/05\/cropped-brasilnoticias-mini.jpg\",\"contentUrl\":\"https:\/\/brasilnoticias.org\/site\/wp-content\/uploads\/2022\/05\/cropped-brasilnoticias-mini.jpg\",\"width\":314,\"height\":86,\"caption\":\"Brasil not\u00edcias\"},\"image\":{\"@id\":\"https:\/\/brasilnoticias.org\/site\/#\/schema\/logo\/image\/\"}},{\"@type\":\"Person\",\"@id\":\"https:\/\/brasilnoticias.org\/site\/#\/schema\/person\/03bbbfe6c7634ad18c26444ea39049fa\",\"name\":\"Reda\u00e7\u00e3o\",\"image\":{\"@type\":\"ImageObject\",\"inLanguage\":\"pt-PT\",\"@id\":\"https:\/\/brasilnoticias.org\/site\/#\/schema\/person\/image\/\",\"url\":\"https:\/\/secure.gravatar.com\/avatar\/9ecaf7327a696cb23ad926fedded5f1f04d7049de9e445375d55b48c001a6e42?s=96&d=mm&r=g\",\"contentUrl\":\"https:\/\/secure.gravatar.com\/avatar\/9ecaf7327a696cb23ad926fedded5f1f04d7049de9e445375d55b48c001a6e42?s=96&d=mm&r=g\",\"caption\":\"Reda\u00e7\u00e3o\"},\"url\":\"https:\/\/brasilnoticias.org\/site\/author\/henrique\/\"}]}<\/script>\n<!-- \/ Yoast SEO plugin. -->","yoast_head_json":{"title":"PT confirma apoio a Boulos como candidato \u00e0 Prefeitura de SP em 2024 - Brasil not\u00edcias","robots":{"index":"index","follow":"follow","max-snippet":"max-snippet:-1","max-image-preview":"max-image-preview:large","max-video-preview":"max-video-preview:-1"},"canonical":"https:\/\/brasilnoticias.org\/site\/pt-confirma-apoio-a-boulos-como-candidato-a-prefeitura-de-sp-em-2024\/","og_locale":"pt_PT","og_type":"article","og_title":"PT confirma apoio a Boulos como candidato \u00e0 Prefeitura de SP em 2024 - Brasil not\u00edcias","og_description":"Evento ocorreu na tarde deste s\u00e1bado (5). Pela primeira vez na hist\u00f3ria, legenda n\u00e3o ter\u00e1 candidato pr\u00f3prio a prefeito da","og_url":"https:\/\/brasilnoticias.org\/site\/pt-confirma-apoio-a-boulos-como-candidato-a-prefeitura-de-sp-em-2024\/","og_site_name":"Brasil not\u00edcias","article_published_time":"2023-08-06T17:00:59+00:00","og_image":[{"width":984,"height":656,"url":"https:\/\/brasilnoticias.org\/site\/wp-content\/uploads\/2023\/08\/fta20230805030.webp","type":"image\/webp"}],"author":"Reda\u00e7\u00e3o","twitter_card":"summary_large_image","twitter_misc":{"Escrito por":"Reda\u00e7\u00e3o"},"schema":{"@context":"https:\/\/schema.org","@graph":[{"@type":"Article","@id":"https:\/\/brasilnoticias.org\/site\/pt-confirma-apoio-a-boulos-como-candidato-a-prefeitura-de-sp-em-2024\/#article","isPartOf":{"@id":"https:\/\/brasilnoticias.org\/site\/pt-confirma-apoio-a-boulos-como-candidato-a-prefeitura-de-sp-em-2024\/"},"author":{"name":"Reda\u00e7\u00e3o","@id":"https:\/\/brasilnoticias.org\/site\/#\/schema\/person\/03bbbfe6c7634ad18c26444ea39049fa"},"headline":"PT confirma apoio a Boulos como candidato \u00e0 Prefeitura de SP em 2024","datePublished":"2023-08-06T17:00:59+00:00","mainEntityOfPage":{"@id":"https:\/\/brasilnoticias.org\/site\/pt-confirma-apoio-a-boulos-como-candidato-a-prefeitura-de-sp-em-2024\/"},"wordCount":578,"commentCount":0,"publisher":{"@id":"https:\/\/brasilnoticias.org\/site\/#organization"},"image":{"@id":"https:\/\/brasilnoticias.org\/site\/pt-confirma-apoio-a-boulos-como-candidato-a-prefeitura-de-sp-em-2024\/#primaryimage"},"thumbnailUrl":"https:\/\/brasilnoticias.org\/site\/wp-content\/uploads\/2023\/08\/fta20230805030.webp","articleSection":["Pol\u00edtica","\u00daltimas"],"inLanguage":"pt-PT","potentialAction":[{"@type":"CommentAction","name":"Comment","target":["https:\/\/brasilnoticias.org\/site\/pt-confirma-apoio-a-boulos-como-candidato-a-prefeitura-de-sp-em-2024\/#respond"]}]},{"@type":"WebPage","@id":"https:\/\/brasilnoticias.org\/site\/pt-confirma-apoio-a-boulos-como-candidato-a-prefeitura-de-sp-em-2024\/","url":"https:\/\/brasilnoticias.org\/site\/pt-confirma-apoio-a-boulos-como-candidato-a-prefeitura-de-sp-em-2024\/","name":"PT confirma apoio a Boulos como candidato \u00e0 Prefeitura de SP em 2024 - Brasil not\u00edcias","isPartOf":{"@id":"https:\/\/brasilnoticias.org\/site\/#website"},"primaryImageOfPage":{"@id":"https:\/\/brasilnoticias.org\/site\/pt-confirma-apoio-a-boulos-como-candidato-a-prefeitura-de-sp-em-2024\/#primaryimage"},"image":{"@id":"https:\/\/brasilnoticias.org\/site\/pt-confirma-apoio-a-boulos-como-candidato-a-prefeitura-de-sp-em-2024\/#primaryimage"},"thumbnailUrl":"https:\/\/brasilnoticias.org\/site\/wp-content\/uploads\/2023\/08\/fta20230805030.webp","datePublished":"2023-08-06T17:00:59+00:00","breadcrumb":{"@id":"https:\/\/brasilnoticias.org\/site\/pt-confirma-apoio-a-boulos-como-candidato-a-prefeitura-de-sp-em-2024\/#breadcrumb"},"inLanguage":"pt-PT","potentialAction":[{"@type":"ReadAction","target":["https:\/\/brasilnoticias.org\/site\/pt-confirma-apoio-a-boulos-como-candidato-a-prefeitura-de-sp-em-2024\/"]}]},{"@type":"ImageObject","inLanguage":"pt-PT","@id":"https:\/\/brasilnoticias.org\/site\/pt-confirma-apoio-a-boulos-como-candidato-a-prefeitura-de-sp-em-2024\/#primaryimage","url":"https:\/\/brasilnoticias.org\/site\/wp-content\/uploads\/2023\/08\/fta20230805030.webp","contentUrl":"https:\/\/brasilnoticias.org\/site\/wp-content\/uploads\/2023\/08\/fta20230805030.webp","width":984,"height":656},{"@type":"BreadcrumbList","@id":"https:\/\/brasilnoticias.org\/site\/pt-confirma-apoio-a-boulos-como-candidato-a-prefeitura-de-sp-em-2024\/#breadcrumb","itemListElement":[{"@type":"ListItem","position":1,"name":"In\u00edcio","item":"https:\/\/brasilnoticias.org\/site\/"},{"@type":"ListItem","position":2,"name":"PT confirma apoio a Boulos como candidato \u00e0 Prefeitura de SP em 2024"}]},{"@type":"WebSite","@id":"https:\/\/brasilnoticias.org\/site\/#website","url":"https:\/\/brasilnoticias.org\/site\/","name":"Brasil not\u00edcias","description":"Brasil not\u00edcias","publisher":{"@id":"https:\/\/brasilnoticias.org\/site\/#organization"},"potentialAction":[{"@type":"SearchAction","target":{"@type":"EntryPoint","urlTemplate":"https:\/\/brasilnoticias.org\/site\/?s={search_term_string}"},"query-input":{"@type":"PropertyValueSpecification","valueRequired":true,"valueName":"search_term_string"}}],"inLanguage":"pt-PT"},{"@type":"Organization","@id":"https:\/\/brasilnoticias.org\/site\/#organization","name":"Brasil not\u00edcias","url":"https:\/\/brasilnoticias.org\/site\/","logo":{"@type":"ImageObject","inLanguage":"pt-PT","@id":"https:\/\/brasilnoticias.org\/site\/#\/schema\/logo\/image\/","url":"https:\/\/brasilnoticias.org\/site\/wp-content\/uploads\/2022\/05\/cropped-brasilnoticias-mini.jpg","contentUrl":"https:\/\/brasilnoticias.org\/site\/wp-content\/uploads\/2022\/05\/cropped-brasilnoticias-mini.jpg","width":314,"height":86,"caption":"Brasil not\u00edcias"},"image":{"@id":"https:\/\/brasilnoticias.org\/site\/#\/schema\/logo\/image\/"}},{"@type":"Person","@id":"https:\/\/brasilnoticias.org\/site\/#\/schema\/person\/03bbbfe6c7634ad18c26444ea39049fa","name":"Reda\u00e7\u00e3o","image":{"@type":"ImageObject","inLanguage":"pt-PT","@id":"https:\/\/brasilnoticias.org\/site\/#\/schema\/person\/image\/","url":"https:\/\/secure.gravatar.com\/avatar\/9ecaf7327a696cb23ad926fedded5f1f04d7049de9e445375d55b48c001a6e42?s=96&d=mm&r=g","contentUrl":"https:\/\/secure.gravatar.com\/avatar\/9ecaf7327a696cb23ad926fedded5f1f04d7049de9e445375d55b48c001a6e42?s=96&d=mm&r=g","caption":"Reda\u00e7\u00e3o"},"url":"https:\/\/brasilnoticias.org\/site\/author\/henrique\/"}]}},"_links":{"self":[{"href":"https:\/\/brasilnoticias.org\/site\/wp-json\/wp\/v2\/posts\/7998","targetHints":{"allow":["GET"]}}],"collection":[{"href":"https:\/\/brasilnoticias.org\/site\/wp-json\/wp\/v2\/posts"}],"about":[{"href":"https:\/\/brasilnoticias.org\/site\/wp-json\/wp\/v2\/types\/post"}],"author":[{"embeddable":true,"href":"https:\/\/brasilnoticias.org\/site\/wp-json\/wp\/v2\/users\/4"}],"replies":[{"embeddable":true,"href":"https:\/\/brasilnoticias.org\/site\/wp-json\/wp\/v2\/comments?post=7998"}],"version-history":[{"count":1,"href":"https:\/\/brasilnoticias.org\/site\/wp-json\/wp\/v2\/posts\/7998\/revisions"}],"predecessor-version":[{"id":8000,"href":"https:\/\/brasilnoticias.org\/site\/wp-json\/wp\/v2\/posts\/7998\/revisions\/8000"}],"wp:featuredmedia":[{"embeddable":true,"href":"https:\/\/brasilnoticias.org\/site\/wp-json\/wp\/v2\/media\/7999"}],"wp:attachment":[{"href":"https:\/\/brasilnoticias.org\/site\/wp-json\/wp\/v2\/media?parent=7998"}],"wp:term":[{"taxonomy":"category","embeddable":true,"href":"https:\/\/brasilnoticias.org\/site\/wp-json\/wp\/v2\/categories?post=7998"},{"taxonomy":"post_tag","embeddable":true,"href":"https:\/\/brasilnoticias.org\/site\/wp-json\/wp\/v2\/tags?post=7998"}],"curies":[{"name":"wp","href":"https:\/\/api.w.org\/{rel}","templated":true}]}}