{"id":8019,"date":"2023-08-07T08:13:58","date_gmt":"2023-08-07T11:13:58","guid":{"rendered":"https:\/\/brasilnoticias.org\/site\/?p=8019"},"modified":"2023-08-06T21:18:47","modified_gmt":"2023-08-07T00:18:47","slug":"jovens-sao-atacados-e-mortos-por-suspeitos-encapuzados-no-interior-da-bahia","status":"publish","type":"post","link":"https:\/\/brasilnoticias.org\/site\/jovens-sao-atacados-e-mortos-por-suspeitos-encapuzados-no-interior-da-bahia\/","title":{"rendered":"Jovens s\u00e3o atacados e mortos por suspeitos encapuzados no interior da Bahia"},"content":{"rendered":"<p>Os suspeitos estavam bordo de um ve\u00edculo preto<\/p>\n<p>Dois jovens foram baleados e mortos na tarde desta \u00faltima sexta-feira (04) em frente a uma serralheria na Rua Jo\u00e3o Pereira, bairro Bandeirantes, em Itabela, no sul do estado. Eles lanchavam quando foram atacados.<\/p>\n<p>Segundo testemunhas, Maicon Souza, de 22 anos, e Rodrigo Almeida Barreto, de 27, estavam em frente \u00e0 serralheria, que pertence ao pai de uma das v\u00edtimas, quando tr\u00eas criminosos encapuzados, a bordo de um ve\u00edculo preto, chegaram ao local atirando.<\/p>\n<p>Maicon n\u00e3o resistiu aos ferimentos e faleceu no local, Rodrigo foi socorrido ao Hospital Frei Ricardo, em Itabela, onde morreu minutos ap\u00f3s ele dar entrada na unidade de sa\u00fade.<\/p>\n<p>Os corpos foram removidos para o Instituto M\u00e9dico Legal (IML) de Eun\u00e1polis. A Pol\u00edcia Civil segue investigando o caso.<\/p>\n<p>Foto: Divulga\u00e7\u00e3o Prefeitura de Itabela<br \/>\nBNews<\/p>\n","protected":false},"excerpt":{"rendered":"<p>Os suspeitos estavam bordo de um ve\u00edculo preto Dois jovens foram baleados e mortos na tarde desta \u00faltima sexta-feira (04)<\/p>\n","protected":false},"author":4,"featured_media":8020,"comment_status":"open","ping_status":"open","sticky":false,"template":"","format":"standard","meta":{"colormag_page_container_layout":"default_layout","colormag_page_sidebar_layout":"default_layout","_FSMCFIC_featured_image_caption":"","_FSMCFIC_featured_image_nocaption":"","_FSMCFIC_featured_image_hide":"","footnotes":""},"categories":[3,1],"tags":[],"class_list":["post-8019","post","type-post","status-publish","format-standard","has-post-thumbnail","hentry","category-policia","category-ultimas"],"yoast_head":"<!-- This site is optimized with the Yoast SEO plugin v27.1.1 - https:\/\/yoast.com\/product\/yoast-seo-wordpress\/ -->\n<title>Jovens s\u00e3o atacados e mortos por suspeitos encapuzados no interior da Bahia - Brasil not\u00edcias<\/title>\n<meta name=\"robots\" content=\"index, follow, max-snippet:-1, max-image-preview:large, max-video-preview:-1\" \/>\n<link rel=\"canonical\" href=\"https:\/\/brasilnoticias.org\/site\/jovens-sao-atacados-e-mortos-por-suspeitos-encapuzados-no-interior-da-bahia\/\" \/>\n<meta property=\"og:locale\" content=\"pt_PT\" \/>\n<meta property=\"og:type\" content=\"article\" \/>\n<meta property=\"og:title\" content=\"Jovens s\u00e3o atacados e mortos por suspeitos encapuzados no interior da Bahia - Brasil not\u00edcias\" \/>\n<meta property=\"og:description\" content=\"Os suspeitos estavam bordo de um ve\u00edculo preto Dois jovens foram baleados e mortos na tarde desta \u00faltima sexta-feira (04)\" \/>\n<meta property=\"og:url\" content=\"https:\/\/brasilnoticias.org\/site\/jovens-sao-atacados-e-mortos-por-suspeitos-encapuzados-no-interior-da-bahia\/\" \/>\n<meta property=\"og:site_name\" content=\"Brasil not\u00edcias\" \/>\n<meta property=\"article:published_time\" content=\"2023-08-07T11:13:58+00:00\" \/>\n<meta property=\"og:image\" content=\"https:\/\/brasilnoticias.org\/site\/wp-content\/uploads\/2023\/08\/trevo_na_entrada_de_itabela_ba_widelg.jpg\" \/>\n\t<meta property=\"og:image:width\" content=\"800\" \/>\n\t<meta property=\"og:image:height\" content=\"450\" \/>\n\t<meta property=\"og:image:type\" content=\"image\/jpeg\" \/>\n<meta name=\"author\" content=\"Reda\u00e7\u00e3o\" \/>\n<meta name=\"twitter:card\" content=\"summary_large_image\" \/>\n<meta name=\"twitter:label1\" content=\"Escrito por\" \/>\n\t<meta name=\"twitter:data1\" content=\"Reda\u00e7\u00e3o\" \/>\n<script type=\"application\/ld+json\" class=\"yoast-schema-graph\">{\"@context\":\"https:\/\/schema.org\",\"@graph\":[{\"@type\":\"Article\",\"@id\":\"https:\/\/brasilnoticias.org\/site\/jovens-sao-atacados-e-mortos-por-suspeitos-encapuzados-no-interior-da-bahia\/#article\",\"isPartOf\":{\"@id\":\"https:\/\/brasilnoticias.org\/site\/jovens-sao-atacados-e-mortos-por-suspeitos-encapuzados-no-interior-da-bahia\/\"},\"author\":{\"name\":\"Reda\u00e7\u00e3o\",\"@id\":\"https:\/\/brasilnoticias.org\/site\/#\/schema\/person\/03bbbfe6c7634ad18c26444ea39049fa\"},\"headline\":\"Jovens s\u00e3o atacados e mortos por suspeitos encapuzados no interior da Bahia\",\"datePublished\":\"2023-08-07T11:13:58+00:00\",\"mainEntityOfPage\":{\"@id\":\"https:\/\/brasilnoticias.org\/site\/jovens-sao-atacados-e-mortos-por-suspeitos-encapuzados-no-interior-da-bahia\/\"},\"wordCount\":157,\"commentCount\":0,\"publisher\":{\"@id\":\"https:\/\/brasilnoticias.org\/site\/#organization\"},\"image\":{\"@id\":\"https:\/\/brasilnoticias.org\/site\/jovens-sao-atacados-e-mortos-por-suspeitos-encapuzados-no-interior-da-bahia\/#primaryimage\"},\"thumbnailUrl\":\"https:\/\/brasilnoticias.org\/site\/wp-content\/uploads\/2023\/08\/trevo_na_entrada_de_itabela_ba_widelg.jpg\",\"articleSection\":[\"Pol\u00edcia\",\"\u00daltimas\"],\"inLanguage\":\"pt-PT\",\"potentialAction\":[{\"@type\":\"CommentAction\",\"name\":\"Comment\",\"target\":[\"https:\/\/brasilnoticias.org\/site\/jovens-sao-atacados-e-mortos-por-suspeitos-encapuzados-no-interior-da-bahia\/#respond\"]}]},{\"@type\":\"WebPage\",\"@id\":\"https:\/\/brasilnoticias.org\/site\/jovens-sao-atacados-e-mortos-por-suspeitos-encapuzados-no-interior-da-bahia\/\",\"url\":\"https:\/\/brasilnoticias.org\/site\/jovens-sao-atacados-e-mortos-por-suspeitos-encapuzados-no-interior-da-bahia\/\",\"name\":\"Jovens s\u00e3o atacados e mortos por suspeitos encapuzados no interior da Bahia - Brasil not\u00edcias\",\"isPartOf\":{\"@id\":\"https:\/\/brasilnoticias.org\/site\/#website\"},\"primaryImageOfPage\":{\"@id\":\"https:\/\/brasilnoticias.org\/site\/jovens-sao-atacados-e-mortos-por-suspeitos-encapuzados-no-interior-da-bahia\/#primaryimage\"},\"image\":{\"@id\":\"https:\/\/brasilnoticias.org\/site\/jovens-sao-atacados-e-mortos-por-suspeitos-encapuzados-no-interior-da-bahia\/#primaryimage\"},\"thumbnailUrl\":\"https:\/\/brasilnoticias.org\/site\/wp-content\/uploads\/2023\/08\/trevo_na_entrada_de_itabela_ba_widelg.jpg\",\"datePublished\":\"2023-08-07T11:13:58+00:00\",\"breadcrumb\":{\"@id\":\"https:\/\/brasilnoticias.org\/site\/jovens-sao-atacados-e-mortos-por-suspeitos-encapuzados-no-interior-da-bahia\/#breadcrumb\"},\"inLanguage\":\"pt-PT\",\"potentialAction\":[{\"@type\":\"ReadAction\",\"target\":[\"https:\/\/brasilnoticias.org\/site\/jovens-sao-atacados-e-mortos-por-suspeitos-encapuzados-no-interior-da-bahia\/\"]}]},{\"@type\":\"ImageObject\",\"inLanguage\":\"pt-PT\",\"@id\":\"https:\/\/brasilnoticias.org\/site\/jovens-sao-atacados-e-mortos-por-suspeitos-encapuzados-no-interior-da-bahia\/#primaryimage\",\"url\":\"https:\/\/brasilnoticias.org\/site\/wp-content\/uploads\/2023\/08\/trevo_na_entrada_de_itabela_ba_widelg.jpg\",\"contentUrl\":\"https:\/\/brasilnoticias.org\/site\/wp-content\/uploads\/2023\/08\/trevo_na_entrada_de_itabela_ba_widelg.jpg\",\"width\":800,\"height\":450},{\"@type\":\"BreadcrumbList\",\"@id\":\"https:\/\/brasilnoticias.org\/site\/jovens-sao-atacados-e-mortos-por-suspeitos-encapuzados-no-interior-da-bahia\/#breadcrumb\",\"itemListElement\":[{\"@type\":\"ListItem\",\"position\":1,\"name\":\"In\u00edcio\",\"item\":\"https:\/\/brasilnoticias.org\/site\/\"},{\"@type\":\"ListItem\",\"position\":2,\"name\":\"Jovens s\u00e3o atacados e mortos por suspeitos encapuzados no interior da Bahia\"}]},{\"@type\":\"WebSite\",\"@id\":\"https:\/\/brasilnoticias.org\/site\/#website\",\"url\":\"https:\/\/brasilnoticias.org\/site\/\",\"name\":\"Brasil not\u00edcias\",\"description\":\"Brasil not\u00edcias\",\"publisher\":{\"@id\":\"https:\/\/brasilnoticias.org\/site\/#organization\"},\"potentialAction\":[{\"@type\":\"SearchAction\",\"target\":{\"@type\":\"EntryPoint\",\"urlTemplate\":\"https:\/\/brasilnoticias.org\/site\/?s={search_term_string}\"},\"query-input\":{\"@type\":\"PropertyValueSpecification\",\"valueRequired\":true,\"valueName\":\"search_term_string\"}}],\"inLanguage\":\"pt-PT\"},{\"@type\":\"Organization\",\"@id\":\"https:\/\/brasilnoticias.org\/site\/#organization\",\"name\":\"Brasil not\u00edcias\",\"url\":\"https:\/\/brasilnoticias.org\/site\/\",\"logo\":{\"@type\":\"ImageObject\",\"inLanguage\":\"pt-PT\",\"@id\":\"https:\/\/brasilnoticias.org\/site\/#\/schema\/logo\/image\/\",\"url\":\"https:\/\/brasilnoticias.org\/site\/wp-content\/uploads\/2022\/05\/cropped-brasilnoticias-mini.jpg\",\"contentUrl\":\"https:\/\/brasilnoticias.org\/site\/wp-content\/uploads\/2022\/05\/cropped-brasilnoticias-mini.jpg\",\"width\":314,\"height\":86,\"caption\":\"Brasil not\u00edcias\"},\"image\":{\"@id\":\"https:\/\/brasilnoticias.org\/site\/#\/schema\/logo\/image\/\"}},{\"@type\":\"Person\",\"@id\":\"https:\/\/brasilnoticias.org\/site\/#\/schema\/person\/03bbbfe6c7634ad18c26444ea39049fa\",\"name\":\"Reda\u00e7\u00e3o\",\"image\":{\"@type\":\"ImageObject\",\"inLanguage\":\"pt-PT\",\"@id\":\"https:\/\/brasilnoticias.org\/site\/#\/schema\/person\/image\/\",\"url\":\"https:\/\/secure.gravatar.com\/avatar\/9ecaf7327a696cb23ad926fedded5f1f04d7049de9e445375d55b48c001a6e42?s=96&d=mm&r=g\",\"contentUrl\":\"https:\/\/secure.gravatar.com\/avatar\/9ecaf7327a696cb23ad926fedded5f1f04d7049de9e445375d55b48c001a6e42?s=96&d=mm&r=g\",\"caption\":\"Reda\u00e7\u00e3o\"},\"url\":\"https:\/\/brasilnoticias.org\/site\/author\/henrique\/\"}]}<\/script>\n<!-- \/ Yoast SEO plugin. -->","yoast_head_json":{"title":"Jovens s\u00e3o atacados e mortos por suspeitos encapuzados no interior da Bahia - Brasil not\u00edcias","robots":{"index":"index","follow":"follow","max-snippet":"max-snippet:-1","max-image-preview":"max-image-preview:large","max-video-preview":"max-video-preview:-1"},"canonical":"https:\/\/brasilnoticias.org\/site\/jovens-sao-atacados-e-mortos-por-suspeitos-encapuzados-no-interior-da-bahia\/","og_locale":"pt_PT","og_type":"article","og_title":"Jovens s\u00e3o atacados e mortos por suspeitos encapuzados no interior da Bahia - Brasil not\u00edcias","og_description":"Os suspeitos estavam bordo de um ve\u00edculo preto Dois jovens foram baleados e mortos na tarde desta \u00faltima sexta-feira (04)","og_url":"https:\/\/brasilnoticias.org\/site\/jovens-sao-atacados-e-mortos-por-suspeitos-encapuzados-no-interior-da-bahia\/","og_site_name":"Brasil not\u00edcias","article_published_time":"2023-08-07T11:13:58+00:00","og_image":[{"width":800,"height":450,"url":"https:\/\/brasilnoticias.org\/site\/wp-content\/uploads\/2023\/08\/trevo_na_entrada_de_itabela_ba_widelg.jpg","type":"image\/jpeg"}],"author":"Reda\u00e7\u00e3o","twitter_card":"summary_large_image","twitter_misc":{"Escrito por":"Reda\u00e7\u00e3o"},"schema":{"@context":"https:\/\/schema.org","@graph":[{"@type":"Article","@id":"https:\/\/brasilnoticias.org\/site\/jovens-sao-atacados-e-mortos-por-suspeitos-encapuzados-no-interior-da-bahia\/#article","isPartOf":{"@id":"https:\/\/brasilnoticias.org\/site\/jovens-sao-atacados-e-mortos-por-suspeitos-encapuzados-no-interior-da-bahia\/"},"author":{"name":"Reda\u00e7\u00e3o","@id":"https:\/\/brasilnoticias.org\/site\/#\/schema\/person\/03bbbfe6c7634ad18c26444ea39049fa"},"headline":"Jovens s\u00e3o atacados e mortos por suspeitos encapuzados no interior da Bahia","datePublished":"2023-08-07T11:13:58+00:00","mainEntityOfPage":{"@id":"https:\/\/brasilnoticias.org\/site\/jovens-sao-atacados-e-mortos-por-suspeitos-encapuzados-no-interior-da-bahia\/"},"wordCount":157,"commentCount":0,"publisher":{"@id":"https:\/\/brasilnoticias.org\/site\/#organization"},"image":{"@id":"https:\/\/brasilnoticias.org\/site\/jovens-sao-atacados-e-mortos-por-suspeitos-encapuzados-no-interior-da-bahia\/#primaryimage"},"thumbnailUrl":"https:\/\/brasilnoticias.org\/site\/wp-content\/uploads\/2023\/08\/trevo_na_entrada_de_itabela_ba_widelg.jpg","articleSection":["Pol\u00edcia","\u00daltimas"],"inLanguage":"pt-PT","potentialAction":[{"@type":"CommentAction","name":"Comment","target":["https:\/\/brasilnoticias.org\/site\/jovens-sao-atacados-e-mortos-por-suspeitos-encapuzados-no-interior-da-bahia\/#respond"]}]},{"@type":"WebPage","@id":"https:\/\/brasilnoticias.org\/site\/jovens-sao-atacados-e-mortos-por-suspeitos-encapuzados-no-interior-da-bahia\/","url":"https:\/\/brasilnoticias.org\/site\/jovens-sao-atacados-e-mortos-por-suspeitos-encapuzados-no-interior-da-bahia\/","name":"Jovens s\u00e3o atacados e mortos por suspeitos encapuzados no interior da Bahia - Brasil not\u00edcias","isPartOf":{"@id":"https:\/\/brasilnoticias.org\/site\/#website"},"primaryImageOfPage":{"@id":"https:\/\/brasilnoticias.org\/site\/jovens-sao-atacados-e-mortos-por-suspeitos-encapuzados-no-interior-da-bahia\/#primaryimage"},"image":{"@id":"https:\/\/brasilnoticias.org\/site\/jovens-sao-atacados-e-mortos-por-suspeitos-encapuzados-no-interior-da-bahia\/#primaryimage"},"thumbnailUrl":"https:\/\/brasilnoticias.org\/site\/wp-content\/uploads\/2023\/08\/trevo_na_entrada_de_itabela_ba_widelg.jpg","datePublished":"2023-08-07T11:13:58+00:00","breadcrumb":{"@id":"https:\/\/brasilnoticias.org\/site\/jovens-sao-atacados-e-mortos-por-suspeitos-encapuzados-no-interior-da-bahia\/#breadcrumb"},"inLanguage":"pt-PT","potentialAction":[{"@type":"ReadAction","target":["https:\/\/brasilnoticias.org\/site\/jovens-sao-atacados-e-mortos-por-suspeitos-encapuzados-no-interior-da-bahia\/"]}]},{"@type":"ImageObject","inLanguage":"pt-PT","@id":"https:\/\/brasilnoticias.org\/site\/jovens-sao-atacados-e-mortos-por-suspeitos-encapuzados-no-interior-da-bahia\/#primaryimage","url":"https:\/\/brasilnoticias.org\/site\/wp-content\/uploads\/2023\/08\/trevo_na_entrada_de_itabela_ba_widelg.jpg","contentUrl":"https:\/\/brasilnoticias.org\/site\/wp-content\/uploads\/2023\/08\/trevo_na_entrada_de_itabela_ba_widelg.jpg","width":800,"height":450},{"@type":"BreadcrumbList","@id":"https:\/\/brasilnoticias.org\/site\/jovens-sao-atacados-e-mortos-por-suspeitos-encapuzados-no-interior-da-bahia\/#breadcrumb","itemListElement":[{"@type":"ListItem","position":1,"name":"In\u00edcio","item":"https:\/\/brasilnoticias.org\/site\/"},{"@type":"ListItem","position":2,"name":"Jovens s\u00e3o atacados e mortos por suspeitos encapuzados no interior da Bahia"}]},{"@type":"WebSite","@id":"https:\/\/brasilnoticias.org\/site\/#website","url":"https:\/\/brasilnoticias.org\/site\/","name":"Brasil not\u00edcias","description":"Brasil not\u00edcias","publisher":{"@id":"https:\/\/brasilnoticias.org\/site\/#organization"},"potentialAction":[{"@type":"SearchAction","target":{"@type":"EntryPoint","urlTemplate":"https:\/\/brasilnoticias.org\/site\/?s={search_term_string}"},"query-input":{"@type":"PropertyValueSpecification","valueRequired":true,"valueName":"search_term_string"}}],"inLanguage":"pt-PT"},{"@type":"Organization","@id":"https:\/\/brasilnoticias.org\/site\/#organization","name":"Brasil not\u00edcias","url":"https:\/\/brasilnoticias.org\/site\/","logo":{"@type":"ImageObject","inLanguage":"pt-PT","@id":"https:\/\/brasilnoticias.org\/site\/#\/schema\/logo\/image\/","url":"https:\/\/brasilnoticias.org\/site\/wp-content\/uploads\/2022\/05\/cropped-brasilnoticias-mini.jpg","contentUrl":"https:\/\/brasilnoticias.org\/site\/wp-content\/uploads\/2022\/05\/cropped-brasilnoticias-mini.jpg","width":314,"height":86,"caption":"Brasil not\u00edcias"},"image":{"@id":"https:\/\/brasilnoticias.org\/site\/#\/schema\/logo\/image\/"}},{"@type":"Person","@id":"https:\/\/brasilnoticias.org\/site\/#\/schema\/person\/03bbbfe6c7634ad18c26444ea39049fa","name":"Reda\u00e7\u00e3o","image":{"@type":"ImageObject","inLanguage":"pt-PT","@id":"https:\/\/brasilnoticias.org\/site\/#\/schema\/person\/image\/","url":"https:\/\/secure.gravatar.com\/avatar\/9ecaf7327a696cb23ad926fedded5f1f04d7049de9e445375d55b48c001a6e42?s=96&d=mm&r=g","contentUrl":"https:\/\/secure.gravatar.com\/avatar\/9ecaf7327a696cb23ad926fedded5f1f04d7049de9e445375d55b48c001a6e42?s=96&d=mm&r=g","caption":"Reda\u00e7\u00e3o"},"url":"https:\/\/brasilnoticias.org\/site\/author\/henrique\/"}]}},"_links":{"self":[{"href":"https:\/\/brasilnoticias.org\/site\/wp-json\/wp\/v2\/posts\/8019","targetHints":{"allow":["GET"]}}],"collection":[{"href":"https:\/\/brasilnoticias.org\/site\/wp-json\/wp\/v2\/posts"}],"about":[{"href":"https:\/\/brasilnoticias.org\/site\/wp-json\/wp\/v2\/types\/post"}],"author":[{"embeddable":true,"href":"https:\/\/brasilnoticias.org\/site\/wp-json\/wp\/v2\/users\/4"}],"replies":[{"embeddable":true,"href":"https:\/\/brasilnoticias.org\/site\/wp-json\/wp\/v2\/comments?post=8019"}],"version-history":[{"count":1,"href":"https:\/\/brasilnoticias.org\/site\/wp-json\/wp\/v2\/posts\/8019\/revisions"}],"predecessor-version":[{"id":8021,"href":"https:\/\/brasilnoticias.org\/site\/wp-json\/wp\/v2\/posts\/8019\/revisions\/8021"}],"wp:featuredmedia":[{"embeddable":true,"href":"https:\/\/brasilnoticias.org\/site\/wp-json\/wp\/v2\/media\/8020"}],"wp:attachment":[{"href":"https:\/\/brasilnoticias.org\/site\/wp-json\/wp\/v2\/media?parent=8019"}],"wp:term":[{"taxonomy":"category","embeddable":true,"href":"https:\/\/brasilnoticias.org\/site\/wp-json\/wp\/v2\/categories?post=8019"},{"taxonomy":"post_tag","embeddable":true,"href":"https:\/\/brasilnoticias.org\/site\/wp-json\/wp\/v2\/tags?post=8019"}],"curies":[{"name":"wp","href":"https:\/\/api.w.org\/{rel}","templated":true}]}}