{"id":802,"date":"2022-06-07T17:34:49","date_gmt":"2022-06-07T20:34:49","guid":{"rendered":"https:\/\/brasilnoticias.org\/site\/?p=802"},"modified":"2022-06-07T17:34:49","modified_gmt":"2022-06-07T20:34:49","slug":"estou-feliz-por-nao-perdermos-um-aliado-diz-zeleski-apos-a-vitoria-de-johnson","status":"publish","type":"post","link":"https:\/\/brasilnoticias.org\/site\/estou-feliz-por-nao-perdermos-um-aliado-diz-zeleski-apos-a-vitoria-de-johnson\/","title":{"rendered":"Estou feliz por n\u00e3o perdermos um aliado&#8217;, diz Zeleski ap\u00f3s a vit\u00f3ria de Johnson"},"content":{"rendered":"<p>O presidente da Ucr\u00e2nia,\u00a0<a href=\"https:\/\/www.bnews.com.br\/tags\/volodimir-zelenski\" target=\"_blank\" rel=\"noopener\">Volodimir Zelenski<\/a>, disse nesta ter\u00e7a-feira (7) que a perman\u00eancia do primeiro-ministro do Reino Unido, Boris Johnson, no cargo \u00e9 uma &#8220;boa not\u00edcia&#8221;. O premi\u00ea brit\u00e2nico sobreviveu na segunda (6) a uma vota\u00e7\u00e3o no Parlamento que poderia afast\u00e1-lo do poder.<\/p>\n<p>&#8220;Estou feliz por n\u00e3o termos perdido um aliado muito importante&#8221;, disse o l\u00edder ucraniano durante confer\u00eancia realizada pelo jornal Financial Times. &#8220;Esta \u00e9 uma grande not\u00edcia&#8221;, completou Zelenski.<\/p>\n<p>Desde o in\u00edcio da guerra contra a R\u00fassia, em 24 de fevereiro, Johnson tem sido um dos principais aliados da Ucr\u00e2nia, ao lado do presidente da Fran\u00e7a, Emmanuel Macron.<\/p>\n<p>Autoridades em Kiev elogiaram o primeiro-ministro do Reino Unido por suas decis\u00f5es de fornecer armamento sofisticado para a Ucr\u00e2nia desde o in\u00edcio do conflito e pelo apoio ao objetivo de expulsar as for\u00e7as russas.<\/p>\n<p>Johnson visitou Zelenski na capital ucraniana em abril, logo depois que as for\u00e7as russas se retiraram da regi\u00e3o ao redor da cidade para reorientar sua ofensiva no leste e sul da Ucr\u00e2nia.<\/p>\n<p>Para vencer o voto de confian\u00e7a ontem, Johnson precisava de maioria absoluta, ou seja, 180 ou mais votos favor\u00e1veis a ele. No total, 211 parlamentares votaram a favor do primeiro-ministro, enquanto 148 votaram contra.<\/p>\n<p>A vota\u00e7\u00e3o se deu na esteira do esc\u00e2ndalo de &#8220;Partygate&#8221;, como ficaram conhecidas as den\u00fancias de participa\u00e7\u00e3o do primeiro-ministro brit\u00e2nico em festas durante o per\u00edodo de lockdown por conta da pandemia de covid-19.<\/p>\n<p>a R\u00fassia &#8220;n\u00e3o \u00e9 uma op\u00e7\u00e3o&#8221;. Ele voltou a apelar por apoio militar ocidental para restaurar a integridade territorial de seu pa\u00eds.<\/p>\n<p>&#8220;Somos inferiores em termos de equipamentos e, portanto, n\u00e3o temos condi\u00e7\u00f5es de avan\u00e7ar&#8221;, disse. &#8220;Vamos sofrer mais perdas e as pessoas s\u00e3o minha prioridade&#8221;, acrescentou.<\/p>\n<div class=\"d-flex justify-content-center my-3\">\n<div id=\"banner-300x250-5-area\" data-desktop=\"300x250\" data-mobile=\"320x50\" data-google-query-id=\"CM_E3taXnPgCFZQeuQYdnW4BMQ\">\n<div id=\"google_ads_iframe_\/8804\/parceiros\/bnews_5__container__\">\n<p>Na avalia\u00e7\u00e3o do presidente ucraniano, empurrar as for\u00e7as russas de volta \u00e0s posi\u00e7\u00f5es ocupadas antes de 24 de fevereiro equivaleria a uma &#8220;s\u00e9ria vit\u00f3ria tempor\u00e1ria&#8221; para a Ucr\u00e2nia, mas a soberania total sobre seu territ\u00f3rio continua sendo seu objetivo final.<\/p>\n<p>Zelensky disse que &#8220;a vit\u00f3ria deve ser alcan\u00e7ada no campo de batalha&#8221;, mas tamb\u00e9m insistiu que est\u00e1 aberto a negocia\u00e7\u00f5es de paz com o presidente\u00a0<a href=\"https:\/\/www.bnews.com.br\/tags\/putin\" target=\"_blank\" rel=\"noopener\">Vladimir Putin.<\/a><\/p>\n<\/div>\n<\/div>\n<\/div>\n<p>&nbsp;<\/p>\n<p>&nbsp;<\/p>\n<p>&nbsp;<\/p>\n<p>&nbsp;<\/p>\n<p>&nbsp;<\/p>\n<p>Bnews<\/p>\n<p>&nbsp;<\/p>\n<p>Bnews<\/p>\n","protected":false},"excerpt":{"rendered":"<p>O presidente da Ucr\u00e2nia,\u00a0Volodimir Zelenski, disse nesta ter\u00e7a-feira (7) que a perman\u00eancia do primeiro-ministro do Reino Unido, Boris Johnson, no<\/p>\n","protected":false},"author":2,"featured_media":803,"comment_status":"open","ping_status":"open","sticky":false,"template":"","format":"standard","meta":{"colormag_page_container_layout":"default_layout","colormag_page_sidebar_layout":"default_layout","_FSMCFIC_featured_image_caption":"","_FSMCFIC_featured_image_nocaption":"","_FSMCFIC_featured_image_hide":"","footnotes":""},"categories":[6,1],"tags":[],"class_list":["post-802","post","type-post","status-publish","format-standard","has-post-thumbnail","hentry","category-mundo","category-ultimas"],"yoast_head":"<!-- This site is optimized with the Yoast SEO plugin v27.1.1 - https:\/\/yoast.com\/product\/yoast-seo-wordpress\/ -->\n<title>Estou feliz por n\u00e3o perdermos um aliado&#039;, diz Zeleski ap\u00f3s a vit\u00f3ria de Johnson - Brasil not\u00edcias<\/title>\n<meta name=\"robots\" content=\"index, follow, max-snippet:-1, max-image-preview:large, max-video-preview:-1\" \/>\n<link rel=\"canonical\" href=\"https:\/\/brasilnoticias.org\/site\/estou-feliz-por-nao-perdermos-um-aliado-diz-zeleski-apos-a-vitoria-de-johnson\/\" \/>\n<meta property=\"og:locale\" content=\"pt_PT\" \/>\n<meta property=\"og:type\" content=\"article\" \/>\n<meta property=\"og:title\" content=\"Estou feliz por n\u00e3o perdermos um aliado&#039;, diz Zeleski ap\u00f3s a vit\u00f3ria de Johnson - Brasil not\u00edcias\" \/>\n<meta property=\"og:description\" content=\"O presidente da Ucr\u00e2nia,\u00a0Volodimir Zelenski, disse nesta ter\u00e7a-feira (7) que a perman\u00eancia do primeiro-ministro do Reino Unido, Boris Johnson, no\" \/>\n<meta property=\"og:url\" content=\"https:\/\/brasilnoticias.org\/site\/estou-feliz-por-nao-perdermos-um-aliado-diz-zeleski-apos-a-vitoria-de-johnson\/\" \/>\n<meta property=\"og:site_name\" content=\"Brasil not\u00edcias\" \/>\n<meta property=\"article:published_time\" content=\"2022-06-07T20:34:49+00:00\" \/>\n<meta property=\"og:image\" content=\"https:\/\/brasilnoticias.org\/site\/wp-content\/uploads\/2022\/06\/estou-feliz-por-nao-perdermos-um-aliado-diz-zeleski-apos-vitoria-de-johnson_widelg-1.jpg\" \/>\n\t<meta property=\"og:image:width\" content=\"800\" \/>\n\t<meta property=\"og:image:height\" content=\"450\" \/>\n\t<meta property=\"og:image:type\" content=\"image\/jpeg\" \/>\n<meta name=\"author\" content=\"Reda\u00e7\u00e3o\" \/>\n<meta name=\"twitter:card\" content=\"summary_large_image\" \/>\n<meta name=\"twitter:label1\" content=\"Escrito por\" \/>\n\t<meta name=\"twitter:data1\" content=\"Reda\u00e7\u00e3o\" \/>\n\t<meta name=\"twitter:label2\" content=\"Tempo estimado de leitura\" \/>\n\t<meta name=\"twitter:data2\" content=\"2 minutos\" \/>\n<script type=\"application\/ld+json\" class=\"yoast-schema-graph\">{\"@context\":\"https:\/\/schema.org\",\"@graph\":[{\"@type\":\"Article\",\"@id\":\"https:\/\/brasilnoticias.org\/site\/estou-feliz-por-nao-perdermos-um-aliado-diz-zeleski-apos-a-vitoria-de-johnson\/#article\",\"isPartOf\":{\"@id\":\"https:\/\/brasilnoticias.org\/site\/estou-feliz-por-nao-perdermos-um-aliado-diz-zeleski-apos-a-vitoria-de-johnson\/\"},\"author\":{\"name\":\"Reda\u00e7\u00e3o\",\"@id\":\"https:\/\/brasilnoticias.org\/site\/#\/schema\/person\/f609fa847b5314f1c8b983342f34c798\"},\"headline\":\"Estou feliz por n\u00e3o perdermos um aliado&#8217;, diz Zeleski ap\u00f3s a vit\u00f3ria de Johnson\",\"datePublished\":\"2022-06-07T20:34:49+00:00\",\"mainEntityOfPage\":{\"@id\":\"https:\/\/brasilnoticias.org\/site\/estou-feliz-por-nao-perdermos-um-aliado-diz-zeleski-apos-a-vitoria-de-johnson\/\"},\"wordCount\":412,\"commentCount\":0,\"publisher\":{\"@id\":\"https:\/\/brasilnoticias.org\/site\/#organization\"},\"image\":{\"@id\":\"https:\/\/brasilnoticias.org\/site\/estou-feliz-por-nao-perdermos-um-aliado-diz-zeleski-apos-a-vitoria-de-johnson\/#primaryimage\"},\"thumbnailUrl\":\"https:\/\/brasilnoticias.org\/site\/wp-content\/uploads\/2022\/06\/estou-feliz-por-nao-perdermos-um-aliado-diz-zeleski-apos-vitoria-de-johnson_widelg-1.jpg\",\"articleSection\":[\"Mundo\",\"\u00daltimas\"],\"inLanguage\":\"pt-PT\",\"potentialAction\":[{\"@type\":\"CommentAction\",\"name\":\"Comment\",\"target\":[\"https:\/\/brasilnoticias.org\/site\/estou-feliz-por-nao-perdermos-um-aliado-diz-zeleski-apos-a-vitoria-de-johnson\/#respond\"]}]},{\"@type\":\"WebPage\",\"@id\":\"https:\/\/brasilnoticias.org\/site\/estou-feliz-por-nao-perdermos-um-aliado-diz-zeleski-apos-a-vitoria-de-johnson\/\",\"url\":\"https:\/\/brasilnoticias.org\/site\/estou-feliz-por-nao-perdermos-um-aliado-diz-zeleski-apos-a-vitoria-de-johnson\/\",\"name\":\"Estou feliz por n\u00e3o perdermos um aliado', diz Zeleski ap\u00f3s a vit\u00f3ria de Johnson - Brasil not\u00edcias\",\"isPartOf\":{\"@id\":\"https:\/\/brasilnoticias.org\/site\/#website\"},\"primaryImageOfPage\":{\"@id\":\"https:\/\/brasilnoticias.org\/site\/estou-feliz-por-nao-perdermos-um-aliado-diz-zeleski-apos-a-vitoria-de-johnson\/#primaryimage\"},\"image\":{\"@id\":\"https:\/\/brasilnoticias.org\/site\/estou-feliz-por-nao-perdermos-um-aliado-diz-zeleski-apos-a-vitoria-de-johnson\/#primaryimage\"},\"thumbnailUrl\":\"https:\/\/brasilnoticias.org\/site\/wp-content\/uploads\/2022\/06\/estou-feliz-por-nao-perdermos-um-aliado-diz-zeleski-apos-vitoria-de-johnson_widelg-1.jpg\",\"datePublished\":\"2022-06-07T20:34:49+00:00\",\"breadcrumb\":{\"@id\":\"https:\/\/brasilnoticias.org\/site\/estou-feliz-por-nao-perdermos-um-aliado-diz-zeleski-apos-a-vitoria-de-johnson\/#breadcrumb\"},\"inLanguage\":\"pt-PT\",\"potentialAction\":[{\"@type\":\"ReadAction\",\"target\":[\"https:\/\/brasilnoticias.org\/site\/estou-feliz-por-nao-perdermos-um-aliado-diz-zeleski-apos-a-vitoria-de-johnson\/\"]}]},{\"@type\":\"ImageObject\",\"inLanguage\":\"pt-PT\",\"@id\":\"https:\/\/brasilnoticias.org\/site\/estou-feliz-por-nao-perdermos-um-aliado-diz-zeleski-apos-a-vitoria-de-johnson\/#primaryimage\",\"url\":\"https:\/\/brasilnoticias.org\/site\/wp-content\/uploads\/2022\/06\/estou-feliz-por-nao-perdermos-um-aliado-diz-zeleski-apos-vitoria-de-johnson_widelg-1.jpg\",\"contentUrl\":\"https:\/\/brasilnoticias.org\/site\/wp-content\/uploads\/2022\/06\/estou-feliz-por-nao-perdermos-um-aliado-diz-zeleski-apos-vitoria-de-johnson_widelg-1.jpg\",\"width\":800,\"height\":450},{\"@type\":\"BreadcrumbList\",\"@id\":\"https:\/\/brasilnoticias.org\/site\/estou-feliz-por-nao-perdermos-um-aliado-diz-zeleski-apos-a-vitoria-de-johnson\/#breadcrumb\",\"itemListElement\":[{\"@type\":\"ListItem\",\"position\":1,\"name\":\"In\u00edcio\",\"item\":\"https:\/\/brasilnoticias.org\/site\/\"},{\"@type\":\"ListItem\",\"position\":2,\"name\":\"Estou feliz por n\u00e3o perdermos um aliado&#8217;, diz Zeleski ap\u00f3s a vit\u00f3ria de Johnson\"}]},{\"@type\":\"WebSite\",\"@id\":\"https:\/\/brasilnoticias.org\/site\/#website\",\"url\":\"https:\/\/brasilnoticias.org\/site\/\",\"name\":\"Brasil not\u00edcias\",\"description\":\"Brasil not\u00edcias\",\"publisher\":{\"@id\":\"https:\/\/brasilnoticias.org\/site\/#organization\"},\"potentialAction\":[{\"@type\":\"SearchAction\",\"target\":{\"@type\":\"EntryPoint\",\"urlTemplate\":\"https:\/\/brasilnoticias.org\/site\/?s={search_term_string}\"},\"query-input\":{\"@type\":\"PropertyValueSpecification\",\"valueRequired\":true,\"valueName\":\"search_term_string\"}}],\"inLanguage\":\"pt-PT\"},{\"@type\":\"Organization\",\"@id\":\"https:\/\/brasilnoticias.org\/site\/#organization\",\"name\":\"Brasil not\u00edcias\",\"url\":\"https:\/\/brasilnoticias.org\/site\/\",\"logo\":{\"@type\":\"ImageObject\",\"inLanguage\":\"pt-PT\",\"@id\":\"https:\/\/brasilnoticias.org\/site\/#\/schema\/logo\/image\/\",\"url\":\"https:\/\/brasilnoticias.org\/site\/wp-content\/uploads\/2022\/05\/cropped-brasilnoticias-mini.jpg\",\"contentUrl\":\"https:\/\/brasilnoticias.org\/site\/wp-content\/uploads\/2022\/05\/cropped-brasilnoticias-mini.jpg\",\"width\":314,\"height\":86,\"caption\":\"Brasil not\u00edcias\"},\"image\":{\"@id\":\"https:\/\/brasilnoticias.org\/site\/#\/schema\/logo\/image\/\"}},{\"@type\":\"Person\",\"@id\":\"https:\/\/brasilnoticias.org\/site\/#\/schema\/person\/f609fa847b5314f1c8b983342f34c798\",\"name\":\"Reda\u00e7\u00e3o\",\"image\":{\"@type\":\"ImageObject\",\"inLanguage\":\"pt-PT\",\"@id\":\"https:\/\/brasilnoticias.org\/site\/#\/schema\/person\/image\/\",\"url\":\"https:\/\/secure.gravatar.com\/avatar\/447284c06c1ad8b46465a36de9cd0d8326b73387a22799b8b1ffb1fbcff2ed0c?s=96&d=mm&r=g\",\"contentUrl\":\"https:\/\/secure.gravatar.com\/avatar\/447284c06c1ad8b46465a36de9cd0d8326b73387a22799b8b1ffb1fbcff2ed0c?s=96&d=mm&r=g\",\"caption\":\"Reda\u00e7\u00e3o\"},\"url\":\"https:\/\/brasilnoticias.org\/site\/author\/redacao\/\"}]}<\/script>\n<!-- \/ Yoast SEO plugin. -->","yoast_head_json":{"title":"Estou feliz por n\u00e3o perdermos um aliado', diz Zeleski ap\u00f3s a vit\u00f3ria de Johnson - Brasil not\u00edcias","robots":{"index":"index","follow":"follow","max-snippet":"max-snippet:-1","max-image-preview":"max-image-preview:large","max-video-preview":"max-video-preview:-1"},"canonical":"https:\/\/brasilnoticias.org\/site\/estou-feliz-por-nao-perdermos-um-aliado-diz-zeleski-apos-a-vitoria-de-johnson\/","og_locale":"pt_PT","og_type":"article","og_title":"Estou feliz por n\u00e3o perdermos um aliado', diz Zeleski ap\u00f3s a vit\u00f3ria de Johnson - Brasil not\u00edcias","og_description":"O presidente da Ucr\u00e2nia,\u00a0Volodimir Zelenski, disse nesta ter\u00e7a-feira (7) que a perman\u00eancia do primeiro-ministro do Reino Unido, Boris Johnson, no","og_url":"https:\/\/brasilnoticias.org\/site\/estou-feliz-por-nao-perdermos-um-aliado-diz-zeleski-apos-a-vitoria-de-johnson\/","og_site_name":"Brasil not\u00edcias","article_published_time":"2022-06-07T20:34:49+00:00","og_image":[{"width":800,"height":450,"url":"https:\/\/brasilnoticias.org\/site\/wp-content\/uploads\/2022\/06\/estou-feliz-por-nao-perdermos-um-aliado-diz-zeleski-apos-vitoria-de-johnson_widelg-1.jpg","type":"image\/jpeg"}],"author":"Reda\u00e7\u00e3o","twitter_card":"summary_large_image","twitter_misc":{"Escrito por":"Reda\u00e7\u00e3o","Tempo estimado de leitura":"2 minutos"},"schema":{"@context":"https:\/\/schema.org","@graph":[{"@type":"Article","@id":"https:\/\/brasilnoticias.org\/site\/estou-feliz-por-nao-perdermos-um-aliado-diz-zeleski-apos-a-vitoria-de-johnson\/#article","isPartOf":{"@id":"https:\/\/brasilnoticias.org\/site\/estou-feliz-por-nao-perdermos-um-aliado-diz-zeleski-apos-a-vitoria-de-johnson\/"},"author":{"name":"Reda\u00e7\u00e3o","@id":"https:\/\/brasilnoticias.org\/site\/#\/schema\/person\/f609fa847b5314f1c8b983342f34c798"},"headline":"Estou feliz por n\u00e3o perdermos um aliado&#8217;, diz Zeleski ap\u00f3s a vit\u00f3ria de Johnson","datePublished":"2022-06-07T20:34:49+00:00","mainEntityOfPage":{"@id":"https:\/\/brasilnoticias.org\/site\/estou-feliz-por-nao-perdermos-um-aliado-diz-zeleski-apos-a-vitoria-de-johnson\/"},"wordCount":412,"commentCount":0,"publisher":{"@id":"https:\/\/brasilnoticias.org\/site\/#organization"},"image":{"@id":"https:\/\/brasilnoticias.org\/site\/estou-feliz-por-nao-perdermos-um-aliado-diz-zeleski-apos-a-vitoria-de-johnson\/#primaryimage"},"thumbnailUrl":"https:\/\/brasilnoticias.org\/site\/wp-content\/uploads\/2022\/06\/estou-feliz-por-nao-perdermos-um-aliado-diz-zeleski-apos-vitoria-de-johnson_widelg-1.jpg","articleSection":["Mundo","\u00daltimas"],"inLanguage":"pt-PT","potentialAction":[{"@type":"CommentAction","name":"Comment","target":["https:\/\/brasilnoticias.org\/site\/estou-feliz-por-nao-perdermos-um-aliado-diz-zeleski-apos-a-vitoria-de-johnson\/#respond"]}]},{"@type":"WebPage","@id":"https:\/\/brasilnoticias.org\/site\/estou-feliz-por-nao-perdermos-um-aliado-diz-zeleski-apos-a-vitoria-de-johnson\/","url":"https:\/\/brasilnoticias.org\/site\/estou-feliz-por-nao-perdermos-um-aliado-diz-zeleski-apos-a-vitoria-de-johnson\/","name":"Estou feliz por n\u00e3o perdermos um aliado', diz Zeleski ap\u00f3s a vit\u00f3ria de Johnson - Brasil not\u00edcias","isPartOf":{"@id":"https:\/\/brasilnoticias.org\/site\/#website"},"primaryImageOfPage":{"@id":"https:\/\/brasilnoticias.org\/site\/estou-feliz-por-nao-perdermos-um-aliado-diz-zeleski-apos-a-vitoria-de-johnson\/#primaryimage"},"image":{"@id":"https:\/\/brasilnoticias.org\/site\/estou-feliz-por-nao-perdermos-um-aliado-diz-zeleski-apos-a-vitoria-de-johnson\/#primaryimage"},"thumbnailUrl":"https:\/\/brasilnoticias.org\/site\/wp-content\/uploads\/2022\/06\/estou-feliz-por-nao-perdermos-um-aliado-diz-zeleski-apos-vitoria-de-johnson_widelg-1.jpg","datePublished":"2022-06-07T20:34:49+00:00","breadcrumb":{"@id":"https:\/\/brasilnoticias.org\/site\/estou-feliz-por-nao-perdermos-um-aliado-diz-zeleski-apos-a-vitoria-de-johnson\/#breadcrumb"},"inLanguage":"pt-PT","potentialAction":[{"@type":"ReadAction","target":["https:\/\/brasilnoticias.org\/site\/estou-feliz-por-nao-perdermos-um-aliado-diz-zeleski-apos-a-vitoria-de-johnson\/"]}]},{"@type":"ImageObject","inLanguage":"pt-PT","@id":"https:\/\/brasilnoticias.org\/site\/estou-feliz-por-nao-perdermos-um-aliado-diz-zeleski-apos-a-vitoria-de-johnson\/#primaryimage","url":"https:\/\/brasilnoticias.org\/site\/wp-content\/uploads\/2022\/06\/estou-feliz-por-nao-perdermos-um-aliado-diz-zeleski-apos-vitoria-de-johnson_widelg-1.jpg","contentUrl":"https:\/\/brasilnoticias.org\/site\/wp-content\/uploads\/2022\/06\/estou-feliz-por-nao-perdermos-um-aliado-diz-zeleski-apos-vitoria-de-johnson_widelg-1.jpg","width":800,"height":450},{"@type":"BreadcrumbList","@id":"https:\/\/brasilnoticias.org\/site\/estou-feliz-por-nao-perdermos-um-aliado-diz-zeleski-apos-a-vitoria-de-johnson\/#breadcrumb","itemListElement":[{"@type":"ListItem","position":1,"name":"In\u00edcio","item":"https:\/\/brasilnoticias.org\/site\/"},{"@type":"ListItem","position":2,"name":"Estou feliz por n\u00e3o perdermos um aliado&#8217;, diz Zeleski ap\u00f3s a vit\u00f3ria de Johnson"}]},{"@type":"WebSite","@id":"https:\/\/brasilnoticias.org\/site\/#website","url":"https:\/\/brasilnoticias.org\/site\/","name":"Brasil not\u00edcias","description":"Brasil not\u00edcias","publisher":{"@id":"https:\/\/brasilnoticias.org\/site\/#organization"},"potentialAction":[{"@type":"SearchAction","target":{"@type":"EntryPoint","urlTemplate":"https:\/\/brasilnoticias.org\/site\/?s={search_term_string}"},"query-input":{"@type":"PropertyValueSpecification","valueRequired":true,"valueName":"search_term_string"}}],"inLanguage":"pt-PT"},{"@type":"Organization","@id":"https:\/\/brasilnoticias.org\/site\/#organization","name":"Brasil not\u00edcias","url":"https:\/\/brasilnoticias.org\/site\/","logo":{"@type":"ImageObject","inLanguage":"pt-PT","@id":"https:\/\/brasilnoticias.org\/site\/#\/schema\/logo\/image\/","url":"https:\/\/brasilnoticias.org\/site\/wp-content\/uploads\/2022\/05\/cropped-brasilnoticias-mini.jpg","contentUrl":"https:\/\/brasilnoticias.org\/site\/wp-content\/uploads\/2022\/05\/cropped-brasilnoticias-mini.jpg","width":314,"height":86,"caption":"Brasil not\u00edcias"},"image":{"@id":"https:\/\/brasilnoticias.org\/site\/#\/schema\/logo\/image\/"}},{"@type":"Person","@id":"https:\/\/brasilnoticias.org\/site\/#\/schema\/person\/f609fa847b5314f1c8b983342f34c798","name":"Reda\u00e7\u00e3o","image":{"@type":"ImageObject","inLanguage":"pt-PT","@id":"https:\/\/brasilnoticias.org\/site\/#\/schema\/person\/image\/","url":"https:\/\/secure.gravatar.com\/avatar\/447284c06c1ad8b46465a36de9cd0d8326b73387a22799b8b1ffb1fbcff2ed0c?s=96&d=mm&r=g","contentUrl":"https:\/\/secure.gravatar.com\/avatar\/447284c06c1ad8b46465a36de9cd0d8326b73387a22799b8b1ffb1fbcff2ed0c?s=96&d=mm&r=g","caption":"Reda\u00e7\u00e3o"},"url":"https:\/\/brasilnoticias.org\/site\/author\/redacao\/"}]}},"_links":{"self":[{"href":"https:\/\/brasilnoticias.org\/site\/wp-json\/wp\/v2\/posts\/802","targetHints":{"allow":["GET"]}}],"collection":[{"href":"https:\/\/brasilnoticias.org\/site\/wp-json\/wp\/v2\/posts"}],"about":[{"href":"https:\/\/brasilnoticias.org\/site\/wp-json\/wp\/v2\/types\/post"}],"author":[{"embeddable":true,"href":"https:\/\/brasilnoticias.org\/site\/wp-json\/wp\/v2\/users\/2"}],"replies":[{"embeddable":true,"href":"https:\/\/brasilnoticias.org\/site\/wp-json\/wp\/v2\/comments?post=802"}],"version-history":[{"count":1,"href":"https:\/\/brasilnoticias.org\/site\/wp-json\/wp\/v2\/posts\/802\/revisions"}],"predecessor-version":[{"id":804,"href":"https:\/\/brasilnoticias.org\/site\/wp-json\/wp\/v2\/posts\/802\/revisions\/804"}],"wp:featuredmedia":[{"embeddable":true,"href":"https:\/\/brasilnoticias.org\/site\/wp-json\/wp\/v2\/media\/803"}],"wp:attachment":[{"href":"https:\/\/brasilnoticias.org\/site\/wp-json\/wp\/v2\/media?parent=802"}],"wp:term":[{"taxonomy":"category","embeddable":true,"href":"https:\/\/brasilnoticias.org\/site\/wp-json\/wp\/v2\/categories?post=802"},{"taxonomy":"post_tag","embeddable":true,"href":"https:\/\/brasilnoticias.org\/site\/wp-json\/wp\/v2\/tags?post=802"}],"curies":[{"name":"wp","href":"https:\/\/api.w.org\/{rel}","templated":true}]}}