{"id":8022,"date":"2023-08-07T09:00:33","date_gmt":"2023-08-07T12:00:33","guid":{"rendered":"https:\/\/brasilnoticias.org\/site\/?p=8022"},"modified":"2023-08-06T21:22:41","modified_gmt":"2023-08-07T00:22:41","slug":"30-mortes-em-operacoes-da-pm-silvio-almeida-aciona-ouvidoria-nacional-dos-direitos-humanos-para-acompanhar-investigacoes","status":"publish","type":"post","link":"https:\/\/brasilnoticias.org\/site\/30-mortes-em-operacoes-da-pm-silvio-almeida-aciona-ouvidoria-nacional-dos-direitos-humanos-para-acompanhar-investigacoes\/","title":{"rendered":"30 mortes em opera\u00e7\u00f5es da PM: Silvio Almeida aciona Ouvidoria Nacional dos Direitos Humanos para acompanhar investiga\u00e7\u00f5es"},"content":{"rendered":"<p>Mortes na Bahia aconteceram entre 28 de julho e 4 de agosto, nas cidades de Salvador, Cama\u00e7ari e Itatim. Veja na reportagem abaixo a cronologia dos fatos.<\/p>\n<p>O ministro dos Direitos Humanos e Cidadania (MDHC), Silvio Almeida, disse no s\u00e1bado (6) que acionou a Ouvidoria Nacional dos Direitos Humanos para acompanhar 30 mortes em diferentes confrontos com policiais militares, na Bahia.<\/p>\n<p>&#8220;N\u00e3o s\u00e3o compat\u00edveis com um pa\u00eds que se pretende democr\u00e1tico e em conson\u00e2ncia com os Direitos Humanos&#8221;, disse o ministro em nota.<\/p>\n<p>O g1 entrou em contato com o Governo da Bahia e aguarda posicionamento sobre o caso. As mortes em opera\u00e7\u00f5es policiais aconteceram em um espa\u00e7o de uma semana, entre 28 de julho e 4 de agosto.<\/p>\n<p>Cronologia dos fatos:<br \/>\nSALVADOR: SEXTA-FEIRA (4)<\/p>\n<p>Cinco homens morreram durante confronto com policiais militares, na madrugada de sexta-feira (4), no bairro do IAPI, em Salvador. Segundo a Pol\u00edcia Civil, policiais militares foram acionados por moradores ap\u00f3s a presen\u00e7a de homens armados na Avenida Peixe. Depois de atingidos, os suspeitos foram levados para o Hospital Geral Ernesto Sim\u00f5es Filho, onde eles n\u00e3o resistiram.<\/p>\n<p>SALVADOR: QUARTA-FEIRA (2)<br \/>\nUm homem morreu durante um confronto entre um grupo armado e policiais militares, na tarde de quarta-feira (2), no bairro do Arenoso, em Salvador. Com ele, a PM teria encontrado um rev\u00f3lver e muni\u00e7\u00f5es de calibre 38, al\u00e9m de coca\u00edna.<\/p>\n<p>SALVADOR: SEGUNDA-FEIRA (31)<\/p>\n<p>Quatro pessoas morreram na segunda (31), na regi\u00e3o de Jaguarari, em Salvador. Segundo a Pol\u00edcia Militar, os suspeitos foram socorridos e levados para o Hospital Geral do Estado (HGE), mas n\u00e3o resistiram aos ferimentos. Com elas, foram encontradas uma submetralhadora, tr\u00eas pistolas e diversas drogas. As aulas das escolas municipais do bairro de Cosme de Farias, onde fica a localidade, foram suspensas.<\/p>\n<p>ITATIM: DOMINGO (30)<\/p>\n<p>No domingo (30), seis homens e duas mulheres morreram em Itatim, a cerca de 200 km da capital. A PM afirmou que cinco eram foragidos. As armas apreendidas eram exibidas nas redes sociais.<\/p>\n<p>CAMA\u00c7ARI: SEXTA-FEIRA (28)<\/p>\n<p>Na sexta (28), sete homens morreram em um confronto com a PM em Cama\u00e7ari, na Regi\u00e3o Metropolitana de Salvador. Segundo a pol\u00edcia, eles tinham envolvimento com o tr\u00e1fico e iriam atacar um grupo rival.<\/p>\n<p>Foto: Reprodu\u00e7\u00e3o<br \/>\nG1<\/p>\n","protected":false},"excerpt":{"rendered":"<p>Mortes na Bahia aconteceram entre 28 de julho e 4 de agosto, nas cidades de Salvador, Cama\u00e7ari e Itatim. Veja<\/p>\n","protected":false},"author":4,"featured_media":8023,"comment_status":"open","ping_status":"open","sticky":false,"template":"","format":"standard","meta":{"colormag_page_container_layout":"default_layout","colormag_page_sidebar_layout":"default_layout","_FSMCFIC_featured_image_caption":"","_FSMCFIC_featured_image_nocaption":"","_FSMCFIC_featured_image_hide":"","footnotes":""},"categories":[7,1],"tags":[],"class_list":["post-8022","post","type-post","status-publish","format-standard","has-post-thumbnail","hentry","category-justica","category-ultimas"],"yoast_head":"<!-- This site is optimized with the Yoast SEO plugin v27.1.1 - https:\/\/yoast.com\/product\/yoast-seo-wordpress\/ -->\n<title>30 mortes em opera\u00e7\u00f5es da PM: Silvio Almeida aciona Ouvidoria Nacional dos Direitos Humanos para acompanhar investiga\u00e7\u00f5es - Brasil not\u00edcias<\/title>\n<meta name=\"robots\" content=\"index, follow, max-snippet:-1, max-image-preview:large, max-video-preview:-1\" \/>\n<link rel=\"canonical\" href=\"https:\/\/brasilnoticias.org\/site\/30-mortes-em-operacoes-da-pm-silvio-almeida-aciona-ouvidoria-nacional-dos-direitos-humanos-para-acompanhar-investigacoes\/\" \/>\n<meta property=\"og:locale\" content=\"pt_PT\" \/>\n<meta property=\"og:type\" content=\"article\" \/>\n<meta property=\"og:title\" content=\"30 mortes em opera\u00e7\u00f5es da PM: Silvio Almeida aciona Ouvidoria Nacional dos Direitos Humanos para acompanhar investiga\u00e7\u00f5es - Brasil not\u00edcias\" \/>\n<meta property=\"og:description\" content=\"Mortes na Bahia aconteceram entre 28 de julho e 4 de agosto, nas cidades de Salvador, Cama\u00e7ari e Itatim. Veja\" \/>\n<meta property=\"og:url\" content=\"https:\/\/brasilnoticias.org\/site\/30-mortes-em-operacoes-da-pm-silvio-almeida-aciona-ouvidoria-nacional-dos-direitos-humanos-para-acompanhar-investigacoes\/\" \/>\n<meta property=\"og:site_name\" content=\"Brasil not\u00edcias\" \/>\n<meta property=\"article:published_time\" content=\"2023-08-07T12:00:33+00:00\" \/>\n<meta property=\"og:image\" content=\"https:\/\/brasilnoticias.org\/site\/wp-content\/uploads\/2023\/08\/0401-bdbr-ministros.01-frame-11533.webp\" \/>\n\t<meta property=\"og:image:width\" content=\"810\" \/>\n\t<meta property=\"og:image:height\" content=\"456\" \/>\n\t<meta property=\"og:image:type\" content=\"image\/webp\" \/>\n<meta name=\"author\" content=\"Reda\u00e7\u00e3o\" \/>\n<meta name=\"twitter:card\" content=\"summary_large_image\" \/>\n<meta name=\"twitter:label1\" content=\"Escrito por\" \/>\n\t<meta name=\"twitter:data1\" content=\"Reda\u00e7\u00e3o\" \/>\n<script type=\"application\/ld+json\" class=\"yoast-schema-graph\">{\"@context\":\"https:\/\/schema.org\",\"@graph\":[{\"@type\":\"Article\",\"@id\":\"https:\/\/brasilnoticias.org\/site\/30-mortes-em-operacoes-da-pm-silvio-almeida-aciona-ouvidoria-nacional-dos-direitos-humanos-para-acompanhar-investigacoes\/#article\",\"isPartOf\":{\"@id\":\"https:\/\/brasilnoticias.org\/site\/30-mortes-em-operacoes-da-pm-silvio-almeida-aciona-ouvidoria-nacional-dos-direitos-humanos-para-acompanhar-investigacoes\/\"},\"author\":{\"name\":\"Reda\u00e7\u00e3o\",\"@id\":\"https:\/\/brasilnoticias.org\/site\/#\/schema\/person\/03bbbfe6c7634ad18c26444ea39049fa\"},\"headline\":\"30 mortes em opera\u00e7\u00f5es da PM: Silvio Almeida aciona Ouvidoria Nacional dos Direitos Humanos para acompanhar investiga\u00e7\u00f5es\",\"datePublished\":\"2023-08-07T12:00:33+00:00\",\"mainEntityOfPage\":{\"@id\":\"https:\/\/brasilnoticias.org\/site\/30-mortes-em-operacoes-da-pm-silvio-almeida-aciona-ouvidoria-nacional-dos-direitos-humanos-para-acompanhar-investigacoes\/\"},\"wordCount\":394,\"commentCount\":0,\"publisher\":{\"@id\":\"https:\/\/brasilnoticias.org\/site\/#organization\"},\"image\":{\"@id\":\"https:\/\/brasilnoticias.org\/site\/30-mortes-em-operacoes-da-pm-silvio-almeida-aciona-ouvidoria-nacional-dos-direitos-humanos-para-acompanhar-investigacoes\/#primaryimage\"},\"thumbnailUrl\":\"https:\/\/brasilnoticias.org\/site\/wp-content\/uploads\/2023\/08\/0401-bdbr-ministros.01-frame-11533.webp\",\"articleSection\":[\"Justi\u00e7a\",\"\u00daltimas\"],\"inLanguage\":\"pt-PT\",\"potentialAction\":[{\"@type\":\"CommentAction\",\"name\":\"Comment\",\"target\":[\"https:\/\/brasilnoticias.org\/site\/30-mortes-em-operacoes-da-pm-silvio-almeida-aciona-ouvidoria-nacional-dos-direitos-humanos-para-acompanhar-investigacoes\/#respond\"]}]},{\"@type\":\"WebPage\",\"@id\":\"https:\/\/brasilnoticias.org\/site\/30-mortes-em-operacoes-da-pm-silvio-almeida-aciona-ouvidoria-nacional-dos-direitos-humanos-para-acompanhar-investigacoes\/\",\"url\":\"https:\/\/brasilnoticias.org\/site\/30-mortes-em-operacoes-da-pm-silvio-almeida-aciona-ouvidoria-nacional-dos-direitos-humanos-para-acompanhar-investigacoes\/\",\"name\":\"30 mortes em opera\u00e7\u00f5es da PM: Silvio Almeida aciona Ouvidoria Nacional dos Direitos Humanos para acompanhar investiga\u00e7\u00f5es - Brasil not\u00edcias\",\"isPartOf\":{\"@id\":\"https:\/\/brasilnoticias.org\/site\/#website\"},\"primaryImageOfPage\":{\"@id\":\"https:\/\/brasilnoticias.org\/site\/30-mortes-em-operacoes-da-pm-silvio-almeida-aciona-ouvidoria-nacional-dos-direitos-humanos-para-acompanhar-investigacoes\/#primaryimage\"},\"image\":{\"@id\":\"https:\/\/brasilnoticias.org\/site\/30-mortes-em-operacoes-da-pm-silvio-almeida-aciona-ouvidoria-nacional-dos-direitos-humanos-para-acompanhar-investigacoes\/#primaryimage\"},\"thumbnailUrl\":\"https:\/\/brasilnoticias.org\/site\/wp-content\/uploads\/2023\/08\/0401-bdbr-ministros.01-frame-11533.webp\",\"datePublished\":\"2023-08-07T12:00:33+00:00\",\"breadcrumb\":{\"@id\":\"https:\/\/brasilnoticias.org\/site\/30-mortes-em-operacoes-da-pm-silvio-almeida-aciona-ouvidoria-nacional-dos-direitos-humanos-para-acompanhar-investigacoes\/#breadcrumb\"},\"inLanguage\":\"pt-PT\",\"potentialAction\":[{\"@type\":\"ReadAction\",\"target\":[\"https:\/\/brasilnoticias.org\/site\/30-mortes-em-operacoes-da-pm-silvio-almeida-aciona-ouvidoria-nacional-dos-direitos-humanos-para-acompanhar-investigacoes\/\"]}]},{\"@type\":\"ImageObject\",\"inLanguage\":\"pt-PT\",\"@id\":\"https:\/\/brasilnoticias.org\/site\/30-mortes-em-operacoes-da-pm-silvio-almeida-aciona-ouvidoria-nacional-dos-direitos-humanos-para-acompanhar-investigacoes\/#primaryimage\",\"url\":\"https:\/\/brasilnoticias.org\/site\/wp-content\/uploads\/2023\/08\/0401-bdbr-ministros.01-frame-11533.webp\",\"contentUrl\":\"https:\/\/brasilnoticias.org\/site\/wp-content\/uploads\/2023\/08\/0401-bdbr-ministros.01-frame-11533.webp\",\"width\":810,\"height\":456},{\"@type\":\"BreadcrumbList\",\"@id\":\"https:\/\/brasilnoticias.org\/site\/30-mortes-em-operacoes-da-pm-silvio-almeida-aciona-ouvidoria-nacional-dos-direitos-humanos-para-acompanhar-investigacoes\/#breadcrumb\",\"itemListElement\":[{\"@type\":\"ListItem\",\"position\":1,\"name\":\"In\u00edcio\",\"item\":\"https:\/\/brasilnoticias.org\/site\/\"},{\"@type\":\"ListItem\",\"position\":2,\"name\":\"30 mortes em opera\u00e7\u00f5es da PM: Silvio Almeida aciona Ouvidoria Nacional dos Direitos Humanos para acompanhar investiga\u00e7\u00f5es\"}]},{\"@type\":\"WebSite\",\"@id\":\"https:\/\/brasilnoticias.org\/site\/#website\",\"url\":\"https:\/\/brasilnoticias.org\/site\/\",\"name\":\"Brasil not\u00edcias\",\"description\":\"Brasil not\u00edcias\",\"publisher\":{\"@id\":\"https:\/\/brasilnoticias.org\/site\/#organization\"},\"potentialAction\":[{\"@type\":\"SearchAction\",\"target\":{\"@type\":\"EntryPoint\",\"urlTemplate\":\"https:\/\/brasilnoticias.org\/site\/?s={search_term_string}\"},\"query-input\":{\"@type\":\"PropertyValueSpecification\",\"valueRequired\":true,\"valueName\":\"search_term_string\"}}],\"inLanguage\":\"pt-PT\"},{\"@type\":\"Organization\",\"@id\":\"https:\/\/brasilnoticias.org\/site\/#organization\",\"name\":\"Brasil not\u00edcias\",\"url\":\"https:\/\/brasilnoticias.org\/site\/\",\"logo\":{\"@type\":\"ImageObject\",\"inLanguage\":\"pt-PT\",\"@id\":\"https:\/\/brasilnoticias.org\/site\/#\/schema\/logo\/image\/\",\"url\":\"https:\/\/brasilnoticias.org\/site\/wp-content\/uploads\/2022\/05\/cropped-brasilnoticias-mini.jpg\",\"contentUrl\":\"https:\/\/brasilnoticias.org\/site\/wp-content\/uploads\/2022\/05\/cropped-brasilnoticias-mini.jpg\",\"width\":314,\"height\":86,\"caption\":\"Brasil not\u00edcias\"},\"image\":{\"@id\":\"https:\/\/brasilnoticias.org\/site\/#\/schema\/logo\/image\/\"}},{\"@type\":\"Person\",\"@id\":\"https:\/\/brasilnoticias.org\/site\/#\/schema\/person\/03bbbfe6c7634ad18c26444ea39049fa\",\"name\":\"Reda\u00e7\u00e3o\",\"image\":{\"@type\":\"ImageObject\",\"inLanguage\":\"pt-PT\",\"@id\":\"https:\/\/brasilnoticias.org\/site\/#\/schema\/person\/image\/\",\"url\":\"https:\/\/secure.gravatar.com\/avatar\/9ecaf7327a696cb23ad926fedded5f1f04d7049de9e445375d55b48c001a6e42?s=96&d=mm&r=g\",\"contentUrl\":\"https:\/\/secure.gravatar.com\/avatar\/9ecaf7327a696cb23ad926fedded5f1f04d7049de9e445375d55b48c001a6e42?s=96&d=mm&r=g\",\"caption\":\"Reda\u00e7\u00e3o\"},\"url\":\"https:\/\/brasilnoticias.org\/site\/author\/henrique\/\"}]}<\/script>\n<!-- \/ Yoast SEO plugin. -->","yoast_head_json":{"title":"30 mortes em opera\u00e7\u00f5es da PM: Silvio Almeida aciona Ouvidoria Nacional dos Direitos Humanos para acompanhar investiga\u00e7\u00f5es - Brasil not\u00edcias","robots":{"index":"index","follow":"follow","max-snippet":"max-snippet:-1","max-image-preview":"max-image-preview:large","max-video-preview":"max-video-preview:-1"},"canonical":"https:\/\/brasilnoticias.org\/site\/30-mortes-em-operacoes-da-pm-silvio-almeida-aciona-ouvidoria-nacional-dos-direitos-humanos-para-acompanhar-investigacoes\/","og_locale":"pt_PT","og_type":"article","og_title":"30 mortes em opera\u00e7\u00f5es da PM: Silvio Almeida aciona Ouvidoria Nacional dos Direitos Humanos para acompanhar investiga\u00e7\u00f5es - Brasil not\u00edcias","og_description":"Mortes na Bahia aconteceram entre 28 de julho e 4 de agosto, nas cidades de Salvador, Cama\u00e7ari e Itatim. Veja","og_url":"https:\/\/brasilnoticias.org\/site\/30-mortes-em-operacoes-da-pm-silvio-almeida-aciona-ouvidoria-nacional-dos-direitos-humanos-para-acompanhar-investigacoes\/","og_site_name":"Brasil not\u00edcias","article_published_time":"2023-08-07T12:00:33+00:00","og_image":[{"width":810,"height":456,"url":"https:\/\/brasilnoticias.org\/site\/wp-content\/uploads\/2023\/08\/0401-bdbr-ministros.01-frame-11533.webp","type":"image\/webp"}],"author":"Reda\u00e7\u00e3o","twitter_card":"summary_large_image","twitter_misc":{"Escrito por":"Reda\u00e7\u00e3o"},"schema":{"@context":"https:\/\/schema.org","@graph":[{"@type":"Article","@id":"https:\/\/brasilnoticias.org\/site\/30-mortes-em-operacoes-da-pm-silvio-almeida-aciona-ouvidoria-nacional-dos-direitos-humanos-para-acompanhar-investigacoes\/#article","isPartOf":{"@id":"https:\/\/brasilnoticias.org\/site\/30-mortes-em-operacoes-da-pm-silvio-almeida-aciona-ouvidoria-nacional-dos-direitos-humanos-para-acompanhar-investigacoes\/"},"author":{"name":"Reda\u00e7\u00e3o","@id":"https:\/\/brasilnoticias.org\/site\/#\/schema\/person\/03bbbfe6c7634ad18c26444ea39049fa"},"headline":"30 mortes em opera\u00e7\u00f5es da PM: Silvio Almeida aciona Ouvidoria Nacional dos Direitos Humanos para acompanhar investiga\u00e7\u00f5es","datePublished":"2023-08-07T12:00:33+00:00","mainEntityOfPage":{"@id":"https:\/\/brasilnoticias.org\/site\/30-mortes-em-operacoes-da-pm-silvio-almeida-aciona-ouvidoria-nacional-dos-direitos-humanos-para-acompanhar-investigacoes\/"},"wordCount":394,"commentCount":0,"publisher":{"@id":"https:\/\/brasilnoticias.org\/site\/#organization"},"image":{"@id":"https:\/\/brasilnoticias.org\/site\/30-mortes-em-operacoes-da-pm-silvio-almeida-aciona-ouvidoria-nacional-dos-direitos-humanos-para-acompanhar-investigacoes\/#primaryimage"},"thumbnailUrl":"https:\/\/brasilnoticias.org\/site\/wp-content\/uploads\/2023\/08\/0401-bdbr-ministros.01-frame-11533.webp","articleSection":["Justi\u00e7a","\u00daltimas"],"inLanguage":"pt-PT","potentialAction":[{"@type":"CommentAction","name":"Comment","target":["https:\/\/brasilnoticias.org\/site\/30-mortes-em-operacoes-da-pm-silvio-almeida-aciona-ouvidoria-nacional-dos-direitos-humanos-para-acompanhar-investigacoes\/#respond"]}]},{"@type":"WebPage","@id":"https:\/\/brasilnoticias.org\/site\/30-mortes-em-operacoes-da-pm-silvio-almeida-aciona-ouvidoria-nacional-dos-direitos-humanos-para-acompanhar-investigacoes\/","url":"https:\/\/brasilnoticias.org\/site\/30-mortes-em-operacoes-da-pm-silvio-almeida-aciona-ouvidoria-nacional-dos-direitos-humanos-para-acompanhar-investigacoes\/","name":"30 mortes em opera\u00e7\u00f5es da PM: Silvio Almeida aciona Ouvidoria Nacional dos Direitos Humanos para acompanhar investiga\u00e7\u00f5es - Brasil not\u00edcias","isPartOf":{"@id":"https:\/\/brasilnoticias.org\/site\/#website"},"primaryImageOfPage":{"@id":"https:\/\/brasilnoticias.org\/site\/30-mortes-em-operacoes-da-pm-silvio-almeida-aciona-ouvidoria-nacional-dos-direitos-humanos-para-acompanhar-investigacoes\/#primaryimage"},"image":{"@id":"https:\/\/brasilnoticias.org\/site\/30-mortes-em-operacoes-da-pm-silvio-almeida-aciona-ouvidoria-nacional-dos-direitos-humanos-para-acompanhar-investigacoes\/#primaryimage"},"thumbnailUrl":"https:\/\/brasilnoticias.org\/site\/wp-content\/uploads\/2023\/08\/0401-bdbr-ministros.01-frame-11533.webp","datePublished":"2023-08-07T12:00:33+00:00","breadcrumb":{"@id":"https:\/\/brasilnoticias.org\/site\/30-mortes-em-operacoes-da-pm-silvio-almeida-aciona-ouvidoria-nacional-dos-direitos-humanos-para-acompanhar-investigacoes\/#breadcrumb"},"inLanguage":"pt-PT","potentialAction":[{"@type":"ReadAction","target":["https:\/\/brasilnoticias.org\/site\/30-mortes-em-operacoes-da-pm-silvio-almeida-aciona-ouvidoria-nacional-dos-direitos-humanos-para-acompanhar-investigacoes\/"]}]},{"@type":"ImageObject","inLanguage":"pt-PT","@id":"https:\/\/brasilnoticias.org\/site\/30-mortes-em-operacoes-da-pm-silvio-almeida-aciona-ouvidoria-nacional-dos-direitos-humanos-para-acompanhar-investigacoes\/#primaryimage","url":"https:\/\/brasilnoticias.org\/site\/wp-content\/uploads\/2023\/08\/0401-bdbr-ministros.01-frame-11533.webp","contentUrl":"https:\/\/brasilnoticias.org\/site\/wp-content\/uploads\/2023\/08\/0401-bdbr-ministros.01-frame-11533.webp","width":810,"height":456},{"@type":"BreadcrumbList","@id":"https:\/\/brasilnoticias.org\/site\/30-mortes-em-operacoes-da-pm-silvio-almeida-aciona-ouvidoria-nacional-dos-direitos-humanos-para-acompanhar-investigacoes\/#breadcrumb","itemListElement":[{"@type":"ListItem","position":1,"name":"In\u00edcio","item":"https:\/\/brasilnoticias.org\/site\/"},{"@type":"ListItem","position":2,"name":"30 mortes em opera\u00e7\u00f5es da PM: Silvio Almeida aciona Ouvidoria Nacional dos Direitos Humanos para acompanhar investiga\u00e7\u00f5es"}]},{"@type":"WebSite","@id":"https:\/\/brasilnoticias.org\/site\/#website","url":"https:\/\/brasilnoticias.org\/site\/","name":"Brasil not\u00edcias","description":"Brasil not\u00edcias","publisher":{"@id":"https:\/\/brasilnoticias.org\/site\/#organization"},"potentialAction":[{"@type":"SearchAction","target":{"@type":"EntryPoint","urlTemplate":"https:\/\/brasilnoticias.org\/site\/?s={search_term_string}"},"query-input":{"@type":"PropertyValueSpecification","valueRequired":true,"valueName":"search_term_string"}}],"inLanguage":"pt-PT"},{"@type":"Organization","@id":"https:\/\/brasilnoticias.org\/site\/#organization","name":"Brasil not\u00edcias","url":"https:\/\/brasilnoticias.org\/site\/","logo":{"@type":"ImageObject","inLanguage":"pt-PT","@id":"https:\/\/brasilnoticias.org\/site\/#\/schema\/logo\/image\/","url":"https:\/\/brasilnoticias.org\/site\/wp-content\/uploads\/2022\/05\/cropped-brasilnoticias-mini.jpg","contentUrl":"https:\/\/brasilnoticias.org\/site\/wp-content\/uploads\/2022\/05\/cropped-brasilnoticias-mini.jpg","width":314,"height":86,"caption":"Brasil not\u00edcias"},"image":{"@id":"https:\/\/brasilnoticias.org\/site\/#\/schema\/logo\/image\/"}},{"@type":"Person","@id":"https:\/\/brasilnoticias.org\/site\/#\/schema\/person\/03bbbfe6c7634ad18c26444ea39049fa","name":"Reda\u00e7\u00e3o","image":{"@type":"ImageObject","inLanguage":"pt-PT","@id":"https:\/\/brasilnoticias.org\/site\/#\/schema\/person\/image\/","url":"https:\/\/secure.gravatar.com\/avatar\/9ecaf7327a696cb23ad926fedded5f1f04d7049de9e445375d55b48c001a6e42?s=96&d=mm&r=g","contentUrl":"https:\/\/secure.gravatar.com\/avatar\/9ecaf7327a696cb23ad926fedded5f1f04d7049de9e445375d55b48c001a6e42?s=96&d=mm&r=g","caption":"Reda\u00e7\u00e3o"},"url":"https:\/\/brasilnoticias.org\/site\/author\/henrique\/"}]}},"_links":{"self":[{"href":"https:\/\/brasilnoticias.org\/site\/wp-json\/wp\/v2\/posts\/8022","targetHints":{"allow":["GET"]}}],"collection":[{"href":"https:\/\/brasilnoticias.org\/site\/wp-json\/wp\/v2\/posts"}],"about":[{"href":"https:\/\/brasilnoticias.org\/site\/wp-json\/wp\/v2\/types\/post"}],"author":[{"embeddable":true,"href":"https:\/\/brasilnoticias.org\/site\/wp-json\/wp\/v2\/users\/4"}],"replies":[{"embeddable":true,"href":"https:\/\/brasilnoticias.org\/site\/wp-json\/wp\/v2\/comments?post=8022"}],"version-history":[{"count":1,"href":"https:\/\/brasilnoticias.org\/site\/wp-json\/wp\/v2\/posts\/8022\/revisions"}],"predecessor-version":[{"id":8024,"href":"https:\/\/brasilnoticias.org\/site\/wp-json\/wp\/v2\/posts\/8022\/revisions\/8024"}],"wp:featuredmedia":[{"embeddable":true,"href":"https:\/\/brasilnoticias.org\/site\/wp-json\/wp\/v2\/media\/8023"}],"wp:attachment":[{"href":"https:\/\/brasilnoticias.org\/site\/wp-json\/wp\/v2\/media?parent=8022"}],"wp:term":[{"taxonomy":"category","embeddable":true,"href":"https:\/\/brasilnoticias.org\/site\/wp-json\/wp\/v2\/categories?post=8022"},{"taxonomy":"post_tag","embeddable":true,"href":"https:\/\/brasilnoticias.org\/site\/wp-json\/wp\/v2\/tags?post=8022"}],"curies":[{"name":"wp","href":"https:\/\/api.w.org\/{rel}","templated":true}]}}