{"id":8031,"date":"2023-08-07T17:44:22","date_gmt":"2023-08-07T20:44:22","guid":{"rendered":"https:\/\/brasilnoticias.org\/site\/?p=8031"},"modified":"2023-08-07T17:44:22","modified_gmt":"2023-08-07T20:44:22","slug":"sindicatos-disputam-final-de-copa-cut-2023-no-sabado-12","status":"publish","type":"post","link":"https:\/\/brasilnoticias.org\/site\/sindicatos-disputam-final-de-copa-cut-2023-no-sabado-12\/","title":{"rendered":"Sindicatos disputam final de Copa CUT 2023 no s\u00e1bado (12)"},"content":{"rendered":"<p>SindilimpBA e Sindiqu\u00edmica chegaram \u00e0 final da competi\u00e7\u00e3o<\/p>\n<p>A final da Copa CUT 2023 ser\u00e1 entre o SindilimpBA e um dos times do Sindiqu\u00edmica no s\u00e1bado (12\/8). O jogo acontece no campo society do clube da Adelba, em Salvador, com torcida formada por diferentes membros de ambas as diretorias dos sindicatos.<\/p>\n<p>Os jogos de semifinais foram realizados no \u00faltimo final de semana com a presen\u00e7a da presidente estadual da Central \u00danica dos Trabalhadores da Bahia, Leninha Valente, dos vereadores da capital Luiz Carlos Su\u00edca (PT) e Marta Rodrigues (PT), e da coordenadora-geral do SindilimpBA, Ana Ang\u00e9lica Rabello.<\/p>\n<p>\u201cEstamos na final ap\u00f3s um jogo muito dif\u00edcil contra o SindiBorracha,  o n\u00edvel da competi\u00e7\u00e3o est\u00e1 muito alto\u201d, diz Ana Ang\u00e9lica. O vereador Su\u00edca defende a iniciativa e diz que as equipes far\u00e3o uma final hist\u00f3rica no s\u00e1bado. \u201c\u00c9 o fut7 sendo disseminado pelos trabalhadores\u201d, afirma.<\/p>\n<p>Foto: Divulga\u00e7\u00e3o<br \/>\nAratu On<\/p>\n","protected":false},"excerpt":{"rendered":"<p>SindilimpBA e Sindiqu\u00edmica chegaram \u00e0 final da competi\u00e7\u00e3o A final da Copa CUT 2023 ser\u00e1 entre o SindilimpBA e um<\/p>\n","protected":false},"author":4,"featured_media":8032,"comment_status":"open","ping_status":"open","sticky":false,"template":"","format":"standard","meta":{"colormag_page_container_layout":"default_layout","colormag_page_sidebar_layout":"default_layout","_FSMCFIC_featured_image_caption":"","_FSMCFIC_featured_image_nocaption":"","_FSMCFIC_featured_image_hide":"","footnotes":""},"categories":[4,1],"tags":[],"class_list":["post-8031","post","type-post","status-publish","format-standard","has-post-thumbnail","hentry","category-esporte","category-ultimas"],"yoast_head":"<!-- This site is optimized with the Yoast SEO plugin v27.1.1 - https:\/\/yoast.com\/product\/yoast-seo-wordpress\/ -->\n<title>Sindicatos disputam final de Copa CUT 2023 no s\u00e1bado (12) - Brasil not\u00edcias<\/title>\n<meta name=\"robots\" content=\"index, follow, max-snippet:-1, max-image-preview:large, max-video-preview:-1\" \/>\n<link rel=\"canonical\" href=\"https:\/\/brasilnoticias.org\/site\/sindicatos-disputam-final-de-copa-cut-2023-no-sabado-12\/\" \/>\n<meta property=\"og:locale\" content=\"pt_PT\" \/>\n<meta property=\"og:type\" content=\"article\" \/>\n<meta property=\"og:title\" content=\"Sindicatos disputam final de Copa CUT 2023 no s\u00e1bado (12) - Brasil not\u00edcias\" \/>\n<meta property=\"og:description\" content=\"SindilimpBA e Sindiqu\u00edmica chegaram \u00e0 final da competi\u00e7\u00e3o A final da Copa CUT 2023 ser\u00e1 entre o SindilimpBA e um\" \/>\n<meta property=\"og:url\" content=\"https:\/\/brasilnoticias.org\/site\/sindicatos-disputam-final-de-copa-cut-2023-no-sabado-12\/\" \/>\n<meta property=\"og:site_name\" content=\"Brasil not\u00edcias\" \/>\n<meta property=\"article:published_time\" content=\"2023-08-07T20:44:22+00:00\" \/>\n<meta property=\"og:image\" content=\"https:\/\/brasilnoticias.org\/site\/wp-content\/uploads\/2023\/08\/IMG_4435.jpeg\" \/>\n\t<meta property=\"og:image:width\" content=\"740\" \/>\n\t<meta property=\"og:image:height\" content=\"470\" \/>\n\t<meta property=\"og:image:type\" content=\"image\/jpeg\" \/>\n<meta name=\"author\" content=\"Reda\u00e7\u00e3o\" \/>\n<meta name=\"twitter:card\" content=\"summary_large_image\" \/>\n<meta name=\"twitter:label1\" content=\"Escrito por\" \/>\n\t<meta name=\"twitter:data1\" content=\"Reda\u00e7\u00e3o\" \/>\n<script type=\"application\/ld+json\" class=\"yoast-schema-graph\">{\"@context\":\"https:\/\/schema.org\",\"@graph\":[{\"@type\":\"Article\",\"@id\":\"https:\/\/brasilnoticias.org\/site\/sindicatos-disputam-final-de-copa-cut-2023-no-sabado-12\/#article\",\"isPartOf\":{\"@id\":\"https:\/\/brasilnoticias.org\/site\/sindicatos-disputam-final-de-copa-cut-2023-no-sabado-12\/\"},\"author\":{\"name\":\"Reda\u00e7\u00e3o\",\"@id\":\"https:\/\/brasilnoticias.org\/site\/#\/schema\/person\/03bbbfe6c7634ad18c26444ea39049fa\"},\"headline\":\"Sindicatos disputam final de Copa CUT 2023 no s\u00e1bado (12)\",\"datePublished\":\"2023-08-07T20:44:22+00:00\",\"mainEntityOfPage\":{\"@id\":\"https:\/\/brasilnoticias.org\/site\/sindicatos-disputam-final-de-copa-cut-2023-no-sabado-12\/\"},\"wordCount\":169,\"commentCount\":0,\"publisher\":{\"@id\":\"https:\/\/brasilnoticias.org\/site\/#organization\"},\"image\":{\"@id\":\"https:\/\/brasilnoticias.org\/site\/sindicatos-disputam-final-de-copa-cut-2023-no-sabado-12\/#primaryimage\"},\"thumbnailUrl\":\"https:\/\/brasilnoticias.org\/site\/wp-content\/uploads\/2023\/08\/IMG_4435.jpeg\",\"articleSection\":[\"Esporte\",\"\u00daltimas\"],\"inLanguage\":\"pt-PT\",\"potentialAction\":[{\"@type\":\"CommentAction\",\"name\":\"Comment\",\"target\":[\"https:\/\/brasilnoticias.org\/site\/sindicatos-disputam-final-de-copa-cut-2023-no-sabado-12\/#respond\"]}]},{\"@type\":\"WebPage\",\"@id\":\"https:\/\/brasilnoticias.org\/site\/sindicatos-disputam-final-de-copa-cut-2023-no-sabado-12\/\",\"url\":\"https:\/\/brasilnoticias.org\/site\/sindicatos-disputam-final-de-copa-cut-2023-no-sabado-12\/\",\"name\":\"Sindicatos disputam final de Copa CUT 2023 no s\u00e1bado (12) - Brasil not\u00edcias\",\"isPartOf\":{\"@id\":\"https:\/\/brasilnoticias.org\/site\/#website\"},\"primaryImageOfPage\":{\"@id\":\"https:\/\/brasilnoticias.org\/site\/sindicatos-disputam-final-de-copa-cut-2023-no-sabado-12\/#primaryimage\"},\"image\":{\"@id\":\"https:\/\/brasilnoticias.org\/site\/sindicatos-disputam-final-de-copa-cut-2023-no-sabado-12\/#primaryimage\"},\"thumbnailUrl\":\"https:\/\/brasilnoticias.org\/site\/wp-content\/uploads\/2023\/08\/IMG_4435.jpeg\",\"datePublished\":\"2023-08-07T20:44:22+00:00\",\"breadcrumb\":{\"@id\":\"https:\/\/brasilnoticias.org\/site\/sindicatos-disputam-final-de-copa-cut-2023-no-sabado-12\/#breadcrumb\"},\"inLanguage\":\"pt-PT\",\"potentialAction\":[{\"@type\":\"ReadAction\",\"target\":[\"https:\/\/brasilnoticias.org\/site\/sindicatos-disputam-final-de-copa-cut-2023-no-sabado-12\/\"]}]},{\"@type\":\"ImageObject\",\"inLanguage\":\"pt-PT\",\"@id\":\"https:\/\/brasilnoticias.org\/site\/sindicatos-disputam-final-de-copa-cut-2023-no-sabado-12\/#primaryimage\",\"url\":\"https:\/\/brasilnoticias.org\/site\/wp-content\/uploads\/2023\/08\/IMG_4435.jpeg\",\"contentUrl\":\"https:\/\/brasilnoticias.org\/site\/wp-content\/uploads\/2023\/08\/IMG_4435.jpeg\",\"width\":740,\"height\":470},{\"@type\":\"BreadcrumbList\",\"@id\":\"https:\/\/brasilnoticias.org\/site\/sindicatos-disputam-final-de-copa-cut-2023-no-sabado-12\/#breadcrumb\",\"itemListElement\":[{\"@type\":\"ListItem\",\"position\":1,\"name\":\"In\u00edcio\",\"item\":\"https:\/\/brasilnoticias.org\/site\/\"},{\"@type\":\"ListItem\",\"position\":2,\"name\":\"Sindicatos disputam final de Copa CUT 2023 no s\u00e1bado (12)\"}]},{\"@type\":\"WebSite\",\"@id\":\"https:\/\/brasilnoticias.org\/site\/#website\",\"url\":\"https:\/\/brasilnoticias.org\/site\/\",\"name\":\"Brasil not\u00edcias\",\"description\":\"Brasil not\u00edcias\",\"publisher\":{\"@id\":\"https:\/\/brasilnoticias.org\/site\/#organization\"},\"potentialAction\":[{\"@type\":\"SearchAction\",\"target\":{\"@type\":\"EntryPoint\",\"urlTemplate\":\"https:\/\/brasilnoticias.org\/site\/?s={search_term_string}\"},\"query-input\":{\"@type\":\"PropertyValueSpecification\",\"valueRequired\":true,\"valueName\":\"search_term_string\"}}],\"inLanguage\":\"pt-PT\"},{\"@type\":\"Organization\",\"@id\":\"https:\/\/brasilnoticias.org\/site\/#organization\",\"name\":\"Brasil not\u00edcias\",\"url\":\"https:\/\/brasilnoticias.org\/site\/\",\"logo\":{\"@type\":\"ImageObject\",\"inLanguage\":\"pt-PT\",\"@id\":\"https:\/\/brasilnoticias.org\/site\/#\/schema\/logo\/image\/\",\"url\":\"https:\/\/brasilnoticias.org\/site\/wp-content\/uploads\/2022\/05\/cropped-brasilnoticias-mini.jpg\",\"contentUrl\":\"https:\/\/brasilnoticias.org\/site\/wp-content\/uploads\/2022\/05\/cropped-brasilnoticias-mini.jpg\",\"width\":314,\"height\":86,\"caption\":\"Brasil not\u00edcias\"},\"image\":{\"@id\":\"https:\/\/brasilnoticias.org\/site\/#\/schema\/logo\/image\/\"}},{\"@type\":\"Person\",\"@id\":\"https:\/\/brasilnoticias.org\/site\/#\/schema\/person\/03bbbfe6c7634ad18c26444ea39049fa\",\"name\":\"Reda\u00e7\u00e3o\",\"image\":{\"@type\":\"ImageObject\",\"inLanguage\":\"pt-PT\",\"@id\":\"https:\/\/brasilnoticias.org\/site\/#\/schema\/person\/image\/\",\"url\":\"https:\/\/secure.gravatar.com\/avatar\/9ecaf7327a696cb23ad926fedded5f1f04d7049de9e445375d55b48c001a6e42?s=96&d=mm&r=g\",\"contentUrl\":\"https:\/\/secure.gravatar.com\/avatar\/9ecaf7327a696cb23ad926fedded5f1f04d7049de9e445375d55b48c001a6e42?s=96&d=mm&r=g\",\"caption\":\"Reda\u00e7\u00e3o\"},\"url\":\"https:\/\/brasilnoticias.org\/site\/author\/henrique\/\"}]}<\/script>\n<!-- \/ Yoast SEO plugin. -->","yoast_head_json":{"title":"Sindicatos disputam final de Copa CUT 2023 no s\u00e1bado (12) - Brasil not\u00edcias","robots":{"index":"index","follow":"follow","max-snippet":"max-snippet:-1","max-image-preview":"max-image-preview:large","max-video-preview":"max-video-preview:-1"},"canonical":"https:\/\/brasilnoticias.org\/site\/sindicatos-disputam-final-de-copa-cut-2023-no-sabado-12\/","og_locale":"pt_PT","og_type":"article","og_title":"Sindicatos disputam final de Copa CUT 2023 no s\u00e1bado (12) - Brasil not\u00edcias","og_description":"SindilimpBA e Sindiqu\u00edmica chegaram \u00e0 final da competi\u00e7\u00e3o A final da Copa CUT 2023 ser\u00e1 entre o SindilimpBA e um","og_url":"https:\/\/brasilnoticias.org\/site\/sindicatos-disputam-final-de-copa-cut-2023-no-sabado-12\/","og_site_name":"Brasil not\u00edcias","article_published_time":"2023-08-07T20:44:22+00:00","og_image":[{"width":740,"height":470,"url":"https:\/\/brasilnoticias.org\/site\/wp-content\/uploads\/2023\/08\/IMG_4435.jpeg","type":"image\/jpeg"}],"author":"Reda\u00e7\u00e3o","twitter_card":"summary_large_image","twitter_misc":{"Escrito por":"Reda\u00e7\u00e3o"},"schema":{"@context":"https:\/\/schema.org","@graph":[{"@type":"Article","@id":"https:\/\/brasilnoticias.org\/site\/sindicatos-disputam-final-de-copa-cut-2023-no-sabado-12\/#article","isPartOf":{"@id":"https:\/\/brasilnoticias.org\/site\/sindicatos-disputam-final-de-copa-cut-2023-no-sabado-12\/"},"author":{"name":"Reda\u00e7\u00e3o","@id":"https:\/\/brasilnoticias.org\/site\/#\/schema\/person\/03bbbfe6c7634ad18c26444ea39049fa"},"headline":"Sindicatos disputam final de Copa CUT 2023 no s\u00e1bado (12)","datePublished":"2023-08-07T20:44:22+00:00","mainEntityOfPage":{"@id":"https:\/\/brasilnoticias.org\/site\/sindicatos-disputam-final-de-copa-cut-2023-no-sabado-12\/"},"wordCount":169,"commentCount":0,"publisher":{"@id":"https:\/\/brasilnoticias.org\/site\/#organization"},"image":{"@id":"https:\/\/brasilnoticias.org\/site\/sindicatos-disputam-final-de-copa-cut-2023-no-sabado-12\/#primaryimage"},"thumbnailUrl":"https:\/\/brasilnoticias.org\/site\/wp-content\/uploads\/2023\/08\/IMG_4435.jpeg","articleSection":["Esporte","\u00daltimas"],"inLanguage":"pt-PT","potentialAction":[{"@type":"CommentAction","name":"Comment","target":["https:\/\/brasilnoticias.org\/site\/sindicatos-disputam-final-de-copa-cut-2023-no-sabado-12\/#respond"]}]},{"@type":"WebPage","@id":"https:\/\/brasilnoticias.org\/site\/sindicatos-disputam-final-de-copa-cut-2023-no-sabado-12\/","url":"https:\/\/brasilnoticias.org\/site\/sindicatos-disputam-final-de-copa-cut-2023-no-sabado-12\/","name":"Sindicatos disputam final de Copa CUT 2023 no s\u00e1bado (12) - Brasil not\u00edcias","isPartOf":{"@id":"https:\/\/brasilnoticias.org\/site\/#website"},"primaryImageOfPage":{"@id":"https:\/\/brasilnoticias.org\/site\/sindicatos-disputam-final-de-copa-cut-2023-no-sabado-12\/#primaryimage"},"image":{"@id":"https:\/\/brasilnoticias.org\/site\/sindicatos-disputam-final-de-copa-cut-2023-no-sabado-12\/#primaryimage"},"thumbnailUrl":"https:\/\/brasilnoticias.org\/site\/wp-content\/uploads\/2023\/08\/IMG_4435.jpeg","datePublished":"2023-08-07T20:44:22+00:00","breadcrumb":{"@id":"https:\/\/brasilnoticias.org\/site\/sindicatos-disputam-final-de-copa-cut-2023-no-sabado-12\/#breadcrumb"},"inLanguage":"pt-PT","potentialAction":[{"@type":"ReadAction","target":["https:\/\/brasilnoticias.org\/site\/sindicatos-disputam-final-de-copa-cut-2023-no-sabado-12\/"]}]},{"@type":"ImageObject","inLanguage":"pt-PT","@id":"https:\/\/brasilnoticias.org\/site\/sindicatos-disputam-final-de-copa-cut-2023-no-sabado-12\/#primaryimage","url":"https:\/\/brasilnoticias.org\/site\/wp-content\/uploads\/2023\/08\/IMG_4435.jpeg","contentUrl":"https:\/\/brasilnoticias.org\/site\/wp-content\/uploads\/2023\/08\/IMG_4435.jpeg","width":740,"height":470},{"@type":"BreadcrumbList","@id":"https:\/\/brasilnoticias.org\/site\/sindicatos-disputam-final-de-copa-cut-2023-no-sabado-12\/#breadcrumb","itemListElement":[{"@type":"ListItem","position":1,"name":"In\u00edcio","item":"https:\/\/brasilnoticias.org\/site\/"},{"@type":"ListItem","position":2,"name":"Sindicatos disputam final de Copa CUT 2023 no s\u00e1bado (12)"}]},{"@type":"WebSite","@id":"https:\/\/brasilnoticias.org\/site\/#website","url":"https:\/\/brasilnoticias.org\/site\/","name":"Brasil not\u00edcias","description":"Brasil not\u00edcias","publisher":{"@id":"https:\/\/brasilnoticias.org\/site\/#organization"},"potentialAction":[{"@type":"SearchAction","target":{"@type":"EntryPoint","urlTemplate":"https:\/\/brasilnoticias.org\/site\/?s={search_term_string}"},"query-input":{"@type":"PropertyValueSpecification","valueRequired":true,"valueName":"search_term_string"}}],"inLanguage":"pt-PT"},{"@type":"Organization","@id":"https:\/\/brasilnoticias.org\/site\/#organization","name":"Brasil not\u00edcias","url":"https:\/\/brasilnoticias.org\/site\/","logo":{"@type":"ImageObject","inLanguage":"pt-PT","@id":"https:\/\/brasilnoticias.org\/site\/#\/schema\/logo\/image\/","url":"https:\/\/brasilnoticias.org\/site\/wp-content\/uploads\/2022\/05\/cropped-brasilnoticias-mini.jpg","contentUrl":"https:\/\/brasilnoticias.org\/site\/wp-content\/uploads\/2022\/05\/cropped-brasilnoticias-mini.jpg","width":314,"height":86,"caption":"Brasil not\u00edcias"},"image":{"@id":"https:\/\/brasilnoticias.org\/site\/#\/schema\/logo\/image\/"}},{"@type":"Person","@id":"https:\/\/brasilnoticias.org\/site\/#\/schema\/person\/03bbbfe6c7634ad18c26444ea39049fa","name":"Reda\u00e7\u00e3o","image":{"@type":"ImageObject","inLanguage":"pt-PT","@id":"https:\/\/brasilnoticias.org\/site\/#\/schema\/person\/image\/","url":"https:\/\/secure.gravatar.com\/avatar\/9ecaf7327a696cb23ad926fedded5f1f04d7049de9e445375d55b48c001a6e42?s=96&d=mm&r=g","contentUrl":"https:\/\/secure.gravatar.com\/avatar\/9ecaf7327a696cb23ad926fedded5f1f04d7049de9e445375d55b48c001a6e42?s=96&d=mm&r=g","caption":"Reda\u00e7\u00e3o"},"url":"https:\/\/brasilnoticias.org\/site\/author\/henrique\/"}]}},"_links":{"self":[{"href":"https:\/\/brasilnoticias.org\/site\/wp-json\/wp\/v2\/posts\/8031","targetHints":{"allow":["GET"]}}],"collection":[{"href":"https:\/\/brasilnoticias.org\/site\/wp-json\/wp\/v2\/posts"}],"about":[{"href":"https:\/\/brasilnoticias.org\/site\/wp-json\/wp\/v2\/types\/post"}],"author":[{"embeddable":true,"href":"https:\/\/brasilnoticias.org\/site\/wp-json\/wp\/v2\/users\/4"}],"replies":[{"embeddable":true,"href":"https:\/\/brasilnoticias.org\/site\/wp-json\/wp\/v2\/comments?post=8031"}],"version-history":[{"count":1,"href":"https:\/\/brasilnoticias.org\/site\/wp-json\/wp\/v2\/posts\/8031\/revisions"}],"predecessor-version":[{"id":8033,"href":"https:\/\/brasilnoticias.org\/site\/wp-json\/wp\/v2\/posts\/8031\/revisions\/8033"}],"wp:featuredmedia":[{"embeddable":true,"href":"https:\/\/brasilnoticias.org\/site\/wp-json\/wp\/v2\/media\/8032"}],"wp:attachment":[{"href":"https:\/\/brasilnoticias.org\/site\/wp-json\/wp\/v2\/media?parent=8031"}],"wp:term":[{"taxonomy":"category","embeddable":true,"href":"https:\/\/brasilnoticias.org\/site\/wp-json\/wp\/v2\/categories?post=8031"},{"taxonomy":"post_tag","embeddable":true,"href":"https:\/\/brasilnoticias.org\/site\/wp-json\/wp\/v2\/tags?post=8031"}],"curies":[{"name":"wp","href":"https:\/\/api.w.org\/{rel}","templated":true}]}}