{"id":8034,"date":"2023-08-07T18:42:55","date_gmt":"2023-08-07T21:42:55","guid":{"rendered":"https:\/\/brasilnoticias.org\/site\/?p=8034"},"modified":"2023-08-07T18:42:55","modified_gmt":"2023-08-07T21:42:55","slug":"governo-falta-quitar-6-da-divida-trabalhista-e-pagamento-pode-abrir-caminho-para-venda-do-centro-de-convencoes","status":"publish","type":"post","link":"https:\/\/brasilnoticias.org\/site\/governo-falta-quitar-6-da-divida-trabalhista-e-pagamento-pode-abrir-caminho-para-venda-do-centro-de-convencoes\/","title":{"rendered":"Governo falta quitar 6% da d\u00edvida trabalhista e pagamento pode abrir caminho para venda do Centro de Conven\u00e7\u00f5es"},"content":{"rendered":"<p>O antigo Centro de Conven\u00e7\u00f5es desabou em setembro de 2016. Logo em seguida, dois meses depois, a Justi\u00e7a do Trabalho determinou a penhora do im\u00f3vel<\/p>\n<p>O processo que penhora o pr\u00e9dio do antigo Centro de Conven\u00e7\u00f5es de Salvador, h\u00e1 quase sete anos, com uma d\u00edvida trabalhista de R$ 170 milh\u00f5es, est\u00e1 cada vez mais perto de ser finalizado. O governo ainda falta quitar 6% da d\u00edvida trabalhista que envolve no total 150 trabalhadores que tiveram sua les\u00e3o confirmada pela decis\u00e3o judicial, segundo a Procuradoria-Geral do Estado da Bahia (PGE) em resposta ao Metro1. <\/p>\n<p>A a\u00e7\u00e3o coletiva \u00e9 movida pelo Sindicato dos Empregados em Empresas de Turismo (SETS) contra a Bahiatursa, \u00f3rg\u00e3o estadual extinto durante a gest\u00e3o do governador Jer\u00f4nimo Rodrigues (PT) e substitu\u00eddo pela Sufotur (Superintend\u00eancia de Fomento ao Turismo do Estado da Bahia). Com isso, a d\u00edvida passou para o encargo da PGE.<\/p>\n<p>O antigo Centro de Conven\u00e7\u00f5es desabou em setembro de 2016. Logo em seguida, dois meses depois, a Justi\u00e7a do Trabalho determinou a penhora do im\u00f3vel. Neste momento, o espa\u00e7o, de responsabilidade do Governo do Estado da Bahia, segue sem destino. Em resposta \u00e0 reportagem, a PGE afirmou que ainda n\u00e3o foi definido qual o destino do local, mas que a poss\u00edvel inten\u00e7\u00e3o de venda poder\u00e1 ser efetivada ap\u00f3s a quita\u00e7\u00e3o da d\u00edvida.<\/p>\n<p>A PGE n\u00e3o informou quando pagar\u00e1 a indeniza\u00e7\u00e3o aos nove trabalhadores que ainda n\u00e3o receberam. Quinze trabalhadores n\u00e3o receberam porque j\u00e1 morreram. O Tribunal Regional do Trabalho (TRT).<\/p>\n<p>Foto: Reprodu\u00e7\u00e3o\/GovBA<br \/>\nMetro 1<\/p>\n","protected":false},"excerpt":{"rendered":"<p>O antigo Centro de Conven\u00e7\u00f5es desabou em setembro de 2016. Logo em seguida, dois meses depois, a Justi\u00e7a do Trabalho<\/p>\n","protected":false},"author":4,"featured_media":8035,"comment_status":"open","ping_status":"open","sticky":false,"template":"","format":"standard","meta":{"colormag_page_container_layout":"default_layout","colormag_page_sidebar_layout":"default_layout","_FSMCFIC_featured_image_caption":"","_FSMCFIC_featured_image_nocaption":"","_FSMCFIC_featured_image_hide":"","footnotes":""},"categories":[7,1],"tags":[],"class_list":["post-8034","post","type-post","status-publish","format-standard","has-post-thumbnail","hentry","category-justica","category-ultimas"],"yoast_head":"<!-- This site is optimized with the Yoast SEO plugin v27.1.1 - https:\/\/yoast.com\/product\/yoast-seo-wordpress\/ -->\n<title>Governo falta quitar 6% da d\u00edvida trabalhista e pagamento pode abrir caminho para venda do Centro de Conven\u00e7\u00f5es - Brasil not\u00edcias<\/title>\n<meta name=\"robots\" content=\"index, follow, max-snippet:-1, max-image-preview:large, max-video-preview:-1\" \/>\n<link rel=\"canonical\" href=\"https:\/\/brasilnoticias.org\/site\/governo-falta-quitar-6-da-divida-trabalhista-e-pagamento-pode-abrir-caminho-para-venda-do-centro-de-convencoes\/\" \/>\n<meta property=\"og:locale\" content=\"pt_PT\" \/>\n<meta property=\"og:type\" content=\"article\" \/>\n<meta property=\"og:title\" content=\"Governo falta quitar 6% da d\u00edvida trabalhista e pagamento pode abrir caminho para venda do Centro de Conven\u00e7\u00f5es - Brasil not\u00edcias\" \/>\n<meta property=\"og:description\" content=\"O antigo Centro de Conven\u00e7\u00f5es desabou em setembro de 2016. Logo em seguida, dois meses depois, a Justi\u00e7a do Trabalho\" \/>\n<meta property=\"og:url\" content=\"https:\/\/brasilnoticias.org\/site\/governo-falta-quitar-6-da-divida-trabalhista-e-pagamento-pode-abrir-caminho-para-venda-do-centro-de-convencoes\/\" \/>\n<meta property=\"og:site_name\" content=\"Brasil not\u00edcias\" \/>\n<meta property=\"article:published_time\" content=\"2023-08-07T21:42:55+00:00\" \/>\n<meta property=\"og:image\" content=\"https:\/\/brasilnoticias.org\/site\/wp-content\/uploads\/2023\/08\/139581governo-falta-quitar-6-da-divida-trabalhista-e-pagamento-pode-abrir-caminho-para-venda-do-centro-de-convencoes-3.jpg\" \/>\n\t<meta property=\"og:image:width\" content=\"1600\" \/>\n\t<meta property=\"og:image:height\" content=\"752\" \/>\n\t<meta property=\"og:image:type\" content=\"image\/jpeg\" \/>\n<meta name=\"author\" content=\"Reda\u00e7\u00e3o\" \/>\n<meta name=\"twitter:card\" content=\"summary_large_image\" \/>\n<meta name=\"twitter:label1\" content=\"Escrito por\" \/>\n\t<meta name=\"twitter:data1\" content=\"Reda\u00e7\u00e3o\" \/>\n<script type=\"application\/ld+json\" class=\"yoast-schema-graph\">{\"@context\":\"https:\/\/schema.org\",\"@graph\":[{\"@type\":\"Article\",\"@id\":\"https:\/\/brasilnoticias.org\/site\/governo-falta-quitar-6-da-divida-trabalhista-e-pagamento-pode-abrir-caminho-para-venda-do-centro-de-convencoes\/#article\",\"isPartOf\":{\"@id\":\"https:\/\/brasilnoticias.org\/site\/governo-falta-quitar-6-da-divida-trabalhista-e-pagamento-pode-abrir-caminho-para-venda-do-centro-de-convencoes\/\"},\"author\":{\"name\":\"Reda\u00e7\u00e3o\",\"@id\":\"https:\/\/brasilnoticias.org\/site\/#\/schema\/person\/03bbbfe6c7634ad18c26444ea39049fa\"},\"headline\":\"Governo falta quitar 6% da d\u00edvida trabalhista e pagamento pode abrir caminho para venda do Centro de Conven\u00e7\u00f5es\",\"datePublished\":\"2023-08-07T21:42:55+00:00\",\"mainEntityOfPage\":{\"@id\":\"https:\/\/brasilnoticias.org\/site\/governo-falta-quitar-6-da-divida-trabalhista-e-pagamento-pode-abrir-caminho-para-venda-do-centro-de-convencoes\/\"},\"wordCount\":292,\"commentCount\":0,\"publisher\":{\"@id\":\"https:\/\/brasilnoticias.org\/site\/#organization\"},\"image\":{\"@id\":\"https:\/\/brasilnoticias.org\/site\/governo-falta-quitar-6-da-divida-trabalhista-e-pagamento-pode-abrir-caminho-para-venda-do-centro-de-convencoes\/#primaryimage\"},\"thumbnailUrl\":\"https:\/\/brasilnoticias.org\/site\/wp-content\/uploads\/2023\/08\/139581governo-falta-quitar-6-da-divida-trabalhista-e-pagamento-pode-abrir-caminho-para-venda-do-centro-de-convencoes-3.jpg\",\"articleSection\":[\"Justi\u00e7a\",\"\u00daltimas\"],\"inLanguage\":\"pt-PT\",\"potentialAction\":[{\"@type\":\"CommentAction\",\"name\":\"Comment\",\"target\":[\"https:\/\/brasilnoticias.org\/site\/governo-falta-quitar-6-da-divida-trabalhista-e-pagamento-pode-abrir-caminho-para-venda-do-centro-de-convencoes\/#respond\"]}]},{\"@type\":\"WebPage\",\"@id\":\"https:\/\/brasilnoticias.org\/site\/governo-falta-quitar-6-da-divida-trabalhista-e-pagamento-pode-abrir-caminho-para-venda-do-centro-de-convencoes\/\",\"url\":\"https:\/\/brasilnoticias.org\/site\/governo-falta-quitar-6-da-divida-trabalhista-e-pagamento-pode-abrir-caminho-para-venda-do-centro-de-convencoes\/\",\"name\":\"Governo falta quitar 6% da d\u00edvida trabalhista e pagamento pode abrir caminho para venda do Centro de Conven\u00e7\u00f5es - Brasil not\u00edcias\",\"isPartOf\":{\"@id\":\"https:\/\/brasilnoticias.org\/site\/#website\"},\"primaryImageOfPage\":{\"@id\":\"https:\/\/brasilnoticias.org\/site\/governo-falta-quitar-6-da-divida-trabalhista-e-pagamento-pode-abrir-caminho-para-venda-do-centro-de-convencoes\/#primaryimage\"},\"image\":{\"@id\":\"https:\/\/brasilnoticias.org\/site\/governo-falta-quitar-6-da-divida-trabalhista-e-pagamento-pode-abrir-caminho-para-venda-do-centro-de-convencoes\/#primaryimage\"},\"thumbnailUrl\":\"https:\/\/brasilnoticias.org\/site\/wp-content\/uploads\/2023\/08\/139581governo-falta-quitar-6-da-divida-trabalhista-e-pagamento-pode-abrir-caminho-para-venda-do-centro-de-convencoes-3.jpg\",\"datePublished\":\"2023-08-07T21:42:55+00:00\",\"breadcrumb\":{\"@id\":\"https:\/\/brasilnoticias.org\/site\/governo-falta-quitar-6-da-divida-trabalhista-e-pagamento-pode-abrir-caminho-para-venda-do-centro-de-convencoes\/#breadcrumb\"},\"inLanguage\":\"pt-PT\",\"potentialAction\":[{\"@type\":\"ReadAction\",\"target\":[\"https:\/\/brasilnoticias.org\/site\/governo-falta-quitar-6-da-divida-trabalhista-e-pagamento-pode-abrir-caminho-para-venda-do-centro-de-convencoes\/\"]}]},{\"@type\":\"ImageObject\",\"inLanguage\":\"pt-PT\",\"@id\":\"https:\/\/brasilnoticias.org\/site\/governo-falta-quitar-6-da-divida-trabalhista-e-pagamento-pode-abrir-caminho-para-venda-do-centro-de-convencoes\/#primaryimage\",\"url\":\"https:\/\/brasilnoticias.org\/site\/wp-content\/uploads\/2023\/08\/139581governo-falta-quitar-6-da-divida-trabalhista-e-pagamento-pode-abrir-caminho-para-venda-do-centro-de-convencoes-3.jpg\",\"contentUrl\":\"https:\/\/brasilnoticias.org\/site\/wp-content\/uploads\/2023\/08\/139581governo-falta-quitar-6-da-divida-trabalhista-e-pagamento-pode-abrir-caminho-para-venda-do-centro-de-convencoes-3.jpg\",\"width\":1600,\"height\":752},{\"@type\":\"BreadcrumbList\",\"@id\":\"https:\/\/brasilnoticias.org\/site\/governo-falta-quitar-6-da-divida-trabalhista-e-pagamento-pode-abrir-caminho-para-venda-do-centro-de-convencoes\/#breadcrumb\",\"itemListElement\":[{\"@type\":\"ListItem\",\"position\":1,\"name\":\"In\u00edcio\",\"item\":\"https:\/\/brasilnoticias.org\/site\/\"},{\"@type\":\"ListItem\",\"position\":2,\"name\":\"Governo falta quitar 6% da d\u00edvida trabalhista e pagamento pode abrir caminho para venda do Centro de Conven\u00e7\u00f5es\"}]},{\"@type\":\"WebSite\",\"@id\":\"https:\/\/brasilnoticias.org\/site\/#website\",\"url\":\"https:\/\/brasilnoticias.org\/site\/\",\"name\":\"Brasil not\u00edcias\",\"description\":\"Brasil not\u00edcias\",\"publisher\":{\"@id\":\"https:\/\/brasilnoticias.org\/site\/#organization\"},\"potentialAction\":[{\"@type\":\"SearchAction\",\"target\":{\"@type\":\"EntryPoint\",\"urlTemplate\":\"https:\/\/brasilnoticias.org\/site\/?s={search_term_string}\"},\"query-input\":{\"@type\":\"PropertyValueSpecification\",\"valueRequired\":true,\"valueName\":\"search_term_string\"}}],\"inLanguage\":\"pt-PT\"},{\"@type\":\"Organization\",\"@id\":\"https:\/\/brasilnoticias.org\/site\/#organization\",\"name\":\"Brasil not\u00edcias\",\"url\":\"https:\/\/brasilnoticias.org\/site\/\",\"logo\":{\"@type\":\"ImageObject\",\"inLanguage\":\"pt-PT\",\"@id\":\"https:\/\/brasilnoticias.org\/site\/#\/schema\/logo\/image\/\",\"url\":\"https:\/\/brasilnoticias.org\/site\/wp-content\/uploads\/2022\/05\/cropped-brasilnoticias-mini.jpg\",\"contentUrl\":\"https:\/\/brasilnoticias.org\/site\/wp-content\/uploads\/2022\/05\/cropped-brasilnoticias-mini.jpg\",\"width\":314,\"height\":86,\"caption\":\"Brasil not\u00edcias\"},\"image\":{\"@id\":\"https:\/\/brasilnoticias.org\/site\/#\/schema\/logo\/image\/\"}},{\"@type\":\"Person\",\"@id\":\"https:\/\/brasilnoticias.org\/site\/#\/schema\/person\/03bbbfe6c7634ad18c26444ea39049fa\",\"name\":\"Reda\u00e7\u00e3o\",\"image\":{\"@type\":\"ImageObject\",\"inLanguage\":\"pt-PT\",\"@id\":\"https:\/\/brasilnoticias.org\/site\/#\/schema\/person\/image\/\",\"url\":\"https:\/\/secure.gravatar.com\/avatar\/9ecaf7327a696cb23ad926fedded5f1f04d7049de9e445375d55b48c001a6e42?s=96&d=mm&r=g\",\"contentUrl\":\"https:\/\/secure.gravatar.com\/avatar\/9ecaf7327a696cb23ad926fedded5f1f04d7049de9e445375d55b48c001a6e42?s=96&d=mm&r=g\",\"caption\":\"Reda\u00e7\u00e3o\"},\"url\":\"https:\/\/brasilnoticias.org\/site\/author\/henrique\/\"}]}<\/script>\n<!-- \/ Yoast SEO plugin. -->","yoast_head_json":{"title":"Governo falta quitar 6% da d\u00edvida trabalhista e pagamento pode abrir caminho para venda do Centro de Conven\u00e7\u00f5es - Brasil not\u00edcias","robots":{"index":"index","follow":"follow","max-snippet":"max-snippet:-1","max-image-preview":"max-image-preview:large","max-video-preview":"max-video-preview:-1"},"canonical":"https:\/\/brasilnoticias.org\/site\/governo-falta-quitar-6-da-divida-trabalhista-e-pagamento-pode-abrir-caminho-para-venda-do-centro-de-convencoes\/","og_locale":"pt_PT","og_type":"article","og_title":"Governo falta quitar 6% da d\u00edvida trabalhista e pagamento pode abrir caminho para venda do Centro de Conven\u00e7\u00f5es - Brasil not\u00edcias","og_description":"O antigo Centro de Conven\u00e7\u00f5es desabou em setembro de 2016. Logo em seguida, dois meses depois, a Justi\u00e7a do Trabalho","og_url":"https:\/\/brasilnoticias.org\/site\/governo-falta-quitar-6-da-divida-trabalhista-e-pagamento-pode-abrir-caminho-para-venda-do-centro-de-convencoes\/","og_site_name":"Brasil not\u00edcias","article_published_time":"2023-08-07T21:42:55+00:00","og_image":[{"width":1600,"height":752,"url":"https:\/\/brasilnoticias.org\/site\/wp-content\/uploads\/2023\/08\/139581governo-falta-quitar-6-da-divida-trabalhista-e-pagamento-pode-abrir-caminho-para-venda-do-centro-de-convencoes-3.jpg","type":"image\/jpeg"}],"author":"Reda\u00e7\u00e3o","twitter_card":"summary_large_image","twitter_misc":{"Escrito por":"Reda\u00e7\u00e3o"},"schema":{"@context":"https:\/\/schema.org","@graph":[{"@type":"Article","@id":"https:\/\/brasilnoticias.org\/site\/governo-falta-quitar-6-da-divida-trabalhista-e-pagamento-pode-abrir-caminho-para-venda-do-centro-de-convencoes\/#article","isPartOf":{"@id":"https:\/\/brasilnoticias.org\/site\/governo-falta-quitar-6-da-divida-trabalhista-e-pagamento-pode-abrir-caminho-para-venda-do-centro-de-convencoes\/"},"author":{"name":"Reda\u00e7\u00e3o","@id":"https:\/\/brasilnoticias.org\/site\/#\/schema\/person\/03bbbfe6c7634ad18c26444ea39049fa"},"headline":"Governo falta quitar 6% da d\u00edvida trabalhista e pagamento pode abrir caminho para venda do Centro de Conven\u00e7\u00f5es","datePublished":"2023-08-07T21:42:55+00:00","mainEntityOfPage":{"@id":"https:\/\/brasilnoticias.org\/site\/governo-falta-quitar-6-da-divida-trabalhista-e-pagamento-pode-abrir-caminho-para-venda-do-centro-de-convencoes\/"},"wordCount":292,"commentCount":0,"publisher":{"@id":"https:\/\/brasilnoticias.org\/site\/#organization"},"image":{"@id":"https:\/\/brasilnoticias.org\/site\/governo-falta-quitar-6-da-divida-trabalhista-e-pagamento-pode-abrir-caminho-para-venda-do-centro-de-convencoes\/#primaryimage"},"thumbnailUrl":"https:\/\/brasilnoticias.org\/site\/wp-content\/uploads\/2023\/08\/139581governo-falta-quitar-6-da-divida-trabalhista-e-pagamento-pode-abrir-caminho-para-venda-do-centro-de-convencoes-3.jpg","articleSection":["Justi\u00e7a","\u00daltimas"],"inLanguage":"pt-PT","potentialAction":[{"@type":"CommentAction","name":"Comment","target":["https:\/\/brasilnoticias.org\/site\/governo-falta-quitar-6-da-divida-trabalhista-e-pagamento-pode-abrir-caminho-para-venda-do-centro-de-convencoes\/#respond"]}]},{"@type":"WebPage","@id":"https:\/\/brasilnoticias.org\/site\/governo-falta-quitar-6-da-divida-trabalhista-e-pagamento-pode-abrir-caminho-para-venda-do-centro-de-convencoes\/","url":"https:\/\/brasilnoticias.org\/site\/governo-falta-quitar-6-da-divida-trabalhista-e-pagamento-pode-abrir-caminho-para-venda-do-centro-de-convencoes\/","name":"Governo falta quitar 6% da d\u00edvida trabalhista e pagamento pode abrir caminho para venda do Centro de Conven\u00e7\u00f5es - Brasil not\u00edcias","isPartOf":{"@id":"https:\/\/brasilnoticias.org\/site\/#website"},"primaryImageOfPage":{"@id":"https:\/\/brasilnoticias.org\/site\/governo-falta-quitar-6-da-divida-trabalhista-e-pagamento-pode-abrir-caminho-para-venda-do-centro-de-convencoes\/#primaryimage"},"image":{"@id":"https:\/\/brasilnoticias.org\/site\/governo-falta-quitar-6-da-divida-trabalhista-e-pagamento-pode-abrir-caminho-para-venda-do-centro-de-convencoes\/#primaryimage"},"thumbnailUrl":"https:\/\/brasilnoticias.org\/site\/wp-content\/uploads\/2023\/08\/139581governo-falta-quitar-6-da-divida-trabalhista-e-pagamento-pode-abrir-caminho-para-venda-do-centro-de-convencoes-3.jpg","datePublished":"2023-08-07T21:42:55+00:00","breadcrumb":{"@id":"https:\/\/brasilnoticias.org\/site\/governo-falta-quitar-6-da-divida-trabalhista-e-pagamento-pode-abrir-caminho-para-venda-do-centro-de-convencoes\/#breadcrumb"},"inLanguage":"pt-PT","potentialAction":[{"@type":"ReadAction","target":["https:\/\/brasilnoticias.org\/site\/governo-falta-quitar-6-da-divida-trabalhista-e-pagamento-pode-abrir-caminho-para-venda-do-centro-de-convencoes\/"]}]},{"@type":"ImageObject","inLanguage":"pt-PT","@id":"https:\/\/brasilnoticias.org\/site\/governo-falta-quitar-6-da-divida-trabalhista-e-pagamento-pode-abrir-caminho-para-venda-do-centro-de-convencoes\/#primaryimage","url":"https:\/\/brasilnoticias.org\/site\/wp-content\/uploads\/2023\/08\/139581governo-falta-quitar-6-da-divida-trabalhista-e-pagamento-pode-abrir-caminho-para-venda-do-centro-de-convencoes-3.jpg","contentUrl":"https:\/\/brasilnoticias.org\/site\/wp-content\/uploads\/2023\/08\/139581governo-falta-quitar-6-da-divida-trabalhista-e-pagamento-pode-abrir-caminho-para-venda-do-centro-de-convencoes-3.jpg","width":1600,"height":752},{"@type":"BreadcrumbList","@id":"https:\/\/brasilnoticias.org\/site\/governo-falta-quitar-6-da-divida-trabalhista-e-pagamento-pode-abrir-caminho-para-venda-do-centro-de-convencoes\/#breadcrumb","itemListElement":[{"@type":"ListItem","position":1,"name":"In\u00edcio","item":"https:\/\/brasilnoticias.org\/site\/"},{"@type":"ListItem","position":2,"name":"Governo falta quitar 6% da d\u00edvida trabalhista e pagamento pode abrir caminho para venda do Centro de Conven\u00e7\u00f5es"}]},{"@type":"WebSite","@id":"https:\/\/brasilnoticias.org\/site\/#website","url":"https:\/\/brasilnoticias.org\/site\/","name":"Brasil not\u00edcias","description":"Brasil not\u00edcias","publisher":{"@id":"https:\/\/brasilnoticias.org\/site\/#organization"},"potentialAction":[{"@type":"SearchAction","target":{"@type":"EntryPoint","urlTemplate":"https:\/\/brasilnoticias.org\/site\/?s={search_term_string}"},"query-input":{"@type":"PropertyValueSpecification","valueRequired":true,"valueName":"search_term_string"}}],"inLanguage":"pt-PT"},{"@type":"Organization","@id":"https:\/\/brasilnoticias.org\/site\/#organization","name":"Brasil not\u00edcias","url":"https:\/\/brasilnoticias.org\/site\/","logo":{"@type":"ImageObject","inLanguage":"pt-PT","@id":"https:\/\/brasilnoticias.org\/site\/#\/schema\/logo\/image\/","url":"https:\/\/brasilnoticias.org\/site\/wp-content\/uploads\/2022\/05\/cropped-brasilnoticias-mini.jpg","contentUrl":"https:\/\/brasilnoticias.org\/site\/wp-content\/uploads\/2022\/05\/cropped-brasilnoticias-mini.jpg","width":314,"height":86,"caption":"Brasil not\u00edcias"},"image":{"@id":"https:\/\/brasilnoticias.org\/site\/#\/schema\/logo\/image\/"}},{"@type":"Person","@id":"https:\/\/brasilnoticias.org\/site\/#\/schema\/person\/03bbbfe6c7634ad18c26444ea39049fa","name":"Reda\u00e7\u00e3o","image":{"@type":"ImageObject","inLanguage":"pt-PT","@id":"https:\/\/brasilnoticias.org\/site\/#\/schema\/person\/image\/","url":"https:\/\/secure.gravatar.com\/avatar\/9ecaf7327a696cb23ad926fedded5f1f04d7049de9e445375d55b48c001a6e42?s=96&d=mm&r=g","contentUrl":"https:\/\/secure.gravatar.com\/avatar\/9ecaf7327a696cb23ad926fedded5f1f04d7049de9e445375d55b48c001a6e42?s=96&d=mm&r=g","caption":"Reda\u00e7\u00e3o"},"url":"https:\/\/brasilnoticias.org\/site\/author\/henrique\/"}]}},"_links":{"self":[{"href":"https:\/\/brasilnoticias.org\/site\/wp-json\/wp\/v2\/posts\/8034","targetHints":{"allow":["GET"]}}],"collection":[{"href":"https:\/\/brasilnoticias.org\/site\/wp-json\/wp\/v2\/posts"}],"about":[{"href":"https:\/\/brasilnoticias.org\/site\/wp-json\/wp\/v2\/types\/post"}],"author":[{"embeddable":true,"href":"https:\/\/brasilnoticias.org\/site\/wp-json\/wp\/v2\/users\/4"}],"replies":[{"embeddable":true,"href":"https:\/\/brasilnoticias.org\/site\/wp-json\/wp\/v2\/comments?post=8034"}],"version-history":[{"count":1,"href":"https:\/\/brasilnoticias.org\/site\/wp-json\/wp\/v2\/posts\/8034\/revisions"}],"predecessor-version":[{"id":8036,"href":"https:\/\/brasilnoticias.org\/site\/wp-json\/wp\/v2\/posts\/8034\/revisions\/8036"}],"wp:featuredmedia":[{"embeddable":true,"href":"https:\/\/brasilnoticias.org\/site\/wp-json\/wp\/v2\/media\/8035"}],"wp:attachment":[{"href":"https:\/\/brasilnoticias.org\/site\/wp-json\/wp\/v2\/media?parent=8034"}],"wp:term":[{"taxonomy":"category","embeddable":true,"href":"https:\/\/brasilnoticias.org\/site\/wp-json\/wp\/v2\/categories?post=8034"},{"taxonomy":"post_tag","embeddable":true,"href":"https:\/\/brasilnoticias.org\/site\/wp-json\/wp\/v2\/tags?post=8034"}],"curies":[{"name":"wp","href":"https:\/\/api.w.org\/{rel}","templated":true}]}}