{"id":8040,"date":"2023-08-08T06:00:12","date_gmt":"2023-08-08T09:00:12","guid":{"rendered":"https:\/\/brasilnoticias.org\/site\/?p=8040"},"modified":"2023-08-07T20:19:02","modified_gmt":"2023-08-07T23:19:02","slug":"bahia-apresenta-2a-maior-populacao-de-indigenas-no-brasil-segundo-censo","status":"publish","type":"post","link":"https:\/\/brasilnoticias.org\/site\/bahia-apresenta-2a-maior-populacao-de-indigenas-no-brasil-segundo-censo\/","title":{"rendered":"Bahia apresenta 2\u00aa maior popula\u00e7\u00e3o de ind\u00edgenas no Brasil, segundo Censo"},"content":{"rendered":"<p>De acordo com levantamento do IBGE, Bahia tem mais de 229 mil pessoas autodeclaradas ind\u00edgenas, o que representa 13,5% da popula\u00e7\u00e3o ind\u00edgena de todo o pa\u00eds<\/p>\n<p>Ap\u00f3s apresentar a maior popula\u00e7\u00e3o quilombola do Brasil, com quase 400 mil pessoas, a Bahia voltou a estar nas primeiras posi\u00e7\u00f5es demogr\u00e1ficas a partir do Censo 2022. Dessa vez, o estado ficou em segundo lugar na lista que mede a quantidade de pessoas ind\u00edgenas na popula\u00e7\u00e3o.<\/p>\n<p>Segundo o levantamento do IBGE, o n\u00famero de pessoas autodeclaradas ind\u00edgenas quadruplicou desde o \u00faltimo levantamento feito 2010: s\u00e3o 229.103 registros. Em termos relativos, o Censo de 2022 revela que as pessoas que se autodeclaram ind\u00edgenas representam 1,62% de toda a popula\u00e7\u00e3o baiana.<\/p>\n<p>Em todo o pa\u00eds, a popula\u00e7\u00e3o ind\u00edgena no Brasil cresceu 89% em rela\u00e7\u00e3o ao censo anterior. O antrop\u00f3logo Ricardo Ventura Santos explicou que o aumento tem tamb\u00e9m a ver com a melhoria na metodologia da pesquisa e com o maior autorreconhecimento. \u201cPossivelmente mais pessoas se reconheceram como ind\u00edgenas em 2022\u201d.<\/p>\n<p>SALVADOR<\/p>\n<p>Salvador aparece como o maior reduto de ind\u00edgenas da Bahia, com 27.740 pessoas, estando em quarto lugar no ranking nacional, atr\u00e1s de Manaus e outras duas cidades amazonenses.<\/p>\n<p>Do total de 1.693.535 ind\u00edgenas identificados pelo Censo Demogr\u00e1fico de 2022 no Brasil, a Bahia abriga em seu territ\u00f3rio 13,5% dos autodeclarados, abaixo apenas do Amazonas (490.854 pessoas), que possui 29,0% do total recenseado nacionalmente.<\/p>\n<p>Foto: Fernando Vivas\/GovBA<br \/>\nAratu On<\/p>\n","protected":false},"excerpt":{"rendered":"<p>De acordo com levantamento do IBGE, Bahia tem mais de 229 mil pessoas autodeclaradas ind\u00edgenas, o que representa 13,5% da<\/p>\n","protected":false},"author":4,"featured_media":8041,"comment_status":"open","ping_status":"open","sticky":false,"template":"","format":"standard","meta":{"colormag_page_container_layout":"default_layout","colormag_page_sidebar_layout":"default_layout","_FSMCFIC_featured_image_caption":"","_FSMCFIC_featured_image_nocaption":"","_FSMCFIC_featured_image_hide":"","footnotes":""},"categories":[6,1],"tags":[],"class_list":["post-8040","post","type-post","status-publish","format-standard","has-post-thumbnail","hentry","category-mundo","category-ultimas"],"yoast_head":"<!-- This site is optimized with the Yoast SEO plugin v27.1.1 - https:\/\/yoast.com\/product\/yoast-seo-wordpress\/ -->\n<title>Bahia apresenta 2\u00aa maior popula\u00e7\u00e3o de ind\u00edgenas no Brasil, segundo Censo - Brasil not\u00edcias<\/title>\n<meta name=\"robots\" content=\"index, follow, max-snippet:-1, max-image-preview:large, max-video-preview:-1\" \/>\n<link rel=\"canonical\" href=\"https:\/\/brasilnoticias.org\/site\/bahia-apresenta-2a-maior-populacao-de-indigenas-no-brasil-segundo-censo\/\" \/>\n<meta property=\"og:locale\" content=\"pt_PT\" \/>\n<meta property=\"og:type\" content=\"article\" \/>\n<meta property=\"og:title\" content=\"Bahia apresenta 2\u00aa maior popula\u00e7\u00e3o de ind\u00edgenas no Brasil, segundo Censo - Brasil not\u00edcias\" \/>\n<meta property=\"og:description\" content=\"De acordo com levantamento do IBGE, Bahia tem mais de 229 mil pessoas autodeclaradas ind\u00edgenas, o que representa 13,5% da\" \/>\n<meta property=\"og:url\" content=\"https:\/\/brasilnoticias.org\/site\/bahia-apresenta-2a-maior-populacao-de-indigenas-no-brasil-segundo-censo\/\" \/>\n<meta property=\"og:site_name\" content=\"Brasil not\u00edcias\" \/>\n<meta property=\"article:published_time\" content=\"2023-08-08T09:00:12+00:00\" \/>\n<meta property=\"og:image\" content=\"https:\/\/brasilnoticias.org\/site\/wp-content\/uploads\/2023\/08\/indigenas-fernando-vivas.jpg\" \/>\n\t<meta property=\"og:image:width\" content=\"696\" \/>\n\t<meta property=\"og:image:height\" content=\"477\" \/>\n\t<meta property=\"og:image:type\" content=\"image\/jpeg\" \/>\n<meta name=\"author\" content=\"Reda\u00e7\u00e3o\" \/>\n<meta name=\"twitter:card\" content=\"summary_large_image\" \/>\n<meta name=\"twitter:label1\" content=\"Escrito por\" \/>\n\t<meta name=\"twitter:data1\" content=\"Reda\u00e7\u00e3o\" \/>\n<script type=\"application\/ld+json\" class=\"yoast-schema-graph\">{\"@context\":\"https:\/\/schema.org\",\"@graph\":[{\"@type\":\"Article\",\"@id\":\"https:\/\/brasilnoticias.org\/site\/bahia-apresenta-2a-maior-populacao-de-indigenas-no-brasil-segundo-censo\/#article\",\"isPartOf\":{\"@id\":\"https:\/\/brasilnoticias.org\/site\/bahia-apresenta-2a-maior-populacao-de-indigenas-no-brasil-segundo-censo\/\"},\"author\":{\"name\":\"Reda\u00e7\u00e3o\",\"@id\":\"https:\/\/brasilnoticias.org\/site\/#\/schema\/person\/03bbbfe6c7634ad18c26444ea39049fa\"},\"headline\":\"Bahia apresenta 2\u00aa maior popula\u00e7\u00e3o de ind\u00edgenas no Brasil, segundo Censo\",\"datePublished\":\"2023-08-08T09:00:12+00:00\",\"mainEntityOfPage\":{\"@id\":\"https:\/\/brasilnoticias.org\/site\/bahia-apresenta-2a-maior-populacao-de-indigenas-no-brasil-segundo-censo\/\"},\"wordCount\":258,\"commentCount\":0,\"publisher\":{\"@id\":\"https:\/\/brasilnoticias.org\/site\/#organization\"},\"image\":{\"@id\":\"https:\/\/brasilnoticias.org\/site\/bahia-apresenta-2a-maior-populacao-de-indigenas-no-brasil-segundo-censo\/#primaryimage\"},\"thumbnailUrl\":\"https:\/\/brasilnoticias.org\/site\/wp-content\/uploads\/2023\/08\/indigenas-fernando-vivas.jpg\",\"articleSection\":[\"Mundo\",\"\u00daltimas\"],\"inLanguage\":\"pt-PT\",\"potentialAction\":[{\"@type\":\"CommentAction\",\"name\":\"Comment\",\"target\":[\"https:\/\/brasilnoticias.org\/site\/bahia-apresenta-2a-maior-populacao-de-indigenas-no-brasil-segundo-censo\/#respond\"]}]},{\"@type\":\"WebPage\",\"@id\":\"https:\/\/brasilnoticias.org\/site\/bahia-apresenta-2a-maior-populacao-de-indigenas-no-brasil-segundo-censo\/\",\"url\":\"https:\/\/brasilnoticias.org\/site\/bahia-apresenta-2a-maior-populacao-de-indigenas-no-brasil-segundo-censo\/\",\"name\":\"Bahia apresenta 2\u00aa maior popula\u00e7\u00e3o de ind\u00edgenas no Brasil, segundo Censo - Brasil not\u00edcias\",\"isPartOf\":{\"@id\":\"https:\/\/brasilnoticias.org\/site\/#website\"},\"primaryImageOfPage\":{\"@id\":\"https:\/\/brasilnoticias.org\/site\/bahia-apresenta-2a-maior-populacao-de-indigenas-no-brasil-segundo-censo\/#primaryimage\"},\"image\":{\"@id\":\"https:\/\/brasilnoticias.org\/site\/bahia-apresenta-2a-maior-populacao-de-indigenas-no-brasil-segundo-censo\/#primaryimage\"},\"thumbnailUrl\":\"https:\/\/brasilnoticias.org\/site\/wp-content\/uploads\/2023\/08\/indigenas-fernando-vivas.jpg\",\"datePublished\":\"2023-08-08T09:00:12+00:00\",\"breadcrumb\":{\"@id\":\"https:\/\/brasilnoticias.org\/site\/bahia-apresenta-2a-maior-populacao-de-indigenas-no-brasil-segundo-censo\/#breadcrumb\"},\"inLanguage\":\"pt-PT\",\"potentialAction\":[{\"@type\":\"ReadAction\",\"target\":[\"https:\/\/brasilnoticias.org\/site\/bahia-apresenta-2a-maior-populacao-de-indigenas-no-brasil-segundo-censo\/\"]}]},{\"@type\":\"ImageObject\",\"inLanguage\":\"pt-PT\",\"@id\":\"https:\/\/brasilnoticias.org\/site\/bahia-apresenta-2a-maior-populacao-de-indigenas-no-brasil-segundo-censo\/#primaryimage\",\"url\":\"https:\/\/brasilnoticias.org\/site\/wp-content\/uploads\/2023\/08\/indigenas-fernando-vivas.jpg\",\"contentUrl\":\"https:\/\/brasilnoticias.org\/site\/wp-content\/uploads\/2023\/08\/indigenas-fernando-vivas.jpg\",\"width\":696,\"height\":477},{\"@type\":\"BreadcrumbList\",\"@id\":\"https:\/\/brasilnoticias.org\/site\/bahia-apresenta-2a-maior-populacao-de-indigenas-no-brasil-segundo-censo\/#breadcrumb\",\"itemListElement\":[{\"@type\":\"ListItem\",\"position\":1,\"name\":\"In\u00edcio\",\"item\":\"https:\/\/brasilnoticias.org\/site\/\"},{\"@type\":\"ListItem\",\"position\":2,\"name\":\"Bahia apresenta 2\u00aa maior popula\u00e7\u00e3o de ind\u00edgenas no Brasil, segundo Censo\"}]},{\"@type\":\"WebSite\",\"@id\":\"https:\/\/brasilnoticias.org\/site\/#website\",\"url\":\"https:\/\/brasilnoticias.org\/site\/\",\"name\":\"Brasil not\u00edcias\",\"description\":\"Brasil not\u00edcias\",\"publisher\":{\"@id\":\"https:\/\/brasilnoticias.org\/site\/#organization\"},\"potentialAction\":[{\"@type\":\"SearchAction\",\"target\":{\"@type\":\"EntryPoint\",\"urlTemplate\":\"https:\/\/brasilnoticias.org\/site\/?s={search_term_string}\"},\"query-input\":{\"@type\":\"PropertyValueSpecification\",\"valueRequired\":true,\"valueName\":\"search_term_string\"}}],\"inLanguage\":\"pt-PT\"},{\"@type\":\"Organization\",\"@id\":\"https:\/\/brasilnoticias.org\/site\/#organization\",\"name\":\"Brasil not\u00edcias\",\"url\":\"https:\/\/brasilnoticias.org\/site\/\",\"logo\":{\"@type\":\"ImageObject\",\"inLanguage\":\"pt-PT\",\"@id\":\"https:\/\/brasilnoticias.org\/site\/#\/schema\/logo\/image\/\",\"url\":\"https:\/\/brasilnoticias.org\/site\/wp-content\/uploads\/2022\/05\/cropped-brasilnoticias-mini.jpg\",\"contentUrl\":\"https:\/\/brasilnoticias.org\/site\/wp-content\/uploads\/2022\/05\/cropped-brasilnoticias-mini.jpg\",\"width\":314,\"height\":86,\"caption\":\"Brasil not\u00edcias\"},\"image\":{\"@id\":\"https:\/\/brasilnoticias.org\/site\/#\/schema\/logo\/image\/\"}},{\"@type\":\"Person\",\"@id\":\"https:\/\/brasilnoticias.org\/site\/#\/schema\/person\/03bbbfe6c7634ad18c26444ea39049fa\",\"name\":\"Reda\u00e7\u00e3o\",\"image\":{\"@type\":\"ImageObject\",\"inLanguage\":\"pt-PT\",\"@id\":\"https:\/\/brasilnoticias.org\/site\/#\/schema\/person\/image\/\",\"url\":\"https:\/\/secure.gravatar.com\/avatar\/9ecaf7327a696cb23ad926fedded5f1f04d7049de9e445375d55b48c001a6e42?s=96&d=mm&r=g\",\"contentUrl\":\"https:\/\/secure.gravatar.com\/avatar\/9ecaf7327a696cb23ad926fedded5f1f04d7049de9e445375d55b48c001a6e42?s=96&d=mm&r=g\",\"caption\":\"Reda\u00e7\u00e3o\"},\"url\":\"https:\/\/brasilnoticias.org\/site\/author\/henrique\/\"}]}<\/script>\n<!-- \/ Yoast SEO plugin. -->","yoast_head_json":{"title":"Bahia apresenta 2\u00aa maior popula\u00e7\u00e3o de ind\u00edgenas no Brasil, segundo Censo - Brasil not\u00edcias","robots":{"index":"index","follow":"follow","max-snippet":"max-snippet:-1","max-image-preview":"max-image-preview:large","max-video-preview":"max-video-preview:-1"},"canonical":"https:\/\/brasilnoticias.org\/site\/bahia-apresenta-2a-maior-populacao-de-indigenas-no-brasil-segundo-censo\/","og_locale":"pt_PT","og_type":"article","og_title":"Bahia apresenta 2\u00aa maior popula\u00e7\u00e3o de ind\u00edgenas no Brasil, segundo Censo - Brasil not\u00edcias","og_description":"De acordo com levantamento do IBGE, Bahia tem mais de 229 mil pessoas autodeclaradas ind\u00edgenas, o que representa 13,5% da","og_url":"https:\/\/brasilnoticias.org\/site\/bahia-apresenta-2a-maior-populacao-de-indigenas-no-brasil-segundo-censo\/","og_site_name":"Brasil not\u00edcias","article_published_time":"2023-08-08T09:00:12+00:00","og_image":[{"width":696,"height":477,"url":"https:\/\/brasilnoticias.org\/site\/wp-content\/uploads\/2023\/08\/indigenas-fernando-vivas.jpg","type":"image\/jpeg"}],"author":"Reda\u00e7\u00e3o","twitter_card":"summary_large_image","twitter_misc":{"Escrito por":"Reda\u00e7\u00e3o"},"schema":{"@context":"https:\/\/schema.org","@graph":[{"@type":"Article","@id":"https:\/\/brasilnoticias.org\/site\/bahia-apresenta-2a-maior-populacao-de-indigenas-no-brasil-segundo-censo\/#article","isPartOf":{"@id":"https:\/\/brasilnoticias.org\/site\/bahia-apresenta-2a-maior-populacao-de-indigenas-no-brasil-segundo-censo\/"},"author":{"name":"Reda\u00e7\u00e3o","@id":"https:\/\/brasilnoticias.org\/site\/#\/schema\/person\/03bbbfe6c7634ad18c26444ea39049fa"},"headline":"Bahia apresenta 2\u00aa maior popula\u00e7\u00e3o de ind\u00edgenas no Brasil, segundo Censo","datePublished":"2023-08-08T09:00:12+00:00","mainEntityOfPage":{"@id":"https:\/\/brasilnoticias.org\/site\/bahia-apresenta-2a-maior-populacao-de-indigenas-no-brasil-segundo-censo\/"},"wordCount":258,"commentCount":0,"publisher":{"@id":"https:\/\/brasilnoticias.org\/site\/#organization"},"image":{"@id":"https:\/\/brasilnoticias.org\/site\/bahia-apresenta-2a-maior-populacao-de-indigenas-no-brasil-segundo-censo\/#primaryimage"},"thumbnailUrl":"https:\/\/brasilnoticias.org\/site\/wp-content\/uploads\/2023\/08\/indigenas-fernando-vivas.jpg","articleSection":["Mundo","\u00daltimas"],"inLanguage":"pt-PT","potentialAction":[{"@type":"CommentAction","name":"Comment","target":["https:\/\/brasilnoticias.org\/site\/bahia-apresenta-2a-maior-populacao-de-indigenas-no-brasil-segundo-censo\/#respond"]}]},{"@type":"WebPage","@id":"https:\/\/brasilnoticias.org\/site\/bahia-apresenta-2a-maior-populacao-de-indigenas-no-brasil-segundo-censo\/","url":"https:\/\/brasilnoticias.org\/site\/bahia-apresenta-2a-maior-populacao-de-indigenas-no-brasil-segundo-censo\/","name":"Bahia apresenta 2\u00aa maior popula\u00e7\u00e3o de ind\u00edgenas no Brasil, segundo Censo - Brasil not\u00edcias","isPartOf":{"@id":"https:\/\/brasilnoticias.org\/site\/#website"},"primaryImageOfPage":{"@id":"https:\/\/brasilnoticias.org\/site\/bahia-apresenta-2a-maior-populacao-de-indigenas-no-brasil-segundo-censo\/#primaryimage"},"image":{"@id":"https:\/\/brasilnoticias.org\/site\/bahia-apresenta-2a-maior-populacao-de-indigenas-no-brasil-segundo-censo\/#primaryimage"},"thumbnailUrl":"https:\/\/brasilnoticias.org\/site\/wp-content\/uploads\/2023\/08\/indigenas-fernando-vivas.jpg","datePublished":"2023-08-08T09:00:12+00:00","breadcrumb":{"@id":"https:\/\/brasilnoticias.org\/site\/bahia-apresenta-2a-maior-populacao-de-indigenas-no-brasil-segundo-censo\/#breadcrumb"},"inLanguage":"pt-PT","potentialAction":[{"@type":"ReadAction","target":["https:\/\/brasilnoticias.org\/site\/bahia-apresenta-2a-maior-populacao-de-indigenas-no-brasil-segundo-censo\/"]}]},{"@type":"ImageObject","inLanguage":"pt-PT","@id":"https:\/\/brasilnoticias.org\/site\/bahia-apresenta-2a-maior-populacao-de-indigenas-no-brasil-segundo-censo\/#primaryimage","url":"https:\/\/brasilnoticias.org\/site\/wp-content\/uploads\/2023\/08\/indigenas-fernando-vivas.jpg","contentUrl":"https:\/\/brasilnoticias.org\/site\/wp-content\/uploads\/2023\/08\/indigenas-fernando-vivas.jpg","width":696,"height":477},{"@type":"BreadcrumbList","@id":"https:\/\/brasilnoticias.org\/site\/bahia-apresenta-2a-maior-populacao-de-indigenas-no-brasil-segundo-censo\/#breadcrumb","itemListElement":[{"@type":"ListItem","position":1,"name":"In\u00edcio","item":"https:\/\/brasilnoticias.org\/site\/"},{"@type":"ListItem","position":2,"name":"Bahia apresenta 2\u00aa maior popula\u00e7\u00e3o de ind\u00edgenas no Brasil, segundo Censo"}]},{"@type":"WebSite","@id":"https:\/\/brasilnoticias.org\/site\/#website","url":"https:\/\/brasilnoticias.org\/site\/","name":"Brasil not\u00edcias","description":"Brasil not\u00edcias","publisher":{"@id":"https:\/\/brasilnoticias.org\/site\/#organization"},"potentialAction":[{"@type":"SearchAction","target":{"@type":"EntryPoint","urlTemplate":"https:\/\/brasilnoticias.org\/site\/?s={search_term_string}"},"query-input":{"@type":"PropertyValueSpecification","valueRequired":true,"valueName":"search_term_string"}}],"inLanguage":"pt-PT"},{"@type":"Organization","@id":"https:\/\/brasilnoticias.org\/site\/#organization","name":"Brasil not\u00edcias","url":"https:\/\/brasilnoticias.org\/site\/","logo":{"@type":"ImageObject","inLanguage":"pt-PT","@id":"https:\/\/brasilnoticias.org\/site\/#\/schema\/logo\/image\/","url":"https:\/\/brasilnoticias.org\/site\/wp-content\/uploads\/2022\/05\/cropped-brasilnoticias-mini.jpg","contentUrl":"https:\/\/brasilnoticias.org\/site\/wp-content\/uploads\/2022\/05\/cropped-brasilnoticias-mini.jpg","width":314,"height":86,"caption":"Brasil not\u00edcias"},"image":{"@id":"https:\/\/brasilnoticias.org\/site\/#\/schema\/logo\/image\/"}},{"@type":"Person","@id":"https:\/\/brasilnoticias.org\/site\/#\/schema\/person\/03bbbfe6c7634ad18c26444ea39049fa","name":"Reda\u00e7\u00e3o","image":{"@type":"ImageObject","inLanguage":"pt-PT","@id":"https:\/\/brasilnoticias.org\/site\/#\/schema\/person\/image\/","url":"https:\/\/secure.gravatar.com\/avatar\/9ecaf7327a696cb23ad926fedded5f1f04d7049de9e445375d55b48c001a6e42?s=96&d=mm&r=g","contentUrl":"https:\/\/secure.gravatar.com\/avatar\/9ecaf7327a696cb23ad926fedded5f1f04d7049de9e445375d55b48c001a6e42?s=96&d=mm&r=g","caption":"Reda\u00e7\u00e3o"},"url":"https:\/\/brasilnoticias.org\/site\/author\/henrique\/"}]}},"_links":{"self":[{"href":"https:\/\/brasilnoticias.org\/site\/wp-json\/wp\/v2\/posts\/8040","targetHints":{"allow":["GET"]}}],"collection":[{"href":"https:\/\/brasilnoticias.org\/site\/wp-json\/wp\/v2\/posts"}],"about":[{"href":"https:\/\/brasilnoticias.org\/site\/wp-json\/wp\/v2\/types\/post"}],"author":[{"embeddable":true,"href":"https:\/\/brasilnoticias.org\/site\/wp-json\/wp\/v2\/users\/4"}],"replies":[{"embeddable":true,"href":"https:\/\/brasilnoticias.org\/site\/wp-json\/wp\/v2\/comments?post=8040"}],"version-history":[{"count":1,"href":"https:\/\/brasilnoticias.org\/site\/wp-json\/wp\/v2\/posts\/8040\/revisions"}],"predecessor-version":[{"id":8042,"href":"https:\/\/brasilnoticias.org\/site\/wp-json\/wp\/v2\/posts\/8040\/revisions\/8042"}],"wp:featuredmedia":[{"embeddable":true,"href":"https:\/\/brasilnoticias.org\/site\/wp-json\/wp\/v2\/media\/8041"}],"wp:attachment":[{"href":"https:\/\/brasilnoticias.org\/site\/wp-json\/wp\/v2\/media?parent=8040"}],"wp:term":[{"taxonomy":"category","embeddable":true,"href":"https:\/\/brasilnoticias.org\/site\/wp-json\/wp\/v2\/categories?post=8040"},{"taxonomy":"post_tag","embeddable":true,"href":"https:\/\/brasilnoticias.org\/site\/wp-json\/wp\/v2\/tags?post=8040"}],"curies":[{"name":"wp","href":"https:\/\/api.w.org\/{rel}","templated":true}]}}