{"id":8046,"date":"2023-08-08T08:08:52","date_gmt":"2023-08-08T11:08:52","guid":{"rendered":"https:\/\/brasilnoticias.org\/site\/?p=8046"},"modified":"2023-08-07T20:47:49","modified_gmt":"2023-08-07T23:47:49","slug":"ex-vereador-zico-bacana-e-irmao-sao-mortos-em-ataque-a-tiros-em-guadalupe-rio","status":"publish","type":"post","link":"https:\/\/brasilnoticias.org\/site\/ex-vereador-zico-bacana-e-irmao-sao-mortos-em-ataque-a-tiros-em-guadalupe-rio\/","title":{"rendered":"Ex-vereador Zico Bacana e irm\u00e3o s\u00e3o mortos em ataque a tiros em Guadalupe, Rio"},"content":{"rendered":"<p>Os dois estavam em uma padaria quando um carro passou com homens armados atirando. Ex-vereador, que j\u00e1 foi investigado na CPI das Mil\u00edcias, tinha sobrevivido a outro atentado, em 2020.<\/p>\n<p>O ex-vereador Zico Bacana e o irm\u00e3o foram mortos nesta segunda-feira (7) em um ataque a tiros em Guadalupe, na Zona Norte do Rio.<\/p>\n<p>Segundo testemunhas, um carro passou com homens armados atirando na dire\u00e7\u00e3o da padaria onde eles estavam, na esquina das ruas Eneas Martins com Francisco Portela.<\/p>\n<p>O ex-vereador foi baleado na cabe\u00e7a. Ele chegou a ser socorrido ao Hospital Municipal Albert Schweitzer, mas n\u00e3o resistiu. O irm\u00e3o dele, Jorge Tavares, foi levado para o Hospital Carlos Chagas, mas tamb\u00e9m morreu.<\/p>\n<p>Segundo as primeiras informa\u00e7\u00f5es, os dois estavam com um seguran\u00e7a. A pol\u00edcia confirmou uma terceira v\u00edtima baleada nas costas e no p\u00e9. A identidade e o estado de sa\u00fade n\u00e3o foram divulgados.<\/p>\n<p>Zico Bacana, era PM, ex-vereador, foi ouvido no caso Marielle e citado em CPI como chefe de mil\u00edcia<br \/>\nZico Bacana j\u00e1 tinha sofrido uma tentativa de assassinato em novembro de 2020.<\/p>\n<p>Na ocasi\u00e3o, ele afirmou, em entrevista ao Bom Dia Rio, que foi baleado de rasp\u00e3o na cabe\u00e7a em um bar em Ricardo de Albuquerque, na Zona Norte, depois de um dia de campanha. Ningu\u00e9m foi preso pelo crime.<\/p>\n<p>Zico Bacana era o nome pol\u00edtico de Jair Barbosa Tavares. Ele tinha 53 anos e foi vereador entre 2017 e 2020, pelo PHS. No \u00faltimo pleito, concorrendo pelo Podemos, ficou como suplente.<\/p>\n<p>Em seu perfil nas redes sociais, ele se apresentava como paraquedista e policial militar.<\/p>\n<p>Zico Bacana foi investigado pela CPI das mil\u00edcias, citado como chefe de uma mil\u00edcia. Em entrevista ao &#8220;Profiss\u00e3o Rep\u00f3rter&#8221;, ele negou ser miliciano.<\/p>\n<p>&#8220;Negativamente. Nunca. Nunca fiz parte (&#8230;) O policial militar \u00e9 perseguido por usar farda e estar sempre no dia a dia com a popula\u00e7\u00e3o, \u00e9 o que mais \u00e9 visado&#8221;, disse.<\/p>\n<p>Em 2018, chegou a ser ouvido como testemunha nas investiga\u00e7\u00f5es do caso Marielle, que participou da CPI da Mil\u00edcias \u2013 n\u00e3o h\u00e1 ind\u00edcios de qualquer participa\u00e7\u00e3o dele no crime.<\/p>\n<p>&#8220;Informei o m\u00e1ximo que pude, da melhor forma. O que fizeram com a nossa colega n\u00e3o era para acontecer. Pe\u00e7o para que as pessoas que saibam alguma coisa que liguem para o Disque Den\u00fancia. O anonimato \u00e9 garantido. Vamos ajudar. Fa\u00e7o parte da c\u00fapula da Pol\u00edcia Militar e estou nessa para defender a conduta da menina, que Deus a tenha. Me colocaram nisso&#8221;, afirmou.<\/p>\n<p>De acordo com as den\u00fancias que chegaram \u00e0 Alerj na CPI das mil\u00edcias, Zico Bacana era chefe de uma mil\u00edcia que atuava nos bairros de Guadalupe, onde foi atacado, e Ricardo de Albuquerque.<\/p>\n<p>As den\u00fancias indicam que ele controlava uma mil\u00edcia na comunidade Eternit, em Guadalupe, e que teria liga\u00e7\u00f5es com a mil\u00edcia da Palmeirinha, em Hon\u00f3rio Gurgel, que seria controlada pelo tamb\u00e9m PM Fabr\u00edcio Fernandes Mirra, o &#8220;Mirra&#8221;.<\/p>\n<p>Zico Bacana nunca foi condenado pelo crime.<\/p>\n<p>Inicialmente, ele foi candidato a vereador pelo PSDC (Partido Social Democrata Crist\u00e3o). Teve 3,3 mil votos, mas n\u00e3o se elegeu.<\/p>\n<p>Foto: Reprodu\u00e7\u00e3o\/Redes sociais<br \/>\nG1<\/p>\n","protected":false},"excerpt":{"rendered":"<p>Os dois estavam em uma padaria quando um carro passou com homens armados atirando. Ex-vereador, que j\u00e1 foi investigado na<\/p>\n","protected":false},"author":4,"featured_media":8047,"comment_status":"open","ping_status":"open","sticky":false,"template":"","format":"standard","meta":{"colormag_page_container_layout":"default_layout","colormag_page_sidebar_layout":"default_layout","_FSMCFIC_featured_image_caption":"","_FSMCFIC_featured_image_nocaption":"","_FSMCFIC_featured_image_hide":"","footnotes":""},"categories":[3,1],"tags":[],"class_list":["post-8046","post","type-post","status-publish","format-standard","has-post-thumbnail","hentry","category-policia","category-ultimas"],"yoast_head":"<!-- This site is optimized with the Yoast SEO plugin v27.1.1 - https:\/\/yoast.com\/product\/yoast-seo-wordpress\/ -->\n<title>Ex-vereador Zico Bacana e irm\u00e3o s\u00e3o mortos em ataque a tiros em Guadalupe, Rio - Brasil not\u00edcias<\/title>\n<meta name=\"robots\" content=\"index, follow, max-snippet:-1, max-image-preview:large, max-video-preview:-1\" \/>\n<link rel=\"canonical\" href=\"https:\/\/brasilnoticias.org\/site\/ex-vereador-zico-bacana-e-irmao-sao-mortos-em-ataque-a-tiros-em-guadalupe-rio\/\" \/>\n<meta property=\"og:locale\" content=\"pt_PT\" \/>\n<meta property=\"og:type\" content=\"article\" \/>\n<meta property=\"og:title\" content=\"Ex-vereador Zico Bacana e irm\u00e3o s\u00e3o mortos em ataque a tiros em Guadalupe, Rio - Brasil not\u00edcias\" \/>\n<meta property=\"og:description\" content=\"Os dois estavam em uma padaria quando um carro passou com homens armados atirando. Ex-vereador, que j\u00e1 foi investigado na\" \/>\n<meta property=\"og:url\" content=\"https:\/\/brasilnoticias.org\/site\/ex-vereador-zico-bacana-e-irmao-sao-mortos-em-ataque-a-tiros-em-guadalupe-rio\/\" \/>\n<meta property=\"og:site_name\" content=\"Brasil not\u00edcias\" \/>\n<meta property=\"article:published_time\" content=\"2023-08-08T11:08:52+00:00\" \/>\n<meta property=\"og:image\" content=\"https:\/\/brasilnoticias.org\/site\/wp-content\/uploads\/2023\/08\/zico-bacana.jpg\" \/>\n\t<meta property=\"og:image:width\" content=\"630\" \/>\n\t<meta property=\"og:image:height\" content=\"465\" \/>\n\t<meta property=\"og:image:type\" content=\"image\/jpeg\" \/>\n<meta name=\"author\" content=\"Reda\u00e7\u00e3o\" \/>\n<meta name=\"twitter:card\" content=\"summary_large_image\" \/>\n<meta name=\"twitter:label1\" content=\"Escrito por\" \/>\n\t<meta name=\"twitter:data1\" content=\"Reda\u00e7\u00e3o\" \/>\n<script type=\"application\/ld+json\" class=\"yoast-schema-graph\">{\"@context\":\"https:\/\/schema.org\",\"@graph\":[{\"@type\":\"Article\",\"@id\":\"https:\/\/brasilnoticias.org\/site\/ex-vereador-zico-bacana-e-irmao-sao-mortos-em-ataque-a-tiros-em-guadalupe-rio\/#article\",\"isPartOf\":{\"@id\":\"https:\/\/brasilnoticias.org\/site\/ex-vereador-zico-bacana-e-irmao-sao-mortos-em-ataque-a-tiros-em-guadalupe-rio\/\"},\"author\":{\"name\":\"Reda\u00e7\u00e3o\",\"@id\":\"https:\/\/brasilnoticias.org\/site\/#\/schema\/person\/03bbbfe6c7634ad18c26444ea39049fa\"},\"headline\":\"Ex-vereador Zico Bacana e irm\u00e3o s\u00e3o mortos em ataque a tiros em Guadalupe, Rio\",\"datePublished\":\"2023-08-08T11:08:52+00:00\",\"mainEntityOfPage\":{\"@id\":\"https:\/\/brasilnoticias.org\/site\/ex-vereador-zico-bacana-e-irmao-sao-mortos-em-ataque-a-tiros-em-guadalupe-rio\/\"},\"wordCount\":558,\"commentCount\":0,\"publisher\":{\"@id\":\"https:\/\/brasilnoticias.org\/site\/#organization\"},\"image\":{\"@id\":\"https:\/\/brasilnoticias.org\/site\/ex-vereador-zico-bacana-e-irmao-sao-mortos-em-ataque-a-tiros-em-guadalupe-rio\/#primaryimage\"},\"thumbnailUrl\":\"https:\/\/brasilnoticias.org\/site\/wp-content\/uploads\/2023\/08\/zico-bacana.jpg\",\"articleSection\":[\"Pol\u00edcia\",\"\u00daltimas\"],\"inLanguage\":\"pt-PT\",\"potentialAction\":[{\"@type\":\"CommentAction\",\"name\":\"Comment\",\"target\":[\"https:\/\/brasilnoticias.org\/site\/ex-vereador-zico-bacana-e-irmao-sao-mortos-em-ataque-a-tiros-em-guadalupe-rio\/#respond\"]}]},{\"@type\":\"WebPage\",\"@id\":\"https:\/\/brasilnoticias.org\/site\/ex-vereador-zico-bacana-e-irmao-sao-mortos-em-ataque-a-tiros-em-guadalupe-rio\/\",\"url\":\"https:\/\/brasilnoticias.org\/site\/ex-vereador-zico-bacana-e-irmao-sao-mortos-em-ataque-a-tiros-em-guadalupe-rio\/\",\"name\":\"Ex-vereador Zico Bacana e irm\u00e3o s\u00e3o mortos em ataque a tiros em Guadalupe, Rio - Brasil not\u00edcias\",\"isPartOf\":{\"@id\":\"https:\/\/brasilnoticias.org\/site\/#website\"},\"primaryImageOfPage\":{\"@id\":\"https:\/\/brasilnoticias.org\/site\/ex-vereador-zico-bacana-e-irmao-sao-mortos-em-ataque-a-tiros-em-guadalupe-rio\/#primaryimage\"},\"image\":{\"@id\":\"https:\/\/brasilnoticias.org\/site\/ex-vereador-zico-bacana-e-irmao-sao-mortos-em-ataque-a-tiros-em-guadalupe-rio\/#primaryimage\"},\"thumbnailUrl\":\"https:\/\/brasilnoticias.org\/site\/wp-content\/uploads\/2023\/08\/zico-bacana.jpg\",\"datePublished\":\"2023-08-08T11:08:52+00:00\",\"breadcrumb\":{\"@id\":\"https:\/\/brasilnoticias.org\/site\/ex-vereador-zico-bacana-e-irmao-sao-mortos-em-ataque-a-tiros-em-guadalupe-rio\/#breadcrumb\"},\"inLanguage\":\"pt-PT\",\"potentialAction\":[{\"@type\":\"ReadAction\",\"target\":[\"https:\/\/brasilnoticias.org\/site\/ex-vereador-zico-bacana-e-irmao-sao-mortos-em-ataque-a-tiros-em-guadalupe-rio\/\"]}]},{\"@type\":\"ImageObject\",\"inLanguage\":\"pt-PT\",\"@id\":\"https:\/\/brasilnoticias.org\/site\/ex-vereador-zico-bacana-e-irmao-sao-mortos-em-ataque-a-tiros-em-guadalupe-rio\/#primaryimage\",\"url\":\"https:\/\/brasilnoticias.org\/site\/wp-content\/uploads\/2023\/08\/zico-bacana.jpg\",\"contentUrl\":\"https:\/\/brasilnoticias.org\/site\/wp-content\/uploads\/2023\/08\/zico-bacana.jpg\",\"width\":630,\"height\":465},{\"@type\":\"BreadcrumbList\",\"@id\":\"https:\/\/brasilnoticias.org\/site\/ex-vereador-zico-bacana-e-irmao-sao-mortos-em-ataque-a-tiros-em-guadalupe-rio\/#breadcrumb\",\"itemListElement\":[{\"@type\":\"ListItem\",\"position\":1,\"name\":\"In\u00edcio\",\"item\":\"https:\/\/brasilnoticias.org\/site\/\"},{\"@type\":\"ListItem\",\"position\":2,\"name\":\"Ex-vereador Zico Bacana e irm\u00e3o s\u00e3o mortos em ataque a tiros em Guadalupe, Rio\"}]},{\"@type\":\"WebSite\",\"@id\":\"https:\/\/brasilnoticias.org\/site\/#website\",\"url\":\"https:\/\/brasilnoticias.org\/site\/\",\"name\":\"Brasil not\u00edcias\",\"description\":\"Brasil not\u00edcias\",\"publisher\":{\"@id\":\"https:\/\/brasilnoticias.org\/site\/#organization\"},\"potentialAction\":[{\"@type\":\"SearchAction\",\"target\":{\"@type\":\"EntryPoint\",\"urlTemplate\":\"https:\/\/brasilnoticias.org\/site\/?s={search_term_string}\"},\"query-input\":{\"@type\":\"PropertyValueSpecification\",\"valueRequired\":true,\"valueName\":\"search_term_string\"}}],\"inLanguage\":\"pt-PT\"},{\"@type\":\"Organization\",\"@id\":\"https:\/\/brasilnoticias.org\/site\/#organization\",\"name\":\"Brasil not\u00edcias\",\"url\":\"https:\/\/brasilnoticias.org\/site\/\",\"logo\":{\"@type\":\"ImageObject\",\"inLanguage\":\"pt-PT\",\"@id\":\"https:\/\/brasilnoticias.org\/site\/#\/schema\/logo\/image\/\",\"url\":\"https:\/\/brasilnoticias.org\/site\/wp-content\/uploads\/2022\/05\/cropped-brasilnoticias-mini.jpg\",\"contentUrl\":\"https:\/\/brasilnoticias.org\/site\/wp-content\/uploads\/2022\/05\/cropped-brasilnoticias-mini.jpg\",\"width\":314,\"height\":86,\"caption\":\"Brasil not\u00edcias\"},\"image\":{\"@id\":\"https:\/\/brasilnoticias.org\/site\/#\/schema\/logo\/image\/\"}},{\"@type\":\"Person\",\"@id\":\"https:\/\/brasilnoticias.org\/site\/#\/schema\/person\/03bbbfe6c7634ad18c26444ea39049fa\",\"name\":\"Reda\u00e7\u00e3o\",\"image\":{\"@type\":\"ImageObject\",\"inLanguage\":\"pt-PT\",\"@id\":\"https:\/\/brasilnoticias.org\/site\/#\/schema\/person\/image\/\",\"url\":\"https:\/\/secure.gravatar.com\/avatar\/9ecaf7327a696cb23ad926fedded5f1f04d7049de9e445375d55b48c001a6e42?s=96&d=mm&r=g\",\"contentUrl\":\"https:\/\/secure.gravatar.com\/avatar\/9ecaf7327a696cb23ad926fedded5f1f04d7049de9e445375d55b48c001a6e42?s=96&d=mm&r=g\",\"caption\":\"Reda\u00e7\u00e3o\"},\"url\":\"https:\/\/brasilnoticias.org\/site\/author\/henrique\/\"}]}<\/script>\n<!-- \/ Yoast SEO plugin. -->","yoast_head_json":{"title":"Ex-vereador Zico Bacana e irm\u00e3o s\u00e3o mortos em ataque a tiros em Guadalupe, Rio - Brasil not\u00edcias","robots":{"index":"index","follow":"follow","max-snippet":"max-snippet:-1","max-image-preview":"max-image-preview:large","max-video-preview":"max-video-preview:-1"},"canonical":"https:\/\/brasilnoticias.org\/site\/ex-vereador-zico-bacana-e-irmao-sao-mortos-em-ataque-a-tiros-em-guadalupe-rio\/","og_locale":"pt_PT","og_type":"article","og_title":"Ex-vereador Zico Bacana e irm\u00e3o s\u00e3o mortos em ataque a tiros em Guadalupe, Rio - Brasil not\u00edcias","og_description":"Os dois estavam em uma padaria quando um carro passou com homens armados atirando. Ex-vereador, que j\u00e1 foi investigado na","og_url":"https:\/\/brasilnoticias.org\/site\/ex-vereador-zico-bacana-e-irmao-sao-mortos-em-ataque-a-tiros-em-guadalupe-rio\/","og_site_name":"Brasil not\u00edcias","article_published_time":"2023-08-08T11:08:52+00:00","og_image":[{"width":630,"height":465,"url":"https:\/\/brasilnoticias.org\/site\/wp-content\/uploads\/2023\/08\/zico-bacana.jpg","type":"image\/jpeg"}],"author":"Reda\u00e7\u00e3o","twitter_card":"summary_large_image","twitter_misc":{"Escrito por":"Reda\u00e7\u00e3o"},"schema":{"@context":"https:\/\/schema.org","@graph":[{"@type":"Article","@id":"https:\/\/brasilnoticias.org\/site\/ex-vereador-zico-bacana-e-irmao-sao-mortos-em-ataque-a-tiros-em-guadalupe-rio\/#article","isPartOf":{"@id":"https:\/\/brasilnoticias.org\/site\/ex-vereador-zico-bacana-e-irmao-sao-mortos-em-ataque-a-tiros-em-guadalupe-rio\/"},"author":{"name":"Reda\u00e7\u00e3o","@id":"https:\/\/brasilnoticias.org\/site\/#\/schema\/person\/03bbbfe6c7634ad18c26444ea39049fa"},"headline":"Ex-vereador Zico Bacana e irm\u00e3o s\u00e3o mortos em ataque a tiros em Guadalupe, Rio","datePublished":"2023-08-08T11:08:52+00:00","mainEntityOfPage":{"@id":"https:\/\/brasilnoticias.org\/site\/ex-vereador-zico-bacana-e-irmao-sao-mortos-em-ataque-a-tiros-em-guadalupe-rio\/"},"wordCount":558,"commentCount":0,"publisher":{"@id":"https:\/\/brasilnoticias.org\/site\/#organization"},"image":{"@id":"https:\/\/brasilnoticias.org\/site\/ex-vereador-zico-bacana-e-irmao-sao-mortos-em-ataque-a-tiros-em-guadalupe-rio\/#primaryimage"},"thumbnailUrl":"https:\/\/brasilnoticias.org\/site\/wp-content\/uploads\/2023\/08\/zico-bacana.jpg","articleSection":["Pol\u00edcia","\u00daltimas"],"inLanguage":"pt-PT","potentialAction":[{"@type":"CommentAction","name":"Comment","target":["https:\/\/brasilnoticias.org\/site\/ex-vereador-zico-bacana-e-irmao-sao-mortos-em-ataque-a-tiros-em-guadalupe-rio\/#respond"]}]},{"@type":"WebPage","@id":"https:\/\/brasilnoticias.org\/site\/ex-vereador-zico-bacana-e-irmao-sao-mortos-em-ataque-a-tiros-em-guadalupe-rio\/","url":"https:\/\/brasilnoticias.org\/site\/ex-vereador-zico-bacana-e-irmao-sao-mortos-em-ataque-a-tiros-em-guadalupe-rio\/","name":"Ex-vereador Zico Bacana e irm\u00e3o s\u00e3o mortos em ataque a tiros em Guadalupe, Rio - Brasil not\u00edcias","isPartOf":{"@id":"https:\/\/brasilnoticias.org\/site\/#website"},"primaryImageOfPage":{"@id":"https:\/\/brasilnoticias.org\/site\/ex-vereador-zico-bacana-e-irmao-sao-mortos-em-ataque-a-tiros-em-guadalupe-rio\/#primaryimage"},"image":{"@id":"https:\/\/brasilnoticias.org\/site\/ex-vereador-zico-bacana-e-irmao-sao-mortos-em-ataque-a-tiros-em-guadalupe-rio\/#primaryimage"},"thumbnailUrl":"https:\/\/brasilnoticias.org\/site\/wp-content\/uploads\/2023\/08\/zico-bacana.jpg","datePublished":"2023-08-08T11:08:52+00:00","breadcrumb":{"@id":"https:\/\/brasilnoticias.org\/site\/ex-vereador-zico-bacana-e-irmao-sao-mortos-em-ataque-a-tiros-em-guadalupe-rio\/#breadcrumb"},"inLanguage":"pt-PT","potentialAction":[{"@type":"ReadAction","target":["https:\/\/brasilnoticias.org\/site\/ex-vereador-zico-bacana-e-irmao-sao-mortos-em-ataque-a-tiros-em-guadalupe-rio\/"]}]},{"@type":"ImageObject","inLanguage":"pt-PT","@id":"https:\/\/brasilnoticias.org\/site\/ex-vereador-zico-bacana-e-irmao-sao-mortos-em-ataque-a-tiros-em-guadalupe-rio\/#primaryimage","url":"https:\/\/brasilnoticias.org\/site\/wp-content\/uploads\/2023\/08\/zico-bacana.jpg","contentUrl":"https:\/\/brasilnoticias.org\/site\/wp-content\/uploads\/2023\/08\/zico-bacana.jpg","width":630,"height":465},{"@type":"BreadcrumbList","@id":"https:\/\/brasilnoticias.org\/site\/ex-vereador-zico-bacana-e-irmao-sao-mortos-em-ataque-a-tiros-em-guadalupe-rio\/#breadcrumb","itemListElement":[{"@type":"ListItem","position":1,"name":"In\u00edcio","item":"https:\/\/brasilnoticias.org\/site\/"},{"@type":"ListItem","position":2,"name":"Ex-vereador Zico Bacana e irm\u00e3o s\u00e3o mortos em ataque a tiros em Guadalupe, Rio"}]},{"@type":"WebSite","@id":"https:\/\/brasilnoticias.org\/site\/#website","url":"https:\/\/brasilnoticias.org\/site\/","name":"Brasil not\u00edcias","description":"Brasil not\u00edcias","publisher":{"@id":"https:\/\/brasilnoticias.org\/site\/#organization"},"potentialAction":[{"@type":"SearchAction","target":{"@type":"EntryPoint","urlTemplate":"https:\/\/brasilnoticias.org\/site\/?s={search_term_string}"},"query-input":{"@type":"PropertyValueSpecification","valueRequired":true,"valueName":"search_term_string"}}],"inLanguage":"pt-PT"},{"@type":"Organization","@id":"https:\/\/brasilnoticias.org\/site\/#organization","name":"Brasil not\u00edcias","url":"https:\/\/brasilnoticias.org\/site\/","logo":{"@type":"ImageObject","inLanguage":"pt-PT","@id":"https:\/\/brasilnoticias.org\/site\/#\/schema\/logo\/image\/","url":"https:\/\/brasilnoticias.org\/site\/wp-content\/uploads\/2022\/05\/cropped-brasilnoticias-mini.jpg","contentUrl":"https:\/\/brasilnoticias.org\/site\/wp-content\/uploads\/2022\/05\/cropped-brasilnoticias-mini.jpg","width":314,"height":86,"caption":"Brasil not\u00edcias"},"image":{"@id":"https:\/\/brasilnoticias.org\/site\/#\/schema\/logo\/image\/"}},{"@type":"Person","@id":"https:\/\/brasilnoticias.org\/site\/#\/schema\/person\/03bbbfe6c7634ad18c26444ea39049fa","name":"Reda\u00e7\u00e3o","image":{"@type":"ImageObject","inLanguage":"pt-PT","@id":"https:\/\/brasilnoticias.org\/site\/#\/schema\/person\/image\/","url":"https:\/\/secure.gravatar.com\/avatar\/9ecaf7327a696cb23ad926fedded5f1f04d7049de9e445375d55b48c001a6e42?s=96&d=mm&r=g","contentUrl":"https:\/\/secure.gravatar.com\/avatar\/9ecaf7327a696cb23ad926fedded5f1f04d7049de9e445375d55b48c001a6e42?s=96&d=mm&r=g","caption":"Reda\u00e7\u00e3o"},"url":"https:\/\/brasilnoticias.org\/site\/author\/henrique\/"}]}},"_links":{"self":[{"href":"https:\/\/brasilnoticias.org\/site\/wp-json\/wp\/v2\/posts\/8046","targetHints":{"allow":["GET"]}}],"collection":[{"href":"https:\/\/brasilnoticias.org\/site\/wp-json\/wp\/v2\/posts"}],"about":[{"href":"https:\/\/brasilnoticias.org\/site\/wp-json\/wp\/v2\/types\/post"}],"author":[{"embeddable":true,"href":"https:\/\/brasilnoticias.org\/site\/wp-json\/wp\/v2\/users\/4"}],"replies":[{"embeddable":true,"href":"https:\/\/brasilnoticias.org\/site\/wp-json\/wp\/v2\/comments?post=8046"}],"version-history":[{"count":1,"href":"https:\/\/brasilnoticias.org\/site\/wp-json\/wp\/v2\/posts\/8046\/revisions"}],"predecessor-version":[{"id":8048,"href":"https:\/\/brasilnoticias.org\/site\/wp-json\/wp\/v2\/posts\/8046\/revisions\/8048"}],"wp:featuredmedia":[{"embeddable":true,"href":"https:\/\/brasilnoticias.org\/site\/wp-json\/wp\/v2\/media\/8047"}],"wp:attachment":[{"href":"https:\/\/brasilnoticias.org\/site\/wp-json\/wp\/v2\/media?parent=8046"}],"wp:term":[{"taxonomy":"category","embeddable":true,"href":"https:\/\/brasilnoticias.org\/site\/wp-json\/wp\/v2\/categories?post=8046"},{"taxonomy":"post_tag","embeddable":true,"href":"https:\/\/brasilnoticias.org\/site\/wp-json\/wp\/v2\/tags?post=8046"}],"curies":[{"name":"wp","href":"https:\/\/api.w.org\/{rel}","templated":true}]}}