{"id":8049,"date":"2023-08-08T09:00:55","date_gmt":"2023-08-08T12:00:55","guid":{"rendered":"https:\/\/brasilnoticias.org\/site\/?p=8049"},"modified":"2023-08-07T20:50:31","modified_gmt":"2023-08-07T23:50:31","slug":"indigenas-do-povo-tembe-sao-baleados-no-para-e-policiamento-e-reforcado-em-area-de-conflito","status":"publish","type":"post","link":"https:\/\/brasilnoticias.org\/site\/indigenas-do-povo-tembe-sao-baleados-no-para-e-policiamento-e-reforcado-em-area-de-conflito\/","title":{"rendered":"Ind\u00edgenas do povo Temb\u00e9 s\u00e3o baleados no Par\u00e1 e policiamento \u00e9 refor\u00e7ado em \u00e1rea de conflito"},"content":{"rendered":"<p>Segundo Comiss\u00e3o Pastoral da Terra, v\u00edtimas seriam duas mulheres e um homem e ataque teria ocorrido ap\u00f3s protesto. Empresa alega que foi invadida e teve equipamentos incendiados.<\/p>\n<p>Tr\u00eas ind\u00edgenas do povo Temb\u00e9 foram baleados nesta segunda-feira (7), em Tom\u00e9-A\u00e7\u00fa, no nordeste do Par\u00e1. Segundo a Comiss\u00e3o Pastoral da Terra (CPT), as v\u00edtimas seriam duas mulheres e um homem, que foram socorridos. A Secretaria de Seguran\u00e7a P\u00fablica e Defesa Social do Par\u00e1 (Segup) refor\u00e7ou o policiamento na \u00e1rea do conflito. Em protesto, uma rodovia foi parcialmente fechada no Par\u00e1 &#8211; veja mais abaixo.<\/p>\n<p>Ap\u00f3s os ind\u00edgenas serem baleados em Tom\u00e9-A\u00e7u, pessoas de diferentes etnias foram \u00e0s ruas em Bel\u00e9m, distante cerca de 200 quil\u00f4metros. Eles protestaram em apoio aos ind\u00edgenas envolvidos no conflito nas ruas pr\u00f3ximo do Centro de Eventos na capital, onde ocorre a C\u00fapula da Amaz\u00f4nia.<\/p>\n<p>A CPT tamb\u00e9m cobrou provid\u00eancias: \u201cDiante da gravidade da situa\u00e7\u00e3o e destes recorrentes ataques, exigimos que sejam tomadas provid\u00eancias urgentes no sentido de investigar e apurar rigorosamente estes crimes, com a devida responsabiliza\u00e7\u00e3o dos culpados\u201d.<\/p>\n<p>Em nota, a CPT informou que uma das v\u00edtimas foi atingida no pesco\u00e7o e no maxilar e, por conta da gravidade dos ferimentos, foi encaminhada para Bel\u00e9m por meio de UTI a\u00e9rea.<\/p>\n<p>A CPT informou ainda que os disparos foram feitos por seguran\u00e7as privados de uma empresa exploradora de dendezais na regi\u00e3o. J\u00e1 a empresa, em nota, chama os ind\u00edgenas de invasores e alega que seus seguran\u00e7as reagiram ap\u00f3s equipamentos serem incendiados e edifica\u00e7\u00f5es, destru\u00eddas.<\/p>\n<p>De acordo com a Secretaria de Seguran\u00e7a P\u00fablica e Defesa Social do Par\u00e1 (Segup), provid\u00eancias est\u00e3o tomadas \u201cpara esclarecer as circunst\u00e2ncias do ocorrido. A Segup destaca que o policiamento na \u00e1rea foi refor\u00e7ado e que as Pol\u00edcias Civil e Militar est\u00e3o em dilig\u00eancias para esclarecer os fatos e instaurar inqu\u00e9rito para investigar e identificar os suspeitos\u201d.<\/p>\n<p>Os ind\u00edgenas dizem ter sido baleados ap\u00f3s realizarem um protesto cobrando agilidade nas investiga\u00e7\u00f5es ap\u00f3s um jovem Temb\u00e9 ser baleado dentro da aldeia Bananal, na \u00faltima sexta-feira (4).<\/p>\n<p>Em nota, a empresa mencionada pelos ind\u00edgenas como respons\u00e1vel pelos disparos alega que seguran\u00e7as reagiram \u00e0 invas\u00e3o com equipamentos incendiados e edifica\u00e7\u00f5es destru\u00eddas. \u201cO Grupo BBF (Brasil BioFuels) esclarece que o Polo de Tom\u00e9-A\u00e7u, propriedade privada da empresa composto pela Agrovila, Administra\u00e7\u00e3o Geral e \u00c1reas de Infraestrutura, foi novamente invadido e teve equipamentos incendiados e edifica\u00e7\u00f5es destru\u00eddas\u201d.<\/p>\n<p>Ainda segundo a empresa, &#8220;na a\u00e7\u00e3o, cerca de 30 invasores armados amea\u00e7aram e agrediram trabalhadores da empresa no local, antes de incendiar dezenas de tratores, maquin\u00e1rios agr\u00edcolas e edifica\u00e7\u00f5es da empresa. Em defesa, a equipe de seguran\u00e7a privada da Companhia conseguiu conter a a\u00e7\u00e3o criminosa dos invasores e resguardar a vida dos trabalhadores que estavam no local&#8221;. A empresa n\u00e3o especificou quantos equipamentos teriam sido destru\u00eddos e diz que &#8220;j\u00e1 tomou as medidas jur\u00eddicas cab\u00edveis junto ao poder judici\u00e1rio&#8221;.<\/p>\n<p>Ap\u00f3s os tr\u00eas ind\u00edgenas serem baleados, um grupo foi protestar em frente ao 48\u00ba Batalh\u00e3o de Pol\u00edcia Militar do distrito de Quatro Bocas, em Tom\u00e9-A\u00e7u.<\/p>\n<p>Pneus foram queimados e os ind\u00edgenas bloquearam uma das faixas da PA-140 na tarde desta segunda-feira. Agentes do Batalh\u00e3o de Choque da PM estiveram no local. Por volta das 18h, o g1 aguardava retorno das autoridades rodovi\u00e1rias sobre a situa\u00e7\u00e3o na via.<\/p>\n<p>Foto: Divulga\u00e7\u00e3o\/Fepipa<br \/>\nG1<\/p>\n","protected":false},"excerpt":{"rendered":"<p>Segundo Comiss\u00e3o Pastoral da Terra, v\u00edtimas seriam duas mulheres e um homem e ataque teria ocorrido ap\u00f3s protesto. Empresa alega<\/p>\n","protected":false},"author":4,"featured_media":8050,"comment_status":"open","ping_status":"open","sticky":false,"template":"","format":"standard","meta":{"colormag_page_container_layout":"default_layout","colormag_page_sidebar_layout":"default_layout","_FSMCFIC_featured_image_caption":"","_FSMCFIC_featured_image_nocaption":"","_FSMCFIC_featured_image_hide":"","footnotes":""},"categories":[3,1],"tags":[],"class_list":["post-8049","post","type-post","status-publish","format-standard","has-post-thumbnail","hentry","category-policia","category-ultimas"],"yoast_head":"<!-- This site is optimized with the Yoast SEO plugin v27.1.1 - https:\/\/yoast.com\/product\/yoast-seo-wordpress\/ -->\n<title>Ind\u00edgenas do povo Temb\u00e9 s\u00e3o baleados no Par\u00e1 e policiamento \u00e9 refor\u00e7ado em \u00e1rea de conflito - Brasil not\u00edcias<\/title>\n<meta name=\"robots\" content=\"index, follow, max-snippet:-1, max-image-preview:large, max-video-preview:-1\" \/>\n<link rel=\"canonical\" href=\"https:\/\/brasilnoticias.org\/site\/indigenas-do-povo-tembe-sao-baleados-no-para-e-policiamento-e-reforcado-em-area-de-conflito\/\" \/>\n<meta property=\"og:locale\" content=\"pt_PT\" \/>\n<meta property=\"og:type\" content=\"article\" \/>\n<meta property=\"og:title\" content=\"Ind\u00edgenas do povo Temb\u00e9 s\u00e3o baleados no Par\u00e1 e policiamento \u00e9 refor\u00e7ado em \u00e1rea de conflito - Brasil not\u00edcias\" \/>\n<meta property=\"og:description\" content=\"Segundo Comiss\u00e3o Pastoral da Terra, v\u00edtimas seriam duas mulheres e um homem e ataque teria ocorrido ap\u00f3s protesto. Empresa alega\" \/>\n<meta property=\"og:url\" content=\"https:\/\/brasilnoticias.org\/site\/indigenas-do-povo-tembe-sao-baleados-no-para-e-policiamento-e-reforcado-em-area-de-conflito\/\" \/>\n<meta property=\"og:site_name\" content=\"Brasil not\u00edcias\" \/>\n<meta property=\"article:published_time\" content=\"2023-08-08T12:00:55+00:00\" \/>\n<meta property=\"og:image\" content=\"https:\/\/brasilnoticias.org\/site\/wp-content\/uploads\/2023\/08\/indigenas.webp\" \/>\n\t<meta property=\"og:image:width\" content=\"984\" \/>\n\t<meta property=\"og:image:height\" content=\"616\" \/>\n\t<meta property=\"og:image:type\" content=\"image\/webp\" \/>\n<meta name=\"author\" content=\"Reda\u00e7\u00e3o\" \/>\n<meta name=\"twitter:card\" content=\"summary_large_image\" \/>\n<meta name=\"twitter:label1\" content=\"Escrito por\" \/>\n\t<meta name=\"twitter:data1\" content=\"Reda\u00e7\u00e3o\" \/>\n<script type=\"application\/ld+json\" class=\"yoast-schema-graph\">{\"@context\":\"https:\/\/schema.org\",\"@graph\":[{\"@type\":\"Article\",\"@id\":\"https:\/\/brasilnoticias.org\/site\/indigenas-do-povo-tembe-sao-baleados-no-para-e-policiamento-e-reforcado-em-area-de-conflito\/#article\",\"isPartOf\":{\"@id\":\"https:\/\/brasilnoticias.org\/site\/indigenas-do-povo-tembe-sao-baleados-no-para-e-policiamento-e-reforcado-em-area-de-conflito\/\"},\"author\":{\"name\":\"Reda\u00e7\u00e3o\",\"@id\":\"https:\/\/brasilnoticias.org\/site\/#\/schema\/person\/03bbbfe6c7634ad18c26444ea39049fa\"},\"headline\":\"Ind\u00edgenas do povo Temb\u00e9 s\u00e3o baleados no Par\u00e1 e policiamento \u00e9 refor\u00e7ado em \u00e1rea de conflito\",\"datePublished\":\"2023-08-08T12:00:55+00:00\",\"mainEntityOfPage\":{\"@id\":\"https:\/\/brasilnoticias.org\/site\/indigenas-do-povo-tembe-sao-baleados-no-para-e-policiamento-e-reforcado-em-area-de-conflito\/\"},\"wordCount\":636,\"commentCount\":0,\"publisher\":{\"@id\":\"https:\/\/brasilnoticias.org\/site\/#organization\"},\"image\":{\"@id\":\"https:\/\/brasilnoticias.org\/site\/indigenas-do-povo-tembe-sao-baleados-no-para-e-policiamento-e-reforcado-em-area-de-conflito\/#primaryimage\"},\"thumbnailUrl\":\"https:\/\/brasilnoticias.org\/site\/wp-content\/uploads\/2023\/08\/indigenas.webp\",\"articleSection\":[\"Pol\u00edcia\",\"\u00daltimas\"],\"inLanguage\":\"pt-PT\",\"potentialAction\":[{\"@type\":\"CommentAction\",\"name\":\"Comment\",\"target\":[\"https:\/\/brasilnoticias.org\/site\/indigenas-do-povo-tembe-sao-baleados-no-para-e-policiamento-e-reforcado-em-area-de-conflito\/#respond\"]}]},{\"@type\":\"WebPage\",\"@id\":\"https:\/\/brasilnoticias.org\/site\/indigenas-do-povo-tembe-sao-baleados-no-para-e-policiamento-e-reforcado-em-area-de-conflito\/\",\"url\":\"https:\/\/brasilnoticias.org\/site\/indigenas-do-povo-tembe-sao-baleados-no-para-e-policiamento-e-reforcado-em-area-de-conflito\/\",\"name\":\"Ind\u00edgenas do povo Temb\u00e9 s\u00e3o baleados no Par\u00e1 e policiamento \u00e9 refor\u00e7ado em \u00e1rea de conflito - Brasil not\u00edcias\",\"isPartOf\":{\"@id\":\"https:\/\/brasilnoticias.org\/site\/#website\"},\"primaryImageOfPage\":{\"@id\":\"https:\/\/brasilnoticias.org\/site\/indigenas-do-povo-tembe-sao-baleados-no-para-e-policiamento-e-reforcado-em-area-de-conflito\/#primaryimage\"},\"image\":{\"@id\":\"https:\/\/brasilnoticias.org\/site\/indigenas-do-povo-tembe-sao-baleados-no-para-e-policiamento-e-reforcado-em-area-de-conflito\/#primaryimage\"},\"thumbnailUrl\":\"https:\/\/brasilnoticias.org\/site\/wp-content\/uploads\/2023\/08\/indigenas.webp\",\"datePublished\":\"2023-08-08T12:00:55+00:00\",\"breadcrumb\":{\"@id\":\"https:\/\/brasilnoticias.org\/site\/indigenas-do-povo-tembe-sao-baleados-no-para-e-policiamento-e-reforcado-em-area-de-conflito\/#breadcrumb\"},\"inLanguage\":\"pt-PT\",\"potentialAction\":[{\"@type\":\"ReadAction\",\"target\":[\"https:\/\/brasilnoticias.org\/site\/indigenas-do-povo-tembe-sao-baleados-no-para-e-policiamento-e-reforcado-em-area-de-conflito\/\"]}]},{\"@type\":\"ImageObject\",\"inLanguage\":\"pt-PT\",\"@id\":\"https:\/\/brasilnoticias.org\/site\/indigenas-do-povo-tembe-sao-baleados-no-para-e-policiamento-e-reforcado-em-area-de-conflito\/#primaryimage\",\"url\":\"https:\/\/brasilnoticias.org\/site\/wp-content\/uploads\/2023\/08\/indigenas.webp\",\"contentUrl\":\"https:\/\/brasilnoticias.org\/site\/wp-content\/uploads\/2023\/08\/indigenas.webp\",\"width\":984,\"height\":616},{\"@type\":\"BreadcrumbList\",\"@id\":\"https:\/\/brasilnoticias.org\/site\/indigenas-do-povo-tembe-sao-baleados-no-para-e-policiamento-e-reforcado-em-area-de-conflito\/#breadcrumb\",\"itemListElement\":[{\"@type\":\"ListItem\",\"position\":1,\"name\":\"In\u00edcio\",\"item\":\"https:\/\/brasilnoticias.org\/site\/\"},{\"@type\":\"ListItem\",\"position\":2,\"name\":\"Ind\u00edgenas do povo Temb\u00e9 s\u00e3o baleados no Par\u00e1 e policiamento \u00e9 refor\u00e7ado em \u00e1rea de conflito\"}]},{\"@type\":\"WebSite\",\"@id\":\"https:\/\/brasilnoticias.org\/site\/#website\",\"url\":\"https:\/\/brasilnoticias.org\/site\/\",\"name\":\"Brasil not\u00edcias\",\"description\":\"Brasil not\u00edcias\",\"publisher\":{\"@id\":\"https:\/\/brasilnoticias.org\/site\/#organization\"},\"potentialAction\":[{\"@type\":\"SearchAction\",\"target\":{\"@type\":\"EntryPoint\",\"urlTemplate\":\"https:\/\/brasilnoticias.org\/site\/?s={search_term_string}\"},\"query-input\":{\"@type\":\"PropertyValueSpecification\",\"valueRequired\":true,\"valueName\":\"search_term_string\"}}],\"inLanguage\":\"pt-PT\"},{\"@type\":\"Organization\",\"@id\":\"https:\/\/brasilnoticias.org\/site\/#organization\",\"name\":\"Brasil not\u00edcias\",\"url\":\"https:\/\/brasilnoticias.org\/site\/\",\"logo\":{\"@type\":\"ImageObject\",\"inLanguage\":\"pt-PT\",\"@id\":\"https:\/\/brasilnoticias.org\/site\/#\/schema\/logo\/image\/\",\"url\":\"https:\/\/brasilnoticias.org\/site\/wp-content\/uploads\/2022\/05\/cropped-brasilnoticias-mini.jpg\",\"contentUrl\":\"https:\/\/brasilnoticias.org\/site\/wp-content\/uploads\/2022\/05\/cropped-brasilnoticias-mini.jpg\",\"width\":314,\"height\":86,\"caption\":\"Brasil not\u00edcias\"},\"image\":{\"@id\":\"https:\/\/brasilnoticias.org\/site\/#\/schema\/logo\/image\/\"}},{\"@type\":\"Person\",\"@id\":\"https:\/\/brasilnoticias.org\/site\/#\/schema\/person\/03bbbfe6c7634ad18c26444ea39049fa\",\"name\":\"Reda\u00e7\u00e3o\",\"image\":{\"@type\":\"ImageObject\",\"inLanguage\":\"pt-PT\",\"@id\":\"https:\/\/brasilnoticias.org\/site\/#\/schema\/person\/image\/\",\"url\":\"https:\/\/secure.gravatar.com\/avatar\/9ecaf7327a696cb23ad926fedded5f1f04d7049de9e445375d55b48c001a6e42?s=96&d=mm&r=g\",\"contentUrl\":\"https:\/\/secure.gravatar.com\/avatar\/9ecaf7327a696cb23ad926fedded5f1f04d7049de9e445375d55b48c001a6e42?s=96&d=mm&r=g\",\"caption\":\"Reda\u00e7\u00e3o\"},\"url\":\"https:\/\/brasilnoticias.org\/site\/author\/henrique\/\"}]}<\/script>\n<!-- \/ Yoast SEO plugin. -->","yoast_head_json":{"title":"Ind\u00edgenas do povo Temb\u00e9 s\u00e3o baleados no Par\u00e1 e policiamento \u00e9 refor\u00e7ado em \u00e1rea de conflito - Brasil not\u00edcias","robots":{"index":"index","follow":"follow","max-snippet":"max-snippet:-1","max-image-preview":"max-image-preview:large","max-video-preview":"max-video-preview:-1"},"canonical":"https:\/\/brasilnoticias.org\/site\/indigenas-do-povo-tembe-sao-baleados-no-para-e-policiamento-e-reforcado-em-area-de-conflito\/","og_locale":"pt_PT","og_type":"article","og_title":"Ind\u00edgenas do povo Temb\u00e9 s\u00e3o baleados no Par\u00e1 e policiamento \u00e9 refor\u00e7ado em \u00e1rea de conflito - Brasil not\u00edcias","og_description":"Segundo Comiss\u00e3o Pastoral da Terra, v\u00edtimas seriam duas mulheres e um homem e ataque teria ocorrido ap\u00f3s protesto. Empresa alega","og_url":"https:\/\/brasilnoticias.org\/site\/indigenas-do-povo-tembe-sao-baleados-no-para-e-policiamento-e-reforcado-em-area-de-conflito\/","og_site_name":"Brasil not\u00edcias","article_published_time":"2023-08-08T12:00:55+00:00","og_image":[{"width":984,"height":616,"url":"https:\/\/brasilnoticias.org\/site\/wp-content\/uploads\/2023\/08\/indigenas.webp","type":"image\/webp"}],"author":"Reda\u00e7\u00e3o","twitter_card":"summary_large_image","twitter_misc":{"Escrito por":"Reda\u00e7\u00e3o"},"schema":{"@context":"https:\/\/schema.org","@graph":[{"@type":"Article","@id":"https:\/\/brasilnoticias.org\/site\/indigenas-do-povo-tembe-sao-baleados-no-para-e-policiamento-e-reforcado-em-area-de-conflito\/#article","isPartOf":{"@id":"https:\/\/brasilnoticias.org\/site\/indigenas-do-povo-tembe-sao-baleados-no-para-e-policiamento-e-reforcado-em-area-de-conflito\/"},"author":{"name":"Reda\u00e7\u00e3o","@id":"https:\/\/brasilnoticias.org\/site\/#\/schema\/person\/03bbbfe6c7634ad18c26444ea39049fa"},"headline":"Ind\u00edgenas do povo Temb\u00e9 s\u00e3o baleados no Par\u00e1 e policiamento \u00e9 refor\u00e7ado em \u00e1rea de conflito","datePublished":"2023-08-08T12:00:55+00:00","mainEntityOfPage":{"@id":"https:\/\/brasilnoticias.org\/site\/indigenas-do-povo-tembe-sao-baleados-no-para-e-policiamento-e-reforcado-em-area-de-conflito\/"},"wordCount":636,"commentCount":0,"publisher":{"@id":"https:\/\/brasilnoticias.org\/site\/#organization"},"image":{"@id":"https:\/\/brasilnoticias.org\/site\/indigenas-do-povo-tembe-sao-baleados-no-para-e-policiamento-e-reforcado-em-area-de-conflito\/#primaryimage"},"thumbnailUrl":"https:\/\/brasilnoticias.org\/site\/wp-content\/uploads\/2023\/08\/indigenas.webp","articleSection":["Pol\u00edcia","\u00daltimas"],"inLanguage":"pt-PT","potentialAction":[{"@type":"CommentAction","name":"Comment","target":["https:\/\/brasilnoticias.org\/site\/indigenas-do-povo-tembe-sao-baleados-no-para-e-policiamento-e-reforcado-em-area-de-conflito\/#respond"]}]},{"@type":"WebPage","@id":"https:\/\/brasilnoticias.org\/site\/indigenas-do-povo-tembe-sao-baleados-no-para-e-policiamento-e-reforcado-em-area-de-conflito\/","url":"https:\/\/brasilnoticias.org\/site\/indigenas-do-povo-tembe-sao-baleados-no-para-e-policiamento-e-reforcado-em-area-de-conflito\/","name":"Ind\u00edgenas do povo Temb\u00e9 s\u00e3o baleados no Par\u00e1 e policiamento \u00e9 refor\u00e7ado em \u00e1rea de conflito - Brasil not\u00edcias","isPartOf":{"@id":"https:\/\/brasilnoticias.org\/site\/#website"},"primaryImageOfPage":{"@id":"https:\/\/brasilnoticias.org\/site\/indigenas-do-povo-tembe-sao-baleados-no-para-e-policiamento-e-reforcado-em-area-de-conflito\/#primaryimage"},"image":{"@id":"https:\/\/brasilnoticias.org\/site\/indigenas-do-povo-tembe-sao-baleados-no-para-e-policiamento-e-reforcado-em-area-de-conflito\/#primaryimage"},"thumbnailUrl":"https:\/\/brasilnoticias.org\/site\/wp-content\/uploads\/2023\/08\/indigenas.webp","datePublished":"2023-08-08T12:00:55+00:00","breadcrumb":{"@id":"https:\/\/brasilnoticias.org\/site\/indigenas-do-povo-tembe-sao-baleados-no-para-e-policiamento-e-reforcado-em-area-de-conflito\/#breadcrumb"},"inLanguage":"pt-PT","potentialAction":[{"@type":"ReadAction","target":["https:\/\/brasilnoticias.org\/site\/indigenas-do-povo-tembe-sao-baleados-no-para-e-policiamento-e-reforcado-em-area-de-conflito\/"]}]},{"@type":"ImageObject","inLanguage":"pt-PT","@id":"https:\/\/brasilnoticias.org\/site\/indigenas-do-povo-tembe-sao-baleados-no-para-e-policiamento-e-reforcado-em-area-de-conflito\/#primaryimage","url":"https:\/\/brasilnoticias.org\/site\/wp-content\/uploads\/2023\/08\/indigenas.webp","contentUrl":"https:\/\/brasilnoticias.org\/site\/wp-content\/uploads\/2023\/08\/indigenas.webp","width":984,"height":616},{"@type":"BreadcrumbList","@id":"https:\/\/brasilnoticias.org\/site\/indigenas-do-povo-tembe-sao-baleados-no-para-e-policiamento-e-reforcado-em-area-de-conflito\/#breadcrumb","itemListElement":[{"@type":"ListItem","position":1,"name":"In\u00edcio","item":"https:\/\/brasilnoticias.org\/site\/"},{"@type":"ListItem","position":2,"name":"Ind\u00edgenas do povo Temb\u00e9 s\u00e3o baleados no Par\u00e1 e policiamento \u00e9 refor\u00e7ado em \u00e1rea de conflito"}]},{"@type":"WebSite","@id":"https:\/\/brasilnoticias.org\/site\/#website","url":"https:\/\/brasilnoticias.org\/site\/","name":"Brasil not\u00edcias","description":"Brasil not\u00edcias","publisher":{"@id":"https:\/\/brasilnoticias.org\/site\/#organization"},"potentialAction":[{"@type":"SearchAction","target":{"@type":"EntryPoint","urlTemplate":"https:\/\/brasilnoticias.org\/site\/?s={search_term_string}"},"query-input":{"@type":"PropertyValueSpecification","valueRequired":true,"valueName":"search_term_string"}}],"inLanguage":"pt-PT"},{"@type":"Organization","@id":"https:\/\/brasilnoticias.org\/site\/#organization","name":"Brasil not\u00edcias","url":"https:\/\/brasilnoticias.org\/site\/","logo":{"@type":"ImageObject","inLanguage":"pt-PT","@id":"https:\/\/brasilnoticias.org\/site\/#\/schema\/logo\/image\/","url":"https:\/\/brasilnoticias.org\/site\/wp-content\/uploads\/2022\/05\/cropped-brasilnoticias-mini.jpg","contentUrl":"https:\/\/brasilnoticias.org\/site\/wp-content\/uploads\/2022\/05\/cropped-brasilnoticias-mini.jpg","width":314,"height":86,"caption":"Brasil not\u00edcias"},"image":{"@id":"https:\/\/brasilnoticias.org\/site\/#\/schema\/logo\/image\/"}},{"@type":"Person","@id":"https:\/\/brasilnoticias.org\/site\/#\/schema\/person\/03bbbfe6c7634ad18c26444ea39049fa","name":"Reda\u00e7\u00e3o","image":{"@type":"ImageObject","inLanguage":"pt-PT","@id":"https:\/\/brasilnoticias.org\/site\/#\/schema\/person\/image\/","url":"https:\/\/secure.gravatar.com\/avatar\/9ecaf7327a696cb23ad926fedded5f1f04d7049de9e445375d55b48c001a6e42?s=96&d=mm&r=g","contentUrl":"https:\/\/secure.gravatar.com\/avatar\/9ecaf7327a696cb23ad926fedded5f1f04d7049de9e445375d55b48c001a6e42?s=96&d=mm&r=g","caption":"Reda\u00e7\u00e3o"},"url":"https:\/\/brasilnoticias.org\/site\/author\/henrique\/"}]}},"_links":{"self":[{"href":"https:\/\/brasilnoticias.org\/site\/wp-json\/wp\/v2\/posts\/8049","targetHints":{"allow":["GET"]}}],"collection":[{"href":"https:\/\/brasilnoticias.org\/site\/wp-json\/wp\/v2\/posts"}],"about":[{"href":"https:\/\/brasilnoticias.org\/site\/wp-json\/wp\/v2\/types\/post"}],"author":[{"embeddable":true,"href":"https:\/\/brasilnoticias.org\/site\/wp-json\/wp\/v2\/users\/4"}],"replies":[{"embeddable":true,"href":"https:\/\/brasilnoticias.org\/site\/wp-json\/wp\/v2\/comments?post=8049"}],"version-history":[{"count":1,"href":"https:\/\/brasilnoticias.org\/site\/wp-json\/wp\/v2\/posts\/8049\/revisions"}],"predecessor-version":[{"id":8051,"href":"https:\/\/brasilnoticias.org\/site\/wp-json\/wp\/v2\/posts\/8049\/revisions\/8051"}],"wp:featuredmedia":[{"embeddable":true,"href":"https:\/\/brasilnoticias.org\/site\/wp-json\/wp\/v2\/media\/8050"}],"wp:attachment":[{"href":"https:\/\/brasilnoticias.org\/site\/wp-json\/wp\/v2\/media?parent=8049"}],"wp:term":[{"taxonomy":"category","embeddable":true,"href":"https:\/\/brasilnoticias.org\/site\/wp-json\/wp\/v2\/categories?post=8049"},{"taxonomy":"post_tag","embeddable":true,"href":"https:\/\/brasilnoticias.org\/site\/wp-json\/wp\/v2\/tags?post=8049"}],"curies":[{"name":"wp","href":"https:\/\/api.w.org\/{rel}","templated":true}]}}